{"id":33232,"date":"2022-06-01T08:00:49","date_gmt":"2022-06-01T08:00:49","guid":{"rendered":"https:\/\/blog.bedandbreakfast.eu\/?p=33232"},"modified":"2022-06-03T08:20:00","modified_gmt":"2022-06-03T08:20:00","slug":"dove-andare-questestate-in-montagna","status":"publish","type":"post","link":"https:\/\/blog.bedandbreakfast.eu\/it\/dove-andare-questestate-in-montagna\/","title":{"rendered":"Dove andare quest&#8217;estate in montagna"},"content":{"rendered":"<p><a href=\"https:\/\/www.bedandbreakfast.eu\/it\/l\/3182744\/asiago\" target=\"_blank\" rel=\"noopener noreferrer\"><img loading=\"lazy\" decoding=\"async\" class=\"alignnone wp-image-33241 size-full\" title=\"Bed and Breakfast Asiago\" src=\"https://blog.bedandbreakfast.eu/wp-content\/uploads\/2022\/06\/BB-altopiano-di-Asiago.png\" alt=\"Dove andare quest'estate in montagna ; Bedandbreakfast.eu\" width=\"810\" height=\"450\" srcset=\"https:\/\/blog.bedandbreakfast.eu\/wp-content\/uploads\/2022\/06\/BB-altopiano-di-Asiago.png 810w, https:\/\/blog.bedandbreakfast.eu\/wp-content\/uploads\/2022\/06\/BB-altopiano-di-Asiago-300x167.png 300w, https:\/\/blog.bedandbreakfast.eu\/wp-content\/uploads\/2022\/06\/BB-altopiano-di-Asiago-768x427.png 768w\" sizes=\"auto, (max-width: 810px) 100vw, 810px\" \/><\/a><\/p>\n<h4>Vacanze serene sull\u2019altopiano di Asiago<\/h4>\n<p>L&#8217;altopiano di Asiago, in Veneto, \u00e8 il posto perfetto per fuggire dalla calura estiva. Dai 900 metri sul livello del mare dei paesini pi\u00f9 bassi fino ai 2.200 metri delle vette pi\u00f9 alte, in questo paradiso naturale potrete passeggiare con dislivelli mai troppo impegnativi. Per questo \u00e8 perfetto per trascorrere delle serene vacanze estive, anche in famiglia.<\/p>\n<p><strong><a class=\"mks_button mks_button_medium rounded\" href=\"https:\/\/www.bedandbreakfast.eu\/it\/l\/3182744\/asiago\" target=\"_blank\" style=\"color: #FFFFFF; background-color: #e3458c;\" >Bed and Breakfast Asiago<\/a><\/strong><\/p>\n<p><a href=\"https:\/\/www.bedandbreakfast.eu\/it\/l\/3164065\/vipiteno\" target=\"_blank\" rel=\"noopener noreferrer\"><img loading=\"lazy\" decoding=\"async\" class=\"alignnone wp-image-33247 size-full\" title=\"Bed and Breakfast Vipiteno\" src=\"https://blog.bedandbreakfast.eu/wp-content\/uploads\/2022\/06\/BB-Vipiteno.png\" alt=\"\" width=\"810\" height=\"450\" srcset=\"https:\/\/blog.bedandbreakfast.eu\/wp-content\/uploads\/2022\/06\/BB-Vipiteno.png 810w, https:\/\/blog.bedandbreakfast.eu\/wp-content\/uploads\/2022\/06\/BB-Vipiteno-300x167.png 300w, https:\/\/blog.bedandbreakfast.eu\/wp-content\/uploads\/2022\/06\/BB-Vipiteno-768x427.png 768w\" sizes=\"auto, (max-width: 810px) 100vw, 810px\" \/><\/a><\/p>\n<h4>Tra natura e storia a Vipiteno<\/h4>\n<p>Cascate meravigliose nascoste tra boschi e pascoli, incantevoli castelli, buon cibo e borghi senza tempo: Vipiteno e la sua alta Val d\u2019Isarco sono davvero uno dei posti da visitare quest\u2019estate in montagna. Il borgo antico di Vipiteno, uno dei pi\u00f9 belli d\u2019Italia, rappresenta un vero gioiello incastonato nelle Alpi. Pernottare in uno degli affascinanti B&amp;B dall\u2019atmosfera tradizionale sar\u00e0 un\u2019esperienza da ricordare:<\/p>\n<p><strong><a class=\"mks_button mks_button_medium rounded\" href=\"https:\/\/www.bedandbreakfast.eu\/it\/l\/3164065\/vipiteno\" target=\"_blank\" style=\"color: #FFFFFF; background-color: #e3458c;\" >B&amp;B Vipiteno<\/a><\/strong><\/p>\n<p><a href=\"https:\/\/www.bedandbreakfast.eu\/it\/l\/3170682\/pinzolo\" target=\"_blank\" rel=\"noopener noreferrer\"><img loading=\"lazy\" decoding=\"async\" class=\"alignnone wp-image-33255 size-full\" title=\"Bed and Breakfast a Pinzolo\" src=\"https://blog.bedandbreakfast.eu/wp-content\/uploads\/2022\/06\/BB-Pinzolo.png\" alt=\"\" width=\"810\" height=\"450\" srcset=\"https:\/\/blog.bedandbreakfast.eu\/wp-content\/uploads\/2022\/06\/BB-Pinzolo.png 810w, https:\/\/blog.bedandbreakfast.eu\/wp-content\/uploads\/2022\/06\/BB-Pinzolo-300x167.png 300w, https:\/\/blog.bedandbreakfast.eu\/wp-content\/uploads\/2022\/06\/BB-Pinzolo-768x427.png 768w\" sizes=\"auto, (max-width: 810px) 100vw, 810px\" \/><\/a><\/p>\n<h4>Pinzolo e il Parco dell\u2019Adamello-Brenta<\/h4>\n<p>Il Parco pi\u00f9 grande del Trentino Alto Adige, Il parco naturale dell\u2019Adamello vi aspetta per trascorrere una vacanza in montagna all\u2019insegna di attivit\u00e0 entusiasmanti, incredibili bellezze naturali come le cascate del Nardis, e cultura e tradizioni locali tutte da scoprire. Prenota il tuo B&amp;B ideale a Pinzolo ed esplora questo bellissimo parco nazionale:<\/p>\n<p><strong><a class=\"mks_button mks_button_medium rounded\" href=\"https:\/\/www.bedandbreakfast.eu\/it\/l\/3170682\/pinzolo\" target=\"_blank\" style=\"color: #FFFFFF; background-color: #e3458c;\" >Bed and Breakfast Pinzolo<\/a><\/strong><\/p>\n<p><a href=\"https:\/\/www.bedandbreakfast.eu\/it\/l\/3174366\/macugnaga\" target=\"_blank\" rel=\"noopener noreferrer\"><img loading=\"lazy\" decoding=\"async\" class=\"alignnone wp-image-33262 size-full\" title=\"Bed and Breakfast a Macugnaga\" src=\"https://blog.bedandbreakfast.eu/wp-content\/uploads\/2022\/06\/BB-Macugnaga.png\" alt=\"\" width=\"810\" height=\"450\" srcset=\"https:\/\/blog.bedandbreakfast.eu\/wp-content\/uploads\/2022\/06\/BB-Macugnaga.png 810w, https:\/\/blog.bedandbreakfast.eu\/wp-content\/uploads\/2022\/06\/BB-Macugnaga-300x167.png 300w, https:\/\/blog.bedandbreakfast.eu\/wp-content\/uploads\/2022\/06\/BB-Macugnaga-768x427.png 768w\" sizes=\"auto, (max-width: 810px) 100vw, 810px\" \/><\/a><\/p>\n<h4>Sulle orme dei pi\u00f9 grandi alpinisti a Macugnaga<\/h4>\n<p>All\u2019ombra del Monterosa, Macugnaga \u00e8 una meta perfetta dove andare in vacanza in estate. Soggiornando in un Bed and Breakfast a Macugnaga potrai godere di tanto verde, pareti rocciose e aria fresca o fare un&#8217;esperienza in parapendio o deltaplano, per scoprire le vette alpine da un diverso punto di vista.<\/p>\n<p><strong><a class=\"mks_button mks_button_medium rounded\" href=\"https:\/\/www.bedandbreakfast.eu\/it\/l\/3174366\/macugnaga\" target=\"_blank\" style=\"color: #FFFFFF; background-color: #e3458c;\" >B&amp;B Macugnaga<\/a><\/strong><\/p>\n<p><a href=\"https:\/\/www.bedandbreakfast.eu\/it\/l\/3176697\/forni-di-sopra\" target=\"_blank\" rel=\"noopener noreferrer\"><img loading=\"lazy\" decoding=\"async\" class=\"alignnone wp-image-33269 size-full\" title=\"Bed and Breakfast Forni di Sopra\" src=\"https://blog.bedandbreakfast.eu/wp-content\/uploads\/2022\/06\/BB-dolomiti-friulane.png\" alt=\"\" width=\"810\" height=\"450\" srcset=\"https:\/\/blog.bedandbreakfast.eu\/wp-content\/uploads\/2022\/06\/BB-dolomiti-friulane.png 810w, https:\/\/blog.bedandbreakfast.eu\/wp-content\/uploads\/2022\/06\/BB-dolomiti-friulane-300x167.png 300w, https:\/\/blog.bedandbreakfast.eu\/wp-content\/uploads\/2022\/06\/BB-dolomiti-friulane-768x427.png 768w\" sizes=\"auto, (max-width: 810px) 100vw, 810px\" \/><\/a><\/p>\n<h4>Mete da scoprire: Dolomiti Friulane<\/h4>\n<p>Una delle mete di montagna meno conosciute e per questo ancora incontaminate, \u00e8 il Parco Naturale delle Dolomiti Friulane. Un vero paradiso per gli amanti del trekking e dell\u2019escursionismo, che avranno la possibilit\u00e0 di ammirare scorci paesaggistici selvaggi e notevolmente ricchi dal punto di vista della fauna e della flora locali.<\/p>\n<p><strong><a class=\"mks_button mks_button_medium rounded\" href=\"https:\/\/www.bedandbreakfast.eu\/it\/l\/3176697\/forni-di-sopra\" target=\"_blank\" style=\"color: #FFFFFF; background-color: #e3458c;\" >B&amp;B Forni di sopra<\/a><\/strong><\/p>\n<p><strong>Condividi questo articolo:<\/strong><\/p>\n","protected":false},"excerpt":{"rendered":"<p>Paesaggi mozzafiato, aria fresca e pulita, natura incontaminata, sport, relax e buon cibo: questi sono solo alcuni dei motivi per scegliere di trascorrere la tua estate in montagna. Dai un\u2019occhiata alle mete che abbiamo scelto per te e avrai subito voglia di prenotare un B&#038;B Unico in uno di questi luoghi affascinanti. <\/p>\n","protected":false},"author":20,"featured_media":33235,"comment_status":"open","ping_status":"open","sticky":false,"template":"","format":"standard","meta":{"_monsterinsights_skip_tracking":false,"_monsterinsights_sitenote_active":false,"_monsterinsights_sitenote_note":"","_monsterinsights_sitenote_category":0,"_jetpack_newsletter_access":"","_jetpack_dont_email_post_to_subs":false,"_jetpack_newsletter_tier_id":0,"_jetpack_memberships_contains_paywalled_content":false,"_jetpack_memberships_contains_paid_content":false,"footnotes":""},"categories":[3548],"tags":[3600,2157,3601,662,3663,6067,5521,4187],"coauthors":[3716],"class_list":["post-33232","post","type-post","status-publish","format-standard","has-post-thumbnail","hentry","category-destinazioni-popolari-it","tag-bb-it-2","tag-bb-it","tag-bed-breakfast-it-2","tag-bed-and-breakfast-it","tag-bed-and-breakfast-it-3","tag-estate-in-montagna","tag-vacanze-estive-it","tag-vacanze-in-montagna"],"yoast_head":"<!-- This site is optimized with the Yoast SEO plugin v27.5 - https:\/\/yoast.com\/product\/yoast-seo-wordpress\/ -->\n<title>Dove andare quest&#039;estate in montagna - Bedandbreakfast.eu<\/title>\n<meta name=\"description\" content=\"Paesaggi mozzafiato, aria fresca e pulita, natura incontaminata, sport, relax e buon cibo: questi sono solo alcuni dei motivi per scegliere di trascorrere la tua estate in montagna. Dai un\u2019occhiata alle mete che abbiamo scelto per te e avrai subito voglia di prenotare un B&amp;B Unico in uno di questi luoghi affascinanti.\" \/>\n<meta name=\"robots\" content=\"index, follow, max-snippet:-1, max-image-preview:large, max-video-preview:-1\" \/>\n<link rel=\"canonical\" href=\"https:\/\/blog.bedandbreakfast.eu\/it\/dove-andare-questestate-in-montagna\/\" \/>\n<meta property=\"og:locale\" content=\"it_IT\" \/>\n<meta property=\"og:type\" content=\"article\" \/>\n<meta property=\"og:title\" content=\"Dove andare quest&#039;estate in montagna - Bedandbreakfast.eu\" \/>\n<meta property=\"og:description\" content=\"Paesaggi mozzafiato, aria fresca e pulita, natura incontaminata, sport, relax e buon cibo: questi sono solo alcuni dei motivi per scegliere di trascorrere la tua estate in montagna. Dai un\u2019occhiata alle mete che abbiamo scelto per te e avrai subito voglia di prenotare un B&amp;B Unico in uno di questi luoghi affascinanti.\" \/>\n<meta property=\"og:url\" content=\"https:\/\/blog.bedandbreakfast.eu\/it\/dove-andare-questestate-in-montagna\/\" \/>\n<meta property=\"og:site_name\" content=\"Bed and Breakfast &amp; Agriturismo Blog | Bedandbreakfast.eu\" \/>\n<meta property=\"article:published_time\" content=\"2022-06-01T08:00:49+00:00\" \/>\n<meta property=\"article:modified_time\" content=\"2022-06-03T08:20:00+00:00\" \/>\n<meta property=\"og:image\" content=\"https:\/\/blog.bedandbreakfast.eu\/wp-content\/uploads\/2022\/06\/header-summer-mountains-IT.png\" \/>\n\t<meta property=\"og:image:width\" content=\"1140\" \/>\n\t<meta property=\"og:image:height\" content=\"453\" \/>\n\t<meta property=\"og:image:type\" content=\"image\/png\" \/>\n<meta name=\"author\" content=\"Silvia Malatesta\" \/>\n<meta name=\"twitter:card\" content=\"summary_large_image\" \/>\n<meta name=\"twitter:label1\" content=\"Scritto da\" \/>\n\t<meta name=\"twitter:data1\" content=\"Silvia Malatesta\" \/>\n\t<meta name=\"twitter:label2\" content=\"Tempo di lettura stimato\" \/>\n\t<meta name=\"twitter:data2\" content=\"2 minuti\" \/>\n<script type=\"application\/ld+json\" class=\"yoast-schema-graph\">{\"@context\":\"https:\\\/\\\/schema.org\",\"@graph\":[{\"@type\":\"Article\",\"@id\":\"https:\\\/\\\/blog.bedandbreakfast.eu\\\/it\\\/dove-andare-questestate-in-montagna\\\/#article\",\"isPartOf\":{\"@id\":\"https:\\\/\\\/blog.bedandbreakfast.eu\\\/it\\\/dove-andare-questestate-in-montagna\\\/\"},\"author\":{\"name\":\"Silvia Malatesta\",\"@id\":\"https:\\\/\\\/blog.bedandbreakfast.eu\\\/nl\\\/#\\\/schema\\\/person\\\/bca5a4558134253c198be871c47b3982\"},\"headline\":\"Dove andare quest&#8217;estate in montagna\",\"datePublished\":\"2022-06-01T08:00:49+00:00\",\"dateModified\":\"2022-06-03T08:20:00+00:00\",\"mainEntityOfPage\":{\"@id\":\"https:\\\/\\\/blog.bedandbreakfast.eu\\\/it\\\/dove-andare-questestate-in-montagna\\\/\"},\"wordCount\":478,\"commentCount\":0,\"image\":{\"@id\":\"https:\\\/\\\/blog.bedandbreakfast.eu\\\/it\\\/dove-andare-questestate-in-montagna\\\/#primaryimage\"},\"thumbnailUrl\":\"https:\\\/\\\/blog.bedandbreakfast.eu\\\/wp-content\\\/uploads\\\/2022\\\/06\\\/header-summer-mountains-IT.png\",\"keywords\":[\"B&amp;B\",\"B&amp;B\",\"bed &amp; breakfast\",\"bed and breakfast\",\"bed and breakfast\",\"estate in montagna\",\"vacanze estive\",\"vacanze in montagna\"],\"articleSection\":[\"Destinazioni Popolari\"],\"inLanguage\":\"it-IT\",\"potentialAction\":[{\"@type\":\"CommentAction\",\"name\":\"Comment\",\"target\":[\"https:\\\/\\\/blog.bedandbreakfast.eu\\\/it\\\/dove-andare-questestate-in-montagna\\\/#respond\"]}]},{\"@type\":\"WebPage\",\"@id\":\"https:\\\/\\\/blog.bedandbreakfast.eu\\\/it\\\/dove-andare-questestate-in-montagna\\\/\",\"url\":\"https:\\\/\\\/blog.bedandbreakfast.eu\\\/it\\\/dove-andare-questestate-in-montagna\\\/\",\"name\":\"Dove andare quest'estate in montagna - Bedandbreakfast.eu\",\"isPartOf\":{\"@id\":\"https:\\\/\\\/blog.bedandbreakfast.eu\\\/nl\\\/#website\"},\"primaryImageOfPage\":{\"@id\":\"https:\\\/\\\/blog.bedandbreakfast.eu\\\/it\\\/dove-andare-questestate-in-montagna\\\/#primaryimage\"},\"image\":{\"@id\":\"https:\\\/\\\/blog.bedandbreakfast.eu\\\/it\\\/dove-andare-questestate-in-montagna\\\/#primaryimage\"},\"thumbnailUrl\":\"https:\\\/\\\/blog.bedandbreakfast.eu\\\/wp-content\\\/uploads\\\/2022\\\/06\\\/header-summer-mountains-IT.png\",\"datePublished\":\"2022-06-01T08:00:49+00:00\",\"dateModified\":\"2022-06-03T08:20:00+00:00\",\"author\":{\"@id\":\"https:\\\/\\\/blog.bedandbreakfast.eu\\\/nl\\\/#\\\/schema\\\/person\\\/bca5a4558134253c198be871c47b3982\"},\"description\":\"Paesaggi mozzafiato, aria fresca e pulita, natura incontaminata, sport, relax e buon cibo: questi sono solo alcuni dei motivi per scegliere di trascorrere la tua estate in montagna. Dai un\u2019occhiata alle mete che abbiamo scelto per te e avrai subito voglia di prenotare un B&B Unico in uno di questi luoghi affascinanti.\",\"breadcrumb\":{\"@id\":\"https:\\\/\\\/blog.bedandbreakfast.eu\\\/it\\\/dove-andare-questestate-in-montagna\\\/#breadcrumb\"},\"inLanguage\":\"it-IT\",\"potentialAction\":[{\"@type\":\"ReadAction\",\"target\":[\"https:\\\/\\\/blog.bedandbreakfast.eu\\\/it\\\/dove-andare-questestate-in-montagna\\\/\"]}]},{\"@type\":\"ImageObject\",\"inLanguage\":\"it-IT\",\"@id\":\"https:\\\/\\\/blog.bedandbreakfast.eu\\\/it\\\/dove-andare-questestate-in-montagna\\\/#primaryimage\",\"url\":\"https:\\\/\\\/blog.bedandbreakfast.eu\\\/wp-content\\\/uploads\\\/2022\\\/06\\\/header-summer-mountains-IT.png\",\"contentUrl\":\"https:\\\/\\\/blog.bedandbreakfast.eu\\\/wp-content\\\/uploads\\\/2022\\\/06\\\/header-summer-mountains-IT.png\",\"width\":1140,\"height\":453},{\"@type\":\"BreadcrumbList\",\"@id\":\"https:\\\/\\\/blog.bedandbreakfast.eu\\\/it\\\/dove-andare-questestate-in-montagna\\\/#breadcrumb\",\"itemListElement\":[{\"@type\":\"ListItem\",\"position\":1,\"name\":\"Home\",\"item\":\"https:\\\/\\\/blog.bedandbreakfast.eu\\\/it\\\/\"},{\"@type\":\"ListItem\",\"position\":2,\"name\":\"Dove andare quest&#8217;estate in montagna\"}]},{\"@type\":\"WebSite\",\"@id\":\"https:\\\/\\\/blog.bedandbreakfast.eu\\\/nl\\\/#website\",\"url\":\"https:\\\/\\\/blog.bedandbreakfast.eu\\\/nl\\\/\",\"name\":\"Bed and Breakfast &amp; Agriturismo Blog | Bedandbreakfast.eu\",\"description\":\"Blog su bed e breakfast particolari, gestito da Bedandbreakfast.eu. Nuova ispirazione per soggiorni e gite nelle destinazioni B&amp;B pi\u00f9 belle del mondo!\",\"potentialAction\":[{\"@type\":\"SearchAction\",\"target\":{\"@type\":\"EntryPoint\",\"urlTemplate\":\"https:\\\/\\\/blog.bedandbreakfast.eu\\\/nl\\\/?s={search_term_string}\"},\"query-input\":{\"@type\":\"PropertyValueSpecification\",\"valueRequired\":true,\"valueName\":\"search_term_string\"}}],\"inLanguage\":\"it-IT\"},{\"@type\":\"Person\",\"@id\":\"https:\\\/\\\/blog.bedandbreakfast.eu\\\/nl\\\/#\\\/schema\\\/person\\\/bca5a4558134253c198be871c47b3982\",\"name\":\"Silvia Malatesta\",\"image\":{\"@type\":\"ImageObject\",\"inLanguage\":\"it-IT\",\"@id\":\"https:\\\/\\\/blog.bedandbreakfast.eu\\\/wp-content\\\/uploads\\\/2021\\\/07\\\/Silvia-M-300x300.jpg390fd852c60395e932aaa169f21224e9\",\"url\":\"https:\\\/\\\/blog.bedandbreakfast.eu\\\/wp-content\\\/uploads\\\/2021\\\/07\\\/Silvia-M-300x300.jpg\",\"contentUrl\":\"https:\\\/\\\/blog.bedandbreakfast.eu\\\/wp-content\\\/uploads\\\/2021\\\/07\\\/Silvia-M-300x300.jpg\",\"caption\":\"Silvia Malatesta\"},\"description\":\"Curiosa del mondo, mi sento una turista della quotidianit\u00e0 del luogo in cui vivo: dopo aver abitato a Sidney e in Belgio sono approdata in Olanda, da dove scrivo di viaggi.\",\"url\":\"https:\\\/\\\/blog.bedandbreakfast.eu\\\/it\\\/author\\\/silvia\\\/\"}]}<\/script>\n<!-- \/ Yoast SEO plugin. -->","yoast_head_json":{"title":"Dove andare quest'estate in montagna - Bedandbreakfast.eu","description":"Paesaggi mozzafiato, aria fresca e pulita, natura incontaminata, sport, relax e buon cibo: questi sono solo alcuni dei motivi per scegliere di trascorrere la tua estate in montagna. Dai un\u2019occhiata alle mete che abbiamo scelto per te e avrai subito voglia di prenotare un B&B Unico in uno di questi luoghi affascinanti.","robots":{"index":"index","follow":"follow","max-snippet":"max-snippet:-1","max-image-preview":"max-image-preview:large","max-video-preview":"max-video-preview:-1"},"canonical":"https:\/\/blog.bedandbreakfast.eu\/it\/dove-andare-questestate-in-montagna\/","og_locale":"it_IT","og_type":"article","og_title":"Dove andare quest'estate in montagna - Bedandbreakfast.eu","og_description":"Paesaggi mozzafiato, aria fresca e pulita, natura incontaminata, sport, relax e buon cibo: questi sono solo alcuni dei motivi per scegliere di trascorrere la tua estate in montagna. Dai un\u2019occhiata alle mete che abbiamo scelto per te e avrai subito voglia di prenotare un B&B Unico in uno di questi luoghi affascinanti.","og_url":"https:\/\/blog.bedandbreakfast.eu\/it\/dove-andare-questestate-in-montagna\/","og_site_name":"Bed and Breakfast &amp; Agriturismo Blog | Bedandbreakfast.eu","article_published_time":"2022-06-01T08:00:49+00:00","article_modified_time":"2022-06-03T08:20:00+00:00","og_image":[{"width":1140,"height":453,"url":"https:\/\/blog.bedandbreakfast.eu\/wp-content\/uploads\/2022\/06\/header-summer-mountains-IT.png","type":"image\/png"}],"author":"Silvia Malatesta","twitter_card":"summary_large_image","twitter_misc":{"Scritto da":"Silvia Malatesta","Tempo di lettura stimato":"2 minuti"},"schema":{"@context":"https:\/\/schema.org","@graph":[{"@type":"Article","@id":"https:\/\/blog.bedandbreakfast.eu\/it\/dove-andare-questestate-in-montagna\/#article","isPartOf":{"@id":"https:\/\/blog.bedandbreakfast.eu\/it\/dove-andare-questestate-in-montagna\/"},"author":{"name":"Silvia Malatesta","@id":"https:\/\/blog.bedandbreakfast.eu\/nl\/#\/schema\/person\/bca5a4558134253c198be871c47b3982"},"headline":"Dove andare quest&#8217;estate in montagna","datePublished":"2022-06-01T08:00:49+00:00","dateModified":"2022-06-03T08:20:00+00:00","mainEntityOfPage":{"@id":"https:\/\/blog.bedandbreakfast.eu\/it\/dove-andare-questestate-in-montagna\/"},"wordCount":478,"commentCount":0,"image":{"@id":"https:\/\/blog.bedandbreakfast.eu\/it\/dove-andare-questestate-in-montagna\/#primaryimage"},"thumbnailUrl":"https:\/\/blog.bedandbreakfast.eu\/wp-content\/uploads\/2022\/06\/header-summer-mountains-IT.png","keywords":["B&amp;B","B&amp;B","bed &amp; breakfast","bed and breakfast","bed and breakfast","estate in montagna","vacanze estive","vacanze in montagna"],"articleSection":["Destinazioni Popolari"],"inLanguage":"it-IT","potentialAction":[{"@type":"CommentAction","name":"Comment","target":["https:\/\/blog.bedandbreakfast.eu\/it\/dove-andare-questestate-in-montagna\/#respond"]}]},{"@type":"WebPage","@id":"https:\/\/blog.bedandbreakfast.eu\/it\/dove-andare-questestate-in-montagna\/","url":"https:\/\/blog.bedandbreakfast.eu\/it\/dove-andare-questestate-in-montagna\/","name":"Dove andare quest'estate in montagna - Bedandbreakfast.eu","isPartOf":{"@id":"https:\/\/blog.bedandbreakfast.eu\/nl\/#website"},"primaryImageOfPage":{"@id":"https:\/\/blog.bedandbreakfast.eu\/it\/dove-andare-questestate-in-montagna\/#primaryimage"},"image":{"@id":"https:\/\/blog.bedandbreakfast.eu\/it\/dove-andare-questestate-in-montagna\/#primaryimage"},"thumbnailUrl":"https:\/\/blog.bedandbreakfast.eu\/wp-content\/uploads\/2022\/06\/header-summer-mountains-IT.png","datePublished":"2022-06-01T08:00:49+00:00","dateModified":"2022-06-03T08:20:00+00:00","author":{"@id":"https:\/\/blog.bedandbreakfast.eu\/nl\/#\/schema\/person\/bca5a4558134253c198be871c47b3982"},"description":"Paesaggi mozzafiato, aria fresca e pulita, natura incontaminata, sport, relax e buon cibo: questi sono solo alcuni dei motivi per scegliere di trascorrere la tua estate in montagna. Dai un\u2019occhiata alle mete che abbiamo scelto per te e avrai subito voglia di prenotare un B&B Unico in uno di questi luoghi affascinanti.","breadcrumb":{"@id":"https:\/\/blog.bedandbreakfast.eu\/it\/dove-andare-questestate-in-montagna\/#breadcrumb"},"inLanguage":"it-IT","potentialAction":[{"@type":"ReadAction","target":["https:\/\/blog.bedandbreakfast.eu\/it\/dove-andare-questestate-in-montagna\/"]}]},{"@type":"ImageObject","inLanguage":"it-IT","@id":"https:\/\/blog.bedandbreakfast.eu\/it\/dove-andare-questestate-in-montagna\/#primaryimage","url":"https:\/\/blog.bedandbreakfast.eu\/wp-content\/uploads\/2022\/06\/header-summer-mountains-IT.png","contentUrl":"https:\/\/blog.bedandbreakfast.eu\/wp-content\/uploads\/2022\/06\/header-summer-mountains-IT.png","width":1140,"height":453},{"@type":"BreadcrumbList","@id":"https:\/\/blog.bedandbreakfast.eu\/it\/dove-andare-questestate-in-montagna\/#breadcrumb","itemListElement":[{"@type":"ListItem","position":1,"name":"Home","item":"https:\/\/blog.bedandbreakfast.eu\/it\/"},{"@type":"ListItem","position":2,"name":"Dove andare quest&#8217;estate in montagna"}]},{"@type":"WebSite","@id":"https:\/\/blog.bedandbreakfast.eu\/nl\/#website","url":"https:\/\/blog.bedandbreakfast.eu\/nl\/","name":"Bed and Breakfast &amp; Agriturismo Blog | Bedandbreakfast.eu","description":"Blog su bed e breakfast particolari, gestito da Bedandbreakfast.eu. Nuova ispirazione per soggiorni e gite nelle destinazioni B&amp;B pi\u00f9 belle del mondo!","potentialAction":[{"@type":"SearchAction","target":{"@type":"EntryPoint","urlTemplate":"https:\/\/blog.bedandbreakfast.eu\/nl\/?s={search_term_string}"},"query-input":{"@type":"PropertyValueSpecification","valueRequired":true,"valueName":"search_term_string"}}],"inLanguage":"it-IT"},{"@type":"Person","@id":"https:\/\/blog.bedandbreakfast.eu\/nl\/#\/schema\/person\/bca5a4558134253c198be871c47b3982","name":"Silvia Malatesta","image":{"@type":"ImageObject","inLanguage":"it-IT","@id":"https:\/\/blog.bedandbreakfast.eu\/wp-content\/uploads\/2021\/07\/Silvia-M-300x300.jpg390fd852c60395e932aaa169f21224e9","url":"https:\/\/blog.bedandbreakfast.eu\/wp-content\/uploads\/2021\/07\/Silvia-M-300x300.jpg","contentUrl":"https:\/\/blog.bedandbreakfast.eu\/wp-content\/uploads\/2021\/07\/Silvia-M-300x300.jpg","caption":"Silvia Malatesta"},"description":"Curiosa del mondo, mi sento una turista della quotidianit\u00e0 del luogo in cui vivo: dopo aver abitato a Sidney e in Belgio sono approdata in Olanda, da dove scrivo di viaggi.","url":"https:\/\/blog.bedandbreakfast.eu\/it\/author\/silvia\/"}]}},"jetpack_featured_media_url":"https:\/\/blog.bedandbreakfast.eu\/wp-content\/uploads\/2022\/06\/header-summer-mountains-IT.png","jetpack_shortlink":"https:\/\/wp.me\/p9vhf3-8E0","jetpack_sharing_enabled":true,"_links":{"self":[{"href":"https:\/\/blog.bedandbreakfast.eu\/it\/wp-json\/wp\/v2\/posts\/33232","targetHints":{"allow":["GET"]}}],"collection":[{"href":"https:\/\/blog.bedandbreakfast.eu\/it\/wp-json\/wp\/v2\/posts"}],"about":[{"href":"https:\/\/blog.bedandbreakfast.eu\/it\/wp-json\/wp\/v2\/types\/post"}],"author":[{"embeddable":true,"href":"https:\/\/blog.bedandbreakfast.eu\/it\/wp-json\/wp\/v2\/users\/20"}],"replies":[{"embeddable":true,"href":"https:\/\/blog.bedandbreakfast.eu\/it\/wp-json\/wp\/v2\/comments?post=33232"}],"version-history":[{"count":5,"href":"https:\/\/blog.bedandbreakfast.eu\/it\/wp-json\/wp\/v2\/posts\/33232\/revisions"}],"predecessor-version":[{"id":33282,"href":"https:\/\/blog.bedandbreakfast.eu\/it\/wp-json\/wp\/v2\/posts\/33232\/revisions\/33282"}],"wp:featuredmedia":[{"embeddable":true,"href":"https:\/\/blog.bedandbreakfast.eu\/it\/wp-json\/wp\/v2\/media\/33235"}],"wp:attachment":[{"href":"https:\/\/blog.bedandbreakfast.eu\/it\/wp-json\/wp\/v2\/media?parent=33232"}],"wp:term":[{"taxonomy":"category","embeddable":true,"href":"https:\/\/blog.bedandbreakfast.eu\/it\/wp-json\/wp\/v2\/categories?post=33232"},{"taxonomy":"post_tag","embeddable":true,"href":"https:\/\/blog.bedandbreakfast.eu\/it\/wp-json\/wp\/v2\/tags?post=33232"},{"taxonomy":"author","embeddable":true,"href":"https:\/\/blog.bedandbreakfast.eu\/it\/wp-json\/wp\/v2\/coauthors?post=33232"}],"curies":[{"name":"wp","href":"https:\/\/api.w.org\/{rel}","templated":true}]}}