{"id":24024,"date":"2021-03-30T07:00:30","date_gmt":"2021-03-30T07:00:30","guid":{"rendered":"https:\/\/blog.bedandbreakfast.eu\/?p=24024"},"modified":"2021-03-30T07:52:23","modified_gmt":"2021-03-30T07:52:23","slug":"idee-di-viaggio-verso-mete-in-fiore","status":"publish","type":"post","link":"https:\/\/blog.bedandbreakfast.eu\/it\/idee-di-viaggio-verso-mete-in-fiore\/","title":{"rendered":"Idee di viaggio verso mete in fiore"},"content":{"rendered":"<p><a href=\"https:\/\/www.bedandbreakfast.eu\/bed-and-breakfast-it\/costiera-amalfitana\/italia\/p11127999\" target=\"_blank\" rel=\"noopener noreferrer\"><img loading=\"lazy\" decoding=\"async\" class=\"alignnone wp-image-23565 size-full\" title=\"Bed and Breakfast in Costiera Amalfitana\" src=\"https://blog.bedandbreakfast.eu/wp-content\/uploads\/2021\/03\/BB_Amalfi.jpg\" alt=\"Bedandbreakfast.eu; Idee di viaggio verso mete in fiore\" width=\"810\" height=\"450\" srcset=\"https:\/\/blog.bedandbreakfast.eu\/wp-content\/uploads\/2021\/03\/BB_Amalfi.jpg 810w, https:\/\/blog.bedandbreakfast.eu\/wp-content\/uploads\/2021\/03\/BB_Amalfi-300x167.jpg 300w, https:\/\/blog.bedandbreakfast.eu\/wp-content\/uploads\/2021\/03\/BB_Amalfi-768x427.jpg 768w\" sizes=\"auto, (max-width: 810px) 100vw, 810px\" \/><\/a><\/p>\n<h4>Il sentiero dei Limoni ad Amalfi<\/h4>\n<p>Prima tra le nostre idee di viaggio di primavera, questa meta con il suo clima mite e i panorami spettacolari \u00e8 perfetta da visitare soggiornando in un caratteristico B&amp;B Costiera Amalfitana. Il sentiero dei Limoni, in particolare, \u00e8 un percorso di trekking di circa 9 km, tra Maiori e Minori, accompagnato da un meraviglioso profumo di agrumi. Tra terrazze, rampe di scale e paesaggi unici che si concentrano in questo percorso, fai il pieno di colori ed emozioni per poi rilassarti in un delizioso B&amp;B Costiera Amalfitana con vista mare.<\/p>\n<p><strong><a class=\"mks_button mks_button_medium rounded\" href=\"https:\/\/www.bedandbreakfast.eu\/bed-and-breakfast-it\/costiera-amalfitana\/italia\/p11127999\" target=\"_blank\" style=\"color: #FFFFFF; background-color: #e3458c;\" >B&amp;B Costiera Amalfitana<\/a><\/strong><\/p>\n<p><a href=\"https:\/\/www.bedandbreakfast.eu\/bed-and-breakfast-it\/grasse\/francia\/c3014856\" target=\"_blank\" rel=\"noopener noreferrer\"><img loading=\"lazy\" decoding=\"async\" class=\"alignnone wp-image-23559 size-full\" title=\"Bed and Breakfast a Grasse\" src=\"https://blog.bedandbreakfast.eu/wp-content\/uploads\/2021\/03\/BB_Grasse.jpg\" alt=\"\" width=\"810\" height=\"450\" srcset=\"https:\/\/blog.bedandbreakfast.eu\/wp-content\/uploads\/2021\/03\/BB_Grasse.jpg 810w, https:\/\/blog.bedandbreakfast.eu\/wp-content\/uploads\/2021\/03\/BB_Grasse-300x167.jpg 300w, https:\/\/blog.bedandbreakfast.eu\/wp-content\/uploads\/2021\/03\/BB_Grasse-768x427.jpg 768w\" sizes=\"auto, (max-width: 810px) 100vw, 810px\" \/><\/a><\/p>\n<h4>Campi di lavanda a Grasse<\/h4>\n<p>La regione francese di Grasse \u00e8 pervasa dal profumo di lavanda e dal viola. Una delle pi\u00f9 affascinanti idee di viaggio, ci porta proprio in questo luogo magico della Provenza, per scoprire pittoreschi villaggi, mercatini con profumi di oli essenziali e saponi. Qui la primavera \u00e8 un tripudio di colori anche se, per vedere la fioritura dei campi lavanda bisogna recarvisi in agosto. I proprietari dei B&amp;B del luogo vi sapranno dare sicuramente indicazioni su dove trovare la fioritura migliore!<\/p>\n<p><strong><a class=\"mks_button mks_button_medium rounded\" href=\"https:\/\/www.bedandbreakfast.eu\/bed-and-breakfast-it\/grasse\/francia\/c3014856\" target=\"_blank\" style=\"color: #FFFFFF; background-color: #e3458c;\" >Bed and Breakfast Grasse<\/a><\/strong><\/p>\n<p><a href=\"https:\/\/www.bedandbreakfast.eu\/bed-and-breakfast-it\/madera\/portogallo\/i2266874\" target=\"_blank\" rel=\"noopener noreferrer\"><img loading=\"lazy\" decoding=\"async\" class=\"alignnone wp-image-23583 size-full\" title=\"Bed and Breakfast Madera\" src=\"https:\/\/blog.bedandbreakfast.eu\/wp-content\/uploads\/2021\/03\/BB_Madeira.jpg\" alt=\"\" width=\"810\" height=\"450\" srcset=\"https:\/\/blog.bedandbreakfast.eu\/wp-content\/uploads\/2021\/03\/BB_Madeira.jpg 810w, https:\/\/blog.bedandbreakfast.eu\/wp-content\/uploads\/2021\/03\/BB_Madeira-300x167.jpg 300w, https:\/\/blog.bedandbreakfast.eu\/wp-content\/uploads\/2021\/03\/BB_Madeira-768x427.jpg 768w\" sizes=\"auto, (max-width: 810px) 100vw, 810px\" \/><\/a><\/p>\n<h4>Madera, l\u2019isola dei fiori<\/h4>\n<p>L&#8217;isola portoghese di Madera \u00e8 una delle isole europee meno conosciute, ma con la natura pi\u00f9 sorprendente. Questo la rende una delle idee di viaggio pi\u00f9 originali per questo periodo. Con la sua moltitudine di specie floreali e di giardini botanici, \u00e8 perfetta per una pausa primaverile. Fai un percorso sulle sue montagne per scoprire migliori vedute dall\u2019alto!<\/p>\n<p><strong><a class=\"mks_button mks_button_medium rounded\" href=\"https:\/\/www.bedandbreakfast.eu\/bed-and-breakfast-it\/madera\/portogallo\/i2266874\" target=\"_blank\" style=\"color: #FFFFFF; background-color: #e3458c;\" >Bed and Breakfast Madera<\/a><\/strong><\/p>\n<p><a href=\"https:\/\/www.bedandbreakfast.eu\/bed-and-breakfast-it\/cordova\/spagna\/c2519240\" target=\"_blank\" rel=\"noopener noreferrer\"><img loading=\"lazy\" decoding=\"async\" class=\"alignnone wp-image-23571 size-full\" title=\"Bed and Breakfast a Cordova\" src=\"https://blog.bedandbreakfast.eu/wp-content\/uploads\/2021\/03\/BB_Cordoba.jpg\" alt=\"\" width=\"810\" height=\"450\" srcset=\"https:\/\/blog.bedandbreakfast.eu\/wp-content\/uploads\/2021\/03\/BB_Cordoba.jpg 810w, https:\/\/blog.bedandbreakfast.eu\/wp-content\/uploads\/2021\/03\/BB_Cordoba-300x167.jpg 300w, https:\/\/blog.bedandbreakfast.eu\/wp-content\/uploads\/2021\/03\/BB_Cordoba-768x427.jpg 768w\" sizes=\"auto, (max-width: 810px) 100vw, 810px\" \/><\/a><\/p>\n<h4>I Patios di Cordova<\/h4>\n<p>Tutti conoscono i colorati cortili di Cordova, che si trovano in tutta la citt\u00e0 e sono Patrimonio dell&#8217;Umanit\u00e0. La citt\u00e0 \u00e8 pervasa dal dolce profumo del gelsomino e colorata dai fiori dei gerani, il che la rende una delle migliori idee di viaggio di primavera. Prenota un B&amp;B a C\u00f3rdova e scopri la bellezza dei suoi cortili.<\/p>\n<p><strong><a class=\"mks_button mks_button_medium rounded\" href=\"https:\/\/www.bedandbreakfast.eu\/bed-and-breakfast-it\/cordova\/spagna\/c2519240\" target=\"_blank\" style=\"color: #FFFFFF; background-color: #e3458c;\" >Bed and Breakfast Cordova<\/a><\/strong><\/p>\n<p><a href=\"https:\/\/www.bedandbreakfast.eu\/bed-and-breakfast-it\/paesi-bassi\/paese\" target=\"_blank\" rel=\"noopener noreferrer\"><img loading=\"lazy\" decoding=\"async\" class=\"alignnone wp-image-23577 size-full\" title=\"Bed and Breakfast nei Paesi Bassi\" src=\"https://blog.bedandbreakfast.eu/wp-content\/uploads\/2021\/03\/BB_Keukenhof.jpg\" alt=\"\" width=\"810\" height=\"450\" srcset=\"https:\/\/blog.bedandbreakfast.eu\/wp-content\/uploads\/2021\/03\/BB_Keukenhof.jpg 810w, https:\/\/blog.bedandbreakfast.eu\/wp-content\/uploads\/2021\/03\/BB_Keukenhof-300x167.jpg 300w, https:\/\/blog.bedandbreakfast.eu\/wp-content\/uploads\/2021\/03\/BB_Keukenhof-768x427.jpg 768w\" sizes=\"auto, (max-width: 810px) 100vw, 810px\" \/><\/a><\/p>\n<h4>In bici tra i fiori nei Paesi Bassi<\/h4>\n<p>Quando pensi all\u2019Olanda in primavera, pensi ai campi pieni di narcisi, tulipani e giacinti con i mulini a vento sullo sfondo? Allora una delle idee di viaggio perfette per te \u00e8 la visita al Bollenstreek, \u201cil distretto dei bulbi\u201d, cos\u00ec potrai godere di tutto lo splendore della fioritura. Se le misure di prevenzione del Coronavirus lo permetteranno, qui sar\u00e0 anche possibile visitare il parco primaverile pi\u00f9 famoso del mondo: Keukenhof. Dopo una lunga giornata in bicicletta o passeggiando tra i campi di fiori, non c&#8217;\u00e8 niente di meglio che rilassarsi in un piccolo e curato B&amp;B.<\/p>\n<p><strong><a class=\"mks_button mks_button_medium rounded\" href=\"https:\/\/www.bedandbreakfast.eu\/bed-and-breakfast-it\/paesi-bassi\/paese\" target=\"_blank\" style=\"color: #FFFFFF; background-color: #e3458c;\" >Bed and Breakfast nei Paesi Bassi<\/a><\/strong><\/p>\n<p><strong>Condividi questo articolo:<\/strong><\/p>\n","protected":false},"excerpt":{"rendered":"<p>Sole, natura in fiore, buona compagnia e un accogliente B&#038;B sono gli ingredienti perfetti per un weekend di vacanza dopo il lungo inverno. Ecco le nostre idee di viaggio verso le mete pi\u00f9 belle d\u2019Europa, che offrono in primavera un vero spettacolo di colori e profumi, ma sono bellissime da visitare tutto l\u2019anno!<\/p>\n","protected":false},"author":20,"featured_media":23590,"comment_status":"open","ping_status":"open","sticky":false,"template":"","format":"standard","meta":{"_monsterinsights_skip_tracking":false,"_monsterinsights_sitenote_active":false,"_monsterinsights_sitenote_note":"","_monsterinsights_sitenote_category":0,"_jetpack_newsletter_access":"","_jetpack_dont_email_post_to_subs":false,"_jetpack_newsletter_tier_id":0,"_jetpack_memberships_contains_paywalled_content":false,"_jetpack_memberships_contains_paid_content":false,"footnotes":""},"categories":[3548],"tags":[3600,2157,5876,5837,5878,5877,4993,4689,3601,2158,662,3663],"coauthors":[3716],"class_list":["post-24024","post","type-post","status-publish","format-standard","has-post-thumbnail","hentry","category-destinazioni-popolari-it","tag-bb-it-2","tag-bb-it","tag-bb-amalfi-it","tag-bb-costiera-amalfitana","tag-bb-grasse-it","tag-bb-madeira-it","tag-bb-paesi-bassi","tag-bb-provenza","tag-bed-breakfast-it-2","tag-bed-breakfast-it","tag-bed-and-breakfast-it","tag-bed-and-breakfast-it-3"],"yoast_head":"<!-- This site is optimized with the Yoast SEO plugin v27.5 - https:\/\/yoast.com\/product\/yoast-seo-wordpress\/ -->\n<title>Idee di viaggio verso mete in fiore | Bedandbreakfast.eu<\/title>\n<meta name=\"description\" content=\"Sole, natura in fiore, buona compagnia e un accogliente B&amp;B sono gli ingredienti perfetti per un weekend di vacanza dopo il lungo inverno. Ecco le nostre idee di viaggio verso le mete pi\u00f9 belle d\u2019Europa, che offrono in primavera un vero spettacolo di colori e profumi, ma sono bellissime da visitare tutto l\u2019anno!\" \/>\n<meta name=\"robots\" content=\"index, follow, max-snippet:-1, max-image-preview:large, max-video-preview:-1\" \/>\n<link rel=\"canonical\" href=\"https:\/\/blog.bedandbreakfast.eu\/it\/idee-di-viaggio-verso-mete-in-fiore\/\" \/>\n<meta property=\"og:locale\" content=\"it_IT\" \/>\n<meta property=\"og:type\" content=\"article\" \/>\n<meta property=\"og:title\" content=\"Idee di viaggio verso mete in fiore | Bedandbreakfast.eu\" \/>\n<meta property=\"og:description\" content=\"Sole, natura in fiore, buona compagnia e un accogliente B&amp;B sono gli ingredienti perfetti per un weekend di vacanza dopo il lungo inverno. Ecco le nostre idee di viaggio verso le mete pi\u00f9 belle d\u2019Europa, che offrono in primavera un vero spettacolo di colori e profumi, ma sono bellissime da visitare tutto l\u2019anno!\" \/>\n<meta property=\"og:url\" content=\"https:\/\/blog.bedandbreakfast.eu\/it\/idee-di-viaggio-verso-mete-in-fiore\/\" \/>\n<meta property=\"og:site_name\" content=\"Bed and Breakfast &amp; Agriturismo Blog | Bedandbreakfast.eu\" \/>\n<meta property=\"article:published_time\" content=\"2021-03-30T07:00:30+00:00\" \/>\n<meta property=\"article:modified_time\" content=\"2021-03-30T07:52:23+00:00\" \/>\n<meta property=\"og:image\" content=\"https:\/\/blog.bedandbreakfast.eu\/wp-content\/uploads\/2021\/03\/Header_flower_destinations.jpg\" \/>\n\t<meta property=\"og:image:width\" content=\"1140\" \/>\n\t<meta property=\"og:image:height\" content=\"453\" \/>\n\t<meta property=\"og:image:type\" content=\"image\/jpeg\" \/>\n<meta name=\"author\" content=\"Silvia Malatesta\" \/>\n<meta name=\"twitter:card\" content=\"summary_large_image\" \/>\n<meta name=\"twitter:label1\" content=\"Scritto da\" \/>\n\t<meta name=\"twitter:data1\" content=\"Silvia Malatesta\" \/>\n\t<meta name=\"twitter:label2\" content=\"Tempo di lettura stimato\" \/>\n\t<meta name=\"twitter:data2\" content=\"3 minuti\" \/>\n<script type=\"application\/ld+json\" class=\"yoast-schema-graph\">{\"@context\":\"https:\\\/\\\/schema.org\",\"@graph\":[{\"@type\":\"Article\",\"@id\":\"https:\\\/\\\/blog.bedandbreakfast.eu\\\/it\\\/idee-di-viaggio-verso-mete-in-fiore\\\/#article\",\"isPartOf\":{\"@id\":\"https:\\\/\\\/blog.bedandbreakfast.eu\\\/it\\\/idee-di-viaggio-verso-mete-in-fiore\\\/\"},\"author\":{\"name\":\"Silvia Malatesta\",\"@id\":\"https:\\\/\\\/blog.bedandbreakfast.eu\\\/nl\\\/#\\\/schema\\\/person\\\/bca5a4558134253c198be871c47b3982\"},\"headline\":\"Idee di viaggio verso mete in fiore\",\"datePublished\":\"2021-03-30T07:00:30+00:00\",\"dateModified\":\"2021-03-30T07:52:23+00:00\",\"mainEntityOfPage\":{\"@id\":\"https:\\\/\\\/blog.bedandbreakfast.eu\\\/it\\\/idee-di-viaggio-verso-mete-in-fiore\\\/\"},\"wordCount\":587,\"commentCount\":0,\"image\":{\"@id\":\"https:\\\/\\\/blog.bedandbreakfast.eu\\\/it\\\/idee-di-viaggio-verso-mete-in-fiore\\\/#primaryimage\"},\"thumbnailUrl\":\"https:\\\/\\\/blog.bedandbreakfast.eu\\\/wp-content\\\/uploads\\\/2021\\\/03\\\/Header_flower_destinations.jpg\",\"keywords\":[\"B&amp;B\",\"B&amp;B\",\"B&amp;B Amalfi\",\"B&amp;B Costiera Amalfitana\",\"B&amp;B Grasse\",\"B&amp;B madeira\",\"B&amp;B Paesi Bassi\",\"B&amp;B Provenza\",\"bed &amp; breakfast\",\"bed &amp; breakfast\",\"bed and breakfast\",\"bed and breakfast\"],\"articleSection\":[\"Destinazioni Popolari\"],\"inLanguage\":\"it-IT\",\"potentialAction\":[{\"@type\":\"CommentAction\",\"name\":\"Comment\",\"target\":[\"https:\\\/\\\/blog.bedandbreakfast.eu\\\/it\\\/idee-di-viaggio-verso-mete-in-fiore\\\/#respond\"]}]},{\"@type\":\"WebPage\",\"@id\":\"https:\\\/\\\/blog.bedandbreakfast.eu\\\/it\\\/idee-di-viaggio-verso-mete-in-fiore\\\/\",\"url\":\"https:\\\/\\\/blog.bedandbreakfast.eu\\\/it\\\/idee-di-viaggio-verso-mete-in-fiore\\\/\",\"name\":\"Idee di viaggio verso mete in fiore | Bedandbreakfast.eu\",\"isPartOf\":{\"@id\":\"https:\\\/\\\/blog.bedandbreakfast.eu\\\/nl\\\/#website\"},\"primaryImageOfPage\":{\"@id\":\"https:\\\/\\\/blog.bedandbreakfast.eu\\\/it\\\/idee-di-viaggio-verso-mete-in-fiore\\\/#primaryimage\"},\"image\":{\"@id\":\"https:\\\/\\\/blog.bedandbreakfast.eu\\\/it\\\/idee-di-viaggio-verso-mete-in-fiore\\\/#primaryimage\"},\"thumbnailUrl\":\"https:\\\/\\\/blog.bedandbreakfast.eu\\\/wp-content\\\/uploads\\\/2021\\\/03\\\/Header_flower_destinations.jpg\",\"datePublished\":\"2021-03-30T07:00:30+00:00\",\"dateModified\":\"2021-03-30T07:52:23+00:00\",\"author\":{\"@id\":\"https:\\\/\\\/blog.bedandbreakfast.eu\\\/nl\\\/#\\\/schema\\\/person\\\/bca5a4558134253c198be871c47b3982\"},\"description\":\"Sole, natura in fiore, buona compagnia e un accogliente B&B sono gli ingredienti perfetti per un weekend di vacanza dopo il lungo inverno. Ecco le nostre idee di viaggio verso le mete pi\u00f9 belle d\u2019Europa, che offrono in primavera un vero spettacolo di colori e profumi, ma sono bellissime da visitare tutto l\u2019anno!\",\"breadcrumb\":{\"@id\":\"https:\\\/\\\/blog.bedandbreakfast.eu\\\/it\\\/idee-di-viaggio-verso-mete-in-fiore\\\/#breadcrumb\"},\"inLanguage\":\"it-IT\",\"potentialAction\":[{\"@type\":\"ReadAction\",\"target\":[\"https:\\\/\\\/blog.bedandbreakfast.eu\\\/it\\\/idee-di-viaggio-verso-mete-in-fiore\\\/\"]}]},{\"@type\":\"ImageObject\",\"inLanguage\":\"it-IT\",\"@id\":\"https:\\\/\\\/blog.bedandbreakfast.eu\\\/it\\\/idee-di-viaggio-verso-mete-in-fiore\\\/#primaryimage\",\"url\":\"https:\\\/\\\/blog.bedandbreakfast.eu\\\/wp-content\\\/uploads\\\/2021\\\/03\\\/Header_flower_destinations.jpg\",\"contentUrl\":\"https:\\\/\\\/blog.bedandbreakfast.eu\\\/wp-content\\\/uploads\\\/2021\\\/03\\\/Header_flower_destinations.jpg\",\"width\":1140,\"height\":453},{\"@type\":\"BreadcrumbList\",\"@id\":\"https:\\\/\\\/blog.bedandbreakfast.eu\\\/it\\\/idee-di-viaggio-verso-mete-in-fiore\\\/#breadcrumb\",\"itemListElement\":[{\"@type\":\"ListItem\",\"position\":1,\"name\":\"Home\",\"item\":\"https:\\\/\\\/blog.bedandbreakfast.eu\\\/it\\\/\"},{\"@type\":\"ListItem\",\"position\":2,\"name\":\"Idee di viaggio verso mete in fiore\"}]},{\"@type\":\"WebSite\",\"@id\":\"https:\\\/\\\/blog.bedandbreakfast.eu\\\/nl\\\/#website\",\"url\":\"https:\\\/\\\/blog.bedandbreakfast.eu\\\/nl\\\/\",\"name\":\"Bed and Breakfast &amp; Agriturismo Blog | Bedandbreakfast.eu\",\"description\":\"Blog su bed e breakfast particolari, gestito da Bedandbreakfast.eu. Nuova ispirazione per soggiorni e gite nelle destinazioni B&amp;B pi\u00f9 belle del mondo!\",\"potentialAction\":[{\"@type\":\"SearchAction\",\"target\":{\"@type\":\"EntryPoint\",\"urlTemplate\":\"https:\\\/\\\/blog.bedandbreakfast.eu\\\/nl\\\/?s={search_term_string}\"},\"query-input\":{\"@type\":\"PropertyValueSpecification\",\"valueRequired\":true,\"valueName\":\"search_term_string\"}}],\"inLanguage\":\"it-IT\"},{\"@type\":\"Person\",\"@id\":\"https:\\\/\\\/blog.bedandbreakfast.eu\\\/nl\\\/#\\\/schema\\\/person\\\/bca5a4558134253c198be871c47b3982\",\"name\":\"Silvia Malatesta\",\"image\":{\"@type\":\"ImageObject\",\"inLanguage\":\"it-IT\",\"@id\":\"https:\\\/\\\/blog.bedandbreakfast.eu\\\/wp-content\\\/uploads\\\/2021\\\/07\\\/Silvia-M-300x300.jpg390fd852c60395e932aaa169f21224e9\",\"url\":\"https:\\\/\\\/blog.bedandbreakfast.eu\\\/wp-content\\\/uploads\\\/2021\\\/07\\\/Silvia-M-300x300.jpg\",\"contentUrl\":\"https:\\\/\\\/blog.bedandbreakfast.eu\\\/wp-content\\\/uploads\\\/2021\\\/07\\\/Silvia-M-300x300.jpg\",\"caption\":\"Silvia Malatesta\"},\"description\":\"Curiosa del mondo, mi sento una turista della quotidianit\u00e0 del luogo in cui vivo: dopo aver abitato a Sidney e in Belgio sono approdata in Olanda, da dove scrivo di viaggi.\",\"url\":\"https:\\\/\\\/blog.bedandbreakfast.eu\\\/it\\\/author\\\/silvia\\\/\"}]}<\/script>\n<!-- \/ Yoast SEO plugin. -->","yoast_head_json":{"title":"Idee di viaggio verso mete in fiore | Bedandbreakfast.eu","description":"Sole, natura in fiore, buona compagnia e un accogliente B&B sono gli ingredienti perfetti per un weekend di vacanza dopo il lungo inverno. Ecco le nostre idee di viaggio verso le mete pi\u00f9 belle d\u2019Europa, che offrono in primavera un vero spettacolo di colori e profumi, ma sono bellissime da visitare tutto l\u2019anno!","robots":{"index":"index","follow":"follow","max-snippet":"max-snippet:-1","max-image-preview":"max-image-preview:large","max-video-preview":"max-video-preview:-1"},"canonical":"https:\/\/blog.bedandbreakfast.eu\/it\/idee-di-viaggio-verso-mete-in-fiore\/","og_locale":"it_IT","og_type":"article","og_title":"Idee di viaggio verso mete in fiore | Bedandbreakfast.eu","og_description":"Sole, natura in fiore, buona compagnia e un accogliente B&B sono gli ingredienti perfetti per un weekend di vacanza dopo il lungo inverno. Ecco le nostre idee di viaggio verso le mete pi\u00f9 belle d\u2019Europa, che offrono in primavera un vero spettacolo di colori e profumi, ma sono bellissime da visitare tutto l\u2019anno!","og_url":"https:\/\/blog.bedandbreakfast.eu\/it\/idee-di-viaggio-verso-mete-in-fiore\/","og_site_name":"Bed and Breakfast &amp; Agriturismo Blog | Bedandbreakfast.eu","article_published_time":"2021-03-30T07:00:30+00:00","article_modified_time":"2021-03-30T07:52:23+00:00","og_image":[{"width":1140,"height":453,"url":"https:\/\/blog.bedandbreakfast.eu\/wp-content\/uploads\/2021\/03\/Header_flower_destinations.jpg","type":"image\/jpeg"}],"author":"Silvia Malatesta","twitter_card":"summary_large_image","twitter_misc":{"Scritto da":"Silvia Malatesta","Tempo di lettura stimato":"3 minuti"},"schema":{"@context":"https:\/\/schema.org","@graph":[{"@type":"Article","@id":"https:\/\/blog.bedandbreakfast.eu\/it\/idee-di-viaggio-verso-mete-in-fiore\/#article","isPartOf":{"@id":"https:\/\/blog.bedandbreakfast.eu\/it\/idee-di-viaggio-verso-mete-in-fiore\/"},"author":{"name":"Silvia Malatesta","@id":"https:\/\/blog.bedandbreakfast.eu\/nl\/#\/schema\/person\/bca5a4558134253c198be871c47b3982"},"headline":"Idee di viaggio verso mete in fiore","datePublished":"2021-03-30T07:00:30+00:00","dateModified":"2021-03-30T07:52:23+00:00","mainEntityOfPage":{"@id":"https:\/\/blog.bedandbreakfast.eu\/it\/idee-di-viaggio-verso-mete-in-fiore\/"},"wordCount":587,"commentCount":0,"image":{"@id":"https:\/\/blog.bedandbreakfast.eu\/it\/idee-di-viaggio-verso-mete-in-fiore\/#primaryimage"},"thumbnailUrl":"https:\/\/blog.bedandbreakfast.eu\/wp-content\/uploads\/2021\/03\/Header_flower_destinations.jpg","keywords":["B&amp;B","B&amp;B","B&amp;B Amalfi","B&amp;B Costiera Amalfitana","B&amp;B Grasse","B&amp;B madeira","B&amp;B Paesi Bassi","B&amp;B Provenza","bed &amp; breakfast","bed &amp; breakfast","bed and breakfast","bed and breakfast"],"articleSection":["Destinazioni Popolari"],"inLanguage":"it-IT","potentialAction":[{"@type":"CommentAction","name":"Comment","target":["https:\/\/blog.bedandbreakfast.eu\/it\/idee-di-viaggio-verso-mete-in-fiore\/#respond"]}]},{"@type":"WebPage","@id":"https:\/\/blog.bedandbreakfast.eu\/it\/idee-di-viaggio-verso-mete-in-fiore\/","url":"https:\/\/blog.bedandbreakfast.eu\/it\/idee-di-viaggio-verso-mete-in-fiore\/","name":"Idee di viaggio verso mete in fiore | Bedandbreakfast.eu","isPartOf":{"@id":"https:\/\/blog.bedandbreakfast.eu\/nl\/#website"},"primaryImageOfPage":{"@id":"https:\/\/blog.bedandbreakfast.eu\/it\/idee-di-viaggio-verso-mete-in-fiore\/#primaryimage"},"image":{"@id":"https:\/\/blog.bedandbreakfast.eu\/it\/idee-di-viaggio-verso-mete-in-fiore\/#primaryimage"},"thumbnailUrl":"https:\/\/blog.bedandbreakfast.eu\/wp-content\/uploads\/2021\/03\/Header_flower_destinations.jpg","datePublished":"2021-03-30T07:00:30+00:00","dateModified":"2021-03-30T07:52:23+00:00","author":{"@id":"https:\/\/blog.bedandbreakfast.eu\/nl\/#\/schema\/person\/bca5a4558134253c198be871c47b3982"},"description":"Sole, natura in fiore, buona compagnia e un accogliente B&B sono gli ingredienti perfetti per un weekend di vacanza dopo il lungo inverno. Ecco le nostre idee di viaggio verso le mete pi\u00f9 belle d\u2019Europa, che offrono in primavera un vero spettacolo di colori e profumi, ma sono bellissime da visitare tutto l\u2019anno!","breadcrumb":{"@id":"https:\/\/blog.bedandbreakfast.eu\/it\/idee-di-viaggio-verso-mete-in-fiore\/#breadcrumb"},"inLanguage":"it-IT","potentialAction":[{"@type":"ReadAction","target":["https:\/\/blog.bedandbreakfast.eu\/it\/idee-di-viaggio-verso-mete-in-fiore\/"]}]},{"@type":"ImageObject","inLanguage":"it-IT","@id":"https:\/\/blog.bedandbreakfast.eu\/it\/idee-di-viaggio-verso-mete-in-fiore\/#primaryimage","url":"https:\/\/blog.bedandbreakfast.eu\/wp-content\/uploads\/2021\/03\/Header_flower_destinations.jpg","contentUrl":"https:\/\/blog.bedandbreakfast.eu\/wp-content\/uploads\/2021\/03\/Header_flower_destinations.jpg","width":1140,"height":453},{"@type":"BreadcrumbList","@id":"https:\/\/blog.bedandbreakfast.eu\/it\/idee-di-viaggio-verso-mete-in-fiore\/#breadcrumb","itemListElement":[{"@type":"ListItem","position":1,"name":"Home","item":"https:\/\/blog.bedandbreakfast.eu\/it\/"},{"@type":"ListItem","position":2,"name":"Idee di viaggio verso mete in fiore"}]},{"@type":"WebSite","@id":"https:\/\/blog.bedandbreakfast.eu\/nl\/#website","url":"https:\/\/blog.bedandbreakfast.eu\/nl\/","name":"Bed and Breakfast &amp; Agriturismo Blog | Bedandbreakfast.eu","description":"Blog su bed e breakfast particolari, gestito da Bedandbreakfast.eu. Nuova ispirazione per soggiorni e gite nelle destinazioni B&amp;B pi\u00f9 belle del mondo!","potentialAction":[{"@type":"SearchAction","target":{"@type":"EntryPoint","urlTemplate":"https:\/\/blog.bedandbreakfast.eu\/nl\/?s={search_term_string}"},"query-input":{"@type":"PropertyValueSpecification","valueRequired":true,"valueName":"search_term_string"}}],"inLanguage":"it-IT"},{"@type":"Person","@id":"https:\/\/blog.bedandbreakfast.eu\/nl\/#\/schema\/person\/bca5a4558134253c198be871c47b3982","name":"Silvia Malatesta","image":{"@type":"ImageObject","inLanguage":"it-IT","@id":"https:\/\/blog.bedandbreakfast.eu\/wp-content\/uploads\/2021\/07\/Silvia-M-300x300.jpg390fd852c60395e932aaa169f21224e9","url":"https:\/\/blog.bedandbreakfast.eu\/wp-content\/uploads\/2021\/07\/Silvia-M-300x300.jpg","contentUrl":"https:\/\/blog.bedandbreakfast.eu\/wp-content\/uploads\/2021\/07\/Silvia-M-300x300.jpg","caption":"Silvia Malatesta"},"description":"Curiosa del mondo, mi sento una turista della quotidianit\u00e0 del luogo in cui vivo: dopo aver abitato a Sidney e in Belgio sono approdata in Olanda, da dove scrivo di viaggi.","url":"https:\/\/blog.bedandbreakfast.eu\/it\/author\/silvia\/"}]}},"jetpack_featured_media_url":"https:\/\/blog.bedandbreakfast.eu\/wp-content\/uploads\/2021\/03\/Header_flower_destinations.jpg","jetpack_shortlink":"https:\/\/wp.me\/p9vhf3-6fu","jetpack_sharing_enabled":true,"_links":{"self":[{"href":"https:\/\/blog.bedandbreakfast.eu\/it\/wp-json\/wp\/v2\/posts\/24024","targetHints":{"allow":["GET"]}}],"collection":[{"href":"https:\/\/blog.bedandbreakfast.eu\/it\/wp-json\/wp\/v2\/posts"}],"about":[{"href":"https:\/\/blog.bedandbreakfast.eu\/it\/wp-json\/wp\/v2\/types\/post"}],"author":[{"embeddable":true,"href":"https:\/\/blog.bedandbreakfast.eu\/it\/wp-json\/wp\/v2\/users\/20"}],"replies":[{"embeddable":true,"href":"https:\/\/blog.bedandbreakfast.eu\/it\/wp-json\/wp\/v2\/comments?post=24024"}],"version-history":[{"count":4,"href":"https:\/\/blog.bedandbreakfast.eu\/it\/wp-json\/wp\/v2\/posts\/24024\/revisions"}],"predecessor-version":[{"id":24028,"href":"https:\/\/blog.bedandbreakfast.eu\/it\/wp-json\/wp\/v2\/posts\/24024\/revisions\/24028"}],"wp:featuredmedia":[{"embeddable":true,"href":"https:\/\/blog.bedandbreakfast.eu\/it\/wp-json\/wp\/v2\/media\/23590"}],"wp:attachment":[{"href":"https:\/\/blog.bedandbreakfast.eu\/it\/wp-json\/wp\/v2\/media?parent=24024"}],"wp:term":[{"taxonomy":"category","embeddable":true,"href":"https:\/\/blog.bedandbreakfast.eu\/it\/wp-json\/wp\/v2\/categories?post=24024"},{"taxonomy":"post_tag","embeddable":true,"href":"https:\/\/blog.bedandbreakfast.eu\/it\/wp-json\/wp\/v2\/tags?post=24024"},{"taxonomy":"author","embeddable":true,"href":"https:\/\/blog.bedandbreakfast.eu\/it\/wp-json\/wp\/v2\/coauthors?post=24024"}],"curies":[{"name":"wp","href":"https:\/\/api.w.org\/{rel}","templated":true}]}}