{"id":19962,"date":"2020-08-14T08:00:12","date_gmt":"2020-08-14T08:00:12","guid":{"rendered":"https:\/\/blog.bedandbreakfast.eu\/?p=19962"},"modified":"2020-08-14T10:57:14","modified_gmt":"2020-08-14T10:57:14","slug":"prenota-una-casa-nel-verde-per-le-tue-vacanze","status":"publish","type":"post","link":"https:\/\/blog.bedandbreakfast.eu\/it\/prenota-una-casa-nel-verde-per-le-tue-vacanze\/","title":{"rendered":"Prenota una casa nel verde per le tue vacanze!"},"content":{"rendered":"<p><a href=\"https:\/\/www.bedandbreakfast.eu\/bed-and-breakfast-it\/fivizzano\/luna-di-quarazzana\/6541012\/\" target=\"_blank\" rel=\"noopener noreferrer\"><img loading=\"lazy\" decoding=\"async\" class=\"alignnone wp-image-19968 size-full\" title=\"Luna di Quarazzana\" src=\"https://blog.bedandbreakfast.eu/wp-content\/uploads\/2020\/08\/BB-Luna-di-Quarazzana.jpg\" alt=\"Bedandbreakfast.eu; Prenota una casa nel verde per le tue vacanze!\" width=\"810\" height=\"450\" srcset=\"https:\/\/blog.bedandbreakfast.eu\/wp-content\/uploads\/2020\/08\/BB-Luna-di-Quarazzana.jpg 810w, https:\/\/blog.bedandbreakfast.eu\/wp-content\/uploads\/2020\/08\/BB-Luna-di-Quarazzana-300x167.jpg 300w, https:\/\/blog.bedandbreakfast.eu\/wp-content\/uploads\/2020\/08\/BB-Luna-di-Quarazzana-768x427.jpg 768w\" sizes=\"auto, (max-width: 810px) 100vw, 810px\" \/><\/a><\/p>\n<h4>Luna di Quarazzana &#8211; Italia<\/h4>\n<p>Circondato da splendidi boschi, questo delizioso alloggio di charme offre ambienti sapientemente ristrutturati, mantenendo la struttura originaria: mura in pietra e materiali di un tempo, con particolare attenzione al comfort degli ospiti. Un soggiorno al B&amp;B Lunigiana Luna di Quarazzana \u00e8 l\u2019ideale per riscoprire il fascino di un antico borgo, con i suoi ritmi lenti e i suoni e profumi della natura. Tutti gli alloggi hanno ingresso indipendente e servizi privati. Prenota subito questo splendido B&amp;B Lunigiana, punto di partenza perfetto per visitare le Alpi Apuane, ma anche le Cinque Terre!<\/p>\n<p><strong><a class=\"mks_button mks_button_medium rounded\" href=\"https:\/\/www.bedandbreakfast.eu\/bed-and-breakfast-it\/fivizzano\/luna-di-quarazzana\/6541012\/\" target=\"_blank\" style=\"color: #FFFFFF; background-color: #e3458c;\" >Luna di Quarazzana<\/a><\/strong><\/p>\n<p><a href=\"https:\/\/www.bedandbreakfast.eu\/bed-and-breakfast-it\/beaumes-de-venise\/le-clos-saint-saourde\/6769180\/\" target=\"_blank\" rel=\"noopener noreferrer\"><img loading=\"lazy\" decoding=\"async\" class=\"alignnone wp-image-19884 size-full\" title=\"Le Clos Saint Saourde\" src=\"https://blog.bedandbreakfast.eu/wp-content\/uploads\/2020\/08\/Blog_week33_FR_LeClosSaint.jpg\" alt=\"\" width=\"810\" height=\"450\" srcset=\"https:\/\/blog.bedandbreakfast.eu\/wp-content\/uploads\/2020\/08\/Blog_week33_FR_LeClosSaint.jpg 810w, https:\/\/blog.bedandbreakfast.eu\/wp-content\/uploads\/2020\/08\/Blog_week33_FR_LeClosSaint-300x167.jpg 300w, https:\/\/blog.bedandbreakfast.eu\/wp-content\/uploads\/2020\/08\/Blog_week33_FR_LeClosSaint-768x427.jpg 768w\" sizes=\"auto, (max-width: 810px) 100vw, 810px\" \/><\/a><\/p>\n<h4>Le Clos Saint Saourde &#8211; Francia<\/h4>\n<p>Trascorri le tue vacanza in questo splendido casale provenzale del 18\u00b0 secolo, circondato da vigneti e con vista mozzafiato sulle montagne. Le Clos Saint Saourde offre 5 camere arredate con stile e una deliziosa casa nel verde con 4 camere da letto. Le camere sono state ricavate da una parete di roccia e sembra di dormire in una grotta. Dopo le tue escursioni per scoprire la Provenza la piscina e l\u2019ombra dei grandi alberi offrono un gradito ristoro.<\/p>\n<p><strong><a class=\"mks_button mks_button_medium rounded\" href=\"https:\/\/www.bedandbreakfast.eu\/bed-and-breakfast-it\/beaumes-de-venise\/le-clos-saint-saourde\/6769180\/\" target=\"_blank\" style=\"color: #FFFFFF; background-color: #e3458c;\" >Le Clos Saint Saourde<\/a><\/strong><\/p>\n<p><a href=\"https:\/\/www.bedandbreakfast.eu\/bed-and-breakfast-it\/gross-dratow\/schmiede1860\/6651903\/\" target=\"_blank\" rel=\"noopener noreferrer\"><img loading=\"lazy\" decoding=\"async\" class=\"alignnone wp-image-19877 size-full\" title=\"Schmiede1860\" src=\"https://blog.bedandbreakfast.eu/wp-content\/uploads\/2020\/08\/Blog_week33_DE_Schmiede.jpg\" alt=\"\" width=\"810\" height=\"450\" srcset=\"https:\/\/blog.bedandbreakfast.eu\/wp-content\/uploads\/2020\/08\/Blog_week33_DE_Schmiede.jpg 810w, https:\/\/blog.bedandbreakfast.eu\/wp-content\/uploads\/2020\/08\/Blog_week33_DE_Schmiede-300x167.jpg 300w, https:\/\/blog.bedandbreakfast.eu\/wp-content\/uploads\/2020\/08\/Blog_week33_DE_Schmiede-768x427.jpg 768w\" sizes=\"auto, (max-width: 810px) 100vw, 810px\" \/><\/a><\/p>\n<h4>schmiede1860 &#8211; Germania<\/h4>\n<p>Ti piacerebbe scoprire un vero e proprio paradiso in Germania? Trascorri una vacanza rilassante in questo splendido casolare recentemente ristrutturato con amore e trasformato in un accogliente B&amp;B. Schmiede1860 colpisce per le 5 camere arredate con stile. Potrete rislazzarvi nel giardino con sedie a sdraio e godere di una fetta di torta nella sala colazione anche nel pomeriggio. La vicinanza al parco nazionale del M\u00fcritz rende questa casa nel verde la scelta perfetta!<\/p>\n<p><strong><a class=\"mks_button mks_button_medium rounded\" href=\"https:\/\/www.bedandbreakfast.eu\/bed-and-breakfast-it\/gross-dratow\/schmiede1860\/6651903\/\" target=\"_blank\" style=\"color: #FFFFFF; background-color: #e3458c;\" >Schmiede1860<\/a><\/strong><\/p>\n<p><a href=\"https:\/\/www.bedandbreakfast.eu\/bed-and-breakfast-it\/lemiers\/domein-holset\/5485434\/\" target=\"_blank\" rel=\"noopener noreferrer\"><img loading=\"lazy\" decoding=\"async\" class=\"alignnone wp-image-19959 size-full\" title=\"Domein Holset\" src=\"https://blog.bedandbreakfast.eu/wp-content\/uploads\/2020\/08\/bed-and-breakfast-europe-aug-20-unieke-bbs-domein-holset.jpg\" alt=\"\" width=\"810\" height=\"450\" srcset=\"https:\/\/blog.bedandbreakfast.eu\/wp-content\/uploads\/2020\/08\/bed-and-breakfast-europe-aug-20-unieke-bbs-domein-holset.jpg 810w, https:\/\/blog.bedandbreakfast.eu\/wp-content\/uploads\/2020\/08\/bed-and-breakfast-europe-aug-20-unieke-bbs-domein-holset-300x167.jpg 300w, https:\/\/blog.bedandbreakfast.eu\/wp-content\/uploads\/2020\/08\/bed-and-breakfast-europe-aug-20-unieke-bbs-domein-holset-768x427.jpg 768w\" sizes=\"auto, (max-width: 810px) 100vw, 810px\" \/><\/a><\/p>\n<h4>Domein Holset &#8211; Paesi Bassi<\/h4>\n<p>Ci sono molte possibilit\u00e0 per soggiornare in una casa nel verde nei Paesi Bassi, specialmente nella provincia del Limburgo, apprezzata da ciclisti ed escursionisti. Scegli Domein Holset per trascorrere una vacanza in posizione idilliaca tra i vigneti e le colline del Limburgo. Qui potrai coccolarti con una ricca colazione, un tour nel vigneto o una degustazione di vini. Prenota subito uno dei bellissimi alloggi!<\/p>\n<p><strong><a class=\"mks_button mks_button_medium rounded\" href=\"https:\/\/www.bedandbreakfast.eu\/bed-and-breakfast-it\/lemiers\/domein-holset\/5485434\/\" target=\"_blank\" style=\"color: #FFFFFF; background-color: #e3458c;\" >Domein Holset<\/a><\/strong><\/p>\n<p><a href=\"https:\/\/www.bedandbreakfast.eu\/bed-and-breakfast-it\/lliber\/finca-lliber\/6633374\/\" target=\"_blank\" rel=\"noopener noreferrer\"><img loading=\"lazy\" decoding=\"async\" class=\"alignnone wp-image-19900 size-full\" title=\"Finca Lliber\" src=\"https://blog.bedandbreakfast.eu/wp-content\/uploads\/2020\/08\/BB_FInca_Lliber.jpg\" alt=\"\" width=\"810\" height=\"450\" srcset=\"https:\/\/blog.bedandbreakfast.eu\/wp-content\/uploads\/2020\/08\/BB_FInca_Lliber.jpg 810w, https:\/\/blog.bedandbreakfast.eu\/wp-content\/uploads\/2020\/08\/BB_FInca_Lliber-300x167.jpg 300w, https:\/\/blog.bedandbreakfast.eu\/wp-content\/uploads\/2020\/08\/BB_FInca_Lliber-768x427.jpg 768w\" sizes=\"auto, (max-width: 810px) 100vw, 810px\" \/><\/a><\/p>\n<h4>Finca Lliber &#8211; Spagna<\/h4>\n<p>Uno dei modi migliori per staccare la spina \u00e8 soggiornare in una casa nel verde, e B&amp;B Finca Lliber \u00e8 il luogo ideale per questo. Situata in cima ad una montagna tra le citt\u00e0 di Ll\u00edber e Xal\u00f3, questa villa che si affaccia su una valle di vigneti \u00e8 perfetta per godere del silenzio, ed \u00e8 anche il punto di partenza ideale per escursioni a piedi, in bicicletta o per giocare a golf.<\/p>\n<p><strong><a class=\"mks_button mks_button_medium rounded\" href=\"https:\/\/www.bedandbreakfast.eu\/bed-and-breakfast-it\/lliber\/finca-lliber\/6633374\/\" target=\"_blank\" style=\"color: #FFFFFF; background-color: #e3458c;\" >Finca Lliber<\/a><\/strong><\/p>\n<p><a href=\"https:\/\/www.bedandbreakfast.eu\/bed-and-breakfast-it\/sway\/stud-farm-shepherds-hut\/6011509\/\" target=\"_blank\" rel=\"noopener noreferrer\"><img loading=\"lazy\" decoding=\"async\" class=\"alignnone wp-image-19906 size-full\" title=\"Stud Farm Shepherds Hut\" src=\"https://blog.bedandbreakfast.eu/wp-content\/uploads\/2020\/08\/BB_Stud_Farm_Shepherds_Hut.jpg\" alt=\"\" width=\"810\" height=\"450\" srcset=\"https:\/\/blog.bedandbreakfast.eu\/wp-content\/uploads\/2020\/08\/BB_Stud_Farm_Shepherds_Hut.jpg 810w, https:\/\/blog.bedandbreakfast.eu\/wp-content\/uploads\/2020\/08\/BB_Stud_Farm_Shepherds_Hut-300x167.jpg 300w, https:\/\/blog.bedandbreakfast.eu\/wp-content\/uploads\/2020\/08\/BB_Stud_Farm_Shepherds_Hut-768x427.jpg 768w\" sizes=\"auto, (max-width: 810px) 100vw, 810px\" \/><\/a><\/p>\n<h4>Stud Farm Shepherds Hut &#8211; Regno Unito<\/h4>\n<p>Stai cercando una casa nel verde dove passare la notte in Inghilterra? Lasciati sorprendere da Stud Farm Shepherds Hut. Questo esclusivo B&amp;B \u00e8 ospitato in un affascinante carovana zingara completamente attrezzata, con un angolo cottura e un bagno privato. Dalla terrazza si ha una splendida vista sul New Forest National Park. Inoltre, c&#8217;\u00e8 anche una vasca idromassaggio: perfetta dopo una passeggiata nella natura.<\/p>\n<p><strong><a class=\"mks_button mks_button_medium rounded\" href=\"https:\/\/www.bedandbreakfast.eu\/bed-and-breakfast-it\/sway\/stud-farm-shepherds-hut\/6011509\/\" target=\"_blank\" style=\"color: #FFFFFF; background-color: #e3458c;\" >Stud Farm Shepherds Hut<\/a><\/strong><\/p>\n<p><strong>Condividi questo articolo:<\/strong><\/p>\n","protected":false},"excerpt":{"rendered":"<p>Soggiornare in una casa nel verde \u00e8 diventato molto di moda! Ecco perch\u00e8 abbiamo selezionato per te 6 B&#038;B Unici in 6 diversi paesi. Scegli la tua meta ideale e goditi una meravigliosa vacanza nella natura!<\/p>\n","protected":false},"author":20,"featured_media":19978,"comment_status":"open","ping_status":"open","sticky":false,"template":"","format":"standard","meta":{"_monsterinsights_skip_tracking":false,"_monsterinsights_sitenote_active":false,"_monsterinsights_sitenote_note":"","_monsterinsights_sitenote_category":0,"_jetpack_newsletter_access":"","_jetpack_dont_email_post_to_subs":false,"_jetpack_newsletter_tier_id":0,"_jetpack_memberships_contains_paywalled_content":false,"_jetpack_memberships_contains_paid_content":false,"footnotes":""},"categories":[3566],"tags":[2157,5237,4720,5545,5608,5610,5609,4664,2158,662,5607],"coauthors":[3716],"class_list":["post-19962","post","type-post","status-publish","format-standard","has-post-thumbnail","hentry","category-bb-unici-it","tag-bb-it","tag-bb-francia-it","tag-bb-germania","tag-bb-italia-it","tag-bb-lunigiana","tag-bb-pasei-bassi","tag-bb-regno-unito","tag-bb-spagna","tag-bed-breakfast-it","tag-bed-and-breakfast-it","tag-casa-nel-verde"],"yoast_head":"<!-- This site is optimized with the Yoast SEO plugin v27.4 - https:\/\/yoast.com\/product\/yoast-seo-wordpress\/ -->\n<title>Prenota una casa nel verde per le tue vacanze! | Bedandbreakfast.eu<\/title>\n<meta name=\"description\" content=\"Soggiornare in una casa nel verde \u00e8 diventato molto di moda! Ecco perch\u00e8 abbiamo selezionato per te 6 B&amp;B Unici in 6 diversi paesi. Scegli la tua meta ideale e goditi una meravigliosa vacanza nella natura!\" \/>\n<meta name=\"robots\" content=\"index, follow, max-snippet:-1, max-image-preview:large, max-video-preview:-1\" \/>\n<link rel=\"canonical\" href=\"https:\/\/blog.bedandbreakfast.eu\/it\/prenota-una-casa-nel-verde-per-le-tue-vacanze\/\" \/>\n<meta property=\"og:locale\" content=\"it_IT\" \/>\n<meta property=\"og:type\" content=\"article\" \/>\n<meta property=\"og:title\" content=\"Prenota una casa nel verde per le tue vacanze! | Bedandbreakfast.eu\" \/>\n<meta property=\"og:description\" content=\"Soggiornare in una casa nel verde \u00e8 diventato molto di moda! Ecco perch\u00e8 abbiamo selezionato per te 6 B&amp;B Unici in 6 diversi paesi. Scegli la tua meta ideale e goditi una meravigliosa vacanza nella natura!\" \/>\n<meta property=\"og:url\" content=\"https:\/\/blog.bedandbreakfast.eu\/it\/prenota-una-casa-nel-verde-per-le-tue-vacanze\/\" \/>\n<meta property=\"og:site_name\" content=\"Bed and Breakfast &amp; Agriturismo Blog | Bedandbreakfast.eu\" \/>\n<meta property=\"article:published_time\" content=\"2020-08-14T08:00:12+00:00\" \/>\n<meta property=\"article:modified_time\" content=\"2020-08-14T10:57:14+00:00\" \/>\n<meta property=\"og:image\" content=\"https:\/\/blog.bedandbreakfast.eu\/wp-content\/uploads\/2020\/08\/BB_Luna_di_Quarazzana.jpg\" \/>\n\t<meta property=\"og:image:width\" content=\"1140\" \/>\n\t<meta property=\"og:image:height\" content=\"453\" \/>\n\t<meta property=\"og:image:type\" content=\"image\/jpeg\" \/>\n<meta name=\"author\" content=\"Silvia Malatesta\" \/>\n<meta name=\"twitter:card\" content=\"summary_large_image\" \/>\n<meta name=\"twitter:label1\" content=\"Scritto da\" \/>\n\t<meta name=\"twitter:data1\" content=\"Silvia Malatesta\" \/>\n\t<meta name=\"twitter:label2\" content=\"Tempo di lettura stimato\" \/>\n\t<meta name=\"twitter:data2\" content=\"3 minuti\" \/>\n<script type=\"application\/ld+json\" class=\"yoast-schema-graph\">{\"@context\":\"https:\\\/\\\/schema.org\",\"@graph\":[{\"@type\":\"Article\",\"@id\":\"https:\\\/\\\/blog.bedandbreakfast.eu\\\/it\\\/prenota-una-casa-nel-verde-per-le-tue-vacanze\\\/#article\",\"isPartOf\":{\"@id\":\"https:\\\/\\\/blog.bedandbreakfast.eu\\\/it\\\/prenota-una-casa-nel-verde-per-le-tue-vacanze\\\/\"},\"author\":{\"name\":\"Silvia Malatesta\",\"@id\":\"https:\\\/\\\/blog.bedandbreakfast.eu\\\/nl\\\/#\\\/schema\\\/person\\\/bca5a4558134253c198be871c47b3982\"},\"headline\":\"Prenota una casa nel verde per le tue vacanze!\",\"datePublished\":\"2020-08-14T08:00:12+00:00\",\"dateModified\":\"2020-08-14T10:57:14+00:00\",\"mainEntityOfPage\":{\"@id\":\"https:\\\/\\\/blog.bedandbreakfast.eu\\\/it\\\/prenota-una-casa-nel-verde-per-le-tue-vacanze\\\/\"},\"wordCount\":666,\"commentCount\":0,\"image\":{\"@id\":\"https:\\\/\\\/blog.bedandbreakfast.eu\\\/it\\\/prenota-una-casa-nel-verde-per-le-tue-vacanze\\\/#primaryimage\"},\"thumbnailUrl\":\"https:\\\/\\\/blog.bedandbreakfast.eu\\\/wp-content\\\/uploads\\\/2020\\\/08\\\/BB_Luna_di_Quarazzana.jpg\",\"keywords\":[\"B&amp;B\",\"B&amp;B Francia\",\"B&amp;B Germania\",\"B&amp;B Italia\",\"B&amp;B Lunigiana\",\"B&amp;B Pasei Bassi\",\"B&amp;B Regno Unito\",\"B&amp;B Spagna\",\"bed &amp; breakfast\",\"bed and breakfast\",\"casa nel verde\"],\"articleSection\":[\"B&amp;B Unici\"],\"inLanguage\":\"it-IT\",\"potentialAction\":[{\"@type\":\"CommentAction\",\"name\":\"Comment\",\"target\":[\"https:\\\/\\\/blog.bedandbreakfast.eu\\\/it\\\/prenota-una-casa-nel-verde-per-le-tue-vacanze\\\/#respond\"]}]},{\"@type\":\"WebPage\",\"@id\":\"https:\\\/\\\/blog.bedandbreakfast.eu\\\/it\\\/prenota-una-casa-nel-verde-per-le-tue-vacanze\\\/\",\"url\":\"https:\\\/\\\/blog.bedandbreakfast.eu\\\/it\\\/prenota-una-casa-nel-verde-per-le-tue-vacanze\\\/\",\"name\":\"Prenota una casa nel verde per le tue vacanze! | Bedandbreakfast.eu\",\"isPartOf\":{\"@id\":\"https:\\\/\\\/blog.bedandbreakfast.eu\\\/nl\\\/#website\"},\"primaryImageOfPage\":{\"@id\":\"https:\\\/\\\/blog.bedandbreakfast.eu\\\/it\\\/prenota-una-casa-nel-verde-per-le-tue-vacanze\\\/#primaryimage\"},\"image\":{\"@id\":\"https:\\\/\\\/blog.bedandbreakfast.eu\\\/it\\\/prenota-una-casa-nel-verde-per-le-tue-vacanze\\\/#primaryimage\"},\"thumbnailUrl\":\"https:\\\/\\\/blog.bedandbreakfast.eu\\\/wp-content\\\/uploads\\\/2020\\\/08\\\/BB_Luna_di_Quarazzana.jpg\",\"datePublished\":\"2020-08-14T08:00:12+00:00\",\"dateModified\":\"2020-08-14T10:57:14+00:00\",\"author\":{\"@id\":\"https:\\\/\\\/blog.bedandbreakfast.eu\\\/nl\\\/#\\\/schema\\\/person\\\/bca5a4558134253c198be871c47b3982\"},\"description\":\"Soggiornare in una casa nel verde \u00e8 diventato molto di moda! Ecco perch\u00e8 abbiamo selezionato per te 6 B&B Unici in 6 diversi paesi. Scegli la tua meta ideale e goditi una meravigliosa vacanza nella natura!\",\"breadcrumb\":{\"@id\":\"https:\\\/\\\/blog.bedandbreakfast.eu\\\/it\\\/prenota-una-casa-nel-verde-per-le-tue-vacanze\\\/#breadcrumb\"},\"inLanguage\":\"it-IT\",\"potentialAction\":[{\"@type\":\"ReadAction\",\"target\":[\"https:\\\/\\\/blog.bedandbreakfast.eu\\\/it\\\/prenota-una-casa-nel-verde-per-le-tue-vacanze\\\/\"]}]},{\"@type\":\"ImageObject\",\"inLanguage\":\"it-IT\",\"@id\":\"https:\\\/\\\/blog.bedandbreakfast.eu\\\/it\\\/prenota-una-casa-nel-verde-per-le-tue-vacanze\\\/#primaryimage\",\"url\":\"https:\\\/\\\/blog.bedandbreakfast.eu\\\/wp-content\\\/uploads\\\/2020\\\/08\\\/BB_Luna_di_Quarazzana.jpg\",\"contentUrl\":\"https:\\\/\\\/blog.bedandbreakfast.eu\\\/wp-content\\\/uploads\\\/2020\\\/08\\\/BB_Luna_di_Quarazzana.jpg\",\"width\":1140,\"height\":453},{\"@type\":\"BreadcrumbList\",\"@id\":\"https:\\\/\\\/blog.bedandbreakfast.eu\\\/it\\\/prenota-una-casa-nel-verde-per-le-tue-vacanze\\\/#breadcrumb\",\"itemListElement\":[{\"@type\":\"ListItem\",\"position\":1,\"name\":\"Home\",\"item\":\"https:\\\/\\\/blog.bedandbreakfast.eu\\\/it\\\/\"},{\"@type\":\"ListItem\",\"position\":2,\"name\":\"Prenota una casa nel verde per le tue vacanze!\"}]},{\"@type\":\"WebSite\",\"@id\":\"https:\\\/\\\/blog.bedandbreakfast.eu\\\/nl\\\/#website\",\"url\":\"https:\\\/\\\/blog.bedandbreakfast.eu\\\/nl\\\/\",\"name\":\"Bed and Breakfast &amp; Agriturismo Blog | Bedandbreakfast.eu\",\"description\":\"Blog su bed e breakfast particolari, gestito da Bedandbreakfast.eu. Nuova ispirazione per soggiorni e gite nelle destinazioni B&amp;B pi\u00f9 belle del mondo!\",\"potentialAction\":[{\"@type\":\"SearchAction\",\"target\":{\"@type\":\"EntryPoint\",\"urlTemplate\":\"https:\\\/\\\/blog.bedandbreakfast.eu\\\/nl\\\/?s={search_term_string}\"},\"query-input\":{\"@type\":\"PropertyValueSpecification\",\"valueRequired\":true,\"valueName\":\"search_term_string\"}}],\"inLanguage\":\"it-IT\"},{\"@type\":\"Person\",\"@id\":\"https:\\\/\\\/blog.bedandbreakfast.eu\\\/nl\\\/#\\\/schema\\\/person\\\/bca5a4558134253c198be871c47b3982\",\"name\":\"Silvia Malatesta\",\"image\":{\"@type\":\"ImageObject\",\"inLanguage\":\"it-IT\",\"@id\":\"https:\\\/\\\/blog.bedandbreakfast.eu\\\/wp-content\\\/uploads\\\/2021\\\/07\\\/Silvia-M-300x300.jpg390fd852c60395e932aaa169f21224e9\",\"url\":\"https:\\\/\\\/blog.bedandbreakfast.eu\\\/wp-content\\\/uploads\\\/2021\\\/07\\\/Silvia-M-300x300.jpg\",\"contentUrl\":\"https:\\\/\\\/blog.bedandbreakfast.eu\\\/wp-content\\\/uploads\\\/2021\\\/07\\\/Silvia-M-300x300.jpg\",\"caption\":\"Silvia Malatesta\"},\"description\":\"Curiosa del mondo, mi sento una turista della quotidianit\u00e0 del luogo in cui vivo: dopo aver abitato a Sidney e in Belgio sono approdata in Olanda, da dove scrivo di viaggi.\",\"url\":\"https:\\\/\\\/blog.bedandbreakfast.eu\\\/it\\\/author\\\/silvia\\\/\"}]}<\/script>\n<!-- \/ Yoast SEO plugin. -->","yoast_head_json":{"title":"Prenota una casa nel verde per le tue vacanze! | Bedandbreakfast.eu","description":"Soggiornare in una casa nel verde \u00e8 diventato molto di moda! Ecco perch\u00e8 abbiamo selezionato per te 6 B&B Unici in 6 diversi paesi. Scegli la tua meta ideale e goditi una meravigliosa vacanza nella natura!","robots":{"index":"index","follow":"follow","max-snippet":"max-snippet:-1","max-image-preview":"max-image-preview:large","max-video-preview":"max-video-preview:-1"},"canonical":"https:\/\/blog.bedandbreakfast.eu\/it\/prenota-una-casa-nel-verde-per-le-tue-vacanze\/","og_locale":"it_IT","og_type":"article","og_title":"Prenota una casa nel verde per le tue vacanze! | Bedandbreakfast.eu","og_description":"Soggiornare in una casa nel verde \u00e8 diventato molto di moda! Ecco perch\u00e8 abbiamo selezionato per te 6 B&B Unici in 6 diversi paesi. Scegli la tua meta ideale e goditi una meravigliosa vacanza nella natura!","og_url":"https:\/\/blog.bedandbreakfast.eu\/it\/prenota-una-casa-nel-verde-per-le-tue-vacanze\/","og_site_name":"Bed and Breakfast &amp; Agriturismo Blog | Bedandbreakfast.eu","article_published_time":"2020-08-14T08:00:12+00:00","article_modified_time":"2020-08-14T10:57:14+00:00","og_image":[{"width":1140,"height":453,"url":"https:\/\/blog.bedandbreakfast.eu\/wp-content\/uploads\/2020\/08\/BB_Luna_di_Quarazzana.jpg","type":"image\/jpeg"}],"author":"Silvia Malatesta","twitter_card":"summary_large_image","twitter_misc":{"Scritto da":"Silvia Malatesta","Tempo di lettura stimato":"3 minuti"},"schema":{"@context":"https:\/\/schema.org","@graph":[{"@type":"Article","@id":"https:\/\/blog.bedandbreakfast.eu\/it\/prenota-una-casa-nel-verde-per-le-tue-vacanze\/#article","isPartOf":{"@id":"https:\/\/blog.bedandbreakfast.eu\/it\/prenota-una-casa-nel-verde-per-le-tue-vacanze\/"},"author":{"name":"Silvia Malatesta","@id":"https:\/\/blog.bedandbreakfast.eu\/nl\/#\/schema\/person\/bca5a4558134253c198be871c47b3982"},"headline":"Prenota una casa nel verde per le tue vacanze!","datePublished":"2020-08-14T08:00:12+00:00","dateModified":"2020-08-14T10:57:14+00:00","mainEntityOfPage":{"@id":"https:\/\/blog.bedandbreakfast.eu\/it\/prenota-una-casa-nel-verde-per-le-tue-vacanze\/"},"wordCount":666,"commentCount":0,"image":{"@id":"https:\/\/blog.bedandbreakfast.eu\/it\/prenota-una-casa-nel-verde-per-le-tue-vacanze\/#primaryimage"},"thumbnailUrl":"https:\/\/blog.bedandbreakfast.eu\/wp-content\/uploads\/2020\/08\/BB_Luna_di_Quarazzana.jpg","keywords":["B&amp;B","B&amp;B Francia","B&amp;B Germania","B&amp;B Italia","B&amp;B Lunigiana","B&amp;B Pasei Bassi","B&amp;B Regno Unito","B&amp;B Spagna","bed &amp; breakfast","bed and breakfast","casa nel verde"],"articleSection":["B&amp;B Unici"],"inLanguage":"it-IT","potentialAction":[{"@type":"CommentAction","name":"Comment","target":["https:\/\/blog.bedandbreakfast.eu\/it\/prenota-una-casa-nel-verde-per-le-tue-vacanze\/#respond"]}]},{"@type":"WebPage","@id":"https:\/\/blog.bedandbreakfast.eu\/it\/prenota-una-casa-nel-verde-per-le-tue-vacanze\/","url":"https:\/\/blog.bedandbreakfast.eu\/it\/prenota-una-casa-nel-verde-per-le-tue-vacanze\/","name":"Prenota una casa nel verde per le tue vacanze! | Bedandbreakfast.eu","isPartOf":{"@id":"https:\/\/blog.bedandbreakfast.eu\/nl\/#website"},"primaryImageOfPage":{"@id":"https:\/\/blog.bedandbreakfast.eu\/it\/prenota-una-casa-nel-verde-per-le-tue-vacanze\/#primaryimage"},"image":{"@id":"https:\/\/blog.bedandbreakfast.eu\/it\/prenota-una-casa-nel-verde-per-le-tue-vacanze\/#primaryimage"},"thumbnailUrl":"https:\/\/blog.bedandbreakfast.eu\/wp-content\/uploads\/2020\/08\/BB_Luna_di_Quarazzana.jpg","datePublished":"2020-08-14T08:00:12+00:00","dateModified":"2020-08-14T10:57:14+00:00","author":{"@id":"https:\/\/blog.bedandbreakfast.eu\/nl\/#\/schema\/person\/bca5a4558134253c198be871c47b3982"},"description":"Soggiornare in una casa nel verde \u00e8 diventato molto di moda! Ecco perch\u00e8 abbiamo selezionato per te 6 B&B Unici in 6 diversi paesi. Scegli la tua meta ideale e goditi una meravigliosa vacanza nella natura!","breadcrumb":{"@id":"https:\/\/blog.bedandbreakfast.eu\/it\/prenota-una-casa-nel-verde-per-le-tue-vacanze\/#breadcrumb"},"inLanguage":"it-IT","potentialAction":[{"@type":"ReadAction","target":["https:\/\/blog.bedandbreakfast.eu\/it\/prenota-una-casa-nel-verde-per-le-tue-vacanze\/"]}]},{"@type":"ImageObject","inLanguage":"it-IT","@id":"https:\/\/blog.bedandbreakfast.eu\/it\/prenota-una-casa-nel-verde-per-le-tue-vacanze\/#primaryimage","url":"https:\/\/blog.bedandbreakfast.eu\/wp-content\/uploads\/2020\/08\/BB_Luna_di_Quarazzana.jpg","contentUrl":"https:\/\/blog.bedandbreakfast.eu\/wp-content\/uploads\/2020\/08\/BB_Luna_di_Quarazzana.jpg","width":1140,"height":453},{"@type":"BreadcrumbList","@id":"https:\/\/blog.bedandbreakfast.eu\/it\/prenota-una-casa-nel-verde-per-le-tue-vacanze\/#breadcrumb","itemListElement":[{"@type":"ListItem","position":1,"name":"Home","item":"https:\/\/blog.bedandbreakfast.eu\/it\/"},{"@type":"ListItem","position":2,"name":"Prenota una casa nel verde per le tue vacanze!"}]},{"@type":"WebSite","@id":"https:\/\/blog.bedandbreakfast.eu\/nl\/#website","url":"https:\/\/blog.bedandbreakfast.eu\/nl\/","name":"Bed and Breakfast &amp; Agriturismo Blog | Bedandbreakfast.eu","description":"Blog su bed e breakfast particolari, gestito da Bedandbreakfast.eu. Nuova ispirazione per soggiorni e gite nelle destinazioni B&amp;B pi\u00f9 belle del mondo!","potentialAction":[{"@type":"SearchAction","target":{"@type":"EntryPoint","urlTemplate":"https:\/\/blog.bedandbreakfast.eu\/nl\/?s={search_term_string}"},"query-input":{"@type":"PropertyValueSpecification","valueRequired":true,"valueName":"search_term_string"}}],"inLanguage":"it-IT"},{"@type":"Person","@id":"https:\/\/blog.bedandbreakfast.eu\/nl\/#\/schema\/person\/bca5a4558134253c198be871c47b3982","name":"Silvia Malatesta","image":{"@type":"ImageObject","inLanguage":"it-IT","@id":"https:\/\/blog.bedandbreakfast.eu\/wp-content\/uploads\/2021\/07\/Silvia-M-300x300.jpg390fd852c60395e932aaa169f21224e9","url":"https:\/\/blog.bedandbreakfast.eu\/wp-content\/uploads\/2021\/07\/Silvia-M-300x300.jpg","contentUrl":"https:\/\/blog.bedandbreakfast.eu\/wp-content\/uploads\/2021\/07\/Silvia-M-300x300.jpg","caption":"Silvia Malatesta"},"description":"Curiosa del mondo, mi sento una turista della quotidianit\u00e0 del luogo in cui vivo: dopo aver abitato a Sidney e in Belgio sono approdata in Olanda, da dove scrivo di viaggi.","url":"https:\/\/blog.bedandbreakfast.eu\/it\/author\/silvia\/"}]}},"jetpack_featured_media_url":"https:\/\/blog.bedandbreakfast.eu\/wp-content\/uploads\/2020\/08\/BB_Luna_di_Quarazzana.jpg","jetpack_shortlink":"https:\/\/wp.me\/p9vhf3-5bY","jetpack_sharing_enabled":true,"_links":{"self":[{"href":"https:\/\/blog.bedandbreakfast.eu\/it\/wp-json\/wp\/v2\/posts\/19962","targetHints":{"allow":["GET"]}}],"collection":[{"href":"https:\/\/blog.bedandbreakfast.eu\/it\/wp-json\/wp\/v2\/posts"}],"about":[{"href":"https:\/\/blog.bedandbreakfast.eu\/it\/wp-json\/wp\/v2\/types\/post"}],"author":[{"embeddable":true,"href":"https:\/\/blog.bedandbreakfast.eu\/it\/wp-json\/wp\/v2\/users\/20"}],"replies":[{"embeddable":true,"href":"https:\/\/blog.bedandbreakfast.eu\/it\/wp-json\/wp\/v2\/comments?post=19962"}],"version-history":[{"count":11,"href":"https:\/\/blog.bedandbreakfast.eu\/it\/wp-json\/wp\/v2\/posts\/19962\/revisions"}],"predecessor-version":[{"id":20003,"href":"https:\/\/blog.bedandbreakfast.eu\/it\/wp-json\/wp\/v2\/posts\/19962\/revisions\/20003"}],"wp:featuredmedia":[{"embeddable":true,"href":"https:\/\/blog.bedandbreakfast.eu\/it\/wp-json\/wp\/v2\/media\/19978"}],"wp:attachment":[{"href":"https:\/\/blog.bedandbreakfast.eu\/it\/wp-json\/wp\/v2\/media?parent=19962"}],"wp:term":[{"taxonomy":"category","embeddable":true,"href":"https:\/\/blog.bedandbreakfast.eu\/it\/wp-json\/wp\/v2\/categories?post=19962"},{"taxonomy":"post_tag","embeddable":true,"href":"https:\/\/blog.bedandbreakfast.eu\/it\/wp-json\/wp\/v2\/tags?post=19962"},{"taxonomy":"author","embeddable":true,"href":"https:\/\/blog.bedandbreakfast.eu\/it\/wp-json\/wp\/v2\/coauthors?post=19962"}],"curies":[{"name":"wp","href":"https:\/\/api.w.org\/{rel}","templated":true}]}}