{"id":7683,"date":"2015-11-19T10:37:55","date_gmt":"2015-11-19T10:37:55","guid":{"rendered":"https:\/\/blog.bedandbreakfast.eu\/innkeepers\/2015\/11\/19\/pictures-of-your-bed-and-breakfast-in-christmas-atmosphere-2-2\/"},"modified":"2018-01-02T10:27:59","modified_gmt":"2018-01-02T10:27:59","slug":"pictures-of-your-bed-and-breakfast-in-christmas-atmosphere-2","status":"publish","type":"post","link":"https:\/\/blog.bedandbreakfast.eu\/innkeepers\/it\/pictures-of-your-bed-and-breakfast-in-christmas-atmosphere-2\/","title":{"rendered":"Foto di B&amp;B in atmosfera natalizia"},"content":{"rendered":"<p>Nei bui giorni di dicembre, i B&amp;B pi\u00f9 accoglienti e meglio illuminati sono i pi\u00f9 popolari su Bedandbreakfast.eu. Eppure, abbiamo notato che solo pochi proprietari di B&amp;B inseriscono foto natalizie del loro bed and breakfast. Si tratta di una buona occasione per distinguersi.<\/p>\n<p>Date un&#8217;occhiata alle vostre foto di altri anni, magari trovate una bella foto di Natale. Oppure tirate fuori la vostra scatola con gli addobbi natalizi, decorate il vostro bed and breakfast come se fosse gi\u00e0 Natale e scattate delle bellissime foto! La cosa migliore \u00e8 inserire le foto a partire da dicembre. Dopo Capodanno toglietele, perch\u00e9 si passa a un altro periodo dell&#8217;anno.<\/p>\n<div id=\"attachment_7235\" style=\"width: 600px\" class=\"wp-caption alignnone\"><a href=\"https:\/\/www.bedandbreakfast.eu\/bed-and-breakfast-it\/edam\/the-garden-of-edam\/157103\/\"><img loading=\"lazy\" decoding=\"async\" aria-describedby=\"caption-attachment-7235\" class=\"wp-image-7235 size-full\" title=\"B&amp;B The Garden of Edam\" src=\"https://blog.bedandbreakfast.eu/innkeepers\/wp-content\/uploads\/2015\/11\/garden_edam3.jpg\" alt=\"Bed &amp; Breakfast foto natalizie\" width=\"590\" height=\"435\" srcset=\"https:\/\/blog.bedandbreakfast.eu\/innkeepers\/wp-content\/uploads\/2015\/11\/garden_edam3.jpg 590w, https:\/\/blog.bedandbreakfast.eu\/innkeepers\/wp-content\/uploads\/2015\/11\/garden_edam3-300x221.jpg 300w\" sizes=\"auto, (max-width: 590px) 100vw, 590px\" \/><\/a><p id=\"caption-attachment-7235\" class=\"wp-caption-text\">Pochi B&amp;B inseriscono foto natalizie, \u00e8 un ottimo modo per distinguersi.<\/p><\/div>\n<p><strong>Il vostro B&amp;B su Facebook<\/strong><br \/>\nSe avete una bella foto natalizia del vostro bed and breakfast, indicatelo nello spazio qui sotto. Magari promuoveremo il vostro bed &amp; breakfast nel mese di dicembre sulla nostra <a href=\"https:\/\/www.facebook.com\/BedandbreakfastEU\/?ref=hl\">pagina Facebook<\/a>.<\/p>\n<p><strong>Aggiungere e cambiare foto<\/strong><br \/>\nLe foto si aggiungono facilmente nel <a href=\"https:\/\/my.bedandbreakfast.eu\/ownerservice\/pictures\">servizio per proprietari<\/a>. Nella vostra biblioteca fotografica potete salvare decine di foto. Trascinate le foto dalla vostra biblioteca alle foto della panoramica e delle camere. Tutte le vostre foto restano conservate nella biblioteca, da dove potrete sempre pubblicarle di nuovo. In questo modo \u00e8 facile cambiare le foto a seconda della stagione!<\/p>\n","protected":false},"excerpt":{"rendered":"<p>Nei bui giorni di dicembre, i B&amp;B pi\u00f9 accoglienti e meglio illuminati sono i pi\u00f9 popolari su Bedandbreakfast.eu. Eppure, abbiamo notato che solo pochi proprietari di B&amp;B inseriscono foto natalizie del loro bed and breakfast. Si tratta di una buona occasione per distinguersi. Date un&#8217;occhiata alle vostre foto di altri anni, magari trovate una bella [&hellip;]<\/p>\n","protected":false},"author":2,"featured_media":9247,"comment_status":"open","ping_status":"open","sticky":false,"template":"","format":"standard","meta":{"_monsterinsights_skip_tracking":false,"_monsterinsights_sitenote_active":false,"_monsterinsights_sitenote_note":"","_monsterinsights_sitenote_category":0,"jetpack_post_was_ever_published":false,"_jetpack_newsletter_access":"","_jetpack_dont_email_post_to_subs":true,"_jetpack_newsletter_tier_id":0,"_jetpack_memberships_contains_paywalled_content":false,"_jetpack_memberships_contains_paid_content":false,"footnotes":"","jetpack_publicize_message":"","jetpack_publicize_feature_enabled":true,"jetpack_social_post_already_shared":true,"jetpack_social_options":{"image_generator_settings":{"template":"highway","default_image_id":0,"font":"","enabled":false},"version":2}},"categories":[3087,331],"tags":[1651,471,2733,801,2830,2735],"coauthors":[3033],"class_list":["post-7683","post","type-post","status-publish","format-standard","has-post-thumbnail","hentry","category-account-gestore","category-promozione-e-marketing","tag-bb-it","tag-bed-and-breakfast-it","tag-bed-e-breakfast","tag-foto-it","tag-natalizia","tag-promozione"],"yoast_head":"<!-- This site is optimized with the Yoast SEO plugin v27.5 - https:\/\/yoast.com\/product\/yoast-seo-wordpress\/ -->\n<title>Foto di B&amp;B in atmosfera natalizia - Bed and Breakfast Proprietari Blog | Bedandbreakfast.eu<\/title>\n<meta name=\"robots\" content=\"index, follow, max-snippet:-1, max-image-preview:large, max-video-preview:-1\" \/>\n<link rel=\"canonical\" href=\"https:\/\/blog.bedandbreakfast.eu\/innkeepers\/it\/pictures-of-your-bed-and-breakfast-in-christmas-atmosphere-2\/\" \/>\n<meta property=\"og:locale\" content=\"it_IT\" \/>\n<meta property=\"og:type\" content=\"article\" \/>\n<meta property=\"og:title\" content=\"Foto di B&amp;B in atmosfera natalizia - Bed and Breakfast Proprietari Blog | Bedandbreakfast.eu\" \/>\n<meta property=\"og:description\" content=\"Nei bui giorni di dicembre, i B&amp;B pi\u00f9 accoglienti e meglio illuminati sono i pi\u00f9 popolari su Bedandbreakfast.eu. Eppure, abbiamo notato che solo pochi proprietari di B&amp;B inseriscono foto natalizie del loro bed and breakfast. Si tratta di una buona occasione per distinguersi. Date un&#8217;occhiata alle vostre foto di altri anni, magari trovate una bella [&hellip;]\" \/>\n<meta property=\"og:url\" content=\"https:\/\/blog.bedandbreakfast.eu\/innkeepers\/it\/pictures-of-your-bed-and-breakfast-in-christmas-atmosphere-2\/\" \/>\n<meta property=\"og:site_name\" content=\"Bed and Breakfast Proprietari Blog | Bedandbreakfast.eu\" \/>\n<meta property=\"article:published_time\" content=\"2015-11-19T10:37:55+00:00\" \/>\n<meta property=\"article:modified_time\" content=\"2018-01-02T10:27:59+00:00\" \/>\n<meta property=\"og:image\" content=\"https:\/\/blog.bedandbreakfast.eu\/innkeepers\/wp-content\/uploads\/2015\/11\/bedandbreakfast-europe-innkeepers-picturers-christmas.png\" \/>\n\t<meta property=\"og:image:width\" content=\"1140\" \/>\n\t<meta property=\"og:image:height\" content=\"453\" \/>\n\t<meta property=\"og:image:type\" content=\"image\/png\" \/>\n<meta name=\"author\" content=\"Janneke Scheepers\" \/>\n<meta name=\"twitter:card\" content=\"summary_large_image\" \/>\n<meta name=\"twitter:label1\" content=\"Scritto da\" \/>\n\t<meta name=\"twitter:data1\" content=\"Janneke Scheepers\" \/>\n\t<meta name=\"twitter:label2\" content=\"Tempo di lettura stimato\" \/>\n\t<meta name=\"twitter:data2\" content=\"1 minuto\" \/>\n<script type=\"application\/ld+json\" class=\"yoast-schema-graph\">{\"@context\":\"https:\\\/\\\/schema.org\",\"@graph\":[{\"@type\":\"Article\",\"@id\":\"https:\\\/\\\/blog.bedandbreakfast.eu\\\/innkeepers\\\/it\\\/pictures-of-your-bed-and-breakfast-in-christmas-atmosphere-2\\\/#article\",\"isPartOf\":{\"@id\":\"https:\\\/\\\/blog.bedandbreakfast.eu\\\/innkeepers\\\/it\\\/pictures-of-your-bed-and-breakfast-in-christmas-atmosphere-2\\\/\"},\"author\":{\"name\":\"Janneke Scheepers\",\"@id\":\"https:\\\/\\\/blog.bedandbreakfast.eu\\\/innkeepers\\\/it\\\/#\\\/schema\\\/person\\\/b4ae3651092731c38023c7a74ad4772a\"},\"headline\":\"Foto di B&amp;B in atmosfera natalizia\",\"datePublished\":\"2015-11-19T10:37:55+00:00\",\"dateModified\":\"2018-01-02T10:27:59+00:00\",\"mainEntityOfPage\":{\"@id\":\"https:\\\/\\\/blog.bedandbreakfast.eu\\\/innkeepers\\\/it\\\/pictures-of-your-bed-and-breakfast-in-christmas-atmosphere-2\\\/\"},\"wordCount\":238,\"commentCount\":0,\"image\":{\"@id\":\"https:\\\/\\\/blog.bedandbreakfast.eu\\\/innkeepers\\\/it\\\/pictures-of-your-bed-and-breakfast-in-christmas-atmosphere-2\\\/#primaryimage\"},\"thumbnailUrl\":\"https:\\\/\\\/blog.bedandbreakfast.eu\\\/innkeepers\\\/wp-content\\\/uploads\\\/2015\\\/11\\\/bedandbreakfast-europe-innkeepers-picturers-christmas.png\",\"keywords\":[\"B&amp;B\",\"bed and breakfast\",\"bed e breakfast\",\"foto\",\"natalizia\",\"promozione\"],\"articleSection\":[\"Account Gestore\",\"Promozione e Marketing\"],\"inLanguage\":\"it-IT\",\"potentialAction\":[{\"@type\":\"CommentAction\",\"name\":\"Comment\",\"target\":[\"https:\\\/\\\/blog.bedandbreakfast.eu\\\/innkeepers\\\/it\\\/pictures-of-your-bed-and-breakfast-in-christmas-atmosphere-2\\\/#respond\"]}]},{\"@type\":\"WebPage\",\"@id\":\"https:\\\/\\\/blog.bedandbreakfast.eu\\\/innkeepers\\\/it\\\/pictures-of-your-bed-and-breakfast-in-christmas-atmosphere-2\\\/\",\"url\":\"https:\\\/\\\/blog.bedandbreakfast.eu\\\/innkeepers\\\/it\\\/pictures-of-your-bed-and-breakfast-in-christmas-atmosphere-2\\\/\",\"name\":\"Foto di B&amp;B in atmosfera natalizia - Bed and Breakfast Proprietari Blog | Bedandbreakfast.eu\",\"isPartOf\":{\"@id\":\"https:\\\/\\\/blog.bedandbreakfast.eu\\\/innkeepers\\\/it\\\/#website\"},\"primaryImageOfPage\":{\"@id\":\"https:\\\/\\\/blog.bedandbreakfast.eu\\\/innkeepers\\\/it\\\/pictures-of-your-bed-and-breakfast-in-christmas-atmosphere-2\\\/#primaryimage\"},\"image\":{\"@id\":\"https:\\\/\\\/blog.bedandbreakfast.eu\\\/innkeepers\\\/it\\\/pictures-of-your-bed-and-breakfast-in-christmas-atmosphere-2\\\/#primaryimage\"},\"thumbnailUrl\":\"https:\\\/\\\/blog.bedandbreakfast.eu\\\/innkeepers\\\/wp-content\\\/uploads\\\/2015\\\/11\\\/bedandbreakfast-europe-innkeepers-picturers-christmas.png\",\"datePublished\":\"2015-11-19T10:37:55+00:00\",\"dateModified\":\"2018-01-02T10:27:59+00:00\",\"author\":{\"@id\":\"https:\\\/\\\/blog.bedandbreakfast.eu\\\/innkeepers\\\/it\\\/#\\\/schema\\\/person\\\/b4ae3651092731c38023c7a74ad4772a\"},\"breadcrumb\":{\"@id\":\"https:\\\/\\\/blog.bedandbreakfast.eu\\\/innkeepers\\\/it\\\/pictures-of-your-bed-and-breakfast-in-christmas-atmosphere-2\\\/#breadcrumb\"},\"inLanguage\":\"it-IT\",\"potentialAction\":[{\"@type\":\"ReadAction\",\"target\":[\"https:\\\/\\\/blog.bedandbreakfast.eu\\\/innkeepers\\\/it\\\/pictures-of-your-bed-and-breakfast-in-christmas-atmosphere-2\\\/\"]}]},{\"@type\":\"ImageObject\",\"inLanguage\":\"it-IT\",\"@id\":\"https:\\\/\\\/blog.bedandbreakfast.eu\\\/innkeepers\\\/it\\\/pictures-of-your-bed-and-breakfast-in-christmas-atmosphere-2\\\/#primaryimage\",\"url\":\"https:\\\/\\\/blog.bedandbreakfast.eu\\\/innkeepers\\\/wp-content\\\/uploads\\\/2015\\\/11\\\/bedandbreakfast-europe-innkeepers-picturers-christmas.png\",\"contentUrl\":\"https:\\\/\\\/blog.bedandbreakfast.eu\\\/innkeepers\\\/wp-content\\\/uploads\\\/2015\\\/11\\\/bedandbreakfast-europe-innkeepers-picturers-christmas.png\",\"width\":1140,\"height\":453,\"caption\":\"Bedandbreakfast.eu; Pictures of your bed and breakfast in Christmas atmosphere\"},{\"@type\":\"BreadcrumbList\",\"@id\":\"https:\\\/\\\/blog.bedandbreakfast.eu\\\/innkeepers\\\/it\\\/pictures-of-your-bed-and-breakfast-in-christmas-atmosphere-2\\\/#breadcrumb\",\"itemListElement\":[{\"@type\":\"ListItem\",\"position\":1,\"name\":\"Home\",\"item\":\"https:\\\/\\\/blog.bedandbreakfast.eu\\\/innkeepers\\\/it\\\/\"},{\"@type\":\"ListItem\",\"position\":2,\"name\":\"Foto di B&amp;B in atmosfera natalizia\"}]},{\"@type\":\"WebSite\",\"@id\":\"https:\\\/\\\/blog.bedandbreakfast.eu\\\/innkeepers\\\/it\\\/#website\",\"url\":\"https:\\\/\\\/blog.bedandbreakfast.eu\\\/innkeepers\\\/it\\\/\",\"name\":\"Bed and Breakfast Proprietari Blog | Bedandbreakfast.eu\",\"description\":\"Blog per i proprietari di bed & breakfast e agriturismo, a cura di Bedandbreakfast.eu. Consigli utili, editoriali, workshop e le ultime novit\u00e0 dal mondo dei B&B.\",\"potentialAction\":[{\"@type\":\"SearchAction\",\"target\":{\"@type\":\"EntryPoint\",\"urlTemplate\":\"https:\\\/\\\/blog.bedandbreakfast.eu\\\/innkeepers\\\/it\\\/?s={search_term_string}\"},\"query-input\":{\"@type\":\"PropertyValueSpecification\",\"valueRequired\":true,\"valueName\":\"search_term_string\"}}],\"inLanguage\":\"it-IT\"},{\"@type\":\"Person\",\"@id\":\"https:\\\/\\\/blog.bedandbreakfast.eu\\\/innkeepers\\\/it\\\/#\\\/schema\\\/person\\\/b4ae3651092731c38023c7a74ad4772a\",\"name\":\"Janneke Scheepers\",\"image\":{\"@type\":\"ImageObject\",\"inLanguage\":\"it-IT\",\"@id\":\"https:\\\/\\\/secure.gravatar.com\\\/avatar\\\/0a6bacb5ed0777a84a2ec3cba709a9567f86b37d14036cca6a43feafe40d1900?s=96&d=mm&r=gde1005f89ab6c864f13b4d63395faf79\",\"url\":\"https:\\\/\\\/secure.gravatar.com\\\/avatar\\\/0a6bacb5ed0777a84a2ec3cba709a9567f86b37d14036cca6a43feafe40d1900?s=96&d=mm&r=g\",\"contentUrl\":\"https:\\\/\\\/secure.gravatar.com\\\/avatar\\\/0a6bacb5ed0777a84a2ec3cba709a9567f86b37d14036cca6a43feafe40d1900?s=96&d=mm&r=g\",\"caption\":\"Janneke Scheepers\"},\"sameAs\":[\"http:\\\/\\\/www.bedandbreakfast.eu\"],\"url\":\"https:\\\/\\\/blog.bedandbreakfast.eu\\\/innkeepers\\\/it\\\/author\\\/janneke\\\/\"}]}<\/script>\n<!-- \/ Yoast SEO plugin. -->","yoast_head_json":{"title":"Foto di B&amp;B in atmosfera natalizia - Bed and Breakfast Proprietari Blog | Bedandbreakfast.eu","robots":{"index":"index","follow":"follow","max-snippet":"max-snippet:-1","max-image-preview":"max-image-preview:large","max-video-preview":"max-video-preview:-1"},"canonical":"https:\/\/blog.bedandbreakfast.eu\/innkeepers\/it\/pictures-of-your-bed-and-breakfast-in-christmas-atmosphere-2\/","og_locale":"it_IT","og_type":"article","og_title":"Foto di B&amp;B in atmosfera natalizia - Bed and Breakfast Proprietari Blog | Bedandbreakfast.eu","og_description":"Nei bui giorni di dicembre, i B&amp;B pi\u00f9 accoglienti e meglio illuminati sono i pi\u00f9 popolari su Bedandbreakfast.eu. Eppure, abbiamo notato che solo pochi proprietari di B&amp;B inseriscono foto natalizie del loro bed and breakfast. Si tratta di una buona occasione per distinguersi. Date un&#8217;occhiata alle vostre foto di altri anni, magari trovate una bella [&hellip;]","og_url":"https:\/\/blog.bedandbreakfast.eu\/innkeepers\/it\/pictures-of-your-bed-and-breakfast-in-christmas-atmosphere-2\/","og_site_name":"Bed and Breakfast Proprietari Blog | Bedandbreakfast.eu","article_published_time":"2015-11-19T10:37:55+00:00","article_modified_time":"2018-01-02T10:27:59+00:00","og_image":[{"width":1140,"height":453,"url":"https:\/\/blog.bedandbreakfast.eu\/innkeepers\/wp-content\/uploads\/2015\/11\/bedandbreakfast-europe-innkeepers-picturers-christmas.png","type":"image\/png"}],"author":"Janneke Scheepers","twitter_card":"summary_large_image","twitter_misc":{"Scritto da":"Janneke Scheepers","Tempo di lettura stimato":"1 minuto"},"schema":{"@context":"https:\/\/schema.org","@graph":[{"@type":"Article","@id":"https:\/\/blog.bedandbreakfast.eu\/innkeepers\/it\/pictures-of-your-bed-and-breakfast-in-christmas-atmosphere-2\/#article","isPartOf":{"@id":"https:\/\/blog.bedandbreakfast.eu\/innkeepers\/it\/pictures-of-your-bed-and-breakfast-in-christmas-atmosphere-2\/"},"author":{"name":"Janneke Scheepers","@id":"https:\/\/blog.bedandbreakfast.eu\/innkeepers\/it\/#\/schema\/person\/b4ae3651092731c38023c7a74ad4772a"},"headline":"Foto di B&amp;B in atmosfera natalizia","datePublished":"2015-11-19T10:37:55+00:00","dateModified":"2018-01-02T10:27:59+00:00","mainEntityOfPage":{"@id":"https:\/\/blog.bedandbreakfast.eu\/innkeepers\/it\/pictures-of-your-bed-and-breakfast-in-christmas-atmosphere-2\/"},"wordCount":238,"commentCount":0,"image":{"@id":"https:\/\/blog.bedandbreakfast.eu\/innkeepers\/it\/pictures-of-your-bed-and-breakfast-in-christmas-atmosphere-2\/#primaryimage"},"thumbnailUrl":"https:\/\/blog.bedandbreakfast.eu\/innkeepers\/wp-content\/uploads\/2015\/11\/bedandbreakfast-europe-innkeepers-picturers-christmas.png","keywords":["B&amp;B","bed and breakfast","bed e breakfast","foto","natalizia","promozione"],"articleSection":["Account Gestore","Promozione e Marketing"],"inLanguage":"it-IT","potentialAction":[{"@type":"CommentAction","name":"Comment","target":["https:\/\/blog.bedandbreakfast.eu\/innkeepers\/it\/pictures-of-your-bed-and-breakfast-in-christmas-atmosphere-2\/#respond"]}]},{"@type":"WebPage","@id":"https:\/\/blog.bedandbreakfast.eu\/innkeepers\/it\/pictures-of-your-bed-and-breakfast-in-christmas-atmosphere-2\/","url":"https:\/\/blog.bedandbreakfast.eu\/innkeepers\/it\/pictures-of-your-bed-and-breakfast-in-christmas-atmosphere-2\/","name":"Foto di B&amp;B in atmosfera natalizia - Bed and Breakfast Proprietari Blog | Bedandbreakfast.eu","isPartOf":{"@id":"https:\/\/blog.bedandbreakfast.eu\/innkeepers\/it\/#website"},"primaryImageOfPage":{"@id":"https:\/\/blog.bedandbreakfast.eu\/innkeepers\/it\/pictures-of-your-bed-and-breakfast-in-christmas-atmosphere-2\/#primaryimage"},"image":{"@id":"https:\/\/blog.bedandbreakfast.eu\/innkeepers\/it\/pictures-of-your-bed-and-breakfast-in-christmas-atmosphere-2\/#primaryimage"},"thumbnailUrl":"https:\/\/blog.bedandbreakfast.eu\/innkeepers\/wp-content\/uploads\/2015\/11\/bedandbreakfast-europe-innkeepers-picturers-christmas.png","datePublished":"2015-11-19T10:37:55+00:00","dateModified":"2018-01-02T10:27:59+00:00","author":{"@id":"https:\/\/blog.bedandbreakfast.eu\/innkeepers\/it\/#\/schema\/person\/b4ae3651092731c38023c7a74ad4772a"},"breadcrumb":{"@id":"https:\/\/blog.bedandbreakfast.eu\/innkeepers\/it\/pictures-of-your-bed-and-breakfast-in-christmas-atmosphere-2\/#breadcrumb"},"inLanguage":"it-IT","potentialAction":[{"@type":"ReadAction","target":["https:\/\/blog.bedandbreakfast.eu\/innkeepers\/it\/pictures-of-your-bed-and-breakfast-in-christmas-atmosphere-2\/"]}]},{"@type":"ImageObject","inLanguage":"it-IT","@id":"https:\/\/blog.bedandbreakfast.eu\/innkeepers\/it\/pictures-of-your-bed-and-breakfast-in-christmas-atmosphere-2\/#primaryimage","url":"https:\/\/blog.bedandbreakfast.eu\/innkeepers\/wp-content\/uploads\/2015\/11\/bedandbreakfast-europe-innkeepers-picturers-christmas.png","contentUrl":"https:\/\/blog.bedandbreakfast.eu\/innkeepers\/wp-content\/uploads\/2015\/11\/bedandbreakfast-europe-innkeepers-picturers-christmas.png","width":1140,"height":453,"caption":"Bedandbreakfast.eu; Pictures of your bed and breakfast in Christmas atmosphere"},{"@type":"BreadcrumbList","@id":"https:\/\/blog.bedandbreakfast.eu\/innkeepers\/it\/pictures-of-your-bed-and-breakfast-in-christmas-atmosphere-2\/#breadcrumb","itemListElement":[{"@type":"ListItem","position":1,"name":"Home","item":"https:\/\/blog.bedandbreakfast.eu\/innkeepers\/it\/"},{"@type":"ListItem","position":2,"name":"Foto di B&amp;B in atmosfera natalizia"}]},{"@type":"WebSite","@id":"https:\/\/blog.bedandbreakfast.eu\/innkeepers\/it\/#website","url":"https:\/\/blog.bedandbreakfast.eu\/innkeepers\/it\/","name":"Bed and Breakfast Proprietari Blog | Bedandbreakfast.eu","description":"Blog per i proprietari di bed & breakfast e agriturismo, a cura di Bedandbreakfast.eu. Consigli utili, editoriali, workshop e le ultime novit\u00e0 dal mondo dei B&B.","potentialAction":[{"@type":"SearchAction","target":{"@type":"EntryPoint","urlTemplate":"https:\/\/blog.bedandbreakfast.eu\/innkeepers\/it\/?s={search_term_string}"},"query-input":{"@type":"PropertyValueSpecification","valueRequired":true,"valueName":"search_term_string"}}],"inLanguage":"it-IT"},{"@type":"Person","@id":"https:\/\/blog.bedandbreakfast.eu\/innkeepers\/it\/#\/schema\/person\/b4ae3651092731c38023c7a74ad4772a","name":"Janneke Scheepers","image":{"@type":"ImageObject","inLanguage":"it-IT","@id":"https:\/\/secure.gravatar.com\/avatar\/0a6bacb5ed0777a84a2ec3cba709a9567f86b37d14036cca6a43feafe40d1900?s=96&d=mm&r=gde1005f89ab6c864f13b4d63395faf79","url":"https:\/\/secure.gravatar.com\/avatar\/0a6bacb5ed0777a84a2ec3cba709a9567f86b37d14036cca6a43feafe40d1900?s=96&d=mm&r=g","contentUrl":"https:\/\/secure.gravatar.com\/avatar\/0a6bacb5ed0777a84a2ec3cba709a9567f86b37d14036cca6a43feafe40d1900?s=96&d=mm&r=g","caption":"Janneke Scheepers"},"sameAs":["http:\/\/www.bedandbreakfast.eu"],"url":"https:\/\/blog.bedandbreakfast.eu\/innkeepers\/it\/author\/janneke\/"}]}},"jetpack_publicize_connections":[],"jetpack_featured_media_url":"https:\/\/blog.bedandbreakfast.eu\/innkeepers\/wp-content\/uploads\/2015\/11\/bedandbreakfast-europe-innkeepers-picturers-christmas.png","jetpack_shortlink":"https:\/\/wp.me\/p1XI7S-1ZV","jetpack_sharing_enabled":true,"_links":{"self":[{"href":"https:\/\/blog.bedandbreakfast.eu\/innkeepers\/it\/wp-json\/wp\/v2\/posts\/7683","targetHints":{"allow":["GET"]}}],"collection":[{"href":"https:\/\/blog.bedandbreakfast.eu\/innkeepers\/it\/wp-json\/wp\/v2\/posts"}],"about":[{"href":"https:\/\/blog.bedandbreakfast.eu\/innkeepers\/it\/wp-json\/wp\/v2\/types\/post"}],"author":[{"embeddable":true,"href":"https:\/\/blog.bedandbreakfast.eu\/innkeepers\/it\/wp-json\/wp\/v2\/users\/2"}],"replies":[{"embeddable":true,"href":"https:\/\/blog.bedandbreakfast.eu\/innkeepers\/it\/wp-json\/wp\/v2\/comments?post=7683"}],"version-history":[{"count":6,"href":"https:\/\/blog.bedandbreakfast.eu\/innkeepers\/it\/wp-json\/wp\/v2\/posts\/7683\/revisions"}],"predecessor-version":[{"id":9254,"href":"https:\/\/blog.bedandbreakfast.eu\/innkeepers\/it\/wp-json\/wp\/v2\/posts\/7683\/revisions\/9254"}],"wp:featuredmedia":[{"embeddable":true,"href":"https:\/\/blog.bedandbreakfast.eu\/innkeepers\/it\/wp-json\/wp\/v2\/media\/9247"}],"wp:attachment":[{"href":"https:\/\/blog.bedandbreakfast.eu\/innkeepers\/it\/wp-json\/wp\/v2\/media?parent=7683"}],"wp:term":[{"taxonomy":"category","embeddable":true,"href":"https:\/\/blog.bedandbreakfast.eu\/innkeepers\/it\/wp-json\/wp\/v2\/categories?post=7683"},{"taxonomy":"post_tag","embeddable":true,"href":"https:\/\/blog.bedandbreakfast.eu\/innkeepers\/it\/wp-json\/wp\/v2\/tags?post=7683"},{"taxonomy":"author","embeddable":true,"href":"https:\/\/blog.bedandbreakfast.eu\/innkeepers\/it\/wp-json\/wp\/v2\/coauthors?post=7683"}],"curies":[{"name":"wp","href":"https:\/\/api.w.org\/{rel}","templated":true}]}}