{"id":7461,"date":"2016-01-06T12:00:42","date_gmt":"2016-01-06T12:00:42","guid":{"rendered":"https:\/\/blog.bedandbreakfast.eu\/innkeepers\/?p=7461"},"modified":"2017-12-29T14:18:06","modified_gmt":"2017-12-29T14:18:06","slug":"offri-una-colazione-biologica-o-priva-di-allergeni-faccelo-sapere","status":"publish","type":"post","link":"https:\/\/blog.bedandbreakfast.eu\/innkeepers\/it\/offri-una-colazione-biologica-o-priva-di-allergeni-faccelo-sapere\/","title":{"rendered":"Offri una colazione biologica o priva di allergeni? Faccelo sapere!"},"content":{"rendered":"<p>Gli ospiti del tuo B&amp;B possono gustare una colazione con prodotti biologici o regionali? Se richiesto, offri una colazione senza glutine o senza lattosio? Lo puoi indicare in modo specifico\u00a0su Bedandbreakfast.eu.\u00a0Ci\u00f2 pu\u00f2 causare pi\u00f9 prenotazioni.<!--more--><\/p>\n<p>Basta leggere le recensioni su Bedandbreakfast.eu per capire che una colazione abbondante \u00e8 estremamente apprezzata dagli ospiti. Come bed and breakfast puoi davvero distinguerti offrendo prodotti per la colazione della zona, prodotti biologici e pane fatto in casa o altre leccornie. Per esempio, puoi servire un formaggio della regione o sorprendere i tuoi ospiti con delle fragole del tuo orto.<\/p>\n<p>Con poche modifiche puoi anche offrire una colazione senza glutine o senza lattosio. In questo modo, fai un grande favore agli ospiti con un&#8217;allergia al glutine o al lattosio.<\/p>\n<p>Indica le caratteristiche della tua colazione nel modo seguente:<\/p>\n<ul>\n<li>Nel servizio per proprietari, vai su \u2018La mia indicazione\u2019 e clicca su &#8216;<a href=\"https:\/\/my.bedandbreakfast.eu\/ownerservice\/characteristics\">\u2018Servizi e condizioni\u2018<\/a>&#8216;.<\/li>\n<li>Vai nella lista dei servizi su &#8216;Prodotti per la colazione&#8217;.<\/li>\n<li>Segna le caratteristiche applicabili a te, per esempio, &#8216;Colazione con prodotti biologici&#8217; o &#8216;Colazione con prodotti senza glutine&#8217;.<\/li>\n<li>Clicca su \u2018Salva\u2019 (appena sopra \u2018Regole del bed &amp; breakfast\u2019).<\/li>\n<\/ul>\n<p><a href=\"https://blog.bedandbreakfast.eu/innkeepers\/wp-content\/uploads\/2015\/12\/Ontbijt-producten-IT.png\"><img loading=\"lazy\" decoding=\"async\" class=\"alignnone size-full wp-image-7474\" src=\"https://blog.bedandbreakfast.eu/innkeepers\/wp-content\/uploads\/2015\/12\/Ontbijt-producten-IT.png\" alt=\"Ontbijt producten IT\" width=\"483\" height=\"107\" srcset=\"https:\/\/blog.bedandbreakfast.eu\/innkeepers\/wp-content\/uploads\/2015\/12\/Ontbijt-producten-IT.png 483w, https:\/\/blog.bedandbreakfast.eu\/innkeepers\/wp-content\/uploads\/2015\/12\/Ontbijt-producten-IT-300x66.png 300w\" sizes=\"auto, (max-width: 483px) 100vw, 483px\" \/><\/a><br \/>\nCos\u00ec appare nella tua pagina di presentazione:<\/p>\n<p>Le caratteristiche della colazione da te segnate saranno visibili sulla tua pagina di presentazione alla voce &#8216;Servizi&#8217; sotto il titolo &#8216;Pi\u00f9 servizi&#8217;.<\/p>\n<p><a href=\"https://blog.bedandbreakfast.eu/innkeepers\/wp-content\/uploads\/2015\/12\/IT-Ontbijt.png\"><img loading=\"lazy\" decoding=\"async\" class=\"alignnone size-full wp-image-7523\" src=\"https://blog.bedandbreakfast.eu/innkeepers\/wp-content\/uploads\/2015\/12\/IT-Ontbijt.png\" alt=\"IT Ontbijt\" width=\"545\" height=\"276\" srcset=\"https:\/\/blog.bedandbreakfast.eu\/innkeepers\/wp-content\/uploads\/2015\/12\/IT-Ontbijt.png 545w, https:\/\/blog.bedandbreakfast.eu\/innkeepers\/wp-content\/uploads\/2015\/12\/IT-Ontbijt-200x100.png 200w, https:\/\/blog.bedandbreakfast.eu\/innkeepers\/wp-content\/uploads\/2015\/12\/IT-Ontbijt-300x152.png 300w\" sizes=\"auto, (max-width: 545px) 100vw, 545px\" \/><\/a><\/p>\n<p><strong>Esempio<\/strong>: nel servizio per proprietari hai segnato &#8216;Colazione con prodotti biologici&#8217; e &#8216;Colazione con prodotti senza glutine&#8217;. Nella tua pagina di presentazione si vede cos\u00ec:<\/p>\n<p><a href=\"https://blog.bedandbreakfast.eu/innkeepers\/wp-content\/uploads\/2015\/12\/IT-Ontbijtproducten-presentatiepagina-.png\"><img loading=\"lazy\" decoding=\"async\" class=\"alignnone size-full wp-image-7516\" src=\"https://blog.bedandbreakfast.eu/innkeepers\/wp-content\/uploads\/2015\/12\/IT-Ontbijtproducten-presentatiepagina-.png\" alt=\"IT Ontbijtproducten presentatiepagina\" width=\"783\" height=\"194\" srcset=\"https:\/\/blog.bedandbreakfast.eu\/innkeepers\/wp-content\/uploads\/2015\/12\/IT-Ontbijtproducten-presentatiepagina-.png 783w, https:\/\/blog.bedandbreakfast.eu\/innkeepers\/wp-content\/uploads\/2015\/12\/IT-Ontbijtproducten-presentatiepagina--300x74.png 300w, https:\/\/blog.bedandbreakfast.eu\/innkeepers\/wp-content\/uploads\/2015\/12\/IT-Ontbijtproducten-presentatiepagina--768x190.png 768w\" sizes=\"auto, (max-width: 783px) 100vw, 783px\" \/><\/a><\/p>\n<p>Inserendo le caratteristiche della tua colazione potrai ricevere pi\u00f9 prenotazioni. Ci vuole poco!<\/p>\n<p><a href=\"https:\/\/my.bedandbreakfast.eu\/ownerservice\/characteristics\">Inserisci subito le caratteristiche della tua colazione \u00bb<\/a><\/p>\n<p>&nbsp;<\/p>\n","protected":false},"excerpt":{"rendered":"<p>Gli ospiti del tuo B&amp;B possono gustare una colazione con prodotti biologici o regionali? Se richiesto, offri una colazione senza glutine o senza lattosio? Lo puoi indicare in modo specifico\u00a0su Bedandbreakfast.eu.\u00a0Ci\u00f2 pu\u00f2 causare pi\u00f9 prenotazioni.<\/p>\n","protected":false},"author":2,"featured_media":9181,"comment_status":"open","ping_status":"open","sticky":false,"template":"","format":"standard","meta":{"_monsterinsights_skip_tracking":false,"_monsterinsights_sitenote_active":false,"_monsterinsights_sitenote_note":"","_monsterinsights_sitenote_category":0,"jetpack_post_was_ever_published":false,"_jetpack_newsletter_access":"","_jetpack_dont_email_post_to_subs":true,"_jetpack_newsletter_tier_id":0,"_jetpack_memberships_contains_paywalled_content":false,"_jetpack_memberships_contains_paid_content":false,"footnotes":"","jetpack_publicize_message":"","jetpack_publicize_feature_enabled":true,"jetpack_social_post_already_shared":true,"jetpack_social_options":{"image_generator_settings":{"template":"highway","default_image_id":0,"font":"","enabled":false},"version":2}},"categories":[3061,331],"tags":[1651,471,2733,2811,2809,2812,2810],"coauthors":[3033],"class_list":["post-7461","post","type-post","status-publish","format-standard","has-post-thumbnail","hentry","category-gestire-bb","category-promozione-e-marketing","tag-bb-it","tag-bed-and-breakfast-it","tag-bed-e-breakfast","tag-biologica","tag-colazione","tag-jan2015_it","tag-priva-di-allergeni"],"yoast_head":"<!-- This site is optimized with the Yoast SEO plugin v27.5 - https:\/\/yoast.com\/product\/yoast-seo-wordpress\/ -->\n<title>Offri una colazione biologica o priva di allergeni? Faccelo sapere! - Bed and Breakfast Proprietari Blog | Bedandbreakfast.eu<\/title>\n<meta name=\"robots\" content=\"index, follow, max-snippet:-1, max-image-preview:large, max-video-preview:-1\" \/>\n<link rel=\"canonical\" href=\"https:\/\/blog.bedandbreakfast.eu\/innkeepers\/it\/offri-una-colazione-biologica-o-priva-di-allergeni-faccelo-sapere\/\" \/>\n<meta property=\"og:locale\" content=\"it_IT\" \/>\n<meta property=\"og:type\" content=\"article\" \/>\n<meta property=\"og:title\" content=\"Offri una colazione biologica o priva di allergeni? Faccelo sapere! - Bed and Breakfast Proprietari Blog | Bedandbreakfast.eu\" \/>\n<meta property=\"og:description\" content=\"Gli ospiti del tuo B&amp;B possono gustare una colazione con prodotti biologici o regionali? Se richiesto, offri una colazione senza glutine o senza lattosio? Lo puoi indicare in modo specifico\u00a0su Bedandbreakfast.eu.\u00a0Ci\u00f2 pu\u00f2 causare pi\u00f9 prenotazioni.\" \/>\n<meta property=\"og:url\" content=\"https:\/\/blog.bedandbreakfast.eu\/innkeepers\/it\/offri-una-colazione-biologica-o-priva-di-allergeni-faccelo-sapere\/\" \/>\n<meta property=\"og:site_name\" content=\"Bed and Breakfast Proprietari Blog | Bedandbreakfast.eu\" \/>\n<meta property=\"article:published_time\" content=\"2016-01-06T12:00:42+00:00\" \/>\n<meta property=\"article:modified_time\" content=\"2017-12-29T14:18:06+00:00\" \/>\n<meta property=\"og:image\" content=\"https:\/\/blog.bedandbreakfast.eu\/innkeepers\/wp-content\/uploads\/2016\/01\/biologisch-ontbijt.png\" \/>\n\t<meta property=\"og:image:width\" content=\"1140\" \/>\n\t<meta property=\"og:image:height\" content=\"453\" \/>\n\t<meta property=\"og:image:type\" content=\"image\/png\" \/>\n<meta name=\"author\" content=\"Janneke Scheepers\" \/>\n<meta name=\"twitter:card\" content=\"summary_large_image\" \/>\n<meta name=\"twitter:label1\" content=\"Scritto da\" \/>\n\t<meta name=\"twitter:data1\" content=\"Janneke Scheepers\" \/>\n\t<meta name=\"twitter:label2\" content=\"Tempo di lettura stimato\" \/>\n\t<meta name=\"twitter:data2\" content=\"1 minuto\" \/>\n<script type=\"application\/ld+json\" class=\"yoast-schema-graph\">{\"@context\":\"https:\\\/\\\/schema.org\",\"@graph\":[{\"@type\":\"Article\",\"@id\":\"https:\\\/\\\/blog.bedandbreakfast.eu\\\/innkeepers\\\/it\\\/offri-una-colazione-biologica-o-priva-di-allergeni-faccelo-sapere\\\/#article\",\"isPartOf\":{\"@id\":\"https:\\\/\\\/blog.bedandbreakfast.eu\\\/innkeepers\\\/it\\\/offri-una-colazione-biologica-o-priva-di-allergeni-faccelo-sapere\\\/\"},\"author\":{\"name\":\"Janneke Scheepers\",\"@id\":\"https:\\\/\\\/blog.bedandbreakfast.eu\\\/innkeepers\\\/it\\\/#\\\/schema\\\/person\\\/b4ae3651092731c38023c7a74ad4772a\"},\"headline\":\"Offri una colazione biologica o priva di allergeni? Faccelo sapere!\",\"datePublished\":\"2016-01-06T12:00:42+00:00\",\"dateModified\":\"2017-12-29T14:18:06+00:00\",\"mainEntityOfPage\":{\"@id\":\"https:\\\/\\\/blog.bedandbreakfast.eu\\\/innkeepers\\\/it\\\/offri-una-colazione-biologica-o-priva-di-allergeni-faccelo-sapere\\\/\"},\"wordCount\":277,\"commentCount\":0,\"image\":{\"@id\":\"https:\\\/\\\/blog.bedandbreakfast.eu\\\/innkeepers\\\/it\\\/offri-una-colazione-biologica-o-priva-di-allergeni-faccelo-sapere\\\/#primaryimage\"},\"thumbnailUrl\":\"https:\\\/\\\/blog.bedandbreakfast.eu\\\/innkeepers\\\/wp-content\\\/uploads\\\/2016\\\/01\\\/biologisch-ontbijt.png\",\"keywords\":[\"B&amp;B\",\"bed and breakfast\",\"bed e breakfast\",\"biologica\",\"colazione\",\"jan2015_it\",\"priva di allergeni\"],\"articleSection\":[\"Gestire un B&amp;B\",\"Promozione e Marketing\"],\"inLanguage\":\"it-IT\",\"potentialAction\":[{\"@type\":\"CommentAction\",\"name\":\"Comment\",\"target\":[\"https:\\\/\\\/blog.bedandbreakfast.eu\\\/innkeepers\\\/it\\\/offri-una-colazione-biologica-o-priva-di-allergeni-faccelo-sapere\\\/#respond\"]}]},{\"@type\":\"WebPage\",\"@id\":\"https:\\\/\\\/blog.bedandbreakfast.eu\\\/innkeepers\\\/it\\\/offri-una-colazione-biologica-o-priva-di-allergeni-faccelo-sapere\\\/\",\"url\":\"https:\\\/\\\/blog.bedandbreakfast.eu\\\/innkeepers\\\/it\\\/offri-una-colazione-biologica-o-priva-di-allergeni-faccelo-sapere\\\/\",\"name\":\"Offri una colazione biologica o priva di allergeni? Faccelo sapere! - Bed and Breakfast Proprietari Blog | Bedandbreakfast.eu\",\"isPartOf\":{\"@id\":\"https:\\\/\\\/blog.bedandbreakfast.eu\\\/innkeepers\\\/it\\\/#website\"},\"primaryImageOfPage\":{\"@id\":\"https:\\\/\\\/blog.bedandbreakfast.eu\\\/innkeepers\\\/it\\\/offri-una-colazione-biologica-o-priva-di-allergeni-faccelo-sapere\\\/#primaryimage\"},\"image\":{\"@id\":\"https:\\\/\\\/blog.bedandbreakfast.eu\\\/innkeepers\\\/it\\\/offri-una-colazione-biologica-o-priva-di-allergeni-faccelo-sapere\\\/#primaryimage\"},\"thumbnailUrl\":\"https:\\\/\\\/blog.bedandbreakfast.eu\\\/innkeepers\\\/wp-content\\\/uploads\\\/2016\\\/01\\\/biologisch-ontbijt.png\",\"datePublished\":\"2016-01-06T12:00:42+00:00\",\"dateModified\":\"2017-12-29T14:18:06+00:00\",\"author\":{\"@id\":\"https:\\\/\\\/blog.bedandbreakfast.eu\\\/innkeepers\\\/it\\\/#\\\/schema\\\/person\\\/b4ae3651092731c38023c7a74ad4772a\"},\"breadcrumb\":{\"@id\":\"https:\\\/\\\/blog.bedandbreakfast.eu\\\/innkeepers\\\/it\\\/offri-una-colazione-biologica-o-priva-di-allergeni-faccelo-sapere\\\/#breadcrumb\"},\"inLanguage\":\"it-IT\",\"potentialAction\":[{\"@type\":\"ReadAction\",\"target\":[\"https:\\\/\\\/blog.bedandbreakfast.eu\\\/innkeepers\\\/it\\\/offri-una-colazione-biologica-o-priva-di-allergeni-faccelo-sapere\\\/\"]}]},{\"@type\":\"ImageObject\",\"inLanguage\":\"it-IT\",\"@id\":\"https:\\\/\\\/blog.bedandbreakfast.eu\\\/innkeepers\\\/it\\\/offri-una-colazione-biologica-o-priva-di-allergeni-faccelo-sapere\\\/#primaryimage\",\"url\":\"https:\\\/\\\/blog.bedandbreakfast.eu\\\/innkeepers\\\/wp-content\\\/uploads\\\/2016\\\/01\\\/biologisch-ontbijt.png\",\"contentUrl\":\"https:\\\/\\\/blog.bedandbreakfast.eu\\\/innkeepers\\\/wp-content\\\/uploads\\\/2016\\\/01\\\/biologisch-ontbijt.png\",\"width\":1140,\"height\":453,\"caption\":\"Is your breakfast organic or allergen-free? Spread the word!\"},{\"@type\":\"BreadcrumbList\",\"@id\":\"https:\\\/\\\/blog.bedandbreakfast.eu\\\/innkeepers\\\/it\\\/offri-una-colazione-biologica-o-priva-di-allergeni-faccelo-sapere\\\/#breadcrumb\",\"itemListElement\":[{\"@type\":\"ListItem\",\"position\":1,\"name\":\"Home\",\"item\":\"https:\\\/\\\/blog.bedandbreakfast.eu\\\/innkeepers\\\/it\\\/\"},{\"@type\":\"ListItem\",\"position\":2,\"name\":\"Offri una colazione biologica o priva di allergeni? Faccelo sapere!\"}]},{\"@type\":\"WebSite\",\"@id\":\"https:\\\/\\\/blog.bedandbreakfast.eu\\\/innkeepers\\\/it\\\/#website\",\"url\":\"https:\\\/\\\/blog.bedandbreakfast.eu\\\/innkeepers\\\/it\\\/\",\"name\":\"Bed and Breakfast Proprietari Blog | Bedandbreakfast.eu\",\"description\":\"Blog per i proprietari di bed & breakfast e agriturismo, a cura di Bedandbreakfast.eu. Consigli utili, editoriali, workshop e le ultime novit\u00e0 dal mondo dei B&B.\",\"potentialAction\":[{\"@type\":\"SearchAction\",\"target\":{\"@type\":\"EntryPoint\",\"urlTemplate\":\"https:\\\/\\\/blog.bedandbreakfast.eu\\\/innkeepers\\\/it\\\/?s={search_term_string}\"},\"query-input\":{\"@type\":\"PropertyValueSpecification\",\"valueRequired\":true,\"valueName\":\"search_term_string\"}}],\"inLanguage\":\"it-IT\"},{\"@type\":\"Person\",\"@id\":\"https:\\\/\\\/blog.bedandbreakfast.eu\\\/innkeepers\\\/it\\\/#\\\/schema\\\/person\\\/b4ae3651092731c38023c7a74ad4772a\",\"name\":\"Janneke Scheepers\",\"image\":{\"@type\":\"ImageObject\",\"inLanguage\":\"it-IT\",\"@id\":\"https:\\\/\\\/secure.gravatar.com\\\/avatar\\\/0a6bacb5ed0777a84a2ec3cba709a9567f86b37d14036cca6a43feafe40d1900?s=96&d=mm&r=gde1005f89ab6c864f13b4d63395faf79\",\"url\":\"https:\\\/\\\/secure.gravatar.com\\\/avatar\\\/0a6bacb5ed0777a84a2ec3cba709a9567f86b37d14036cca6a43feafe40d1900?s=96&d=mm&r=g\",\"contentUrl\":\"https:\\\/\\\/secure.gravatar.com\\\/avatar\\\/0a6bacb5ed0777a84a2ec3cba709a9567f86b37d14036cca6a43feafe40d1900?s=96&d=mm&r=g\",\"caption\":\"Janneke Scheepers\"},\"sameAs\":[\"http:\\\/\\\/www.bedandbreakfast.eu\"],\"url\":\"https:\\\/\\\/blog.bedandbreakfast.eu\\\/innkeepers\\\/it\\\/author\\\/janneke\\\/\"}]}<\/script>\n<!-- \/ Yoast SEO plugin. -->","yoast_head_json":{"title":"Offri una colazione biologica o priva di allergeni? Faccelo sapere! - Bed and Breakfast Proprietari Blog | Bedandbreakfast.eu","robots":{"index":"index","follow":"follow","max-snippet":"max-snippet:-1","max-image-preview":"max-image-preview:large","max-video-preview":"max-video-preview:-1"},"canonical":"https:\/\/blog.bedandbreakfast.eu\/innkeepers\/it\/offri-una-colazione-biologica-o-priva-di-allergeni-faccelo-sapere\/","og_locale":"it_IT","og_type":"article","og_title":"Offri una colazione biologica o priva di allergeni? Faccelo sapere! - Bed and Breakfast Proprietari Blog | Bedandbreakfast.eu","og_description":"Gli ospiti del tuo B&amp;B possono gustare una colazione con prodotti biologici o regionali? Se richiesto, offri una colazione senza glutine o senza lattosio? Lo puoi indicare in modo specifico\u00a0su Bedandbreakfast.eu.\u00a0Ci\u00f2 pu\u00f2 causare pi\u00f9 prenotazioni.","og_url":"https:\/\/blog.bedandbreakfast.eu\/innkeepers\/it\/offri-una-colazione-biologica-o-priva-di-allergeni-faccelo-sapere\/","og_site_name":"Bed and Breakfast Proprietari Blog | Bedandbreakfast.eu","article_published_time":"2016-01-06T12:00:42+00:00","article_modified_time":"2017-12-29T14:18:06+00:00","og_image":[{"width":1140,"height":453,"url":"https:\/\/blog.bedandbreakfast.eu\/innkeepers\/wp-content\/uploads\/2016\/01\/biologisch-ontbijt.png","type":"image\/png"}],"author":"Janneke Scheepers","twitter_card":"summary_large_image","twitter_misc":{"Scritto da":"Janneke Scheepers","Tempo di lettura stimato":"1 minuto"},"schema":{"@context":"https:\/\/schema.org","@graph":[{"@type":"Article","@id":"https:\/\/blog.bedandbreakfast.eu\/innkeepers\/it\/offri-una-colazione-biologica-o-priva-di-allergeni-faccelo-sapere\/#article","isPartOf":{"@id":"https:\/\/blog.bedandbreakfast.eu\/innkeepers\/it\/offri-una-colazione-biologica-o-priva-di-allergeni-faccelo-sapere\/"},"author":{"name":"Janneke Scheepers","@id":"https:\/\/blog.bedandbreakfast.eu\/innkeepers\/it\/#\/schema\/person\/b4ae3651092731c38023c7a74ad4772a"},"headline":"Offri una colazione biologica o priva di allergeni? Faccelo sapere!","datePublished":"2016-01-06T12:00:42+00:00","dateModified":"2017-12-29T14:18:06+00:00","mainEntityOfPage":{"@id":"https:\/\/blog.bedandbreakfast.eu\/innkeepers\/it\/offri-una-colazione-biologica-o-priva-di-allergeni-faccelo-sapere\/"},"wordCount":277,"commentCount":0,"image":{"@id":"https:\/\/blog.bedandbreakfast.eu\/innkeepers\/it\/offri-una-colazione-biologica-o-priva-di-allergeni-faccelo-sapere\/#primaryimage"},"thumbnailUrl":"https:\/\/blog.bedandbreakfast.eu\/innkeepers\/wp-content\/uploads\/2016\/01\/biologisch-ontbijt.png","keywords":["B&amp;B","bed and breakfast","bed e breakfast","biologica","colazione","jan2015_it","priva di allergeni"],"articleSection":["Gestire un B&amp;B","Promozione e Marketing"],"inLanguage":"it-IT","potentialAction":[{"@type":"CommentAction","name":"Comment","target":["https:\/\/blog.bedandbreakfast.eu\/innkeepers\/it\/offri-una-colazione-biologica-o-priva-di-allergeni-faccelo-sapere\/#respond"]}]},{"@type":"WebPage","@id":"https:\/\/blog.bedandbreakfast.eu\/innkeepers\/it\/offri-una-colazione-biologica-o-priva-di-allergeni-faccelo-sapere\/","url":"https:\/\/blog.bedandbreakfast.eu\/innkeepers\/it\/offri-una-colazione-biologica-o-priva-di-allergeni-faccelo-sapere\/","name":"Offri una colazione biologica o priva di allergeni? Faccelo sapere! - Bed and Breakfast Proprietari Blog | Bedandbreakfast.eu","isPartOf":{"@id":"https:\/\/blog.bedandbreakfast.eu\/innkeepers\/it\/#website"},"primaryImageOfPage":{"@id":"https:\/\/blog.bedandbreakfast.eu\/innkeepers\/it\/offri-una-colazione-biologica-o-priva-di-allergeni-faccelo-sapere\/#primaryimage"},"image":{"@id":"https:\/\/blog.bedandbreakfast.eu\/innkeepers\/it\/offri-una-colazione-biologica-o-priva-di-allergeni-faccelo-sapere\/#primaryimage"},"thumbnailUrl":"https:\/\/blog.bedandbreakfast.eu\/innkeepers\/wp-content\/uploads\/2016\/01\/biologisch-ontbijt.png","datePublished":"2016-01-06T12:00:42+00:00","dateModified":"2017-12-29T14:18:06+00:00","author":{"@id":"https:\/\/blog.bedandbreakfast.eu\/innkeepers\/it\/#\/schema\/person\/b4ae3651092731c38023c7a74ad4772a"},"breadcrumb":{"@id":"https:\/\/blog.bedandbreakfast.eu\/innkeepers\/it\/offri-una-colazione-biologica-o-priva-di-allergeni-faccelo-sapere\/#breadcrumb"},"inLanguage":"it-IT","potentialAction":[{"@type":"ReadAction","target":["https:\/\/blog.bedandbreakfast.eu\/innkeepers\/it\/offri-una-colazione-biologica-o-priva-di-allergeni-faccelo-sapere\/"]}]},{"@type":"ImageObject","inLanguage":"it-IT","@id":"https:\/\/blog.bedandbreakfast.eu\/innkeepers\/it\/offri-una-colazione-biologica-o-priva-di-allergeni-faccelo-sapere\/#primaryimage","url":"https:\/\/blog.bedandbreakfast.eu\/innkeepers\/wp-content\/uploads\/2016\/01\/biologisch-ontbijt.png","contentUrl":"https:\/\/blog.bedandbreakfast.eu\/innkeepers\/wp-content\/uploads\/2016\/01\/biologisch-ontbijt.png","width":1140,"height":453,"caption":"Is your breakfast organic or allergen-free? Spread the word!"},{"@type":"BreadcrumbList","@id":"https:\/\/blog.bedandbreakfast.eu\/innkeepers\/it\/offri-una-colazione-biologica-o-priva-di-allergeni-faccelo-sapere\/#breadcrumb","itemListElement":[{"@type":"ListItem","position":1,"name":"Home","item":"https:\/\/blog.bedandbreakfast.eu\/innkeepers\/it\/"},{"@type":"ListItem","position":2,"name":"Offri una colazione biologica o priva di allergeni? Faccelo sapere!"}]},{"@type":"WebSite","@id":"https:\/\/blog.bedandbreakfast.eu\/innkeepers\/it\/#website","url":"https:\/\/blog.bedandbreakfast.eu\/innkeepers\/it\/","name":"Bed and Breakfast Proprietari Blog | Bedandbreakfast.eu","description":"Blog per i proprietari di bed & breakfast e agriturismo, a cura di Bedandbreakfast.eu. Consigli utili, editoriali, workshop e le ultime novit\u00e0 dal mondo dei B&B.","potentialAction":[{"@type":"SearchAction","target":{"@type":"EntryPoint","urlTemplate":"https:\/\/blog.bedandbreakfast.eu\/innkeepers\/it\/?s={search_term_string}"},"query-input":{"@type":"PropertyValueSpecification","valueRequired":true,"valueName":"search_term_string"}}],"inLanguage":"it-IT"},{"@type":"Person","@id":"https:\/\/blog.bedandbreakfast.eu\/innkeepers\/it\/#\/schema\/person\/b4ae3651092731c38023c7a74ad4772a","name":"Janneke Scheepers","image":{"@type":"ImageObject","inLanguage":"it-IT","@id":"https:\/\/secure.gravatar.com\/avatar\/0a6bacb5ed0777a84a2ec3cba709a9567f86b37d14036cca6a43feafe40d1900?s=96&d=mm&r=gde1005f89ab6c864f13b4d63395faf79","url":"https:\/\/secure.gravatar.com\/avatar\/0a6bacb5ed0777a84a2ec3cba709a9567f86b37d14036cca6a43feafe40d1900?s=96&d=mm&r=g","contentUrl":"https:\/\/secure.gravatar.com\/avatar\/0a6bacb5ed0777a84a2ec3cba709a9567f86b37d14036cca6a43feafe40d1900?s=96&d=mm&r=g","caption":"Janneke Scheepers"},"sameAs":["http:\/\/www.bedandbreakfast.eu"],"url":"https:\/\/blog.bedandbreakfast.eu\/innkeepers\/it\/author\/janneke\/"}]}},"jetpack_publicize_connections":[],"jetpack_featured_media_url":"https:\/\/blog.bedandbreakfast.eu\/innkeepers\/wp-content\/uploads\/2016\/01\/biologisch-ontbijt.png","jetpack_shortlink":"https:\/\/wp.me\/p1XI7S-1Wl","jetpack_sharing_enabled":true,"_links":{"self":[{"href":"https:\/\/blog.bedandbreakfast.eu\/innkeepers\/it\/wp-json\/wp\/v2\/posts\/7461","targetHints":{"allow":["GET"]}}],"collection":[{"href":"https:\/\/blog.bedandbreakfast.eu\/innkeepers\/it\/wp-json\/wp\/v2\/posts"}],"about":[{"href":"https:\/\/blog.bedandbreakfast.eu\/innkeepers\/it\/wp-json\/wp\/v2\/types\/post"}],"author":[{"embeddable":true,"href":"https:\/\/blog.bedandbreakfast.eu\/innkeepers\/it\/wp-json\/wp\/v2\/users\/2"}],"replies":[{"embeddable":true,"href":"https:\/\/blog.bedandbreakfast.eu\/innkeepers\/it\/wp-json\/wp\/v2\/comments?post=7461"}],"version-history":[{"count":11,"href":"https:\/\/blog.bedandbreakfast.eu\/innkeepers\/it\/wp-json\/wp\/v2\/posts\/7461\/revisions"}],"predecessor-version":[{"id":9187,"href":"https:\/\/blog.bedandbreakfast.eu\/innkeepers\/it\/wp-json\/wp\/v2\/posts\/7461\/revisions\/9187"}],"wp:featuredmedia":[{"embeddable":true,"href":"https:\/\/blog.bedandbreakfast.eu\/innkeepers\/it\/wp-json\/wp\/v2\/media\/9181"}],"wp:attachment":[{"href":"https:\/\/blog.bedandbreakfast.eu\/innkeepers\/it\/wp-json\/wp\/v2\/media?parent=7461"}],"wp:term":[{"taxonomy":"category","embeddable":true,"href":"https:\/\/blog.bedandbreakfast.eu\/innkeepers\/it\/wp-json\/wp\/v2\/categories?post=7461"},{"taxonomy":"post_tag","embeddable":true,"href":"https:\/\/blog.bedandbreakfast.eu\/innkeepers\/it\/wp-json\/wp\/v2\/tags?post=7461"},{"taxonomy":"author","embeddable":true,"href":"https:\/\/blog.bedandbreakfast.eu\/innkeepers\/it\/wp-json\/wp\/v2\/coauthors?post=7461"}],"curies":[{"name":"wp","href":"https:\/\/api.w.org\/{rel}","templated":true}]}}