{"id":6194,"date":"2015-03-16T12:42:43","date_gmt":"2015-03-16T12:42:43","guid":{"rendered":"https:\/\/blog.bedandbreakfast.eu\/innkeepers\/?p=6194"},"modified":"2017-03-08T13:50:06","modified_gmt":"2017-03-08T13:50:06","slug":"ajoutez-des-photos-de-votre-bed-breakfast-en-3-pas","status":"publish","type":"post","link":"https:\/\/blog.bedandbreakfast.eu\/innkeepers\/fr\/ajoutez-des-photos-de-votre-bed-breakfast-en-3-pas\/","title":{"rendered":"Ajoutez des photos de votre bed &#038; breakfast en 3 pas"},"content":{"rendered":"<p><a href=\"https:\/\/my.bedandbreakfast.eu\/ownerservice\/pictures\"><img loading=\"lazy\" decoding=\"async\" class=\"alignnone wp-image-6271 size-full\" title=\"Ajoutez photos Chambres d'h\u00f4tes\" src=\"https:\/\/blog.bedandbreakfast.eu\/innkeepers\/wp-content\/uploads\/2015\/03\/foto_upload1_2_2.png\" alt=\"Ajoutez photos des B&amp;B\" width=\"493\" height=\"387\" srcset=\"https:\/\/blog.bedandbreakfast.eu\/innkeepers\/wp-content\/uploads\/2015\/03\/foto_upload1_2_2.png 493w, https:\/\/blog.bedandbreakfast.eu\/innkeepers\/wp-content\/uploads\/2015\/03\/foto_upload1_2_2-300x235.png 300w\" sizes=\"auto, (max-width: 493px) 100vw, 493px\" \/><\/a><\/p>\n<p><span style=\"font-family: Arial, 'Arial Regular'; font-size: medium; color: #67686e;\">C\u2019est facile et rapide d\u2019ajouter des photos de votre bed &amp; breakfast sur Bedandbreakfast.eu. Suivez ces 3 pas faciles.<!--more--><\/span><\/p>\n<p><span style=\"font-family: Arial, 'Arial Regular'; font-size: medium; color: #67686e;\"><strong>Pas 1:<br \/>\n<\/strong><\/span> <span style=\"font-family: Arial, 'Arial Regular'; font-size: medium; color: #67686e;\">Allez dans le <a title=\"Service des propri\u00e9taires\" href=\"https:\/\/my.bedandbreakfast.eu\/ownerservice\/pictures\">service des propri\u00e9taires<\/a> vers \u00ab Ma mention \u00bb et cliquez dans le menu qui appara\u00eet sur \u00ab Photos \u00bb.<\/span><\/p>\n<p><a href=\"https:\/\/my.bedandbreakfast.eu\/ownerservice\/pictures\"><img loading=\"lazy\" decoding=\"async\" class=\"alignnone wp-image-6215 size-full\" title=\"Photos de votre Chambre d'h\u00f4tes\" src=\"https:\/\/blog.bedandbreakfast.eu\/innkeepers\/wp-content\/uploads\/2015\/03\/Photos_upload2.png\" alt=\"Ajouter photos B&amp;B\" width=\"488\" height=\"442\" srcset=\"https:\/\/blog.bedandbreakfast.eu\/innkeepers\/wp-content\/uploads\/2015\/03\/Photos_upload2.png 488w, https:\/\/blog.bedandbreakfast.eu\/innkeepers\/wp-content\/uploads\/2015\/03\/Photos_upload2-300x272.png 300w\" sizes=\"auto, (max-width: 488px) 100vw, 488px\" \/><\/a><\/p>\n<p><span style=\"font-family: Arial, 'Arial Regular'; font-size: medium; color: #67686e;\"><strong>Pas 2:<br \/>\n<\/strong>Cliquez sur \u00ab Ajouter photos \u00bb. Vous pourrez maintenant sur votre ordinateur s\u00e9lectionner une ou pliusieurs photo(s) et ajouter.<\/span><\/p>\n<p><a href=\"https:\/\/my.bedandbreakfast.eu\/ownerservice\/pictures\"><img loading=\"lazy\" decoding=\"async\" class=\"alignnone wp-image-6216 size-full\" title=\"Ajouter photos de B&amp;B\" src=\"https:\/\/blog.bedandbreakfast.eu\/innkeepers\/wp-content\/uploads\/2015\/03\/foto_upload3.png\" alt=\"Bed and Breakfast photos\" width=\"453\" height=\"290\" srcset=\"https:\/\/blog.bedandbreakfast.eu\/innkeepers\/wp-content\/uploads\/2015\/03\/foto_upload3.png 453w, https:\/\/blog.bedandbreakfast.eu\/innkeepers\/wp-content\/uploads\/2015\/03\/foto_upload3-300x192.png 300w\" sizes=\"auto, (max-width: 453px) 100vw, 453px\" \/><\/a><br \/>\n<span style=\"font-family: Arial, 'Arial Regular'; font-size: medium; color: #67686e;\"><strong>Pas 3<br \/>\n<\/strong>Vos photos sont plac\u00e9es dans votre biblioth\u00e8que de photos. Glissez les photos avec votre souris vers les bonnes chambres ( vous pourrez glisser plusieurs photos en m\u00eame temp tout en les cochant auparavant ).<\/span><\/p>\n<p><a href=\"https:\/\/my.bedandbreakfast.eu\/ownerservice\/pictures\"><img loading=\"lazy\" decoding=\"async\" class=\"alignnone wp-image-6273 size-full\" title=\"Ajoutez photos de chambre 'h\u00f4tes\" src=\"https:\/\/blog.bedandbreakfast.eu\/innkeepers\/wp-content\/uploads\/2015\/03\/foto_upload4_2_21.png\" alt=\"Bed and Breakfast photo\" width=\"590\" height=\"399\" srcset=\"https:\/\/blog.bedandbreakfast.eu\/innkeepers\/wp-content\/uploads\/2015\/03\/foto_upload4_2_21.png 590w, https:\/\/blog.bedandbreakfast.eu\/innkeepers\/wp-content\/uploads\/2015\/03\/foto_upload4_2_21-300x203.png 300w\" sizes=\"auto, (max-width: 590px) 100vw, 590px\" \/><\/a><\/p>\n<p><span style=\"font-family: Arial, 'Arial Regular'; font-size: medium; color: #67686e;\"><strong>Nous pouvons vous aider ?<\/strong><br \/>\nSi vous voulez de l\u2019aide pour ajouter ou d\u00e9placer des photos, n\u2019h\u00e9sitez pas de nous <a title=\"Contacter Bedandbreakfast.eu\" href=\"https:\/\/www.bedandbreakfast.eu\/contact-eigenaar?lang=fr\">contacter<\/a>. Nous vous aiderons avec plaisir.<br \/>\n<\/span><\/p>\n","protected":false},"excerpt":{"rendered":"<p>C\u2019est facile et rapide d\u2019ajouter des photos de votre bed &amp; breakfast sur Bedandbreakfast.eu. Suivez ces 3 pas faciles.<\/p>\n","protected":false},"author":2,"featured_media":0,"comment_status":"open","ping_status":"open","sticky":false,"template":"","format":"standard","meta":{"_monsterinsights_skip_tracking":false,"_monsterinsights_sitenote_active":false,"_monsterinsights_sitenote_note":"","_monsterinsights_sitenote_category":0,"jetpack_post_was_ever_published":false,"_jetpack_newsletter_access":"","_jetpack_dont_email_post_to_subs":false,"_jetpack_newsletter_tier_id":0,"_jetpack_memberships_contains_paywalled_content":false,"_jetpack_memberships_contains_paid_content":false,"footnotes":"","jetpack_publicize_message":"","jetpack_publicize_feature_enabled":true,"jetpack_social_post_already_shared":true,"jetpack_social_options":{"image_generator_settings":{"template":"highway","default_image_id":0,"font":"","enabled":false},"version":2}},"categories":[329],"tags":[],"coauthors":[2676],"class_list":["post-6194","post","type-post","status-publish","format-standard","hentry","category-promotion-et-marketing"],"yoast_head":"<!-- This site is optimized with the Yoast SEO plugin v27.4 - https:\/\/yoast.com\/product\/yoast-seo-wordpress\/ -->\n<title>Ajoutez des photos de votre bed &amp; breakfast en 3 pas - Chambres d&#039;H\u00f4tes Propri\u00e9taires Blog | Bedandbreakfast.eu<\/title>\n<meta name=\"robots\" content=\"index, follow, max-snippet:-1, max-image-preview:large, max-video-preview:-1\" \/>\n<link rel=\"canonical\" href=\"https:\/\/blog.bedandbreakfast.eu\/innkeepers\/fr\/ajoutez-des-photos-de-votre-bed-breakfast-en-3-pas\/\" \/>\n<meta property=\"og:locale\" content=\"fr_FR\" \/>\n<meta property=\"og:type\" content=\"article\" \/>\n<meta property=\"og:title\" content=\"Ajoutez des photos de votre bed &amp; breakfast en 3 pas - Chambres d&#039;H\u00f4tes Propri\u00e9taires Blog | Bedandbreakfast.eu\" \/>\n<meta property=\"og:description\" content=\"C\u2019est facile et rapide d\u2019ajouter des photos de votre bed &amp; breakfast sur Bedandbreakfast.eu. Suivez ces 3 pas faciles.\" \/>\n<meta property=\"og:url\" content=\"https:\/\/blog.bedandbreakfast.eu\/innkeepers\/fr\/ajoutez-des-photos-de-votre-bed-breakfast-en-3-pas\/\" \/>\n<meta property=\"og:site_name\" content=\"Chambres d&#039;H\u00f4tes Propri\u00e9taires Blog | Bedandbreakfast.eu\" \/>\n<meta property=\"article:published_time\" content=\"2015-03-16T12:42:43+00:00\" \/>\n<meta property=\"article:modified_time\" content=\"2017-03-08T13:50:06+00:00\" \/>\n<meta property=\"og:image\" content=\"https:\/\/blog.bedandbreakfast.eu\/innkeepers\/wp-content\/uploads\/2015\/03\/foto_upload1_2_2.png\" \/>\n<meta name=\"author\" content=\"Janneke Scheepers\" \/>\n<meta name=\"twitter:card\" content=\"summary_large_image\" \/>\n<meta name=\"twitter:label1\" content=\"\u00c9crit par\" \/>\n\t<meta name=\"twitter:data1\" content=\"Janneke Scheepers\" \/>\n\t<meta name=\"twitter:label2\" content=\"Dur\u00e9e de lecture estim\u00e9e\" \/>\n\t<meta name=\"twitter:data2\" content=\"1 minute\" \/>\n<script type=\"application\/ld+json\" class=\"yoast-schema-graph\">{\"@context\":\"https:\\\/\\\/schema.org\",\"@graph\":[{\"@type\":\"Article\",\"@id\":\"https:\\\/\\\/blog.bedandbreakfast.eu\\\/innkeepers\\\/fr\\\/ajoutez-des-photos-de-votre-bed-breakfast-en-3-pas\\\/#article\",\"isPartOf\":{\"@id\":\"https:\\\/\\\/blog.bedandbreakfast.eu\\\/innkeepers\\\/fr\\\/ajoutez-des-photos-de-votre-bed-breakfast-en-3-pas\\\/\"},\"author\":{\"name\":\"Janneke Scheepers\",\"@id\":\"https:\\\/\\\/blog.bedandbreakfast.eu\\\/innkeepers\\\/fr\\\/#\\\/schema\\\/person\\\/b4ae3651092731c38023c7a74ad4772a\"},\"headline\":\"Ajoutez des photos de votre bed &#038; breakfast en 3 pas\",\"datePublished\":\"2015-03-16T12:42:43+00:00\",\"dateModified\":\"2017-03-08T13:50:06+00:00\",\"mainEntityOfPage\":{\"@id\":\"https:\\\/\\\/blog.bedandbreakfast.eu\\\/innkeepers\\\/fr\\\/ajoutez-des-photos-de-votre-bed-breakfast-en-3-pas\\\/\"},\"wordCount\":136,\"commentCount\":0,\"image\":{\"@id\":\"https:\\\/\\\/blog.bedandbreakfast.eu\\\/innkeepers\\\/fr\\\/ajoutez-des-photos-de-votre-bed-breakfast-en-3-pas\\\/#primaryimage\"},\"thumbnailUrl\":\"https:\\\/\\\/blog.bedandbreakfast.eu\\\/innkeepers\\\/wp-content\\\/uploads\\\/2015\\\/03\\\/foto_upload1_2_2.png\",\"articleSection\":[\"Promotion et Marketing\"],\"inLanguage\":\"fr-FR\",\"potentialAction\":[{\"@type\":\"CommentAction\",\"name\":\"Comment\",\"target\":[\"https:\\\/\\\/blog.bedandbreakfast.eu\\\/innkeepers\\\/fr\\\/ajoutez-des-photos-de-votre-bed-breakfast-en-3-pas\\\/#respond\"]}]},{\"@type\":\"WebPage\",\"@id\":\"https:\\\/\\\/blog.bedandbreakfast.eu\\\/innkeepers\\\/fr\\\/ajoutez-des-photos-de-votre-bed-breakfast-en-3-pas\\\/\",\"url\":\"https:\\\/\\\/blog.bedandbreakfast.eu\\\/innkeepers\\\/fr\\\/ajoutez-des-photos-de-votre-bed-breakfast-en-3-pas\\\/\",\"name\":\"Ajoutez des photos de votre bed & breakfast en 3 pas - Chambres d'H\u00f4tes Propri\u00e9taires Blog | Bedandbreakfast.eu\",\"isPartOf\":{\"@id\":\"https:\\\/\\\/blog.bedandbreakfast.eu\\\/innkeepers\\\/fr\\\/#website\"},\"primaryImageOfPage\":{\"@id\":\"https:\\\/\\\/blog.bedandbreakfast.eu\\\/innkeepers\\\/fr\\\/ajoutez-des-photos-de-votre-bed-breakfast-en-3-pas\\\/#primaryimage\"},\"image\":{\"@id\":\"https:\\\/\\\/blog.bedandbreakfast.eu\\\/innkeepers\\\/fr\\\/ajoutez-des-photos-de-votre-bed-breakfast-en-3-pas\\\/#primaryimage\"},\"thumbnailUrl\":\"https:\\\/\\\/blog.bedandbreakfast.eu\\\/innkeepers\\\/wp-content\\\/uploads\\\/2015\\\/03\\\/foto_upload1_2_2.png\",\"datePublished\":\"2015-03-16T12:42:43+00:00\",\"dateModified\":\"2017-03-08T13:50:06+00:00\",\"author\":{\"@id\":\"https:\\\/\\\/blog.bedandbreakfast.eu\\\/innkeepers\\\/fr\\\/#\\\/schema\\\/person\\\/b4ae3651092731c38023c7a74ad4772a\"},\"breadcrumb\":{\"@id\":\"https:\\\/\\\/blog.bedandbreakfast.eu\\\/innkeepers\\\/fr\\\/ajoutez-des-photos-de-votre-bed-breakfast-en-3-pas\\\/#breadcrumb\"},\"inLanguage\":\"fr-FR\",\"potentialAction\":[{\"@type\":\"ReadAction\",\"target\":[\"https:\\\/\\\/blog.bedandbreakfast.eu\\\/innkeepers\\\/fr\\\/ajoutez-des-photos-de-votre-bed-breakfast-en-3-pas\\\/\"]}]},{\"@type\":\"ImageObject\",\"inLanguage\":\"fr-FR\",\"@id\":\"https:\\\/\\\/blog.bedandbreakfast.eu\\\/innkeepers\\\/fr\\\/ajoutez-des-photos-de-votre-bed-breakfast-en-3-pas\\\/#primaryimage\",\"url\":\"https:\\\/\\\/blog.bedandbreakfast.eu\\\/innkeepers\\\/wp-content\\\/uploads\\\/2015\\\/03\\\/foto_upload1_2_2.png\",\"contentUrl\":\"https:\\\/\\\/blog.bedandbreakfast.eu\\\/innkeepers\\\/wp-content\\\/uploads\\\/2015\\\/03\\\/foto_upload1_2_2.png\"},{\"@type\":\"BreadcrumbList\",\"@id\":\"https:\\\/\\\/blog.bedandbreakfast.eu\\\/innkeepers\\\/fr\\\/ajoutez-des-photos-de-votre-bed-breakfast-en-3-pas\\\/#breadcrumb\",\"itemListElement\":[{\"@type\":\"ListItem\",\"position\":1,\"name\":\"Home\",\"item\":\"https:\\\/\\\/blog.bedandbreakfast.eu\\\/innkeepers\\\/fr\\\/\"},{\"@type\":\"ListItem\",\"position\":2,\"name\":\"Ajoutez des photos de votre bed &#038; breakfast en 3 pas\"}]},{\"@type\":\"WebSite\",\"@id\":\"https:\\\/\\\/blog.bedandbreakfast.eu\\\/innkeepers\\\/fr\\\/#website\",\"url\":\"https:\\\/\\\/blog.bedandbreakfast.eu\\\/innkeepers\\\/fr\\\/\",\"name\":\"Chambres d'H\u00f4tes Propri\u00e9taires Blog | Bedandbreakfast.eu\",\"description\":\"Blog pour les propri\u00e9taires des Chambres d'H\u00f4tes et Bed and Breakfast en Europe par Bedandbreakfast.eu. Conseils utiles de la vie pratique des B&B, des columns, workshops et les derni\u00e8res nouvelles de la branche de B&B. \",\"potentialAction\":[{\"@type\":\"SearchAction\",\"target\":{\"@type\":\"EntryPoint\",\"urlTemplate\":\"https:\\\/\\\/blog.bedandbreakfast.eu\\\/innkeepers\\\/fr\\\/?s={search_term_string}\"},\"query-input\":{\"@type\":\"PropertyValueSpecification\",\"valueRequired\":true,\"valueName\":\"search_term_string\"}}],\"inLanguage\":\"fr-FR\"},{\"@type\":\"Person\",\"@id\":\"https:\\\/\\\/blog.bedandbreakfast.eu\\\/innkeepers\\\/fr\\\/#\\\/schema\\\/person\\\/b4ae3651092731c38023c7a74ad4772a\",\"name\":\"Janneke Scheepers\",\"image\":{\"@type\":\"ImageObject\",\"inLanguage\":\"fr-FR\",\"@id\":\"https:\\\/\\\/secure.gravatar.com\\\/avatar\\\/0a6bacb5ed0777a84a2ec3cba709a9567f86b37d14036cca6a43feafe40d1900?s=96&d=mm&r=gde1005f89ab6c864f13b4d63395faf79\",\"url\":\"https:\\\/\\\/secure.gravatar.com\\\/avatar\\\/0a6bacb5ed0777a84a2ec3cba709a9567f86b37d14036cca6a43feafe40d1900?s=96&d=mm&r=g\",\"contentUrl\":\"https:\\\/\\\/secure.gravatar.com\\\/avatar\\\/0a6bacb5ed0777a84a2ec3cba709a9567f86b37d14036cca6a43feafe40d1900?s=96&d=mm&r=g\",\"caption\":\"Janneke Scheepers\"},\"sameAs\":[\"http:\\\/\\\/www.bedandbreakfast.eu\"],\"url\":\"https:\\\/\\\/blog.bedandbreakfast.eu\\\/innkeepers\\\/fr\\\/author\\\/janneke\\\/\"}]}<\/script>\n<!-- \/ Yoast SEO plugin. -->","yoast_head_json":{"title":"Ajoutez des photos de votre bed & breakfast en 3 pas - Chambres d'H\u00f4tes Propri\u00e9taires Blog | Bedandbreakfast.eu","robots":{"index":"index","follow":"follow","max-snippet":"max-snippet:-1","max-image-preview":"max-image-preview:large","max-video-preview":"max-video-preview:-1"},"canonical":"https:\/\/blog.bedandbreakfast.eu\/innkeepers\/fr\/ajoutez-des-photos-de-votre-bed-breakfast-en-3-pas\/","og_locale":"fr_FR","og_type":"article","og_title":"Ajoutez des photos de votre bed & breakfast en 3 pas - Chambres d'H\u00f4tes Propri\u00e9taires Blog | Bedandbreakfast.eu","og_description":"C\u2019est facile et rapide d\u2019ajouter des photos de votre bed &amp; breakfast sur Bedandbreakfast.eu. Suivez ces 3 pas faciles.","og_url":"https:\/\/blog.bedandbreakfast.eu\/innkeepers\/fr\/ajoutez-des-photos-de-votre-bed-breakfast-en-3-pas\/","og_site_name":"Chambres d'H\u00f4tes Propri\u00e9taires Blog | Bedandbreakfast.eu","article_published_time":"2015-03-16T12:42:43+00:00","article_modified_time":"2017-03-08T13:50:06+00:00","og_image":[{"url":"https:\/\/blog.bedandbreakfast.eu\/innkeepers\/wp-content\/uploads\/2015\/03\/foto_upload1_2_2.png","type":"","width":"","height":""}],"author":"Janneke Scheepers","twitter_card":"summary_large_image","twitter_misc":{"\u00c9crit par":"Janneke Scheepers","Dur\u00e9e de lecture estim\u00e9e":"1 minute"},"schema":{"@context":"https:\/\/schema.org","@graph":[{"@type":"Article","@id":"https:\/\/blog.bedandbreakfast.eu\/innkeepers\/fr\/ajoutez-des-photos-de-votre-bed-breakfast-en-3-pas\/#article","isPartOf":{"@id":"https:\/\/blog.bedandbreakfast.eu\/innkeepers\/fr\/ajoutez-des-photos-de-votre-bed-breakfast-en-3-pas\/"},"author":{"name":"Janneke Scheepers","@id":"https:\/\/blog.bedandbreakfast.eu\/innkeepers\/fr\/#\/schema\/person\/b4ae3651092731c38023c7a74ad4772a"},"headline":"Ajoutez des photos de votre bed &#038; breakfast en 3 pas","datePublished":"2015-03-16T12:42:43+00:00","dateModified":"2017-03-08T13:50:06+00:00","mainEntityOfPage":{"@id":"https:\/\/blog.bedandbreakfast.eu\/innkeepers\/fr\/ajoutez-des-photos-de-votre-bed-breakfast-en-3-pas\/"},"wordCount":136,"commentCount":0,"image":{"@id":"https:\/\/blog.bedandbreakfast.eu\/innkeepers\/fr\/ajoutez-des-photos-de-votre-bed-breakfast-en-3-pas\/#primaryimage"},"thumbnailUrl":"https:\/\/blog.bedandbreakfast.eu\/innkeepers\/wp-content\/uploads\/2015\/03\/foto_upload1_2_2.png","articleSection":["Promotion et Marketing"],"inLanguage":"fr-FR","potentialAction":[{"@type":"CommentAction","name":"Comment","target":["https:\/\/blog.bedandbreakfast.eu\/innkeepers\/fr\/ajoutez-des-photos-de-votre-bed-breakfast-en-3-pas\/#respond"]}]},{"@type":"WebPage","@id":"https:\/\/blog.bedandbreakfast.eu\/innkeepers\/fr\/ajoutez-des-photos-de-votre-bed-breakfast-en-3-pas\/","url":"https:\/\/blog.bedandbreakfast.eu\/innkeepers\/fr\/ajoutez-des-photos-de-votre-bed-breakfast-en-3-pas\/","name":"Ajoutez des photos de votre bed & breakfast en 3 pas - Chambres d'H\u00f4tes Propri\u00e9taires Blog | Bedandbreakfast.eu","isPartOf":{"@id":"https:\/\/blog.bedandbreakfast.eu\/innkeepers\/fr\/#website"},"primaryImageOfPage":{"@id":"https:\/\/blog.bedandbreakfast.eu\/innkeepers\/fr\/ajoutez-des-photos-de-votre-bed-breakfast-en-3-pas\/#primaryimage"},"image":{"@id":"https:\/\/blog.bedandbreakfast.eu\/innkeepers\/fr\/ajoutez-des-photos-de-votre-bed-breakfast-en-3-pas\/#primaryimage"},"thumbnailUrl":"https:\/\/blog.bedandbreakfast.eu\/innkeepers\/wp-content\/uploads\/2015\/03\/foto_upload1_2_2.png","datePublished":"2015-03-16T12:42:43+00:00","dateModified":"2017-03-08T13:50:06+00:00","author":{"@id":"https:\/\/blog.bedandbreakfast.eu\/innkeepers\/fr\/#\/schema\/person\/b4ae3651092731c38023c7a74ad4772a"},"breadcrumb":{"@id":"https:\/\/blog.bedandbreakfast.eu\/innkeepers\/fr\/ajoutez-des-photos-de-votre-bed-breakfast-en-3-pas\/#breadcrumb"},"inLanguage":"fr-FR","potentialAction":[{"@type":"ReadAction","target":["https:\/\/blog.bedandbreakfast.eu\/innkeepers\/fr\/ajoutez-des-photos-de-votre-bed-breakfast-en-3-pas\/"]}]},{"@type":"ImageObject","inLanguage":"fr-FR","@id":"https:\/\/blog.bedandbreakfast.eu\/innkeepers\/fr\/ajoutez-des-photos-de-votre-bed-breakfast-en-3-pas\/#primaryimage","url":"https:\/\/blog.bedandbreakfast.eu\/innkeepers\/wp-content\/uploads\/2015\/03\/foto_upload1_2_2.png","contentUrl":"https:\/\/blog.bedandbreakfast.eu\/innkeepers\/wp-content\/uploads\/2015\/03\/foto_upload1_2_2.png"},{"@type":"BreadcrumbList","@id":"https:\/\/blog.bedandbreakfast.eu\/innkeepers\/fr\/ajoutez-des-photos-de-votre-bed-breakfast-en-3-pas\/#breadcrumb","itemListElement":[{"@type":"ListItem","position":1,"name":"Home","item":"https:\/\/blog.bedandbreakfast.eu\/innkeepers\/fr\/"},{"@type":"ListItem","position":2,"name":"Ajoutez des photos de votre bed &#038; breakfast en 3 pas"}]},{"@type":"WebSite","@id":"https:\/\/blog.bedandbreakfast.eu\/innkeepers\/fr\/#website","url":"https:\/\/blog.bedandbreakfast.eu\/innkeepers\/fr\/","name":"Chambres d'H\u00f4tes Propri\u00e9taires Blog | Bedandbreakfast.eu","description":"Blog pour les propri\u00e9taires des Chambres d'H\u00f4tes et Bed and Breakfast en Europe par Bedandbreakfast.eu. Conseils utiles de la vie pratique des B&B, des columns, workshops et les derni\u00e8res nouvelles de la branche de B&B. ","potentialAction":[{"@type":"SearchAction","target":{"@type":"EntryPoint","urlTemplate":"https:\/\/blog.bedandbreakfast.eu\/innkeepers\/fr\/?s={search_term_string}"},"query-input":{"@type":"PropertyValueSpecification","valueRequired":true,"valueName":"search_term_string"}}],"inLanguage":"fr-FR"},{"@type":"Person","@id":"https:\/\/blog.bedandbreakfast.eu\/innkeepers\/fr\/#\/schema\/person\/b4ae3651092731c38023c7a74ad4772a","name":"Janneke Scheepers","image":{"@type":"ImageObject","inLanguage":"fr-FR","@id":"https:\/\/secure.gravatar.com\/avatar\/0a6bacb5ed0777a84a2ec3cba709a9567f86b37d14036cca6a43feafe40d1900?s=96&d=mm&r=gde1005f89ab6c864f13b4d63395faf79","url":"https:\/\/secure.gravatar.com\/avatar\/0a6bacb5ed0777a84a2ec3cba709a9567f86b37d14036cca6a43feafe40d1900?s=96&d=mm&r=g","contentUrl":"https:\/\/secure.gravatar.com\/avatar\/0a6bacb5ed0777a84a2ec3cba709a9567f86b37d14036cca6a43feafe40d1900?s=96&d=mm&r=g","caption":"Janneke Scheepers"},"sameAs":["http:\/\/www.bedandbreakfast.eu"],"url":"https:\/\/blog.bedandbreakfast.eu\/innkeepers\/fr\/author\/janneke\/"}]}},"jetpack_publicize_connections":[],"jetpack_featured_media_url":"","jetpack_shortlink":"https:\/\/wp.me\/p1XI7S-1BU","jetpack_sharing_enabled":true,"_links":{"self":[{"href":"https:\/\/blog.bedandbreakfast.eu\/innkeepers\/fr\/wp-json\/wp\/v2\/posts\/6194","targetHints":{"allow":["GET"]}}],"collection":[{"href":"https:\/\/blog.bedandbreakfast.eu\/innkeepers\/fr\/wp-json\/wp\/v2\/posts"}],"about":[{"href":"https:\/\/blog.bedandbreakfast.eu\/innkeepers\/fr\/wp-json\/wp\/v2\/types\/post"}],"author":[{"embeddable":true,"href":"https:\/\/blog.bedandbreakfast.eu\/innkeepers\/fr\/wp-json\/wp\/v2\/users\/2"}],"replies":[{"embeddable":true,"href":"https:\/\/blog.bedandbreakfast.eu\/innkeepers\/fr\/wp-json\/wp\/v2\/comments?post=6194"}],"version-history":[{"count":10,"href":"https:\/\/blog.bedandbreakfast.eu\/innkeepers\/fr\/wp-json\/wp\/v2\/posts\/6194\/revisions"}],"predecessor-version":[{"id":8351,"href":"https:\/\/blog.bedandbreakfast.eu\/innkeepers\/fr\/wp-json\/wp\/v2\/posts\/6194\/revisions\/8351"}],"wp:attachment":[{"href":"https:\/\/blog.bedandbreakfast.eu\/innkeepers\/fr\/wp-json\/wp\/v2\/media?parent=6194"}],"wp:term":[{"taxonomy":"category","embeddable":true,"href":"https:\/\/blog.bedandbreakfast.eu\/innkeepers\/fr\/wp-json\/wp\/v2\/categories?post=6194"},{"taxonomy":"post_tag","embeddable":true,"href":"https:\/\/blog.bedandbreakfast.eu\/innkeepers\/fr\/wp-json\/wp\/v2\/tags?post=6194"},{"taxonomy":"author","embeddable":true,"href":"https:\/\/blog.bedandbreakfast.eu\/innkeepers\/fr\/wp-json\/wp\/v2\/coauthors?post=6194"}],"curies":[{"name":"wp","href":"https:\/\/api.w.org\/{rel}","templated":true}]}}