{"id":5542,"date":"2014-03-07T14:31:18","date_gmt":"2014-03-07T14:31:18","guid":{"rendered":"https:\/\/blog.bedandbreakfast.eu\/innkeepers\/2014\/03\/07\/la-commission-europeenne-demande-votre-opinion-sur-politique-du-tourisme\/"},"modified":"2014-03-07T14:31:18","modified_gmt":"2014-03-07T14:31:18","slug":"la-commission-europeenne-demande-votre-opinion-sur-politique-du-tourisme","status":"publish","type":"post","link":"https:\/\/blog.bedandbreakfast.eu\/innkeepers\/fr\/la-commission-europeenne-demande-votre-opinion-sur-politique-du-tourisme\/","title":{"rendered":"La Commission Europ\u00e9enne demande votre opinion sur politique du tourisme"},"content":{"rendered":"<div id=\"attachment_8438\" style=\"width: 410px\" class=\"wp-caption alignnone\"><a href=\"http:\/\/www.bedandbreakfast.eu\" rel=\"attachment wp-att-8438\"><img loading=\"lazy\" decoding=\"async\" aria-describedby=\"caption-attachment-8438\" class=\"size-full wp-image-8438  \" title=\"B&amp;B enquete\" alt=\"Bed &amp; Breakfast enqu\u00eate\" src=\"http:\/\/www.bedandbreakfast.nl\/blog\/eigenaren\/wp-content\/uploads\/2014\/02\/consultation.jpg\" width=\"400\" height=\"263\" \/><\/a><p id=\"caption-attachment-8438\" class=\"wp-caption-text\">Comment exp\u00e9rimentez-vous la pression des r\u00e8gles lorsque vous tenez votre chambre d&#8217;h\u00f4tes ?<\/p><\/div>\n<p>Que pensez- vous, en tant que propri\u00e9taire de bed &amp; breakfast, de l\u2019avenir du tourisme en Europe ? Pensez-vous qu\u2019il faudra des changements au niveau de la loi et des r\u00e8gles du c\u00f4t\u00e9 touristique ? Comment exp\u00e9rimentez-vous la pression des r\u00e8gles lorsque vous tenez votre B&amp;B ? La Commission Europ\u00e9enne demande votre opinion sur la politique touristique.<!--more--><\/p>\n<p>Par le biais de deux enqu\u00eates en langue anglaise pour des personnes consid\u00e9r\u00e9es la Commission Europ\u00e9enne souhaite montrer les chances et les boulets d\u2019\u00e9tranglement les plus importants pour le secteur touristique. Elle veut \u00e9galement diminuer la pression des r\u00e8gles. Il s\u2019agit des enqu\u00eates suivantes :<\/p>\n<p><b>Consultation ouverte sur les r\u00e8gles et structure administrative<br \/>\n<\/b>Cette enqu\u00eate fait une recherche sur les boulets d\u2019\u00e9tranglement d\u00e9rangeants le d\u00e9but et le fonctionnement d\u2019une entreprise touristique avec du succ\u00e8s ( par exemple une pression administrative excessive au niveau local ). Vous pourrez cocher par case de politique quel est le probl\u00e8me d\u2019apr\u00e8s vous et vous donnerez ensuite la motivation pour votre choix. <a title=\"Enqu\u00eate 1\" href=\"http:\/\/ec.europa.eu\/eusurvey\/runner\/tourism_regulations%20\">Vers l\u2019enqu\u00eate &gt;&gt;<\/a><\/p>\n<p><b>Consultation sur l\u2019avenir du tourisme en Europe<br \/>\n<\/b>Dans cette enqu\u00eate vous pourrez mentionner quels sont d\u2019apr\u00e8s vous les chances et les d\u00e9fis les plus importants pour le secteur touristique dans les cinq au dix ans \u00e0 venir. L\u2019enqu\u00eate demande \u00e9galement ce que l\u2019UE devra faire dans un premier temps pour renforcer la force concurrente de l\u2019industrie touristique europ\u00e9enne. Vous pourrez envoyer votre propre vision. <a title=\"Enqu\u00eate 2\" href=\"http:\/\/ec.europa.eu\/eusurvey\/runner\/2e7395a8-d740-3624-f4b2-7b9f3826546c%20\">Vers l\u2019enqu\u00eate &gt;&gt;<\/a><\/p>\n<p>Pour les propri\u00e9taires de B&amp;B la consultation sur les r\u00e8gles est probablement la plus int\u00e9ressante. Les enqu\u00eates peuvent \u00eatre remplies jusqu\u2019au 15 mars 2014. On va tenir compte des r\u00e9sultats lors de la r\u00e9alisation de la nouvelle politique europ\u00e9enne, ce qui est promis par la Commission Europ\u00e9enne.<\/p>\n","protected":false},"excerpt":{"rendered":"<p>Que pensez- vous, en tant que propri\u00e9taire de bed &amp; breakfast, de l\u2019avenir du tourisme en Europe ? Pensez-vous qu\u2019il faudra des changements au niveau de la loi et des r\u00e8gles du c\u00f4t\u00e9 touristique ? Comment exp\u00e9rimentez-vous la pression des r\u00e8gles lorsque vous tenez votre B&amp;B ? La Commission Europ\u00e9enne demande votre opinion sur la [&hellip;]<\/p>\n","protected":false},"author":2,"featured_media":0,"comment_status":"open","ping_status":"open","sticky":false,"template":"","format":"standard","meta":{"_monsterinsights_skip_tracking":false,"_monsterinsights_sitenote_active":false,"_monsterinsights_sitenote_note":"","_monsterinsights_sitenote_category":0,"_jetpack_newsletter_access":"","_jetpack_dont_email_post_to_subs":false,"_jetpack_newsletter_tier_id":0,"_jetpack_memberships_contains_paywalled_content":false,"_jetpack_feature_clip_id":0,"_jetpack_memberships_contains_paid_content":false,"footnotes":"","jetpack_publicize_message":"","jetpack_publicize_feature_enabled":true,"jetpack_social_post_already_shared":true,"jetpack_social_options":{"image_generator_settings":{"template":"highway","default_image_id":0,"font":"","enabled":false},"version":2},"jetpack_post_was_ever_published":false},"categories":[],"tags":[],"coauthors":[],"class_list":["post-5542","post","type-post","status-publish","format-standard","hentry"],"yoast_head":"<!-- This site is optimized with the Yoast SEO plugin v28.4 - https:\/\/yoast.com\/product\/yoast-seo-wordpress\/ -->\n<title>La Commission Europ\u00e9enne demande votre opinion sur politique du tourisme - Chambres d&#039;H\u00f4tes Propri\u00e9taires Blog | Bedandbreakfast.eu<\/title>\n<meta name=\"robots\" content=\"index, follow, max-snippet:-1, max-image-preview:large, max-video-preview:-1\" \/>\n<link rel=\"canonical\" href=\"https:\/\/blog.bedandbreakfast.eu\/innkeepers\/fr\/la-commission-europeenne-demande-votre-opinion-sur-politique-du-tourisme\/\" \/>\n<meta property=\"og:locale\" content=\"fr_FR\" \/>\n<meta property=\"og:type\" content=\"article\" \/>\n<meta property=\"og:title\" content=\"La Commission Europ\u00e9enne demande votre opinion sur politique du tourisme - Chambres d&#039;H\u00f4tes Propri\u00e9taires Blog | Bedandbreakfast.eu\" \/>\n<meta property=\"og:description\" content=\"Que pensez- vous, en tant que propri\u00e9taire de bed &amp; breakfast, de l\u2019avenir du tourisme en Europe ? Pensez-vous qu\u2019il faudra des changements au niveau de la loi et des r\u00e8gles du c\u00f4t\u00e9 touristique ? Comment exp\u00e9rimentez-vous la pression des r\u00e8gles lorsque vous tenez votre B&amp;B ? La Commission Europ\u00e9enne demande votre opinion sur la [&hellip;]\" \/>\n<meta property=\"og:url\" content=\"https:\/\/blog.bedandbreakfast.eu\/innkeepers\/fr\/la-commission-europeenne-demande-votre-opinion-sur-politique-du-tourisme\/\" \/>\n<meta property=\"og:site_name\" content=\"Chambres d&#039;H\u00f4tes Propri\u00e9taires Blog | Bedandbreakfast.eu\" \/>\n<meta property=\"article:published_time\" content=\"2014-03-07T14:31:18+00:00\" \/>\n<meta property=\"og:image\" content=\"http:\/\/www.bedandbreakfast.nl\/blog\/eigenaren\/wp-content\/uploads\/2014\/02\/consultation.jpg\" \/>\n<meta name=\"author\" content=\"Janneke Scheepers\" \/>\n<meta name=\"twitter:card\" content=\"summary_large_image\" \/>\n<meta name=\"twitter:label1\" content=\"\u00c9crit par\" \/>\n\t<meta name=\"twitter:data1\" content=\"Janneke Scheepers\" \/>\n\t<meta name=\"twitter:label2\" content=\"Dur\u00e9e de lecture estim\u00e9e\" \/>\n\t<meta name=\"twitter:data2\" content=\"2 minutes\" \/>\n\t<meta name=\"twitter:label3\" content=\"Written by\" \/>\n\t<meta name=\"twitter:data3\" content=\"Janneke Scheepers\" \/>\n<script type=\"application\/ld+json\" class=\"yoast-schema-graph\">{\"@context\":\"https:\\\/\\\/schema.org\",\"@graph\":[{\"@type\":\"Article\",\"@id\":\"https:\\\/\\\/blog.bedandbreakfast.eu\\\/innkeepers\\\/fr\\\/la-commission-europeenne-demande-votre-opinion-sur-politique-du-tourisme\\\/#article\",\"isPartOf\":{\"@id\":\"https:\\\/\\\/blog.bedandbreakfast.eu\\\/innkeepers\\\/fr\\\/la-commission-europeenne-demande-votre-opinion-sur-politique-du-tourisme\\\/\"},\"author\":{\"name\":\"Janneke Scheepers\",\"@id\":\"https:\\\/\\\/blog.bedandbreakfast.eu\\\/innkeepers\\\/fr\\\/#\\\/schema\\\/person\\\/b4ae3651092731c38023c7a74ad4772a\"},\"headline\":\"La Commission Europ\u00e9enne demande votre opinion sur politique du tourisme\",\"datePublished\":\"2014-03-07T14:31:18+00:00\",\"mainEntityOfPage\":{\"@id\":\"https:\\\/\\\/blog.bedandbreakfast.eu\\\/innkeepers\\\/fr\\\/la-commission-europeenne-demande-votre-opinion-sur-politique-du-tourisme\\\/\"},\"wordCount\":361,\"commentCount\":0,\"image\":{\"@id\":\"https:\\\/\\\/blog.bedandbreakfast.eu\\\/innkeepers\\\/fr\\\/la-commission-europeenne-demande-votre-opinion-sur-politique-du-tourisme\\\/#primaryimage\"},\"thumbnailUrl\":\"http:\\\/\\\/www.bedandbreakfast.nl\\\/blog\\\/eigenaren\\\/wp-content\\\/uploads\\\/2014\\\/02\\\/consultation.jpg\",\"inLanguage\":\"fr-FR\",\"potentialAction\":[{\"@type\":\"CommentAction\",\"name\":\"Comment\",\"target\":[\"https:\\\/\\\/blog.bedandbreakfast.eu\\\/innkeepers\\\/fr\\\/la-commission-europeenne-demande-votre-opinion-sur-politique-du-tourisme\\\/#respond\"]}]},{\"@type\":\"WebPage\",\"@id\":\"https:\\\/\\\/blog.bedandbreakfast.eu\\\/innkeepers\\\/fr\\\/la-commission-europeenne-demande-votre-opinion-sur-politique-du-tourisme\\\/\",\"url\":\"https:\\\/\\\/blog.bedandbreakfast.eu\\\/innkeepers\\\/fr\\\/la-commission-europeenne-demande-votre-opinion-sur-politique-du-tourisme\\\/\",\"name\":\"La Commission Europ\u00e9enne demande votre opinion sur politique du tourisme - Chambres d'H\u00f4tes Propri\u00e9taires Blog | Bedandbreakfast.eu\",\"isPartOf\":{\"@id\":\"https:\\\/\\\/blog.bedandbreakfast.eu\\\/innkeepers\\\/fr\\\/#website\"},\"primaryImageOfPage\":{\"@id\":\"https:\\\/\\\/blog.bedandbreakfast.eu\\\/innkeepers\\\/fr\\\/la-commission-europeenne-demande-votre-opinion-sur-politique-du-tourisme\\\/#primaryimage\"},\"image\":{\"@id\":\"https:\\\/\\\/blog.bedandbreakfast.eu\\\/innkeepers\\\/fr\\\/la-commission-europeenne-demande-votre-opinion-sur-politique-du-tourisme\\\/#primaryimage\"},\"thumbnailUrl\":\"http:\\\/\\\/www.bedandbreakfast.nl\\\/blog\\\/eigenaren\\\/wp-content\\\/uploads\\\/2014\\\/02\\\/consultation.jpg\",\"datePublished\":\"2014-03-07T14:31:18+00:00\",\"author\":{\"@id\":\"https:\\\/\\\/blog.bedandbreakfast.eu\\\/innkeepers\\\/fr\\\/#\\\/schema\\\/person\\\/b4ae3651092731c38023c7a74ad4772a\"},\"breadcrumb\":{\"@id\":\"https:\\\/\\\/blog.bedandbreakfast.eu\\\/innkeepers\\\/fr\\\/la-commission-europeenne-demande-votre-opinion-sur-politique-du-tourisme\\\/#breadcrumb\"},\"inLanguage\":\"fr-FR\",\"potentialAction\":[{\"@type\":\"ReadAction\",\"target\":[\"https:\\\/\\\/blog.bedandbreakfast.eu\\\/innkeepers\\\/fr\\\/la-commission-europeenne-demande-votre-opinion-sur-politique-du-tourisme\\\/\"]}]},{\"@type\":\"ImageObject\",\"inLanguage\":\"fr-FR\",\"@id\":\"https:\\\/\\\/blog.bedandbreakfast.eu\\\/innkeepers\\\/fr\\\/la-commission-europeenne-demande-votre-opinion-sur-politique-du-tourisme\\\/#primaryimage\",\"url\":\"http:\\\/\\\/www.bedandbreakfast.nl\\\/blog\\\/eigenaren\\\/wp-content\\\/uploads\\\/2014\\\/02\\\/consultation.jpg\",\"contentUrl\":\"http:\\\/\\\/www.bedandbreakfast.nl\\\/blog\\\/eigenaren\\\/wp-content\\\/uploads\\\/2014\\\/02\\\/consultation.jpg\"},{\"@type\":\"BreadcrumbList\",\"@id\":\"https:\\\/\\\/blog.bedandbreakfast.eu\\\/innkeepers\\\/fr\\\/la-commission-europeenne-demande-votre-opinion-sur-politique-du-tourisme\\\/#breadcrumb\",\"itemListElement\":[{\"@type\":\"ListItem\",\"position\":1,\"name\":\"Home\",\"item\":\"https:\\\/\\\/blog.bedandbreakfast.eu\\\/innkeepers\\\/fr\\\/\"},{\"@type\":\"ListItem\",\"position\":2,\"name\":\"La Commission Europ\u00e9enne demande votre opinion sur politique du tourisme\"}]},{\"@type\":\"WebSite\",\"@id\":\"https:\\\/\\\/blog.bedandbreakfast.eu\\\/innkeepers\\\/fr\\\/#website\",\"url\":\"https:\\\/\\\/blog.bedandbreakfast.eu\\\/innkeepers\\\/fr\\\/\",\"name\":\"Chambres d'H\u00f4tes Propri\u00e9taires Blog | Bedandbreakfast.eu\",\"description\":\"Blog pour les propri\u00e9taires des Chambres d'H\u00f4tes et Bed and Breakfast en Europe par Bedandbreakfast.eu. Conseils utiles de la vie pratique des B&B, des columns, workshops et les derni\u00e8res nouvelles de la branche de B&B. \",\"potentialAction\":[{\"@type\":\"SearchAction\",\"target\":{\"@type\":\"EntryPoint\",\"urlTemplate\":\"https:\\\/\\\/blog.bedandbreakfast.eu\\\/innkeepers\\\/fr\\\/?s={search_term_string}\"},\"query-input\":{\"@type\":\"PropertyValueSpecification\",\"valueRequired\":true,\"valueName\":\"search_term_string\"}}],\"inLanguage\":\"fr-FR\"},{\"@type\":\"Person\",\"@id\":\"https:\\\/\\\/blog.bedandbreakfast.eu\\\/innkeepers\\\/fr\\\/#\\\/schema\\\/person\\\/b4ae3651092731c38023c7a74ad4772a\",\"name\":\"Janneke Scheepers\",\"image\":{\"@type\":\"ImageObject\",\"inLanguage\":\"fr-FR\",\"@id\":\"https:\\\/\\\/secure.gravatar.com\\\/avatar\\\/0a6bacb5ed0777a84a2ec3cba709a9567f86b37d14036cca6a43feafe40d1900?s=96&d=mm&r=gde1005f89ab6c864f13b4d63395faf79\",\"url\":\"https:\\\/\\\/secure.gravatar.com\\\/avatar\\\/0a6bacb5ed0777a84a2ec3cba709a9567f86b37d14036cca6a43feafe40d1900?s=96&d=mm&r=g\",\"contentUrl\":\"https:\\\/\\\/secure.gravatar.com\\\/avatar\\\/0a6bacb5ed0777a84a2ec3cba709a9567f86b37d14036cca6a43feafe40d1900?s=96&d=mm&r=g\",\"caption\":\"Janneke Scheepers\"},\"sameAs\":[\"http:\\\/\\\/www.bedandbreakfast.eu\"],\"url\":\"https:\\\/\\\/blog.bedandbreakfast.eu\\\/innkeepers\\\/fr\\\/author\\\/janneke\\\/\"}]}<\/script>\n<!-- \/ Yoast SEO plugin. -->","yoast_head_json":{"title":"La Commission Europ\u00e9enne demande votre opinion sur politique du tourisme - Chambres d'H\u00f4tes Propri\u00e9taires Blog | Bedandbreakfast.eu","robots":{"index":"index","follow":"follow","max-snippet":"max-snippet:-1","max-image-preview":"max-image-preview:large","max-video-preview":"max-video-preview:-1"},"canonical":"https:\/\/blog.bedandbreakfast.eu\/innkeepers\/fr\/la-commission-europeenne-demande-votre-opinion-sur-politique-du-tourisme\/","og_locale":"fr_FR","og_type":"article","og_title":"La Commission Europ\u00e9enne demande votre opinion sur politique du tourisme - Chambres d'H\u00f4tes Propri\u00e9taires Blog | Bedandbreakfast.eu","og_description":"Que pensez- vous, en tant que propri\u00e9taire de bed &amp; breakfast, de l\u2019avenir du tourisme en Europe ? Pensez-vous qu\u2019il faudra des changements au niveau de la loi et des r\u00e8gles du c\u00f4t\u00e9 touristique ? Comment exp\u00e9rimentez-vous la pression des r\u00e8gles lorsque vous tenez votre B&amp;B ? La Commission Europ\u00e9enne demande votre opinion sur la [&hellip;]","og_url":"https:\/\/blog.bedandbreakfast.eu\/innkeepers\/fr\/la-commission-europeenne-demande-votre-opinion-sur-politique-du-tourisme\/","og_site_name":"Chambres d'H\u00f4tes Propri\u00e9taires Blog | Bedandbreakfast.eu","article_published_time":"2014-03-07T14:31:18+00:00","og_image":[{"url":"http:\/\/www.bedandbreakfast.nl\/blog\/eigenaren\/wp-content\/uploads\/2014\/02\/consultation.jpg","type":"","width":"","height":""}],"author":"Janneke Scheepers","twitter_card":"summary_large_image","twitter_misc":{"\u00c9crit par":"Janneke Scheepers","Dur\u00e9e de lecture estim\u00e9e":"2 minutes","Written by":"Janneke Scheepers"},"schema":{"@context":"https:\/\/schema.org","@graph":[{"@type":"Article","@id":"https:\/\/blog.bedandbreakfast.eu\/innkeepers\/fr\/la-commission-europeenne-demande-votre-opinion-sur-politique-du-tourisme\/#article","isPartOf":{"@id":"https:\/\/blog.bedandbreakfast.eu\/innkeepers\/fr\/la-commission-europeenne-demande-votre-opinion-sur-politique-du-tourisme\/"},"author":{"name":"Janneke Scheepers","@id":"https:\/\/blog.bedandbreakfast.eu\/innkeepers\/fr\/#\/schema\/person\/b4ae3651092731c38023c7a74ad4772a"},"headline":"La Commission Europ\u00e9enne demande votre opinion sur politique du tourisme","datePublished":"2014-03-07T14:31:18+00:00","mainEntityOfPage":{"@id":"https:\/\/blog.bedandbreakfast.eu\/innkeepers\/fr\/la-commission-europeenne-demande-votre-opinion-sur-politique-du-tourisme\/"},"wordCount":361,"commentCount":0,"image":{"@id":"https:\/\/blog.bedandbreakfast.eu\/innkeepers\/fr\/la-commission-europeenne-demande-votre-opinion-sur-politique-du-tourisme\/#primaryimage"},"thumbnailUrl":"http:\/\/www.bedandbreakfast.nl\/blog\/eigenaren\/wp-content\/uploads\/2014\/02\/consultation.jpg","inLanguage":"fr-FR","potentialAction":[{"@type":"CommentAction","name":"Comment","target":["https:\/\/blog.bedandbreakfast.eu\/innkeepers\/fr\/la-commission-europeenne-demande-votre-opinion-sur-politique-du-tourisme\/#respond"]}]},{"@type":"WebPage","@id":"https:\/\/blog.bedandbreakfast.eu\/innkeepers\/fr\/la-commission-europeenne-demande-votre-opinion-sur-politique-du-tourisme\/","url":"https:\/\/blog.bedandbreakfast.eu\/innkeepers\/fr\/la-commission-europeenne-demande-votre-opinion-sur-politique-du-tourisme\/","name":"La Commission Europ\u00e9enne demande votre opinion sur politique du tourisme - Chambres d'H\u00f4tes Propri\u00e9taires Blog | Bedandbreakfast.eu","isPartOf":{"@id":"https:\/\/blog.bedandbreakfast.eu\/innkeepers\/fr\/#website"},"primaryImageOfPage":{"@id":"https:\/\/blog.bedandbreakfast.eu\/innkeepers\/fr\/la-commission-europeenne-demande-votre-opinion-sur-politique-du-tourisme\/#primaryimage"},"image":{"@id":"https:\/\/blog.bedandbreakfast.eu\/innkeepers\/fr\/la-commission-europeenne-demande-votre-opinion-sur-politique-du-tourisme\/#primaryimage"},"thumbnailUrl":"http:\/\/www.bedandbreakfast.nl\/blog\/eigenaren\/wp-content\/uploads\/2014\/02\/consultation.jpg","datePublished":"2014-03-07T14:31:18+00:00","author":{"@id":"https:\/\/blog.bedandbreakfast.eu\/innkeepers\/fr\/#\/schema\/person\/b4ae3651092731c38023c7a74ad4772a"},"breadcrumb":{"@id":"https:\/\/blog.bedandbreakfast.eu\/innkeepers\/fr\/la-commission-europeenne-demande-votre-opinion-sur-politique-du-tourisme\/#breadcrumb"},"inLanguage":"fr-FR","potentialAction":[{"@type":"ReadAction","target":["https:\/\/blog.bedandbreakfast.eu\/innkeepers\/fr\/la-commission-europeenne-demande-votre-opinion-sur-politique-du-tourisme\/"]}]},{"@type":"ImageObject","inLanguage":"fr-FR","@id":"https:\/\/blog.bedandbreakfast.eu\/innkeepers\/fr\/la-commission-europeenne-demande-votre-opinion-sur-politique-du-tourisme\/#primaryimage","url":"http:\/\/www.bedandbreakfast.nl\/blog\/eigenaren\/wp-content\/uploads\/2014\/02\/consultation.jpg","contentUrl":"http:\/\/www.bedandbreakfast.nl\/blog\/eigenaren\/wp-content\/uploads\/2014\/02\/consultation.jpg"},{"@type":"BreadcrumbList","@id":"https:\/\/blog.bedandbreakfast.eu\/innkeepers\/fr\/la-commission-europeenne-demande-votre-opinion-sur-politique-du-tourisme\/#breadcrumb","itemListElement":[{"@type":"ListItem","position":1,"name":"Home","item":"https:\/\/blog.bedandbreakfast.eu\/innkeepers\/fr\/"},{"@type":"ListItem","position":2,"name":"La Commission Europ\u00e9enne demande votre opinion sur politique du tourisme"}]},{"@type":"WebSite","@id":"https:\/\/blog.bedandbreakfast.eu\/innkeepers\/fr\/#website","url":"https:\/\/blog.bedandbreakfast.eu\/innkeepers\/fr\/","name":"Chambres d'H\u00f4tes Propri\u00e9taires Blog | Bedandbreakfast.eu","description":"Blog pour les propri\u00e9taires des Chambres d'H\u00f4tes et Bed and Breakfast en Europe par Bedandbreakfast.eu. Conseils utiles de la vie pratique des B&B, des columns, workshops et les derni\u00e8res nouvelles de la branche de B&B. ","potentialAction":[{"@type":"SearchAction","target":{"@type":"EntryPoint","urlTemplate":"https:\/\/blog.bedandbreakfast.eu\/innkeepers\/fr\/?s={search_term_string}"},"query-input":{"@type":"PropertyValueSpecification","valueRequired":true,"valueName":"search_term_string"}}],"inLanguage":"fr-FR"},{"@type":"Person","@id":"https:\/\/blog.bedandbreakfast.eu\/innkeepers\/fr\/#\/schema\/person\/b4ae3651092731c38023c7a74ad4772a","name":"Janneke Scheepers","image":{"@type":"ImageObject","inLanguage":"fr-FR","@id":"https:\/\/secure.gravatar.com\/avatar\/0a6bacb5ed0777a84a2ec3cba709a9567f86b37d14036cca6a43feafe40d1900?s=96&d=mm&r=gde1005f89ab6c864f13b4d63395faf79","url":"https:\/\/secure.gravatar.com\/avatar\/0a6bacb5ed0777a84a2ec3cba709a9567f86b37d14036cca6a43feafe40d1900?s=96&d=mm&r=g","contentUrl":"https:\/\/secure.gravatar.com\/avatar\/0a6bacb5ed0777a84a2ec3cba709a9567f86b37d14036cca6a43feafe40d1900?s=96&d=mm&r=g","caption":"Janneke Scheepers"},"sameAs":["http:\/\/www.bedandbreakfast.eu"],"url":"https:\/\/blog.bedandbreakfast.eu\/innkeepers\/fr\/author\/janneke\/"}]}},"jetpack_publicize_connections":[],"jetpack_shortlink":"https:\/\/wp.me\/p1XI7S-1ro","jetpack_sharing_enabled":true,"jetpack_featured_media_url":"","_links":{"self":[{"href":"https:\/\/blog.bedandbreakfast.eu\/innkeepers\/fr\/wp-json\/wp\/v2\/posts\/5542","targetHints":{"allow":["GET"]}}],"collection":[{"href":"https:\/\/blog.bedandbreakfast.eu\/innkeepers\/fr\/wp-json\/wp\/v2\/posts"}],"about":[{"href":"https:\/\/blog.bedandbreakfast.eu\/innkeepers\/fr\/wp-json\/wp\/v2\/types\/post"}],"author":[{"embeddable":true,"href":"https:\/\/blog.bedandbreakfast.eu\/innkeepers\/fr\/wp-json\/wp\/v2\/users\/2"}],"replies":[{"embeddable":true,"href":"https:\/\/blog.bedandbreakfast.eu\/innkeepers\/fr\/wp-json\/wp\/v2\/comments?post=5542"}],"version-history":[{"count":0,"href":"https:\/\/blog.bedandbreakfast.eu\/innkeepers\/fr\/wp-json\/wp\/v2\/posts\/5542\/revisions"}],"wp:attachment":[{"href":"https:\/\/blog.bedandbreakfast.eu\/innkeepers\/fr\/wp-json\/wp\/v2\/media?parent=5542"}],"wp:term":[{"taxonomy":"category","embeddable":true,"href":"https:\/\/blog.bedandbreakfast.eu\/innkeepers\/fr\/wp-json\/wp\/v2\/categories?post=5542"},{"taxonomy":"post_tag","embeddable":true,"href":"https:\/\/blog.bedandbreakfast.eu\/innkeepers\/fr\/wp-json\/wp\/v2\/tags?post=5542"},{"taxonomy":"author","embeddable":true,"href":"https:\/\/blog.bedandbreakfast.eu\/innkeepers\/fr\/wp-json\/wp\/v2\/coauthors?post=5542"}],"curies":[{"name":"wp","href":"https:\/\/api.w.org\/{rel}","templated":true}]}}