{"id":5524,"date":"2014-02-19T10:25:22","date_gmt":"2014-02-19T10:25:22","guid":{"rendered":"https:\/\/blog.bedandbreakfast.eu\/innkeepers\/2014\/02\/19\/nouveau-taille-chambre-et-type-de-lit-sur-votre-page-de-presentation\/"},"modified":"2014-02-19T10:25:22","modified_gmt":"2014-02-19T10:25:22","slug":"nouveau-taille-chambre-et-type-de-lit-sur-votre-page-de-presentation","status":"publish","type":"post","link":"https:\/\/blog.bedandbreakfast.eu\/innkeepers\/fr\/nouveau-taille-chambre-et-type-de-lit-sur-votre-page-de-presentation\/","title":{"rendered":"Nouveau : taille chambre et type de lit sur votre page de pr\u00e9sentation"},"content":{"rendered":"<div id=\"attachment_4210\" style=\"width: 586px\" class=\"wp-caption alignnone\"><a href=\"http:\/\/www.bedandbreakfast.eu\/chambre-d-hote\/montaren-et-saint-mediers\/chambres-d-hotes-de-charme-mas-d-oleandre\/8899\/\"><img loading=\"lazy\" decoding=\"async\" aria-describedby=\"caption-attachment-4210\" class=\" wp-image-4210    \" title=\"Chambres D'hotes De Charme Mas D'Oleandre\" alt=\"Taille chambre Mas d'Oleandre\" src=\"https://blog.bedandbreakfast.eu/innkeepers\/wp-content\/uploads\/2014\/02\/Mas-dOleandre-1024x681.jpg\" width=\"576\" height=\"383\" srcset=\"https:\/\/blog.bedandbreakfast.eu\/innkeepers\/wp-content\/uploads\/2014\/02\/Mas-dOleandre-1024x681.jpg 1024w, https:\/\/blog.bedandbreakfast.eu\/innkeepers\/wp-content\/uploads\/2014\/02\/Mas-dOleandre-300x199.jpg 300w, https:\/\/blog.bedandbreakfast.eu\/innkeepers\/wp-content\/uploads\/2014\/02\/Mas-dOleandre.jpg 1248w\" sizes=\"auto, (max-width: 576px) 100vw, 576px\" \/><\/a><p id=\"caption-attachment-4210\" class=\"wp-caption-text\">Conseil : mentionnez la taille de la chambre sur votre page de pr\u00e9sentation. Photo : B&#038;B Mas D&#8217;Oleandre in Montaren-et-Saint-M\u00e9diers.<\/p><\/div>\n<p>Mieux vaut plus d\u2019informations et plus de photos sur votre page de pr\u00e9sentation ! C\u2019est pour cela que vous pourrez d\u00e9sormais sur Bedandbreakfast.eu par chambre d\u2019h\u00f4tes pr\u00e9ciser la taille en m\u00e8tres carr\u00e9s. Vous pourrez \u00e9galement sp\u00e9cifier quel type de lit se trouve dans la chambre. Vous donnerez comme cela aux h\u00f4tes une meilleure id\u00e9e dont ils pourront tenir compte.<br \/>\n<!--more--><\/p>\n<p><strong>Remplir taille de la chambre et le type de lit<\/strong><\/p>\n<p><strong>Pas 1:<\/strong>\u00a0Allez dans le <a title=\"B&#038;B Service des propri\u00e9taires\" href=\"https:\/\/www.bedandbreakfast.eu\/ownerservice\/bookings?lang=fr\">service des propri\u00e9taires<\/a> vers \u00ab Ma mention \u00bb et cliquez dans le menu qui appara\u00eet lorsque vous cliquez dessus sur \u00ab Chambres \u00bb. Cliquez pour une chambre sur \u00ab Adapter \u00bb.<\/p>\n<p><a href=\"https://blog.bedandbreakfast.eu/innkeepers\/wp-content\/uploads\/2014\/02\/screenshotFR.png\"><img loading=\"lazy\" decoding=\"async\" class=\"alignnone size-full wp-image-4213\" title=\"B&#038;B taille chambre et type de lit \" alt=\"Bed and Breakfast taille chambre \" src=\"https://blog.bedandbreakfast.eu/innkeepers\/wp-content\/uploads\/2014\/02\/screenshotFR.png\" width=\"580\" height=\"180\" srcset=\"https:\/\/blog.bedandbreakfast.eu\/innkeepers\/wp-content\/uploads\/2014\/02\/screenshotFR.png 580w, https:\/\/blog.bedandbreakfast.eu\/innkeepers\/wp-content\/uploads\/2014\/02\/screenshotFR-300x93.png 300w\" sizes=\"auto, (max-width: 580px) 100vw, 580px\" \/><\/a><\/p>\n<p><strong>Pas 2:\u00a0<\/strong>Remplissez dans \u00ab Taille chambre \u00bb la superficie de la chambre d\u2019h\u00f4tes en m\u00e8tres carr\u00e9s.<br \/>\n<strong>Pas 3:<\/strong>\u00a0Cochez avec \u00ab Lits \u00bb une des options :<\/p>\n<ul>\n<li>Grand lit pour 2 personnes<\/li>\n<li>Lits s\u00e9par\u00e9s<\/li>\n<li>Lits peuvent \u00eatre faits s\u00e9par\u00e9ment ou ensemble<\/li>\n<\/ul>\n<p><strong>Pas 4:\u00a0<\/strong>Cliquez en bas sur la page sur \u00ab Sauvegarder \u00bb.<\/p>\n<p>La taille de la chambre en m\u00e8tres carr\u00e9s et le type de lit sont maintenant montr\u00e9s sur votre page de pr\u00e9sentation avec la chambre consid\u00e9r\u00e9e.<\/p>\n<p><a href=\"https://blog.bedandbreakfast.eu/innkeepers\/wp-content\/uploads\/2014\/02\/kamergrootte_FR.png\"><img loading=\"lazy\" decoding=\"async\" class=\"alignnone size-full wp-image-4294\" title=\"B&#038;B taille chambre et type de lit \" alt=\"Bed and Breakfast taille chambre \" src=\"https://blog.bedandbreakfast.eu/innkeepers\/wp-content\/uploads\/2014\/02\/kamergrootte_FR.png\" width=\"442\" height=\"258\" srcset=\"https:\/\/blog.bedandbreakfast.eu\/innkeepers\/wp-content\/uploads\/2014\/02\/kamergrootte_FR.png 442w, https:\/\/blog.bedandbreakfast.eu\/innkeepers\/wp-content\/uploads\/2014\/02\/kamergrootte_FR-300x175.png 300w\" sizes=\"auto, (max-width: 442px) 100vw, 442px\" \/><\/a><\/p>\n","protected":false},"excerpt":{"rendered":"<p>Mieux vaut plus d\u2019informations et plus de photos sur votre page de pr\u00e9sentation ! C\u2019est pour cela que vous pourrez d\u00e9sormais sur Bedandbreakfast.eu par chambre d\u2019h\u00f4tes pr\u00e9ciser la taille en m\u00e8tres carr\u00e9s. Vous pourrez \u00e9galement sp\u00e9cifier quel type de lit se trouve dans la chambre. Vous donnerez comme cela aux h\u00f4tes une meilleure id\u00e9e dont [&hellip;]<\/p>\n","protected":false},"author":2,"featured_media":4344,"comment_status":"open","ping_status":"open","sticky":false,"template":"","format":"standard","meta":{"_monsterinsights_skip_tracking":false,"_monsterinsights_sitenote_active":false,"_monsterinsights_sitenote_note":"","_monsterinsights_sitenote_category":0,"jetpack_post_was_ever_published":false,"_jetpack_newsletter_access":"","_jetpack_dont_email_post_to_subs":false,"_jetpack_newsletter_tier_id":0,"_jetpack_memberships_contains_paywalled_content":false,"_jetpack_memberships_contains_paid_content":false,"footnotes":"","jetpack_publicize_message":"","jetpack_publicize_feature_enabled":true,"jetpack_social_post_already_shared":true,"jetpack_social_options":{"image_generator_settings":{"template":"highway","default_image_id":0,"font":"","enabled":false},"version":2}},"categories":[],"tags":[],"coauthors":[],"class_list":["post-5524","post","type-post","status-publish","format-standard","has-post-thumbnail","hentry"],"yoast_head":"<!-- This site is optimized with the Yoast SEO plugin v27.5 - https:\/\/yoast.com\/product\/yoast-seo-wordpress\/ -->\n<title>Nouveau : taille chambre et type de lit sur votre page de pr\u00e9sentation - Chambres d&#039;H\u00f4tes Propri\u00e9taires Blog | Bedandbreakfast.eu<\/title>\n<meta name=\"robots\" content=\"index, follow, max-snippet:-1, max-image-preview:large, max-video-preview:-1\" \/>\n<link rel=\"canonical\" href=\"https:\/\/blog.bedandbreakfast.eu\/innkeepers\/fr\/nouveau-taille-chambre-et-type-de-lit-sur-votre-page-de-presentation\/\" \/>\n<meta property=\"og:locale\" content=\"fr_FR\" \/>\n<meta property=\"og:type\" content=\"article\" \/>\n<meta property=\"og:title\" content=\"Nouveau : taille chambre et type de lit sur votre page de pr\u00e9sentation - Chambres d&#039;H\u00f4tes Propri\u00e9taires Blog | Bedandbreakfast.eu\" \/>\n<meta property=\"og:description\" content=\"Mieux vaut plus d\u2019informations et plus de photos sur votre page de pr\u00e9sentation ! C\u2019est pour cela que vous pourrez d\u00e9sormais sur Bedandbreakfast.eu par chambre d\u2019h\u00f4tes pr\u00e9ciser la taille en m\u00e8tres carr\u00e9s. Vous pourrez \u00e9galement sp\u00e9cifier quel type de lit se trouve dans la chambre. Vous donnerez comme cela aux h\u00f4tes une meilleure id\u00e9e dont [&hellip;]\" \/>\n<meta property=\"og:url\" content=\"https:\/\/blog.bedandbreakfast.eu\/innkeepers\/fr\/nouveau-taille-chambre-et-type-de-lit-sur-votre-page-de-presentation\/\" \/>\n<meta property=\"og:site_name\" content=\"Chambres d&#039;H\u00f4tes Propri\u00e9taires Blog | Bedandbreakfast.eu\" \/>\n<meta property=\"article:published_time\" content=\"2014-02-19T10:25:22+00:00\" \/>\n<meta property=\"og:image\" content=\"https:\/\/blog.bedandbreakfast.eu\/innkeepers\/wp-content\/uploads\/2014\/02\/kamergrootte2.png\" \/>\n\t<meta property=\"og:image:width\" content=\"200\" \/>\n\t<meta property=\"og:image:height\" content=\"100\" \/>\n\t<meta property=\"og:image:type\" content=\"image\/png\" \/>\n<meta name=\"author\" content=\"Janneke Scheepers\" \/>\n<meta name=\"twitter:card\" content=\"summary_large_image\" \/>\n<meta name=\"twitter:label1\" content=\"\u00c9crit par\" \/>\n\t<meta name=\"twitter:data1\" content=\"Janneke Scheepers\" \/>\n\t<meta name=\"twitter:label2\" content=\"Dur\u00e9e de lecture estim\u00e9e\" \/>\n\t<meta name=\"twitter:data2\" content=\"1 minute\" \/>\n\t<meta name=\"twitter:label3\" content=\"Written by\" \/>\n\t<meta name=\"twitter:data3\" content=\"Janneke Scheepers\" \/>\n<script type=\"application\/ld+json\" class=\"yoast-schema-graph\">{\"@context\":\"https:\\\/\\\/schema.org\",\"@graph\":[{\"@type\":\"Article\",\"@id\":\"https:\\\/\\\/blog.bedandbreakfast.eu\\\/innkeepers\\\/fr\\\/nouveau-taille-chambre-et-type-de-lit-sur-votre-page-de-presentation\\\/#article\",\"isPartOf\":{\"@id\":\"https:\\\/\\\/blog.bedandbreakfast.eu\\\/innkeepers\\\/fr\\\/nouveau-taille-chambre-et-type-de-lit-sur-votre-page-de-presentation\\\/\"},\"author\":{\"name\":\"Janneke Scheepers\",\"@id\":\"https:\\\/\\\/blog.bedandbreakfast.eu\\\/innkeepers\\\/fr\\\/#\\\/schema\\\/person\\\/b4ae3651092731c38023c7a74ad4772a\"},\"headline\":\"Nouveau : taille chambre et type de lit sur votre page de pr\u00e9sentation\",\"datePublished\":\"2014-02-19T10:25:22+00:00\",\"mainEntityOfPage\":{\"@id\":\"https:\\\/\\\/blog.bedandbreakfast.eu\\\/innkeepers\\\/fr\\\/nouveau-taille-chambre-et-type-de-lit-sur-votre-page-de-presentation\\\/\"},\"wordCount\":236,\"commentCount\":0,\"image\":{\"@id\":\"https:\\\/\\\/blog.bedandbreakfast.eu\\\/innkeepers\\\/fr\\\/nouveau-taille-chambre-et-type-de-lit-sur-votre-page-de-presentation\\\/#primaryimage\"},\"thumbnailUrl\":\"https:\\\/\\\/blog.bedandbreakfast.eu\\\/innkeepers\\\/wp-content\\\/uploads\\\/2014\\\/02\\\/kamergrootte2.png\",\"inLanguage\":\"fr-FR\",\"potentialAction\":[{\"@type\":\"CommentAction\",\"name\":\"Comment\",\"target\":[\"https:\\\/\\\/blog.bedandbreakfast.eu\\\/innkeepers\\\/fr\\\/nouveau-taille-chambre-et-type-de-lit-sur-votre-page-de-presentation\\\/#respond\"]}]},{\"@type\":\"WebPage\",\"@id\":\"https:\\\/\\\/blog.bedandbreakfast.eu\\\/innkeepers\\\/fr\\\/nouveau-taille-chambre-et-type-de-lit-sur-votre-page-de-presentation\\\/\",\"url\":\"https:\\\/\\\/blog.bedandbreakfast.eu\\\/innkeepers\\\/fr\\\/nouveau-taille-chambre-et-type-de-lit-sur-votre-page-de-presentation\\\/\",\"name\":\"Nouveau : taille chambre et type de lit sur votre page de pr\u00e9sentation - Chambres d'H\u00f4tes Propri\u00e9taires Blog | Bedandbreakfast.eu\",\"isPartOf\":{\"@id\":\"https:\\\/\\\/blog.bedandbreakfast.eu\\\/innkeepers\\\/fr\\\/#website\"},\"primaryImageOfPage\":{\"@id\":\"https:\\\/\\\/blog.bedandbreakfast.eu\\\/innkeepers\\\/fr\\\/nouveau-taille-chambre-et-type-de-lit-sur-votre-page-de-presentation\\\/#primaryimage\"},\"image\":{\"@id\":\"https:\\\/\\\/blog.bedandbreakfast.eu\\\/innkeepers\\\/fr\\\/nouveau-taille-chambre-et-type-de-lit-sur-votre-page-de-presentation\\\/#primaryimage\"},\"thumbnailUrl\":\"https:\\\/\\\/blog.bedandbreakfast.eu\\\/innkeepers\\\/wp-content\\\/uploads\\\/2014\\\/02\\\/kamergrootte2.png\",\"datePublished\":\"2014-02-19T10:25:22+00:00\",\"author\":{\"@id\":\"https:\\\/\\\/blog.bedandbreakfast.eu\\\/innkeepers\\\/fr\\\/#\\\/schema\\\/person\\\/b4ae3651092731c38023c7a74ad4772a\"},\"breadcrumb\":{\"@id\":\"https:\\\/\\\/blog.bedandbreakfast.eu\\\/innkeepers\\\/fr\\\/nouveau-taille-chambre-et-type-de-lit-sur-votre-page-de-presentation\\\/#breadcrumb\"},\"inLanguage\":\"fr-FR\",\"potentialAction\":[{\"@type\":\"ReadAction\",\"target\":[\"https:\\\/\\\/blog.bedandbreakfast.eu\\\/innkeepers\\\/fr\\\/nouveau-taille-chambre-et-type-de-lit-sur-votre-page-de-presentation\\\/\"]}]},{\"@type\":\"ImageObject\",\"inLanguage\":\"fr-FR\",\"@id\":\"https:\\\/\\\/blog.bedandbreakfast.eu\\\/innkeepers\\\/fr\\\/nouveau-taille-chambre-et-type-de-lit-sur-votre-page-de-presentation\\\/#primaryimage\",\"url\":\"https:\\\/\\\/blog.bedandbreakfast.eu\\\/innkeepers\\\/wp-content\\\/uploads\\\/2014\\\/02\\\/kamergrootte2.png\",\"contentUrl\":\"https:\\\/\\\/blog.bedandbreakfast.eu\\\/innkeepers\\\/wp-content\\\/uploads\\\/2014\\\/02\\\/kamergrootte2.png\",\"width\":200,\"height\":100},{\"@type\":\"BreadcrumbList\",\"@id\":\"https:\\\/\\\/blog.bedandbreakfast.eu\\\/innkeepers\\\/fr\\\/nouveau-taille-chambre-et-type-de-lit-sur-votre-page-de-presentation\\\/#breadcrumb\",\"itemListElement\":[{\"@type\":\"ListItem\",\"position\":1,\"name\":\"Home\",\"item\":\"https:\\\/\\\/blog.bedandbreakfast.eu\\\/innkeepers\\\/fr\\\/\"},{\"@type\":\"ListItem\",\"position\":2,\"name\":\"Nouveau : taille chambre et type de lit sur votre page de pr\u00e9sentation\"}]},{\"@type\":\"WebSite\",\"@id\":\"https:\\\/\\\/blog.bedandbreakfast.eu\\\/innkeepers\\\/fr\\\/#website\",\"url\":\"https:\\\/\\\/blog.bedandbreakfast.eu\\\/innkeepers\\\/fr\\\/\",\"name\":\"Chambres d'H\u00f4tes Propri\u00e9taires Blog | Bedandbreakfast.eu\",\"description\":\"Blog pour les propri\u00e9taires des Chambres d'H\u00f4tes et Bed and Breakfast en Europe par Bedandbreakfast.eu. Conseils utiles de la vie pratique des B&B, des columns, workshops et les derni\u00e8res nouvelles de la branche de B&B. \",\"potentialAction\":[{\"@type\":\"SearchAction\",\"target\":{\"@type\":\"EntryPoint\",\"urlTemplate\":\"https:\\\/\\\/blog.bedandbreakfast.eu\\\/innkeepers\\\/fr\\\/?s={search_term_string}\"},\"query-input\":{\"@type\":\"PropertyValueSpecification\",\"valueRequired\":true,\"valueName\":\"search_term_string\"}}],\"inLanguage\":\"fr-FR\"},{\"@type\":\"Person\",\"@id\":\"https:\\\/\\\/blog.bedandbreakfast.eu\\\/innkeepers\\\/fr\\\/#\\\/schema\\\/person\\\/b4ae3651092731c38023c7a74ad4772a\",\"name\":\"Janneke Scheepers\",\"image\":{\"@type\":\"ImageObject\",\"inLanguage\":\"fr-FR\",\"@id\":\"https:\\\/\\\/secure.gravatar.com\\\/avatar\\\/0a6bacb5ed0777a84a2ec3cba709a9567f86b37d14036cca6a43feafe40d1900?s=96&d=mm&r=gde1005f89ab6c864f13b4d63395faf79\",\"url\":\"https:\\\/\\\/secure.gravatar.com\\\/avatar\\\/0a6bacb5ed0777a84a2ec3cba709a9567f86b37d14036cca6a43feafe40d1900?s=96&d=mm&r=g\",\"contentUrl\":\"https:\\\/\\\/secure.gravatar.com\\\/avatar\\\/0a6bacb5ed0777a84a2ec3cba709a9567f86b37d14036cca6a43feafe40d1900?s=96&d=mm&r=g\",\"caption\":\"Janneke Scheepers\"},\"sameAs\":[\"http:\\\/\\\/www.bedandbreakfast.eu\"],\"url\":\"https:\\\/\\\/blog.bedandbreakfast.eu\\\/innkeepers\\\/fr\\\/author\\\/janneke\\\/\"}]}<\/script>\n<!-- \/ Yoast SEO plugin. -->","yoast_head_json":{"title":"Nouveau : taille chambre et type de lit sur votre page de pr\u00e9sentation - Chambres d'H\u00f4tes Propri\u00e9taires Blog | Bedandbreakfast.eu","robots":{"index":"index","follow":"follow","max-snippet":"max-snippet:-1","max-image-preview":"max-image-preview:large","max-video-preview":"max-video-preview:-1"},"canonical":"https:\/\/blog.bedandbreakfast.eu\/innkeepers\/fr\/nouveau-taille-chambre-et-type-de-lit-sur-votre-page-de-presentation\/","og_locale":"fr_FR","og_type":"article","og_title":"Nouveau : taille chambre et type de lit sur votre page de pr\u00e9sentation - Chambres d'H\u00f4tes Propri\u00e9taires Blog | Bedandbreakfast.eu","og_description":"Mieux vaut plus d\u2019informations et plus de photos sur votre page de pr\u00e9sentation ! C\u2019est pour cela que vous pourrez d\u00e9sormais sur Bedandbreakfast.eu par chambre d\u2019h\u00f4tes pr\u00e9ciser la taille en m\u00e8tres carr\u00e9s. Vous pourrez \u00e9galement sp\u00e9cifier quel type de lit se trouve dans la chambre. Vous donnerez comme cela aux h\u00f4tes une meilleure id\u00e9e dont [&hellip;]","og_url":"https:\/\/blog.bedandbreakfast.eu\/innkeepers\/fr\/nouveau-taille-chambre-et-type-de-lit-sur-votre-page-de-presentation\/","og_site_name":"Chambres d'H\u00f4tes Propri\u00e9taires Blog | Bedandbreakfast.eu","article_published_time":"2014-02-19T10:25:22+00:00","og_image":[{"width":200,"height":100,"url":"https:\/\/blog.bedandbreakfast.eu\/innkeepers\/wp-content\/uploads\/2014\/02\/kamergrootte2.png","type":"image\/png"}],"author":"Janneke Scheepers","twitter_card":"summary_large_image","twitter_misc":{"\u00c9crit par":"Janneke Scheepers","Dur\u00e9e de lecture estim\u00e9e":"1 minute","Written by":"Janneke Scheepers"},"schema":{"@context":"https:\/\/schema.org","@graph":[{"@type":"Article","@id":"https:\/\/blog.bedandbreakfast.eu\/innkeepers\/fr\/nouveau-taille-chambre-et-type-de-lit-sur-votre-page-de-presentation\/#article","isPartOf":{"@id":"https:\/\/blog.bedandbreakfast.eu\/innkeepers\/fr\/nouveau-taille-chambre-et-type-de-lit-sur-votre-page-de-presentation\/"},"author":{"name":"Janneke Scheepers","@id":"https:\/\/blog.bedandbreakfast.eu\/innkeepers\/fr\/#\/schema\/person\/b4ae3651092731c38023c7a74ad4772a"},"headline":"Nouveau : taille chambre et type de lit sur votre page de pr\u00e9sentation","datePublished":"2014-02-19T10:25:22+00:00","mainEntityOfPage":{"@id":"https:\/\/blog.bedandbreakfast.eu\/innkeepers\/fr\/nouveau-taille-chambre-et-type-de-lit-sur-votre-page-de-presentation\/"},"wordCount":236,"commentCount":0,"image":{"@id":"https:\/\/blog.bedandbreakfast.eu\/innkeepers\/fr\/nouveau-taille-chambre-et-type-de-lit-sur-votre-page-de-presentation\/#primaryimage"},"thumbnailUrl":"https:\/\/blog.bedandbreakfast.eu\/innkeepers\/wp-content\/uploads\/2014\/02\/kamergrootte2.png","inLanguage":"fr-FR","potentialAction":[{"@type":"CommentAction","name":"Comment","target":["https:\/\/blog.bedandbreakfast.eu\/innkeepers\/fr\/nouveau-taille-chambre-et-type-de-lit-sur-votre-page-de-presentation\/#respond"]}]},{"@type":"WebPage","@id":"https:\/\/blog.bedandbreakfast.eu\/innkeepers\/fr\/nouveau-taille-chambre-et-type-de-lit-sur-votre-page-de-presentation\/","url":"https:\/\/blog.bedandbreakfast.eu\/innkeepers\/fr\/nouveau-taille-chambre-et-type-de-lit-sur-votre-page-de-presentation\/","name":"Nouveau : taille chambre et type de lit sur votre page de pr\u00e9sentation - Chambres d'H\u00f4tes Propri\u00e9taires Blog | Bedandbreakfast.eu","isPartOf":{"@id":"https:\/\/blog.bedandbreakfast.eu\/innkeepers\/fr\/#website"},"primaryImageOfPage":{"@id":"https:\/\/blog.bedandbreakfast.eu\/innkeepers\/fr\/nouveau-taille-chambre-et-type-de-lit-sur-votre-page-de-presentation\/#primaryimage"},"image":{"@id":"https:\/\/blog.bedandbreakfast.eu\/innkeepers\/fr\/nouveau-taille-chambre-et-type-de-lit-sur-votre-page-de-presentation\/#primaryimage"},"thumbnailUrl":"https:\/\/blog.bedandbreakfast.eu\/innkeepers\/wp-content\/uploads\/2014\/02\/kamergrootte2.png","datePublished":"2014-02-19T10:25:22+00:00","author":{"@id":"https:\/\/blog.bedandbreakfast.eu\/innkeepers\/fr\/#\/schema\/person\/b4ae3651092731c38023c7a74ad4772a"},"breadcrumb":{"@id":"https:\/\/blog.bedandbreakfast.eu\/innkeepers\/fr\/nouveau-taille-chambre-et-type-de-lit-sur-votre-page-de-presentation\/#breadcrumb"},"inLanguage":"fr-FR","potentialAction":[{"@type":"ReadAction","target":["https:\/\/blog.bedandbreakfast.eu\/innkeepers\/fr\/nouveau-taille-chambre-et-type-de-lit-sur-votre-page-de-presentation\/"]}]},{"@type":"ImageObject","inLanguage":"fr-FR","@id":"https:\/\/blog.bedandbreakfast.eu\/innkeepers\/fr\/nouveau-taille-chambre-et-type-de-lit-sur-votre-page-de-presentation\/#primaryimage","url":"https:\/\/blog.bedandbreakfast.eu\/innkeepers\/wp-content\/uploads\/2014\/02\/kamergrootte2.png","contentUrl":"https:\/\/blog.bedandbreakfast.eu\/innkeepers\/wp-content\/uploads\/2014\/02\/kamergrootte2.png","width":200,"height":100},{"@type":"BreadcrumbList","@id":"https:\/\/blog.bedandbreakfast.eu\/innkeepers\/fr\/nouveau-taille-chambre-et-type-de-lit-sur-votre-page-de-presentation\/#breadcrumb","itemListElement":[{"@type":"ListItem","position":1,"name":"Home","item":"https:\/\/blog.bedandbreakfast.eu\/innkeepers\/fr\/"},{"@type":"ListItem","position":2,"name":"Nouveau : taille chambre et type de lit sur votre page de pr\u00e9sentation"}]},{"@type":"WebSite","@id":"https:\/\/blog.bedandbreakfast.eu\/innkeepers\/fr\/#website","url":"https:\/\/blog.bedandbreakfast.eu\/innkeepers\/fr\/","name":"Chambres d'H\u00f4tes Propri\u00e9taires Blog | Bedandbreakfast.eu","description":"Blog pour les propri\u00e9taires des Chambres d'H\u00f4tes et Bed and Breakfast en Europe par Bedandbreakfast.eu. Conseils utiles de la vie pratique des B&B, des columns, workshops et les derni\u00e8res nouvelles de la branche de B&B. ","potentialAction":[{"@type":"SearchAction","target":{"@type":"EntryPoint","urlTemplate":"https:\/\/blog.bedandbreakfast.eu\/innkeepers\/fr\/?s={search_term_string}"},"query-input":{"@type":"PropertyValueSpecification","valueRequired":true,"valueName":"search_term_string"}}],"inLanguage":"fr-FR"},{"@type":"Person","@id":"https:\/\/blog.bedandbreakfast.eu\/innkeepers\/fr\/#\/schema\/person\/b4ae3651092731c38023c7a74ad4772a","name":"Janneke Scheepers","image":{"@type":"ImageObject","inLanguage":"fr-FR","@id":"https:\/\/secure.gravatar.com\/avatar\/0a6bacb5ed0777a84a2ec3cba709a9567f86b37d14036cca6a43feafe40d1900?s=96&d=mm&r=gde1005f89ab6c864f13b4d63395faf79","url":"https:\/\/secure.gravatar.com\/avatar\/0a6bacb5ed0777a84a2ec3cba709a9567f86b37d14036cca6a43feafe40d1900?s=96&d=mm&r=g","contentUrl":"https:\/\/secure.gravatar.com\/avatar\/0a6bacb5ed0777a84a2ec3cba709a9567f86b37d14036cca6a43feafe40d1900?s=96&d=mm&r=g","caption":"Janneke Scheepers"},"sameAs":["http:\/\/www.bedandbreakfast.eu"],"url":"https:\/\/blog.bedandbreakfast.eu\/innkeepers\/fr\/author\/janneke\/"}]}},"jetpack_publicize_connections":[],"jetpack_featured_media_url":"https:\/\/blog.bedandbreakfast.eu\/innkeepers\/wp-content\/uploads\/2014\/02\/kamergrootte2.png","jetpack_shortlink":"https:\/\/wp.me\/p1XI7S-1r6","jetpack_sharing_enabled":true,"_links":{"self":[{"href":"https:\/\/blog.bedandbreakfast.eu\/innkeepers\/fr\/wp-json\/wp\/v2\/posts\/5524","targetHints":{"allow":["GET"]}}],"collection":[{"href":"https:\/\/blog.bedandbreakfast.eu\/innkeepers\/fr\/wp-json\/wp\/v2\/posts"}],"about":[{"href":"https:\/\/blog.bedandbreakfast.eu\/innkeepers\/fr\/wp-json\/wp\/v2\/types\/post"}],"author":[{"embeddable":true,"href":"https:\/\/blog.bedandbreakfast.eu\/innkeepers\/fr\/wp-json\/wp\/v2\/users\/2"}],"replies":[{"embeddable":true,"href":"https:\/\/blog.bedandbreakfast.eu\/innkeepers\/fr\/wp-json\/wp\/v2\/comments?post=5524"}],"version-history":[{"count":0,"href":"https:\/\/blog.bedandbreakfast.eu\/innkeepers\/fr\/wp-json\/wp\/v2\/posts\/5524\/revisions"}],"wp:featuredmedia":[{"embeddable":true,"href":"https:\/\/blog.bedandbreakfast.eu\/innkeepers\/fr\/wp-json\/wp\/v2\/media\/4344"}],"wp:attachment":[{"href":"https:\/\/blog.bedandbreakfast.eu\/innkeepers\/fr\/wp-json\/wp\/v2\/media?parent=5524"}],"wp:term":[{"taxonomy":"category","embeddable":true,"href":"https:\/\/blog.bedandbreakfast.eu\/innkeepers\/fr\/wp-json\/wp\/v2\/categories?post=5524"},{"taxonomy":"post_tag","embeddable":true,"href":"https:\/\/blog.bedandbreakfast.eu\/innkeepers\/fr\/wp-json\/wp\/v2\/tags?post=5524"},{"taxonomy":"author","embeddable":true,"href":"https:\/\/blog.bedandbreakfast.eu\/innkeepers\/fr\/wp-json\/wp\/v2\/coauthors?post=5524"}],"curies":[{"name":"wp","href":"https:\/\/api.w.org\/{rel}","templated":true}]}}