{"id":10165,"date":"2025-01-02T09:00:41","date_gmt":"2025-01-02T09:00:41","guid":{"rendered":"https:\/\/blog.bedandbreakfast.eu\/innkeepers\/?p=10165\/"},"modified":"2025-09-05T10:11:02","modified_gmt":"2025-09-05T10:11:02","slug":"anade-fotos-a-tu-pagina-del-alojamiento","status":"publish","type":"post","link":"https:\/\/blog.bedandbreakfast.eu\/innkeepers\/es\/anade-fotos-a-tu-pagina-del-alojamiento\/","title":{"rendered":"A\u00f1ade Fotos a tu P\u00e1gina del Alojamiento"},"content":{"rendered":"<h4><b>Optimiza la P\u00e1gina del Alojamiento de tu B&amp;B<\/b><\/h4>\n<p><span style=\"font-weight: 400;\">Tener una buena p\u00e1gina del alojamiento de tu B&amp;B es muy importante. Para hacerlo ves a la Cuenta de Anfitri\u00f3n\u00a0 y sigue los siguientes pasos:<\/span><\/p>\n<ul>\n<li>Descripci\u00f3n de tu bed and breakfast<\/li>\n<li style=\"font-weight: 400;\"><span style=\"font-weight: 400;\">Descripci\u00f3n de las habitaciones y precios<\/span><\/li>\n<li style=\"font-weight: 400;\"><span style=\"font-weight: 400;\">A\u00f1ade fotos acogedoras de tu B&amp;B<\/span><\/li>\n<\/ul>\n<p><span style=\"font-weight: 400;\">Tu suscripci\u00f3n se har\u00e1 efectiva una vez hayas completado estos pasos. En este art\u00edculo, recibir\u00e1s informaci\u00f3n sobre c\u00f3mo subir fotos a tu p\u00e1gina del alojamiento. <\/span><\/p>\n<h4><b>\u00bfPorqu\u00e9 son tan importantes las fotos?<\/b><\/h4>\n<p>Los entusiastas de B&amp;B que buscan un bed and breakfast \u00fanico hacen b\u00fasquedas y miran las p\u00e1ginas de los alojamientos en segundos antes de hacer una reserva. Las p\u00e1ginas de los alojamientos con fotos acogedoras son visitadas m\u00e1s frecuentemente y ganan una posici\u00f3n m\u00e1s alta en los resultados de b\u00fasqueda. Con las fotos pueden visualizar el ambiente de tu B&amp;B y tentar r\u00e1pidamente a que los posibles hu\u00e9spedes visiten tu B&amp;B. Si tienes fotos de muy buena calidad el resultado se traducir\u00e1 en m\u00e1s reservas.<\/p>\n<h4><b>A\u00f1ade fotos a tu P\u00e1gina del Alojamiento\u00a0<\/b><\/h4>\n<ul>\n<li style=\"font-weight: 400;\"><span style=\"font-weight: 400;\">Ves a la Cuenta de Anfitri\u00f3n<\/span><\/li>\n<li style=\"font-weight: 400;\"><span style=\"font-weight: 400;\">Haga clic en \u201cFotos\u201d\u00a0<\/span><\/li>\n<\/ul>\n<div id=\"attachment_15062\" style=\"width: 820px\" class=\"wp-caption alignnone\"><a href=\"https:\/\/my.bedandbreakfast.nl\/ownerservice\/pictures\" target=\"_blank\" rel=\"noopener noreferrer\"><img loading=\"lazy\" decoding=\"async\" aria-describedby=\"caption-attachment-15062\" class=\"wp-image-15062 size-full\" title=\"B&amp;B In de Hei\" src=\"https:\/\/www.bedandbreakfast.nl\/blog\/eigenaren\/wp-content\/uploads\/2018\/01\/BB-In-de-Hei-sfeervolle-fotos.jpg\" alt=\"Sfeervolle Foto's\" width=\"810\" height=\"450\" \/><\/a><p id=\"caption-attachment-15062\" class=\"wp-caption-text\">Publica fotos acogedoras de tu B&amp;B, esto har\u00e1 que tengas muchas m\u00e1s reservas<\/p><\/div>\n<h4><b>A\u00f1ade Fotos a la Biblioteca<\/b><\/h4>\n<p data-start=\"46\" data-end=\"316\">A trav\u00e9s del bot\u00f3n \u201cGaler\u00eda de fotos\u201d puedes seleccionar o arrastrar tus fotos desde el ordenador para a\u00f1adirlas a la galer\u00eda de fotos de tu cuenta de propietario. Atenci\u00f3n: las fotos a\u00fan no se publican en esta fase. Luego, cierra la galer\u00eda de fotos. En el resumen podr\u00e1s seleccionar hasta 30 fotos generales y adem\u00e1s 10 fotos por habitaci\u00f3n. En cada \u00e1lbum puedes ver cu\u00e1ntas y qu\u00e9 fotos se han seleccionado y cu\u00e1les se muestran en l\u00ednea. Las fotos de los \u00e1lbumes son visibles en tu p\u00e1gina del alojamiento.<\/p>\n<h4><b>Caracter\u00edsticas de las fotos<\/b><\/h4>\n<ul>\n<li style=\"font-weight: 400;\"><span style=\"font-weight: 400;\">Tama\u00f1o del archivo: 20MB por foto<\/span><\/li>\n<li style=\"font-weight: 400;\"><span style=\"font-weight: 400;\">Tipo de archivo: JPEG o PNG<\/span><\/li>\n<li style=\"font-weight: 400;\"><span style=\"font-weight: 400;\">Tama\u00f1o de la foto: m\u00ednimo 750\u00a0 x 500 p\u00edxeles <\/span><\/li>\n<\/ul>\n<h4><b>Consejos<\/b><\/h4>\n<ul>\n<li style=\"font-weight: 400;\"><span style=\"font-weight: 400;\">A\u00f1ade 30 fotos en el \u00e1lbum de fotos generales (1 foto como m\u00ednimo es obligatoria)<\/span><\/li>\n<li style=\"font-weight: 400;\"><span style=\"font-weight: 400;\">A\u00f1ade 10 fotos por habitaci\u00f3n (m\u00ednimo 1 foto por habitaci\u00f3n)<\/span><\/li>\n<li style=\"font-weight: 400;\"><span style=\"font-weight: 400;\">Transmite el ambiente \u00fanico de tu B&amp;B con las fotos<\/span><\/li>\n<li style=\"font-weight: 400;\"><span style=\"font-weight: 400;\">No te olvides de mostrar el jard\u00edn, las vistas y los alrededores<\/span><\/li>\n<li>Invierte en fotos profesionales<\/li>\n<li style=\"font-weight: 400;\"><span style=\"font-weight: 400;\">Sube nuevas fotos regularmente<\/span><\/li>\n<\/ul>\n<h4><b>Queremos ayudarle<\/b><\/h4>\n<p><span style=\"font-weight: 400;\">Haz que sus fotos sean revisadas por un experto antes de a\u00f1adirlas a tu p\u00e1gina del alojamiento. Si necesitas ayuda, no dudes en contactar con nosotros. Estamos encantados de ayudart<\/span><span style=\"font-weight: 400;\">e.<\/span><\/p>\n<p><b>Comparte el art\u00edculo: <\/b><\/p>\n","protected":false},"excerpt":{"rendered":"<p>A\u00f1adiendo fotos acogedoras a tu p\u00e1gina del alojamiento es una manera de tentar a los hu\u00e9spedes a que visiten tu B&#038;B. Es una manera f\u00e1cil y r\u00e1pida de visualizar el ambiente de tu B&#038;B y contribuye significativamente a la optimizaci\u00f3n del n\u00famero de reservas. <\/p>\n","protected":false},"author":16,"featured_media":16787,"comment_status":"open","ping_status":"open","sticky":false,"template":"","format":"standard","meta":{"_monsterinsights_skip_tracking":false,"_monsterinsights_sitenote_active":false,"_monsterinsights_sitenote_note":"","_monsterinsights_sitenote_category":0,"_jetpack_newsletter_access":"","_jetpack_dont_email_post_to_subs":true,"_jetpack_newsletter_tier_id":0,"_jetpack_memberships_contains_paywalled_content":false,"_jetpack_feature_clip_id":0,"_jetpack_memberships_contains_paid_content":false,"footnotes":"","jetpack_publicize_message":"","jetpack_publicize_feature_enabled":true,"jetpack_social_post_already_shared":true,"jetpack_social_options":{"image_generator_settings":{"template":"highway","default_image_id":0,"font":"","enabled":false},"version":2},"jetpack_post_was_ever_published":false},"categories":[3221,2440,1070],"tags":[3399,1645,470],"coauthors":[3131],"class_list":["post-10165","post","type-post","status-publish","format-standard","has-post-thumbnail","hentry","category-cuenta-de-anfitrion-es","category-general-es-2","category-news-es","tag-anada-fotos-a-la-pagina-de-su-alojamiento","tag-bb-es","tag-bed-and-breakfast-es"],"yoast_head":"<!-- This site is optimized with the Yoast SEO plugin v28.4 - https:\/\/yoast.com\/product\/yoast-seo-wordpress\/ -->\n<title>A\u00f1ade Fotos a tu P\u00e1gina del Alojamiento - Anfitriones B&amp;B | Bedandbreakfast.eu<\/title>\n<meta name=\"description\" content=\"A\u00f1adiendo fotos acogedoras a tu p\u00e1gina del alojamiento es una manera de tentar a los hu\u00e9spedes a que visiten tu B&amp;B. Es una manera f\u00e1cil y r\u00e1pida de visualizar el ambiente de tu B&amp;B y contribuye significativamente a la optimizaci\u00f3n del n\u00famero de reservas.\" \/>\n<meta name=\"robots\" content=\"index, follow, max-snippet:-1, max-image-preview:large, max-video-preview:-1\" \/>\n<link rel=\"canonical\" href=\"https:\/\/blog.bedandbreakfast.eu\/innkeepers\/es\/anade-fotos-a-tu-pagina-del-alojamiento\/\" \/>\n<meta property=\"og:locale\" content=\"es_ES\" \/>\n<meta property=\"og:type\" content=\"article\" \/>\n<meta property=\"og:title\" content=\"A\u00f1ade Fotos a tu P\u00e1gina del Alojamiento - Anfitriones B&amp;B | Bedandbreakfast.eu\" \/>\n<meta property=\"og:description\" content=\"A\u00f1adiendo fotos acogedoras a tu p\u00e1gina del alojamiento es una manera de tentar a los hu\u00e9spedes a que visiten tu B&amp;B. Es una manera f\u00e1cil y r\u00e1pida de visualizar el ambiente de tu B&amp;B y contribuye significativamente a la optimizaci\u00f3n del n\u00famero de reservas.\" \/>\n<meta property=\"og:url\" content=\"https:\/\/blog.bedandbreakfast.eu\/innkeepers\/es\/anade-fotos-a-tu-pagina-del-alojamiento\/\" \/>\n<meta property=\"og:site_name\" content=\"Bed and Breakfast Propietarios Blog | Bedandbreakfast.eu\" \/>\n<meta property=\"article:published_time\" content=\"2025-01-02T09:00:41+00:00\" \/>\n<meta property=\"article:modified_time\" content=\"2025-09-05T10:11:02+00:00\" \/>\n<meta property=\"og:image\" content=\"https:\/\/blog.bedandbreakfast.eu\/innkeepers\/wp-content\/uploads\/2018\/08\/Slaapkamer.png\" \/>\n\t<meta property=\"og:image:width\" content=\"1140\" \/>\n\t<meta property=\"og:image:height\" content=\"453\" \/>\n\t<meta property=\"og:image:type\" content=\"image\/png\" \/>\n<meta name=\"author\" content=\"Elena Ribal Ruiz\" \/>\n<meta name=\"twitter:card\" content=\"summary_large_image\" \/>\n<meta name=\"twitter:label1\" content=\"Escrito por\" \/>\n\t<meta name=\"twitter:data1\" content=\"Elena Ribal Ruiz\" \/>\n\t<meta name=\"twitter:label2\" content=\"Tiempo de lectura\" \/>\n\t<meta name=\"twitter:data2\" content=\"3 minutes\" \/>\n\t<meta name=\"twitter:label3\" content=\"Written by\" \/>\n\t<meta name=\"twitter:data3\" content=\"Elena Ribal Ruiz\" \/>\n<script type=\"application\/ld+json\" class=\"yoast-schema-graph\">{\"@context\":\"https:\\\/\\\/schema.org\",\"@graph\":[{\"@type\":\"Article\",\"@id\":\"https:\\\/\\\/blog.bedandbreakfast.eu\\\/innkeepers\\\/es\\\/anade-fotos-a-tu-pagina-del-alojamiento\\\/#article\",\"isPartOf\":{\"@id\":\"https:\\\/\\\/blog.bedandbreakfast.eu\\\/innkeepers\\\/es\\\/anade-fotos-a-tu-pagina-del-alojamiento\\\/\"},\"author\":{\"name\":\"Elena Ribal Ruiz\",\"@id\":\"https:\\\/\\\/blog.bedandbreakfast.eu\\\/innkeepers\\\/es\\\/#\\\/schema\\\/person\\\/72e82713645a1ac355b8d6d6ff021a03\"},\"headline\":\"A\u00f1ade Fotos a tu P\u00e1gina del Alojamiento\",\"datePublished\":\"2025-01-02T09:00:41+00:00\",\"dateModified\":\"2025-09-05T10:11:02+00:00\",\"mainEntityOfPage\":{\"@id\":\"https:\\\/\\\/blog.bedandbreakfast.eu\\\/innkeepers\\\/es\\\/anade-fotos-a-tu-pagina-del-alojamiento\\\/\"},\"wordCount\":489,\"commentCount\":0,\"image\":{\"@id\":\"https:\\\/\\\/blog.bedandbreakfast.eu\\\/innkeepers\\\/es\\\/anade-fotos-a-tu-pagina-del-alojamiento\\\/#primaryimage\"},\"thumbnailUrl\":\"https:\\\/\\\/blog.bedandbreakfast.eu\\\/innkeepers\\\/wp-content\\\/uploads\\\/2018\\\/08\\\/Slaapkamer.png\",\"keywords\":[\"A\u00f1ada Fotos a la P\u00e1gina de su Alojamiento\",\"B&amp;B\",\"bed and breakfast\"],\"articleSection\":[\"Cuenta de anfitri\u00f3n\",\"General\",\"Noticias\"],\"inLanguage\":\"es-ES\",\"potentialAction\":[{\"@type\":\"CommentAction\",\"name\":\"Comment\",\"target\":[\"https:\\\/\\\/blog.bedandbreakfast.eu\\\/innkeepers\\\/es\\\/anade-fotos-a-tu-pagina-del-alojamiento\\\/#respond\"]}]},{\"@type\":\"WebPage\",\"@id\":\"https:\\\/\\\/blog.bedandbreakfast.eu\\\/innkeepers\\\/es\\\/anade-fotos-a-tu-pagina-del-alojamiento\\\/\",\"url\":\"https:\\\/\\\/blog.bedandbreakfast.eu\\\/innkeepers\\\/es\\\/anade-fotos-a-tu-pagina-del-alojamiento\\\/\",\"name\":\"A\u00f1ade Fotos a tu P\u00e1gina del Alojamiento - Anfitriones B&B | Bedandbreakfast.eu\",\"isPartOf\":{\"@id\":\"https:\\\/\\\/blog.bedandbreakfast.eu\\\/innkeepers\\\/es\\\/#website\"},\"primaryImageOfPage\":{\"@id\":\"https:\\\/\\\/blog.bedandbreakfast.eu\\\/innkeepers\\\/es\\\/anade-fotos-a-tu-pagina-del-alojamiento\\\/#primaryimage\"},\"image\":{\"@id\":\"https:\\\/\\\/blog.bedandbreakfast.eu\\\/innkeepers\\\/es\\\/anade-fotos-a-tu-pagina-del-alojamiento\\\/#primaryimage\"},\"thumbnailUrl\":\"https:\\\/\\\/blog.bedandbreakfast.eu\\\/innkeepers\\\/wp-content\\\/uploads\\\/2018\\\/08\\\/Slaapkamer.png\",\"datePublished\":\"2025-01-02T09:00:41+00:00\",\"dateModified\":\"2025-09-05T10:11:02+00:00\",\"author\":{\"@id\":\"https:\\\/\\\/blog.bedandbreakfast.eu\\\/innkeepers\\\/es\\\/#\\\/schema\\\/person\\\/72e82713645a1ac355b8d6d6ff021a03\"},\"description\":\"A\u00f1adiendo fotos acogedoras a tu p\u00e1gina del alojamiento es una manera de tentar a los hu\u00e9spedes a que visiten tu B&B. Es una manera f\u00e1cil y r\u00e1pida de visualizar el ambiente de tu B&B y contribuye significativamente a la optimizaci\u00f3n del n\u00famero de reservas.\",\"breadcrumb\":{\"@id\":\"https:\\\/\\\/blog.bedandbreakfast.eu\\\/innkeepers\\\/es\\\/anade-fotos-a-tu-pagina-del-alojamiento\\\/#breadcrumb\"},\"inLanguage\":\"es-ES\",\"potentialAction\":[{\"@type\":\"ReadAction\",\"target\":[\"https:\\\/\\\/blog.bedandbreakfast.eu\\\/innkeepers\\\/es\\\/anade-fotos-a-tu-pagina-del-alojamiento\\\/\"]}]},{\"@type\":\"ImageObject\",\"inLanguage\":\"es-ES\",\"@id\":\"https:\\\/\\\/blog.bedandbreakfast.eu\\\/innkeepers\\\/es\\\/anade-fotos-a-tu-pagina-del-alojamiento\\\/#primaryimage\",\"url\":\"https:\\\/\\\/blog.bedandbreakfast.eu\\\/innkeepers\\\/wp-content\\\/uploads\\\/2018\\\/08\\\/Slaapkamer.png\",\"contentUrl\":\"https:\\\/\\\/blog.bedandbreakfast.eu\\\/innkeepers\\\/wp-content\\\/uploads\\\/2018\\\/08\\\/Slaapkamer.png\",\"width\":1140,\"height\":453,\"caption\":\"Bedandbreakfast.eu; Foto's toevoegen aan je Accommodatiepagina\"},{\"@type\":\"BreadcrumbList\",\"@id\":\"https:\\\/\\\/blog.bedandbreakfast.eu\\\/innkeepers\\\/es\\\/anade-fotos-a-tu-pagina-del-alojamiento\\\/#breadcrumb\",\"itemListElement\":[{\"@type\":\"ListItem\",\"position\":1,\"name\":\"Home\",\"item\":\"https:\\\/\\\/blog.bedandbreakfast.eu\\\/innkeepers\\\/es\\\/\"},{\"@type\":\"ListItem\",\"position\":2,\"name\":\"A\u00f1ade Fotos a tu P\u00e1gina del Alojamiento\"}]},{\"@type\":\"WebSite\",\"@id\":\"https:\\\/\\\/blog.bedandbreakfast.eu\\\/innkeepers\\\/es\\\/#website\",\"url\":\"https:\\\/\\\/blog.bedandbreakfast.eu\\\/innkeepers\\\/es\\\/\",\"name\":\"Bed and Breakfast Propietarios Blog | Bedandbreakfast.eu\",\"description\":\"Blog para los propietarios de Bed and Breakfast por Bedandbreakfast.eu. Consejos \u00fatiles desde la experiencia pr\u00e1ctica, columnas, talleres y las \u00faltimas noticias de la industria de B&B.\",\"potentialAction\":[{\"@type\":\"SearchAction\",\"target\":{\"@type\":\"EntryPoint\",\"urlTemplate\":\"https:\\\/\\\/blog.bedandbreakfast.eu\\\/innkeepers\\\/es\\\/?s={search_term_string}\"},\"query-input\":{\"@type\":\"PropertyValueSpecification\",\"valueRequired\":true,\"valueName\":\"search_term_string\"}}],\"inLanguage\":\"es-ES\"},{\"@type\":\"Person\",\"@id\":\"https:\\\/\\\/blog.bedandbreakfast.eu\\\/innkeepers\\\/es\\\/#\\\/schema\\\/person\\\/72e82713645a1ac355b8d6d6ff021a03\",\"name\":\"Elena Ribal Ruiz\",\"image\":{\"@type\":\"ImageObject\",\"inLanguage\":\"es-ES\",\"@id\":\"https:\\\/\\\/blog.bedandbreakfast.eu\\\/innkeepers\\\/wp-content\\\/uploads\\\/2023\\\/12\\\/Elena-23.png46438fa1d45ad7713a59bc6565881661\",\"url\":\"https:\\\/\\\/blog.bedandbreakfast.eu\\\/innkeepers\\\/wp-content\\\/uploads\\\/2023\\\/12\\\/Elena-23.png\",\"contentUrl\":\"https:\\\/\\\/blog.bedandbreakfast.eu\\\/innkeepers\\\/wp-content\\\/uploads\\\/2023\\\/12\\\/Elena-23.png\",\"caption\":\"Elena Ribal Ruiz\"},\"description\":\"Web editor at Bedandbreakfast.eu.\",\"url\":\"https:\\\/\\\/blog.bedandbreakfast.eu\\\/innkeepers\\\/es\\\/author\\\/elena\\\/\"}]}<\/script>\n<!-- \/ Yoast SEO plugin. -->","yoast_head_json":{"title":"A\u00f1ade Fotos a tu P\u00e1gina del Alojamiento - Anfitriones B&B | Bedandbreakfast.eu","description":"A\u00f1adiendo fotos acogedoras a tu p\u00e1gina del alojamiento es una manera de tentar a los hu\u00e9spedes a que visiten tu B&B. Es una manera f\u00e1cil y r\u00e1pida de visualizar el ambiente de tu B&B y contribuye significativamente a la optimizaci\u00f3n del n\u00famero de reservas.","robots":{"index":"index","follow":"follow","max-snippet":"max-snippet:-1","max-image-preview":"max-image-preview:large","max-video-preview":"max-video-preview:-1"},"canonical":"https:\/\/blog.bedandbreakfast.eu\/innkeepers\/es\/anade-fotos-a-tu-pagina-del-alojamiento\/","og_locale":"es_ES","og_type":"article","og_title":"A\u00f1ade Fotos a tu P\u00e1gina del Alojamiento - Anfitriones B&B | Bedandbreakfast.eu","og_description":"A\u00f1adiendo fotos acogedoras a tu p\u00e1gina del alojamiento es una manera de tentar a los hu\u00e9spedes a que visiten tu B&B. Es una manera f\u00e1cil y r\u00e1pida de visualizar el ambiente de tu B&B y contribuye significativamente a la optimizaci\u00f3n del n\u00famero de reservas.","og_url":"https:\/\/blog.bedandbreakfast.eu\/innkeepers\/es\/anade-fotos-a-tu-pagina-del-alojamiento\/","og_site_name":"Bed and Breakfast Propietarios Blog | Bedandbreakfast.eu","article_published_time":"2025-01-02T09:00:41+00:00","article_modified_time":"2025-09-05T10:11:02+00:00","og_image":[{"width":1140,"height":453,"url":"https:\/\/blog.bedandbreakfast.eu\/innkeepers\/wp-content\/uploads\/2018\/08\/Slaapkamer.png","type":"image\/png"}],"author":"Elena Ribal Ruiz","twitter_card":"summary_large_image","twitter_misc":{"Escrito por":"Elena Ribal Ruiz","Tiempo de lectura":"3 minutes","Written by":"Elena Ribal Ruiz"},"schema":{"@context":"https:\/\/schema.org","@graph":[{"@type":"Article","@id":"https:\/\/blog.bedandbreakfast.eu\/innkeepers\/es\/anade-fotos-a-tu-pagina-del-alojamiento\/#article","isPartOf":{"@id":"https:\/\/blog.bedandbreakfast.eu\/innkeepers\/es\/anade-fotos-a-tu-pagina-del-alojamiento\/"},"author":{"name":"Elena Ribal Ruiz","@id":"https:\/\/blog.bedandbreakfast.eu\/innkeepers\/es\/#\/schema\/person\/72e82713645a1ac355b8d6d6ff021a03"},"headline":"A\u00f1ade Fotos a tu P\u00e1gina del Alojamiento","datePublished":"2025-01-02T09:00:41+00:00","dateModified":"2025-09-05T10:11:02+00:00","mainEntityOfPage":{"@id":"https:\/\/blog.bedandbreakfast.eu\/innkeepers\/es\/anade-fotos-a-tu-pagina-del-alojamiento\/"},"wordCount":489,"commentCount":0,"image":{"@id":"https:\/\/blog.bedandbreakfast.eu\/innkeepers\/es\/anade-fotos-a-tu-pagina-del-alojamiento\/#primaryimage"},"thumbnailUrl":"https:\/\/blog.bedandbreakfast.eu\/innkeepers\/wp-content\/uploads\/2018\/08\/Slaapkamer.png","keywords":["A\u00f1ada Fotos a la P\u00e1gina de su Alojamiento","B&amp;B","bed and breakfast"],"articleSection":["Cuenta de anfitri\u00f3n","General","Noticias"],"inLanguage":"es-ES","potentialAction":[{"@type":"CommentAction","name":"Comment","target":["https:\/\/blog.bedandbreakfast.eu\/innkeepers\/es\/anade-fotos-a-tu-pagina-del-alojamiento\/#respond"]}]},{"@type":"WebPage","@id":"https:\/\/blog.bedandbreakfast.eu\/innkeepers\/es\/anade-fotos-a-tu-pagina-del-alojamiento\/","url":"https:\/\/blog.bedandbreakfast.eu\/innkeepers\/es\/anade-fotos-a-tu-pagina-del-alojamiento\/","name":"A\u00f1ade Fotos a tu P\u00e1gina del Alojamiento - Anfitriones B&B | Bedandbreakfast.eu","isPartOf":{"@id":"https:\/\/blog.bedandbreakfast.eu\/innkeepers\/es\/#website"},"primaryImageOfPage":{"@id":"https:\/\/blog.bedandbreakfast.eu\/innkeepers\/es\/anade-fotos-a-tu-pagina-del-alojamiento\/#primaryimage"},"image":{"@id":"https:\/\/blog.bedandbreakfast.eu\/innkeepers\/es\/anade-fotos-a-tu-pagina-del-alojamiento\/#primaryimage"},"thumbnailUrl":"https:\/\/blog.bedandbreakfast.eu\/innkeepers\/wp-content\/uploads\/2018\/08\/Slaapkamer.png","datePublished":"2025-01-02T09:00:41+00:00","dateModified":"2025-09-05T10:11:02+00:00","author":{"@id":"https:\/\/blog.bedandbreakfast.eu\/innkeepers\/es\/#\/schema\/person\/72e82713645a1ac355b8d6d6ff021a03"},"description":"A\u00f1adiendo fotos acogedoras a tu p\u00e1gina del alojamiento es una manera de tentar a los hu\u00e9spedes a que visiten tu B&B. Es una manera f\u00e1cil y r\u00e1pida de visualizar el ambiente de tu B&B y contribuye significativamente a la optimizaci\u00f3n del n\u00famero de reservas.","breadcrumb":{"@id":"https:\/\/blog.bedandbreakfast.eu\/innkeepers\/es\/anade-fotos-a-tu-pagina-del-alojamiento\/#breadcrumb"},"inLanguage":"es-ES","potentialAction":[{"@type":"ReadAction","target":["https:\/\/blog.bedandbreakfast.eu\/innkeepers\/es\/anade-fotos-a-tu-pagina-del-alojamiento\/"]}]},{"@type":"ImageObject","inLanguage":"es-ES","@id":"https:\/\/blog.bedandbreakfast.eu\/innkeepers\/es\/anade-fotos-a-tu-pagina-del-alojamiento\/#primaryimage","url":"https:\/\/blog.bedandbreakfast.eu\/innkeepers\/wp-content\/uploads\/2018\/08\/Slaapkamer.png","contentUrl":"https:\/\/blog.bedandbreakfast.eu\/innkeepers\/wp-content\/uploads\/2018\/08\/Slaapkamer.png","width":1140,"height":453,"caption":"Bedandbreakfast.eu; Foto's toevoegen aan je Accommodatiepagina"},{"@type":"BreadcrumbList","@id":"https:\/\/blog.bedandbreakfast.eu\/innkeepers\/es\/anade-fotos-a-tu-pagina-del-alojamiento\/#breadcrumb","itemListElement":[{"@type":"ListItem","position":1,"name":"Home","item":"https:\/\/blog.bedandbreakfast.eu\/innkeepers\/es\/"},{"@type":"ListItem","position":2,"name":"A\u00f1ade Fotos a tu P\u00e1gina del Alojamiento"}]},{"@type":"WebSite","@id":"https:\/\/blog.bedandbreakfast.eu\/innkeepers\/es\/#website","url":"https:\/\/blog.bedandbreakfast.eu\/innkeepers\/es\/","name":"Bed and Breakfast Propietarios Blog | Bedandbreakfast.eu","description":"Blog para los propietarios de Bed and Breakfast por Bedandbreakfast.eu. Consejos \u00fatiles desde la experiencia pr\u00e1ctica, columnas, talleres y las \u00faltimas noticias de la industria de B&B.","potentialAction":[{"@type":"SearchAction","target":{"@type":"EntryPoint","urlTemplate":"https:\/\/blog.bedandbreakfast.eu\/innkeepers\/es\/?s={search_term_string}"},"query-input":{"@type":"PropertyValueSpecification","valueRequired":true,"valueName":"search_term_string"}}],"inLanguage":"es-ES"},{"@type":"Person","@id":"https:\/\/blog.bedandbreakfast.eu\/innkeepers\/es\/#\/schema\/person\/72e82713645a1ac355b8d6d6ff021a03","name":"Elena Ribal Ruiz","image":{"@type":"ImageObject","inLanguage":"es-ES","@id":"https:\/\/blog.bedandbreakfast.eu\/innkeepers\/wp-content\/uploads\/2023\/12\/Elena-23.png46438fa1d45ad7713a59bc6565881661","url":"https:\/\/blog.bedandbreakfast.eu\/innkeepers\/wp-content\/uploads\/2023\/12\/Elena-23.png","contentUrl":"https:\/\/blog.bedandbreakfast.eu\/innkeepers\/wp-content\/uploads\/2023\/12\/Elena-23.png","caption":"Elena Ribal Ruiz"},"description":"Web editor at Bedandbreakfast.eu.","url":"https:\/\/blog.bedandbreakfast.eu\/innkeepers\/es\/author\/elena\/"}]}},"jetpack_publicize_connections":[],"jetpack_shortlink":"https:\/\/wp.me\/p1XI7S-2DX","jetpack_sharing_enabled":true,"jetpack_featured_media_url":"https:\/\/blog.bedandbreakfast.eu\/innkeepers\/wp-content\/uploads\/2018\/08\/Slaapkamer.png","_links":{"self":[{"href":"https:\/\/blog.bedandbreakfast.eu\/innkeepers\/es\/wp-json\/wp\/v2\/posts\/10165","targetHints":{"allow":["GET"]}}],"collection":[{"href":"https:\/\/blog.bedandbreakfast.eu\/innkeepers\/es\/wp-json\/wp\/v2\/posts"}],"about":[{"href":"https:\/\/blog.bedandbreakfast.eu\/innkeepers\/es\/wp-json\/wp\/v2\/types\/post"}],"author":[{"embeddable":true,"href":"https:\/\/blog.bedandbreakfast.eu\/innkeepers\/es\/wp-json\/wp\/v2\/users\/16"}],"replies":[{"embeddable":true,"href":"https:\/\/blog.bedandbreakfast.eu\/innkeepers\/es\/wp-json\/wp\/v2\/comments?post=10165"}],"version-history":[{"count":13,"href":"https:\/\/blog.bedandbreakfast.eu\/innkeepers\/es\/wp-json\/wp\/v2\/posts\/10165\/revisions"}],"predecessor-version":[{"id":22706,"href":"https:\/\/blog.bedandbreakfast.eu\/innkeepers\/es\/wp-json\/wp\/v2\/posts\/10165\/revisions\/22706"}],"wp:featuredmedia":[{"embeddable":true,"href":"https:\/\/blog.bedandbreakfast.eu\/innkeepers\/es\/wp-json\/wp\/v2\/media\/16787"}],"wp:attachment":[{"href":"https:\/\/blog.bedandbreakfast.eu\/innkeepers\/es\/wp-json\/wp\/v2\/media?parent=10165"}],"wp:term":[{"taxonomy":"category","embeddable":true,"href":"https:\/\/blog.bedandbreakfast.eu\/innkeepers\/es\/wp-json\/wp\/v2\/categories?post=10165"},{"taxonomy":"post_tag","embeddable":true,"href":"https:\/\/blog.bedandbreakfast.eu\/innkeepers\/es\/wp-json\/wp\/v2\/tags?post=10165"},{"taxonomy":"author","embeddable":true,"href":"https:\/\/blog.bedandbreakfast.eu\/innkeepers\/es\/wp-json\/wp\/v2\/coauthors?post=10165"}],"curies":[{"name":"wp","href":"https:\/\/api.w.org\/{rel}","templated":true}]}}