{"id":5065,"date":"2011-07-07T13:21:10","date_gmt":"2011-07-07T13:21:10","guid":{"rendered":"https:\/\/blog.bedandbreakfast.eu\/innkeepers\/2011\/07\/07\/gratis-kalender-auf-ihrer-eigenen-webseite\/"},"modified":"2017-12-12T12:52:12","modified_gmt":"2017-12-12T12:52:12","slug":"gratis-kalender-auf-ihrer-eigenen-webseite","status":"publish","type":"post","link":"https:\/\/blog.bedandbreakfast.eu\/innkeepers\/de\/gratis-kalender-auf-ihrer-eigenen-webseite\/","title":{"rendered":"Gratis Kalender auf Ihrer eigenen Webseite"},"content":{"rendered":"<div id=\"attachment_383\" style=\"width: 410px\" class=\"wp-caption alignnone\"><a href=\"https:\/\/www.bedandbreakfast.eu\/ownerservice\/bookings\"><img loading=\"lazy\" decoding=\"async\" aria-describedby=\"caption-attachment-383\" class=\"size-full wp-image-383 \" title=\"B&amp;B Verf\u00fcgbarkeitskalender\" src=\"https://blog.bedandbreakfast.eu/innkeepers\/wp-content\/uploads\/2011\/07\/Kalender.jpg\" alt=\"Verf\u00fcgbarkeitskalender\" width=\"400\" height=\"208\" \/><\/a><p id=\"caption-attachment-383\" class=\"wp-caption-text\">Der Verf\u00fcgbarkeitskalender ist ein praktisches Tool beim Verwalten Ihrer Reservierungen.<\/p><\/div>\n<p>Haben Sie f\u00fcr Ihr B&amp;B eine eigene Webseite? Dann\u00a0ist es praktisch und vorteilhaft, den Verf\u00fcgbarkeitskalender von <a title=\"Bedandbreakfast.eu\" href=\"http:\/\/www.bedandbreakfast.eu\" target=\"_self\">Bedandbreakfast.eu<\/a>\u00a0auf dieser Seite zu platzieren. Sie k\u00f6nnen den\u00a0Verf\u00fcgbarkeitskalender kostenlos und in ein paar einfachen Schritten in Ihre\u00a0eigene Homepage einf\u00fcgen.<!--more--><\/p>\n<p>Das neue Reservierungssystem von <a title=\"Bedandbreakfast.eu\" href=\"http:\/\/www.bedandbreakfast.eu\" target=\"_self\">Bedandbreakfast.eu<\/a> ist jetzt seit einem Monat verf\u00fcgbar und wird bereits voll genutzt. Unser Team arbeitet kontinuierlich an mehr Flexibilit\u00e4t und weiteren M\u00f6glichkeiten. So ist es beispielsweise ab sofort m\u00f6glich, unseren Verf\u00fcgbarkeitskalender gratis in Ihre eigene Webseite einzuf\u00fcgen. Das geschieht in ein paar einfachen Schritten:<\/p>\n<ul>\n<li>Gehen Sie zu <a title=\"Bedandbreakfast.eu\" href=\"http:\/\/www.bedandbreakfast.eu\" target=\"_self\">Bedandbreakfast.eu<\/a> und\u00a0<a href=\"https:\/\/www.bedandbreakfast.eu\/login\">loggen Sie<\/a>\u00a0sich mit ihren Benutzernamen und Passwort ein.<\/li>\n<li>Klicken Sie bei \u2018Meine Reservierungen\u2019 auf \u2018Verf\u00fcgbarkeitskalender\u2019 und anschlie\u00dfend auf das Button \u2018Kalender gratis auf Ihrer Webseite\u2019.<\/li>\n<li>Folgen Sie den Anweisungen;<\/li>\n<\/ul>\n<p>Der Verf\u00fcgbarkeitskalender ist in sechs Sprachen verf\u00fcgbar. Sie k\u00f6nnen die Farben und den Schrifttyp des Kalenders individuell anpassen, passend zu Ihrer eigenen Webseite.<\/p>\n<p><strong>Praktisches Tool<br \/>\n<\/strong>Der Verf\u00fcgbarkeitskalender ist ein praktisches Tool beim Verwalten Ihrer Reservierungen. Optionen und Reservierungen stehen automatisch im Kalender. Auf diese Weise sehen Sie auf dem Bildschirm auf einen Blick die Verf\u00fcgbarkeit Ihres B&amp;Bs. Durch Anklicken eines Datums k\u00f6nnen Sie sich Reservierungsdaten ansehen oder eine Option oder Reservierung hinzuf\u00fcgen. Der Kalender hat auch f\u00fcr Besucher Ihrer Homepage Vorteile. Potenzielle G\u00e4ste sehen sofort, ob Zimmer frei sind, und sie k\u00f6nnen auch Reservierungsanfragen senden.<\/p>\n<p><a href=\"https:\/\/www.bedandbreakfast.eu\/ownerservice\/tools_ibook\">Klicken Sie hier<\/a>\u00a0f\u00fcr weitere Informationen.<\/p>\n<p><strong>Wechseln nach ausf\u00fchrlichem Abonnement<br \/>\n<\/strong>F\u00fcr Abonnenten mit einem Gratis Eintrag auf Bedandbreakfast.eu sind die Funktionen des Verf\u00fcgbarkeitskalenders eingeschr\u00e4nkt. Wechseln Sie jetzt und profitieren Sie von allen praktischen Funktionen und den vielen anderen Vorteilen eines ausf\u00fchrlichen Abonnements. <a href=\"https:\/\/my.bedandbreakfast.eu\/register?lang=de\">Wechseln zum ausf\u00fchrlichen Abonnement &gt;&gt;<\/a><\/p>\n","protected":false},"excerpt":{"rendered":"<p>Haben Sie f\u00fcr Ihr B&amp;B eine eigene Webseite? Dann\u00a0ist es praktisch und vorteilhaft, den Verf\u00fcgbarkeitskalender von Bedandbreakfast.eu\u00a0auf dieser Seite zu platzieren. Sie k\u00f6nnen den\u00a0Verf\u00fcgbarkeitskalender kostenlos und in ein paar einfachen Schritten in Ihre\u00a0eigene Homepage einf\u00fcgen.<\/p>\n","protected":false},"author":2,"featured_media":0,"comment_status":"closed","ping_status":"closed","sticky":false,"template":"","format":"standard","meta":{"_monsterinsights_skip_tracking":false,"_monsterinsights_sitenote_active":false,"_monsterinsights_sitenote_note":"","_monsterinsights_sitenote_category":0,"jetpack_post_was_ever_published":false,"_jetpack_newsletter_access":"","_jetpack_dont_email_post_to_subs":true,"_jetpack_newsletter_tier_id":0,"_jetpack_memberships_contains_paywalled_content":false,"_jetpack_memberships_contains_paid_content":false,"footnotes":"","jetpack_publicize_message":"","jetpack_publicize_feature_enabled":true,"jetpack_social_post_already_shared":true,"jetpack_social_options":{"image_generator_settings":{"template":"highway","default_image_id":0,"font":"","enabled":false},"version":2}},"categories":[2741],"tags":[427,1377],"coauthors":[],"class_list":["post-5065","post","type-post","status-publish","format-standard","hentry","category-marketing-de","tag-availability-calendar-de","tag-starting-de"],"yoast_head":"<!-- This site is optimized with the Yoast SEO plugin v27.5 - https:\/\/yoast.com\/product\/yoast-seo-wordpress\/ -->\n<title>Gratis Kalender auf Ihrer eigenen Webseite - Bed and Breakfast Inhaber Blog | Bedandbreakfast.eu<\/title>\n<meta name=\"robots\" content=\"index, follow, max-snippet:-1, max-image-preview:large, max-video-preview:-1\" \/>\n<link rel=\"canonical\" href=\"https:\/\/blog.bedandbreakfast.eu\/innkeepers\/de\/gratis-kalender-auf-ihrer-eigenen-webseite\/\" \/>\n<meta property=\"og:locale\" content=\"de_DE\" \/>\n<meta property=\"og:type\" content=\"article\" \/>\n<meta property=\"og:title\" content=\"Gratis Kalender auf Ihrer eigenen Webseite - Bed and Breakfast Inhaber Blog | Bedandbreakfast.eu\" \/>\n<meta property=\"og:description\" content=\"Haben Sie f\u00fcr Ihr B&amp;B eine eigene Webseite? Dann\u00a0ist es praktisch und vorteilhaft, den Verf\u00fcgbarkeitskalender von Bedandbreakfast.eu\u00a0auf dieser Seite zu platzieren. Sie k\u00f6nnen den\u00a0Verf\u00fcgbarkeitskalender kostenlos und in ein paar einfachen Schritten in Ihre\u00a0eigene Homepage einf\u00fcgen.\" \/>\n<meta property=\"og:url\" content=\"https:\/\/blog.bedandbreakfast.eu\/innkeepers\/de\/gratis-kalender-auf-ihrer-eigenen-webseite\/\" \/>\n<meta property=\"og:site_name\" content=\"Bed and Breakfast Inhaber Blog | Bedandbreakfast.eu\" \/>\n<meta property=\"article:published_time\" content=\"2011-07-07T13:21:10+00:00\" \/>\n<meta property=\"article:modified_time\" content=\"2017-12-12T12:52:12+00:00\" \/>\n<meta property=\"og:image\" content=\"https://blog.bedandbreakfast.eu/innkeepers\/wp-content\/uploads\/2011\/07\/Kalender.jpg\" \/>\n<meta name=\"author\" content=\"Janneke Scheepers\" \/>\n<meta name=\"twitter:card\" content=\"summary_large_image\" \/>\n<meta name=\"twitter:label1\" content=\"Verfasst von\" \/>\n\t<meta name=\"twitter:data1\" content=\"Janneke Scheepers\" \/>\n\t<meta name=\"twitter:label2\" content=\"Gesch\u00e4tzte Lesezeit\" \/>\n\t<meta name=\"twitter:data2\" content=\"2\u00a0Minuten\" \/>\n\t<meta name=\"twitter:label3\" content=\"Written by\" \/>\n\t<meta name=\"twitter:data3\" content=\"Janneke Scheepers\" \/>\n<script type=\"application\/ld+json\" class=\"yoast-schema-graph\">{\"@context\":\"https:\\\/\\\/schema.org\",\"@graph\":[{\"@type\":\"Article\",\"@id\":\"https:\\\/\\\/blog.bedandbreakfast.eu\\\/innkeepers\\\/de\\\/gratis-kalender-auf-ihrer-eigenen-webseite\\\/#article\",\"isPartOf\":{\"@id\":\"https:\\\/\\\/blog.bedandbreakfast.eu\\\/innkeepers\\\/de\\\/gratis-kalender-auf-ihrer-eigenen-webseite\\\/\"},\"author\":{\"name\":\"Janneke Scheepers\",\"@id\":\"https:\\\/\\\/blog.bedandbreakfast.eu\\\/innkeepers\\\/de\\\/#\\\/schema\\\/person\\\/b4ae3651092731c38023c7a74ad4772a\"},\"headline\":\"Gratis Kalender auf Ihrer eigenen Webseite\",\"datePublished\":\"2011-07-07T13:21:10+00:00\",\"dateModified\":\"2017-12-12T12:52:12+00:00\",\"mainEntityOfPage\":{\"@id\":\"https:\\\/\\\/blog.bedandbreakfast.eu\\\/innkeepers\\\/de\\\/gratis-kalender-auf-ihrer-eigenen-webseite\\\/\"},\"wordCount\":327,\"image\":{\"@id\":\"https:\\\/\\\/blog.bedandbreakfast.eu\\\/innkeepers\\\/de\\\/gratis-kalender-auf-ihrer-eigenen-webseite\\\/#primaryimage\"},\"thumbnailUrl\":\"http:\\\/\\\/www.bedandbreakfast.eu\\\/blog\\\/innkeepers\\\/wp-content\\\/uploads\\\/2011\\\/07\\\/Kalender.jpg\",\"keywords\":[\"availability calendar\",\"starting\"],\"articleSection\":[\"Werbung &amp; Marketing\"],\"inLanguage\":\"de\"},{\"@type\":\"WebPage\",\"@id\":\"https:\\\/\\\/blog.bedandbreakfast.eu\\\/innkeepers\\\/de\\\/gratis-kalender-auf-ihrer-eigenen-webseite\\\/\",\"url\":\"https:\\\/\\\/blog.bedandbreakfast.eu\\\/innkeepers\\\/de\\\/gratis-kalender-auf-ihrer-eigenen-webseite\\\/\",\"name\":\"Gratis Kalender auf Ihrer eigenen Webseite - Bed and Breakfast Inhaber Blog | Bedandbreakfast.eu\",\"isPartOf\":{\"@id\":\"https:\\\/\\\/blog.bedandbreakfast.eu\\\/innkeepers\\\/de\\\/#website\"},\"primaryImageOfPage\":{\"@id\":\"https:\\\/\\\/blog.bedandbreakfast.eu\\\/innkeepers\\\/de\\\/gratis-kalender-auf-ihrer-eigenen-webseite\\\/#primaryimage\"},\"image\":{\"@id\":\"https:\\\/\\\/blog.bedandbreakfast.eu\\\/innkeepers\\\/de\\\/gratis-kalender-auf-ihrer-eigenen-webseite\\\/#primaryimage\"},\"thumbnailUrl\":\"http:\\\/\\\/www.bedandbreakfast.eu\\\/blog\\\/innkeepers\\\/wp-content\\\/uploads\\\/2011\\\/07\\\/Kalender.jpg\",\"datePublished\":\"2011-07-07T13:21:10+00:00\",\"dateModified\":\"2017-12-12T12:52:12+00:00\",\"author\":{\"@id\":\"https:\\\/\\\/blog.bedandbreakfast.eu\\\/innkeepers\\\/de\\\/#\\\/schema\\\/person\\\/b4ae3651092731c38023c7a74ad4772a\"},\"breadcrumb\":{\"@id\":\"https:\\\/\\\/blog.bedandbreakfast.eu\\\/innkeepers\\\/de\\\/gratis-kalender-auf-ihrer-eigenen-webseite\\\/#breadcrumb\"},\"inLanguage\":\"de\",\"potentialAction\":[{\"@type\":\"ReadAction\",\"target\":[\"https:\\\/\\\/blog.bedandbreakfast.eu\\\/innkeepers\\\/de\\\/gratis-kalender-auf-ihrer-eigenen-webseite\\\/\"]}]},{\"@type\":\"ImageObject\",\"inLanguage\":\"de\",\"@id\":\"https:\\\/\\\/blog.bedandbreakfast.eu\\\/innkeepers\\\/de\\\/gratis-kalender-auf-ihrer-eigenen-webseite\\\/#primaryimage\",\"url\":\"http:\\\/\\\/www.bedandbreakfast.eu\\\/blog\\\/innkeepers\\\/wp-content\\\/uploads\\\/2011\\\/07\\\/Kalender.jpg\",\"contentUrl\":\"http:\\\/\\\/www.bedandbreakfast.eu\\\/blog\\\/innkeepers\\\/wp-content\\\/uploads\\\/2011\\\/07\\\/Kalender.jpg\"},{\"@type\":\"BreadcrumbList\",\"@id\":\"https:\\\/\\\/blog.bedandbreakfast.eu\\\/innkeepers\\\/de\\\/gratis-kalender-auf-ihrer-eigenen-webseite\\\/#breadcrumb\",\"itemListElement\":[{\"@type\":\"ListItem\",\"position\":1,\"name\":\"Home\",\"item\":\"https:\\\/\\\/blog.bedandbreakfast.eu\\\/innkeepers\\\/de\\\/\"},{\"@type\":\"ListItem\",\"position\":2,\"name\":\"Gratis Kalender auf Ihrer eigenen Webseite\"}]},{\"@type\":\"WebSite\",\"@id\":\"https:\\\/\\\/blog.bedandbreakfast.eu\\\/innkeepers\\\/de\\\/#website\",\"url\":\"https:\\\/\\\/blog.bedandbreakfast.eu\\\/innkeepers\\\/de\\\/\",\"name\":\"Bed and Breakfast Inhaber Blog | Bedandbreakfast.eu\",\"description\":\"Ein Blog von Bedandbreakfast.eu f\u00fcr Bed & Breakfast und Privatzimmer Inhaber. N\u00fctzliche und praktische Tipps, Kolumnen, Workshops und die aktuellsten News aus der B&B-Branche.\",\"potentialAction\":[{\"@type\":\"SearchAction\",\"target\":{\"@type\":\"EntryPoint\",\"urlTemplate\":\"https:\\\/\\\/blog.bedandbreakfast.eu\\\/innkeepers\\\/de\\\/?s={search_term_string}\"},\"query-input\":{\"@type\":\"PropertyValueSpecification\",\"valueRequired\":true,\"valueName\":\"search_term_string\"}}],\"inLanguage\":\"de\"},{\"@type\":\"Person\",\"@id\":\"https:\\\/\\\/blog.bedandbreakfast.eu\\\/innkeepers\\\/de\\\/#\\\/schema\\\/person\\\/b4ae3651092731c38023c7a74ad4772a\",\"name\":\"Janneke Scheepers\",\"image\":{\"@type\":\"ImageObject\",\"inLanguage\":\"de\",\"@id\":\"https:\\\/\\\/secure.gravatar.com\\\/avatar\\\/0a6bacb5ed0777a84a2ec3cba709a9567f86b37d14036cca6a43feafe40d1900?s=96&d=mm&r=gde1005f89ab6c864f13b4d63395faf79\",\"url\":\"https:\\\/\\\/secure.gravatar.com\\\/avatar\\\/0a6bacb5ed0777a84a2ec3cba709a9567f86b37d14036cca6a43feafe40d1900?s=96&d=mm&r=g\",\"contentUrl\":\"https:\\\/\\\/secure.gravatar.com\\\/avatar\\\/0a6bacb5ed0777a84a2ec3cba709a9567f86b37d14036cca6a43feafe40d1900?s=96&d=mm&r=g\",\"caption\":\"Janneke Scheepers\"},\"sameAs\":[\"http:\\\/\\\/www.bedandbreakfast.eu\"],\"url\":\"https:\\\/\\\/blog.bedandbreakfast.eu\\\/innkeepers\\\/de\\\/author\\\/janneke\\\/\"}]}<\/script>\n<!-- \/ Yoast SEO plugin. -->","yoast_head_json":{"title":"Gratis Kalender auf Ihrer eigenen Webseite - Bed and Breakfast Inhaber Blog | Bedandbreakfast.eu","robots":{"index":"index","follow":"follow","max-snippet":"max-snippet:-1","max-image-preview":"max-image-preview:large","max-video-preview":"max-video-preview:-1"},"canonical":"https:\/\/blog.bedandbreakfast.eu\/innkeepers\/de\/gratis-kalender-auf-ihrer-eigenen-webseite\/","og_locale":"de_DE","og_type":"article","og_title":"Gratis Kalender auf Ihrer eigenen Webseite - Bed and Breakfast Inhaber Blog | Bedandbreakfast.eu","og_description":"Haben Sie f\u00fcr Ihr B&amp;B eine eigene Webseite? Dann\u00a0ist es praktisch und vorteilhaft, den Verf\u00fcgbarkeitskalender von Bedandbreakfast.eu\u00a0auf dieser Seite zu platzieren. Sie k\u00f6nnen den\u00a0Verf\u00fcgbarkeitskalender kostenlos und in ein paar einfachen Schritten in Ihre\u00a0eigene Homepage einf\u00fcgen.","og_url":"https:\/\/blog.bedandbreakfast.eu\/innkeepers\/de\/gratis-kalender-auf-ihrer-eigenen-webseite\/","og_site_name":"Bed and Breakfast Inhaber Blog | Bedandbreakfast.eu","article_published_time":"2011-07-07T13:21:10+00:00","article_modified_time":"2017-12-12T12:52:12+00:00","og_image":[{"url":"https://blog.bedandbreakfast.eu/innkeepers\/wp-content\/uploads\/2011\/07\/Kalender.jpg","type":"","width":"","height":""}],"author":"Janneke Scheepers","twitter_card":"summary_large_image","twitter_misc":{"Verfasst von":"Janneke Scheepers","Gesch\u00e4tzte Lesezeit":"2\u00a0Minuten","Written by":"Janneke Scheepers"},"schema":{"@context":"https:\/\/schema.org","@graph":[{"@type":"Article","@id":"https:\/\/blog.bedandbreakfast.eu\/innkeepers\/de\/gratis-kalender-auf-ihrer-eigenen-webseite\/#article","isPartOf":{"@id":"https:\/\/blog.bedandbreakfast.eu\/innkeepers\/de\/gratis-kalender-auf-ihrer-eigenen-webseite\/"},"author":{"name":"Janneke Scheepers","@id":"https:\/\/blog.bedandbreakfast.eu\/innkeepers\/de\/#\/schema\/person\/b4ae3651092731c38023c7a74ad4772a"},"headline":"Gratis Kalender auf Ihrer eigenen Webseite","datePublished":"2011-07-07T13:21:10+00:00","dateModified":"2017-12-12T12:52:12+00:00","mainEntityOfPage":{"@id":"https:\/\/blog.bedandbreakfast.eu\/innkeepers\/de\/gratis-kalender-auf-ihrer-eigenen-webseite\/"},"wordCount":327,"image":{"@id":"https:\/\/blog.bedandbreakfast.eu\/innkeepers\/de\/gratis-kalender-auf-ihrer-eigenen-webseite\/#primaryimage"},"thumbnailUrl":"https://blog.bedandbreakfast.eu/innkeepers\/wp-content\/uploads\/2011\/07\/Kalender.jpg","keywords":["availability calendar","starting"],"articleSection":["Werbung &amp; Marketing"],"inLanguage":"de"},{"@type":"WebPage","@id":"https:\/\/blog.bedandbreakfast.eu\/innkeepers\/de\/gratis-kalender-auf-ihrer-eigenen-webseite\/","url":"https:\/\/blog.bedandbreakfast.eu\/innkeepers\/de\/gratis-kalender-auf-ihrer-eigenen-webseite\/","name":"Gratis Kalender auf Ihrer eigenen Webseite - Bed and Breakfast Inhaber Blog | Bedandbreakfast.eu","isPartOf":{"@id":"https:\/\/blog.bedandbreakfast.eu\/innkeepers\/de\/#website"},"primaryImageOfPage":{"@id":"https:\/\/blog.bedandbreakfast.eu\/innkeepers\/de\/gratis-kalender-auf-ihrer-eigenen-webseite\/#primaryimage"},"image":{"@id":"https:\/\/blog.bedandbreakfast.eu\/innkeepers\/de\/gratis-kalender-auf-ihrer-eigenen-webseite\/#primaryimage"},"thumbnailUrl":"https://blog.bedandbreakfast.eu/innkeepers\/wp-content\/uploads\/2011\/07\/Kalender.jpg","datePublished":"2011-07-07T13:21:10+00:00","dateModified":"2017-12-12T12:52:12+00:00","author":{"@id":"https:\/\/blog.bedandbreakfast.eu\/innkeepers\/de\/#\/schema\/person\/b4ae3651092731c38023c7a74ad4772a"},"breadcrumb":{"@id":"https:\/\/blog.bedandbreakfast.eu\/innkeepers\/de\/gratis-kalender-auf-ihrer-eigenen-webseite\/#breadcrumb"},"inLanguage":"de","potentialAction":[{"@type":"ReadAction","target":["https:\/\/blog.bedandbreakfast.eu\/innkeepers\/de\/gratis-kalender-auf-ihrer-eigenen-webseite\/"]}]},{"@type":"ImageObject","inLanguage":"de","@id":"https:\/\/blog.bedandbreakfast.eu\/innkeepers\/de\/gratis-kalender-auf-ihrer-eigenen-webseite\/#primaryimage","url":"https://blog.bedandbreakfast.eu/innkeepers\/wp-content\/uploads\/2011\/07\/Kalender.jpg","contentUrl":"https://blog.bedandbreakfast.eu/innkeepers\/wp-content\/uploads\/2011\/07\/Kalender.jpg"},{"@type":"BreadcrumbList","@id":"https:\/\/blog.bedandbreakfast.eu\/innkeepers\/de\/gratis-kalender-auf-ihrer-eigenen-webseite\/#breadcrumb","itemListElement":[{"@type":"ListItem","position":1,"name":"Home","item":"https:\/\/blog.bedandbreakfast.eu\/innkeepers\/de\/"},{"@type":"ListItem","position":2,"name":"Gratis Kalender auf Ihrer eigenen Webseite"}]},{"@type":"WebSite","@id":"https:\/\/blog.bedandbreakfast.eu\/innkeepers\/de\/#website","url":"https:\/\/blog.bedandbreakfast.eu\/innkeepers\/de\/","name":"Bed and Breakfast Inhaber Blog | Bedandbreakfast.eu","description":"Ein Blog von Bedandbreakfast.eu f\u00fcr Bed & Breakfast und Privatzimmer Inhaber. N\u00fctzliche und praktische Tipps, Kolumnen, Workshops und die aktuellsten News aus der B&B-Branche.","potentialAction":[{"@type":"SearchAction","target":{"@type":"EntryPoint","urlTemplate":"https:\/\/blog.bedandbreakfast.eu\/innkeepers\/de\/?s={search_term_string}"},"query-input":{"@type":"PropertyValueSpecification","valueRequired":true,"valueName":"search_term_string"}}],"inLanguage":"de"},{"@type":"Person","@id":"https:\/\/blog.bedandbreakfast.eu\/innkeepers\/de\/#\/schema\/person\/b4ae3651092731c38023c7a74ad4772a","name":"Janneke Scheepers","image":{"@type":"ImageObject","inLanguage":"de","@id":"https:\/\/secure.gravatar.com\/avatar\/0a6bacb5ed0777a84a2ec3cba709a9567f86b37d14036cca6a43feafe40d1900?s=96&d=mm&r=gde1005f89ab6c864f13b4d63395faf79","url":"https:\/\/secure.gravatar.com\/avatar\/0a6bacb5ed0777a84a2ec3cba709a9567f86b37d14036cca6a43feafe40d1900?s=96&d=mm&r=g","contentUrl":"https:\/\/secure.gravatar.com\/avatar\/0a6bacb5ed0777a84a2ec3cba709a9567f86b37d14036cca6a43feafe40d1900?s=96&d=mm&r=g","caption":"Janneke Scheepers"},"sameAs":["http:\/\/www.bedandbreakfast.eu"],"url":"https:\/\/blog.bedandbreakfast.eu\/innkeepers\/de\/author\/janneke\/"}]}},"jetpack_publicize_connections":[],"jetpack_featured_media_url":"","jetpack_shortlink":"https:\/\/wp.me\/p1XI7S-1jH","jetpack_sharing_enabled":true,"_links":{"self":[{"href":"https:\/\/blog.bedandbreakfast.eu\/innkeepers\/de\/wp-json\/wp\/v2\/posts\/5065","targetHints":{"allow":["GET"]}}],"collection":[{"href":"https:\/\/blog.bedandbreakfast.eu\/innkeepers\/de\/wp-json\/wp\/v2\/posts"}],"about":[{"href":"https:\/\/blog.bedandbreakfast.eu\/innkeepers\/de\/wp-json\/wp\/v2\/types\/post"}],"author":[{"embeddable":true,"href":"https:\/\/blog.bedandbreakfast.eu\/innkeepers\/de\/wp-json\/wp\/v2\/users\/2"}],"replies":[{"embeddable":true,"href":"https:\/\/blog.bedandbreakfast.eu\/innkeepers\/de\/wp-json\/wp\/v2\/comments?post=5065"}],"version-history":[{"count":1,"href":"https:\/\/blog.bedandbreakfast.eu\/innkeepers\/de\/wp-json\/wp\/v2\/posts\/5065\/revisions"}],"predecessor-version":[{"id":8271,"href":"https:\/\/blog.bedandbreakfast.eu\/innkeepers\/de\/wp-json\/wp\/v2\/posts\/5065\/revisions\/8271"}],"wp:attachment":[{"href":"https:\/\/blog.bedandbreakfast.eu\/innkeepers\/de\/wp-json\/wp\/v2\/media?parent=5065"}],"wp:term":[{"taxonomy":"category","embeddable":true,"href":"https:\/\/blog.bedandbreakfast.eu\/innkeepers\/de\/wp-json\/wp\/v2\/categories?post=5065"},{"taxonomy":"post_tag","embeddable":true,"href":"https:\/\/blog.bedandbreakfast.eu\/innkeepers\/de\/wp-json\/wp\/v2\/tags?post=5065"},{"taxonomy":"author","embeddable":true,"href":"https:\/\/blog.bedandbreakfast.eu\/innkeepers\/de\/wp-json\/wp\/v2\/coauthors?post=5065"}],"curies":[{"name":"wp","href":"https:\/\/api.w.org\/{rel}","templated":true}]}}