{"id":5007,"date":"2010-12-08T12:16:28","date_gmt":"2010-12-08T12:16:28","guid":{"rendered":"https:\/\/blog.bedandbreakfast.eu\/innkeepers\/2010\/12\/08\/neu-blog-fur-bed-breakfast-inhaber\/"},"modified":"2016-09-21T08:02:17","modified_gmt":"2016-09-21T08:02:17","slug":"neu-blog-fur-bed-breakfast-inhaber","status":"publish","type":"post","link":"https:\/\/blog.bedandbreakfast.eu\/innkeepers\/de\/neu-blog-fur-bed-breakfast-inhaber\/","title":{"rendered":"Neu: Blog f\u00fcr Bed &amp; Breakfast Inhaber"},"content":{"rendered":"<div id=\"attachment_269\" style=\"width: 376px\" class=\"wp-caption alignnone\"><a href=\"http:\/\/www.bedandbreakfast.eu\"><img loading=\"lazy\" decoding=\"async\" aria-describedby=\"caption-attachment-269\" class=\"size-full wp-image-269  \" title=\"Blog B&amp;B\" alt=\"Bed and breakfast Europe\" src=\"https:\/\/www.bedandbreakfast.nl\/blog\/wp-content\/uploads\/2010\/11\/Bedandbreakfast.nl_blogt1.jpg\" width=\"366\" height=\"283\" \/><\/a><p id=\"caption-attachment-269\" class=\"wp-caption-text\">Bedandbreakfast.eu hat einen eigenen Blog f\u00fcr Bed &amp; Breakfast-Inhaber.<\/p><\/div>\n<p align=\"left\">Soziale Online-Netzwerke: wer macht da gegenw\u00e4rtig nicht mit? Bedandbreakfast.eu kann da nat\u00fcrlich nicht au\u00dfen vor bleiben. Sie k\u00f6nnen uns ab sofort \u00fcber LinkedIn, Twitter, Facebook und YouTube folgen. Zus\u00e4tzlich hat Bedandbreakfast.eu seit kurzem einen eigenen Blog f\u00fcr Bed &amp; Breakfast-Inhaber.<!--more--><\/p>\n<p><b>Wor\u00fcber bloggen wir?<\/b><br \/>\nTipps f\u00fcr ihre Website, Umfragen, Ideen f\u00fcr Ihr B&amp;B &#8211; \u00fcber alles. Sie finden unseren Blog auf <a href=\"https:\/\/www.bedandbreakfast.eu\/blog\/innkeepers\" target=\"_blank\">Bedandbreakfast.eu\/blog\/innkeepers<\/a>. Wir w\u00fcnschen uns einen inspirierenden und informativen Blog mit vielen Leserreaktionen. Sie brauchen nicht zu bef\u00fcrchten, dass Sie Informationen verpassen \u2013 wirklich wichtige Informationen senden wir immer per E-Mail.<\/p>\n<p><b>Facebook, Twitter und YouTube<\/b><br \/>\nAuf unserer neuen\u00a0<a href=\"http:\/\/www.facebook.com\/bedandbreakfasteu\" target=\"_blank\">Facebook-fanpagina<\/a>\u00a0platzieren wir jede Woche Fotos, Videos, Tipps und Geschichten \u00fcber B&amp;Bs in Europa. Surfen Sie zur Seite und melden Sie sich auch an! Oder folgen Sie uns auf\u00a0<a href=\"http:\/\/twitter.com\/bandbeurope\" target=\"_blank\">Twitter<\/a>\u00a0und bleiben Sie bei allen Blogposts und Meldungen auf der H\u00f6he. Daneben hat Bedandbreakfast.eu auf\u00a0<a href=\"http:\/\/www.youtube.com\/bedandbreakfasteu\" target=\"_blank\">YouTube einen Kanal<\/a>\u00a0mit Filmen \u00fcber Bed &amp; Breakfasts in Europa.<\/p>\n<p><b>LinkedIn- Nutzer<\/b><br \/>\nIn der\u00a0<a href=\"http:\/\/www.linkedin.com\/groups?mostPopular=&amp;gid=2223437&amp;trk=myg_ugrp_ovr\" target=\"_blank\">LinkedIn-Nutzergruppe<\/a>\u00a0von Bedandbreakfast.eu ver\u00f6ffentlichen wir aktuelle Berichte \u00fcber die B&amp;B Branche. Hier k\u00f6nnen Sie sich mit anderen Besitzern austauschen, beispielsweise \u00fcber die Betriebsf\u00fchrung Ihres B&amp;Bs, oder eine anreizende These f\u00fcr eine heftige Diskussion aufstellen! Z\u00f6gern Sie nicht beim Mitreden, Ihre Beitr\u00e4ge sind herzlich willkommen.<\/p>\n<p>Das team von <a title=\"Bedandbreakfast.eu\" href=\"http:\/\/www.bedandbreakfast.eu\">Bedandbreakfast.eu<\/a><\/p>\n","protected":false},"excerpt":{"rendered":"<p>Soziale Online-Netzwerke: wer macht da gegenw\u00e4rtig nicht mit? Bedandbreakfast.eu kann da nat\u00fcrlich nicht au\u00dfen vor bleiben. Sie k\u00f6nnen uns ab sofort \u00fcber LinkedIn, Twitter, Facebook und YouTube folgen. Zus\u00e4tzlich hat Bedandbreakfast.eu seit kurzem einen eigenen Blog f\u00fcr Bed &amp; Breakfast-Inhaber.<\/p>\n","protected":false},"author":1,"featured_media":0,"comment_status":"open","ping_status":"open","sticky":false,"template":"","format":"standard","meta":{"_monsterinsights_skip_tracking":false,"_monsterinsights_sitenote_active":false,"_monsterinsights_sitenote_note":"","_monsterinsights_sitenote_category":0,"jetpack_post_was_ever_published":false,"_jetpack_newsletter_access":"","_jetpack_dont_email_post_to_subs":false,"_jetpack_newsletter_tier_id":0,"_jetpack_memberships_contains_paywalled_content":false,"_jetpack_memberships_contains_paid_content":false,"footnotes":"","jetpack_publicize_message":"","jetpack_publicize_feature_enabled":true,"jetpack_social_post_already_shared":true,"jetpack_social_options":{"image_generator_settings":{"template":"highway","default_image_id":0,"font":"","enabled":false},"version":2}},"categories":[487],"tags":[],"coauthors":[],"class_list":["post-5007","post","type-post","status-publish","format-standard","hentry","category-bedandbreakfast-eu-de"],"yoast_head":"<!-- This site is optimized with the Yoast SEO plugin v27.5 - https:\/\/yoast.com\/product\/yoast-seo-wordpress\/ -->\n<title>Neu: Blog f\u00fcr Bed &amp; Breakfast Inhaber - Bed and Breakfast Inhaber Blog | Bedandbreakfast.eu<\/title>\n<meta name=\"robots\" content=\"index, follow, max-snippet:-1, max-image-preview:large, max-video-preview:-1\" \/>\n<link rel=\"canonical\" href=\"https:\/\/blog.bedandbreakfast.eu\/innkeepers\/de\/neu-blog-fur-bed-breakfast-inhaber\/\" \/>\n<meta property=\"og:locale\" content=\"de_DE\" \/>\n<meta property=\"og:type\" content=\"article\" \/>\n<meta property=\"og:title\" content=\"Neu: Blog f\u00fcr Bed &amp; Breakfast Inhaber - Bed and Breakfast Inhaber Blog | Bedandbreakfast.eu\" \/>\n<meta property=\"og:description\" content=\"Soziale Online-Netzwerke: wer macht da gegenw\u00e4rtig nicht mit? Bedandbreakfast.eu kann da nat\u00fcrlich nicht au\u00dfen vor bleiben. Sie k\u00f6nnen uns ab sofort \u00fcber LinkedIn, Twitter, Facebook und YouTube folgen. Zus\u00e4tzlich hat Bedandbreakfast.eu seit kurzem einen eigenen Blog f\u00fcr Bed &amp; Breakfast-Inhaber.\" \/>\n<meta property=\"og:url\" content=\"https:\/\/blog.bedandbreakfast.eu\/innkeepers\/de\/neu-blog-fur-bed-breakfast-inhaber\/\" \/>\n<meta property=\"og:site_name\" content=\"Bed and Breakfast Inhaber Blog | Bedandbreakfast.eu\" \/>\n<meta property=\"article:published_time\" content=\"2010-12-08T12:16:28+00:00\" \/>\n<meta property=\"article:modified_time\" content=\"2016-09-21T08:02:17+00:00\" \/>\n<meta property=\"og:image\" content=\"https:\/\/www.bedandbreakfast.nl\/blog\/wp-content\/uploads\/2010\/11\/Bedandbreakfast.nl_blogt1.jpg\" \/>\n<meta name=\"author\" content=\"Jos\" \/>\n<meta name=\"twitter:card\" content=\"summary_large_image\" \/>\n<meta name=\"twitter:label1\" content=\"Verfasst von\" \/>\n\t<meta name=\"twitter:data1\" content=\"Jos\" \/>\n\t<meta name=\"twitter:label2\" content=\"Gesch\u00e4tzte Lesezeit\" \/>\n\t<meta name=\"twitter:data2\" content=\"1\u00a0Minute\" \/>\n\t<meta name=\"twitter:label3\" content=\"Written by\" \/>\n\t<meta name=\"twitter:data3\" content=\"Jos\" \/>\n<script type=\"application\/ld+json\" class=\"yoast-schema-graph\">{\"@context\":\"https:\\\/\\\/schema.org\",\"@graph\":[{\"@type\":\"Article\",\"@id\":\"https:\\\/\\\/blog.bedandbreakfast.eu\\\/innkeepers\\\/de\\\/neu-blog-fur-bed-breakfast-inhaber\\\/#article\",\"isPartOf\":{\"@id\":\"https:\\\/\\\/blog.bedandbreakfast.eu\\\/innkeepers\\\/de\\\/neu-blog-fur-bed-breakfast-inhaber\\\/\"},\"author\":{\"name\":\"Jos\",\"@id\":\"https:\\\/\\\/blog.bedandbreakfast.eu\\\/innkeepers\\\/de\\\/#\\\/schema\\\/person\\\/f240614cab0d5cb962fa531ad716f89e\"},\"headline\":\"Neu: Blog f\u00fcr Bed &amp; Breakfast Inhaber\",\"datePublished\":\"2010-12-08T12:16:28+00:00\",\"dateModified\":\"2016-09-21T08:02:17+00:00\",\"mainEntityOfPage\":{\"@id\":\"https:\\\/\\\/blog.bedandbreakfast.eu\\\/innkeepers\\\/de\\\/neu-blog-fur-bed-breakfast-inhaber\\\/\"},\"wordCount\":264,\"commentCount\":0,\"image\":{\"@id\":\"https:\\\/\\\/blog.bedandbreakfast.eu\\\/innkeepers\\\/de\\\/neu-blog-fur-bed-breakfast-inhaber\\\/#primaryimage\"},\"thumbnailUrl\":\"https:\\\/\\\/www.bedandbreakfast.nl\\\/blog\\\/wp-content\\\/uploads\\\/2010\\\/11\\\/Bedandbreakfast.nl_blogt1.jpg\",\"articleSection\":[\"Bedandbreakfast.eu\"],\"inLanguage\":\"de\",\"potentialAction\":[{\"@type\":\"CommentAction\",\"name\":\"Comment\",\"target\":[\"https:\\\/\\\/blog.bedandbreakfast.eu\\\/innkeepers\\\/de\\\/neu-blog-fur-bed-breakfast-inhaber\\\/#respond\"]}]},{\"@type\":\"WebPage\",\"@id\":\"https:\\\/\\\/blog.bedandbreakfast.eu\\\/innkeepers\\\/de\\\/neu-blog-fur-bed-breakfast-inhaber\\\/\",\"url\":\"https:\\\/\\\/blog.bedandbreakfast.eu\\\/innkeepers\\\/de\\\/neu-blog-fur-bed-breakfast-inhaber\\\/\",\"name\":\"Neu: Blog f\u00fcr Bed &amp; Breakfast Inhaber - Bed and Breakfast Inhaber Blog | Bedandbreakfast.eu\",\"isPartOf\":{\"@id\":\"https:\\\/\\\/blog.bedandbreakfast.eu\\\/innkeepers\\\/de\\\/#website\"},\"primaryImageOfPage\":{\"@id\":\"https:\\\/\\\/blog.bedandbreakfast.eu\\\/innkeepers\\\/de\\\/neu-blog-fur-bed-breakfast-inhaber\\\/#primaryimage\"},\"image\":{\"@id\":\"https:\\\/\\\/blog.bedandbreakfast.eu\\\/innkeepers\\\/de\\\/neu-blog-fur-bed-breakfast-inhaber\\\/#primaryimage\"},\"thumbnailUrl\":\"https:\\\/\\\/www.bedandbreakfast.nl\\\/blog\\\/wp-content\\\/uploads\\\/2010\\\/11\\\/Bedandbreakfast.nl_blogt1.jpg\",\"datePublished\":\"2010-12-08T12:16:28+00:00\",\"dateModified\":\"2016-09-21T08:02:17+00:00\",\"author\":{\"@id\":\"https:\\\/\\\/blog.bedandbreakfast.eu\\\/innkeepers\\\/de\\\/#\\\/schema\\\/person\\\/f240614cab0d5cb962fa531ad716f89e\"},\"breadcrumb\":{\"@id\":\"https:\\\/\\\/blog.bedandbreakfast.eu\\\/innkeepers\\\/de\\\/neu-blog-fur-bed-breakfast-inhaber\\\/#breadcrumb\"},\"inLanguage\":\"de\",\"potentialAction\":[{\"@type\":\"ReadAction\",\"target\":[\"https:\\\/\\\/blog.bedandbreakfast.eu\\\/innkeepers\\\/de\\\/neu-blog-fur-bed-breakfast-inhaber\\\/\"]}]},{\"@type\":\"ImageObject\",\"inLanguage\":\"de\",\"@id\":\"https:\\\/\\\/blog.bedandbreakfast.eu\\\/innkeepers\\\/de\\\/neu-blog-fur-bed-breakfast-inhaber\\\/#primaryimage\",\"url\":\"https:\\\/\\\/www.bedandbreakfast.nl\\\/blog\\\/wp-content\\\/uploads\\\/2010\\\/11\\\/Bedandbreakfast.nl_blogt1.jpg\",\"contentUrl\":\"https:\\\/\\\/www.bedandbreakfast.nl\\\/blog\\\/wp-content\\\/uploads\\\/2010\\\/11\\\/Bedandbreakfast.nl_blogt1.jpg\"},{\"@type\":\"BreadcrumbList\",\"@id\":\"https:\\\/\\\/blog.bedandbreakfast.eu\\\/innkeepers\\\/de\\\/neu-blog-fur-bed-breakfast-inhaber\\\/#breadcrumb\",\"itemListElement\":[{\"@type\":\"ListItem\",\"position\":1,\"name\":\"Home\",\"item\":\"https:\\\/\\\/blog.bedandbreakfast.eu\\\/innkeepers\\\/de\\\/\"},{\"@type\":\"ListItem\",\"position\":2,\"name\":\"Neu: Blog f\u00fcr Bed &amp; Breakfast Inhaber\"}]},{\"@type\":\"WebSite\",\"@id\":\"https:\\\/\\\/blog.bedandbreakfast.eu\\\/innkeepers\\\/de\\\/#website\",\"url\":\"https:\\\/\\\/blog.bedandbreakfast.eu\\\/innkeepers\\\/de\\\/\",\"name\":\"Bed and Breakfast Inhaber Blog | Bedandbreakfast.eu\",\"description\":\"Ein Blog von Bedandbreakfast.eu f\u00fcr Bed & Breakfast und Privatzimmer Inhaber. N\u00fctzliche und praktische Tipps, Kolumnen, Workshops und die aktuellsten News aus der B&B-Branche.\",\"potentialAction\":[{\"@type\":\"SearchAction\",\"target\":{\"@type\":\"EntryPoint\",\"urlTemplate\":\"https:\\\/\\\/blog.bedandbreakfast.eu\\\/innkeepers\\\/de\\\/?s={search_term_string}\"},\"query-input\":{\"@type\":\"PropertyValueSpecification\",\"valueRequired\":true,\"valueName\":\"search_term_string\"}}],\"inLanguage\":\"de\"},{\"@type\":\"Person\",\"@id\":\"https:\\\/\\\/blog.bedandbreakfast.eu\\\/innkeepers\\\/de\\\/#\\\/schema\\\/person\\\/f240614cab0d5cb962fa531ad716f89e\",\"name\":\"Jos\",\"image\":{\"@type\":\"ImageObject\",\"inLanguage\":\"de\",\"@id\":\"https:\\\/\\\/secure.gravatar.com\\\/avatar\\\/76d270490551ccbafeb14df8de1c45abff3789176aa26f1ccbda74d913489b0d?s=96&d=mm&r=gd5f3066ac2bd757541650b29015223af\",\"url\":\"https:\\\/\\\/secure.gravatar.com\\\/avatar\\\/76d270490551ccbafeb14df8de1c45abff3789176aa26f1ccbda74d913489b0d?s=96&d=mm&r=g\",\"contentUrl\":\"https:\\\/\\\/secure.gravatar.com\\\/avatar\\\/76d270490551ccbafeb14df8de1c45abff3789176aa26f1ccbda74d913489b0d?s=96&d=mm&r=g\",\"caption\":\"Jos\"},\"url\":\"https:\\\/\\\/blog.bedandbreakfast.eu\\\/innkeepers\\\/de\\\/author\\\/jos\\\/\"}]}<\/script>\n<!-- \/ Yoast SEO plugin. -->","yoast_head_json":{"title":"Neu: Blog f\u00fcr Bed &amp; Breakfast Inhaber - Bed and Breakfast Inhaber Blog | Bedandbreakfast.eu","robots":{"index":"index","follow":"follow","max-snippet":"max-snippet:-1","max-image-preview":"max-image-preview:large","max-video-preview":"max-video-preview:-1"},"canonical":"https:\/\/blog.bedandbreakfast.eu\/innkeepers\/de\/neu-blog-fur-bed-breakfast-inhaber\/","og_locale":"de_DE","og_type":"article","og_title":"Neu: Blog f\u00fcr Bed &amp; Breakfast Inhaber - Bed and Breakfast Inhaber Blog | Bedandbreakfast.eu","og_description":"Soziale Online-Netzwerke: wer macht da gegenw\u00e4rtig nicht mit? Bedandbreakfast.eu kann da nat\u00fcrlich nicht au\u00dfen vor bleiben. Sie k\u00f6nnen uns ab sofort \u00fcber LinkedIn, Twitter, Facebook und YouTube folgen. Zus\u00e4tzlich hat Bedandbreakfast.eu seit kurzem einen eigenen Blog f\u00fcr Bed &amp; Breakfast-Inhaber.","og_url":"https:\/\/blog.bedandbreakfast.eu\/innkeepers\/de\/neu-blog-fur-bed-breakfast-inhaber\/","og_site_name":"Bed and Breakfast Inhaber Blog | Bedandbreakfast.eu","article_published_time":"2010-12-08T12:16:28+00:00","article_modified_time":"2016-09-21T08:02:17+00:00","og_image":[{"url":"https:\/\/www.bedandbreakfast.nl\/blog\/wp-content\/uploads\/2010\/11\/Bedandbreakfast.nl_blogt1.jpg","type":"","width":"","height":""}],"author":"Jos","twitter_card":"summary_large_image","twitter_misc":{"Verfasst von":"Jos","Gesch\u00e4tzte Lesezeit":"1\u00a0Minute","Written by":"Jos"},"schema":{"@context":"https:\/\/schema.org","@graph":[{"@type":"Article","@id":"https:\/\/blog.bedandbreakfast.eu\/innkeepers\/de\/neu-blog-fur-bed-breakfast-inhaber\/#article","isPartOf":{"@id":"https:\/\/blog.bedandbreakfast.eu\/innkeepers\/de\/neu-blog-fur-bed-breakfast-inhaber\/"},"author":{"name":"Jos","@id":"https:\/\/blog.bedandbreakfast.eu\/innkeepers\/de\/#\/schema\/person\/f240614cab0d5cb962fa531ad716f89e"},"headline":"Neu: Blog f\u00fcr Bed &amp; Breakfast Inhaber","datePublished":"2010-12-08T12:16:28+00:00","dateModified":"2016-09-21T08:02:17+00:00","mainEntityOfPage":{"@id":"https:\/\/blog.bedandbreakfast.eu\/innkeepers\/de\/neu-blog-fur-bed-breakfast-inhaber\/"},"wordCount":264,"commentCount":0,"image":{"@id":"https:\/\/blog.bedandbreakfast.eu\/innkeepers\/de\/neu-blog-fur-bed-breakfast-inhaber\/#primaryimage"},"thumbnailUrl":"https:\/\/www.bedandbreakfast.nl\/blog\/wp-content\/uploads\/2010\/11\/Bedandbreakfast.nl_blogt1.jpg","articleSection":["Bedandbreakfast.eu"],"inLanguage":"de","potentialAction":[{"@type":"CommentAction","name":"Comment","target":["https:\/\/blog.bedandbreakfast.eu\/innkeepers\/de\/neu-blog-fur-bed-breakfast-inhaber\/#respond"]}]},{"@type":"WebPage","@id":"https:\/\/blog.bedandbreakfast.eu\/innkeepers\/de\/neu-blog-fur-bed-breakfast-inhaber\/","url":"https:\/\/blog.bedandbreakfast.eu\/innkeepers\/de\/neu-blog-fur-bed-breakfast-inhaber\/","name":"Neu: Blog f\u00fcr Bed &amp; Breakfast Inhaber - Bed and Breakfast Inhaber Blog | Bedandbreakfast.eu","isPartOf":{"@id":"https:\/\/blog.bedandbreakfast.eu\/innkeepers\/de\/#website"},"primaryImageOfPage":{"@id":"https:\/\/blog.bedandbreakfast.eu\/innkeepers\/de\/neu-blog-fur-bed-breakfast-inhaber\/#primaryimage"},"image":{"@id":"https:\/\/blog.bedandbreakfast.eu\/innkeepers\/de\/neu-blog-fur-bed-breakfast-inhaber\/#primaryimage"},"thumbnailUrl":"https:\/\/www.bedandbreakfast.nl\/blog\/wp-content\/uploads\/2010\/11\/Bedandbreakfast.nl_blogt1.jpg","datePublished":"2010-12-08T12:16:28+00:00","dateModified":"2016-09-21T08:02:17+00:00","author":{"@id":"https:\/\/blog.bedandbreakfast.eu\/innkeepers\/de\/#\/schema\/person\/f240614cab0d5cb962fa531ad716f89e"},"breadcrumb":{"@id":"https:\/\/blog.bedandbreakfast.eu\/innkeepers\/de\/neu-blog-fur-bed-breakfast-inhaber\/#breadcrumb"},"inLanguage":"de","potentialAction":[{"@type":"ReadAction","target":["https:\/\/blog.bedandbreakfast.eu\/innkeepers\/de\/neu-blog-fur-bed-breakfast-inhaber\/"]}]},{"@type":"ImageObject","inLanguage":"de","@id":"https:\/\/blog.bedandbreakfast.eu\/innkeepers\/de\/neu-blog-fur-bed-breakfast-inhaber\/#primaryimage","url":"https:\/\/www.bedandbreakfast.nl\/blog\/wp-content\/uploads\/2010\/11\/Bedandbreakfast.nl_blogt1.jpg","contentUrl":"https:\/\/www.bedandbreakfast.nl\/blog\/wp-content\/uploads\/2010\/11\/Bedandbreakfast.nl_blogt1.jpg"},{"@type":"BreadcrumbList","@id":"https:\/\/blog.bedandbreakfast.eu\/innkeepers\/de\/neu-blog-fur-bed-breakfast-inhaber\/#breadcrumb","itemListElement":[{"@type":"ListItem","position":1,"name":"Home","item":"https:\/\/blog.bedandbreakfast.eu\/innkeepers\/de\/"},{"@type":"ListItem","position":2,"name":"Neu: Blog f\u00fcr Bed &amp; Breakfast Inhaber"}]},{"@type":"WebSite","@id":"https:\/\/blog.bedandbreakfast.eu\/innkeepers\/de\/#website","url":"https:\/\/blog.bedandbreakfast.eu\/innkeepers\/de\/","name":"Bed and Breakfast Inhaber Blog | Bedandbreakfast.eu","description":"Ein Blog von Bedandbreakfast.eu f\u00fcr Bed & Breakfast und Privatzimmer Inhaber. N\u00fctzliche und praktische Tipps, Kolumnen, Workshops und die aktuellsten News aus der B&B-Branche.","potentialAction":[{"@type":"SearchAction","target":{"@type":"EntryPoint","urlTemplate":"https:\/\/blog.bedandbreakfast.eu\/innkeepers\/de\/?s={search_term_string}"},"query-input":{"@type":"PropertyValueSpecification","valueRequired":true,"valueName":"search_term_string"}}],"inLanguage":"de"},{"@type":"Person","@id":"https:\/\/blog.bedandbreakfast.eu\/innkeepers\/de\/#\/schema\/person\/f240614cab0d5cb962fa531ad716f89e","name":"Jos","image":{"@type":"ImageObject","inLanguage":"de","@id":"https:\/\/secure.gravatar.com\/avatar\/76d270490551ccbafeb14df8de1c45abff3789176aa26f1ccbda74d913489b0d?s=96&d=mm&r=gd5f3066ac2bd757541650b29015223af","url":"https:\/\/secure.gravatar.com\/avatar\/76d270490551ccbafeb14df8de1c45abff3789176aa26f1ccbda74d913489b0d?s=96&d=mm&r=g","contentUrl":"https:\/\/secure.gravatar.com\/avatar\/76d270490551ccbafeb14df8de1c45abff3789176aa26f1ccbda74d913489b0d?s=96&d=mm&r=g","caption":"Jos"},"url":"https:\/\/blog.bedandbreakfast.eu\/innkeepers\/de\/author\/jos\/"}]}},"jetpack_publicize_connections":[],"jetpack_featured_media_url":"","jetpack_shortlink":"https:\/\/wp.me\/p1XI7S-1iL","jetpack_sharing_enabled":true,"_links":{"self":[{"href":"https:\/\/blog.bedandbreakfast.eu\/innkeepers\/de\/wp-json\/wp\/v2\/posts\/5007","targetHints":{"allow":["GET"]}}],"collection":[{"href":"https:\/\/blog.bedandbreakfast.eu\/innkeepers\/de\/wp-json\/wp\/v2\/posts"}],"about":[{"href":"https:\/\/blog.bedandbreakfast.eu\/innkeepers\/de\/wp-json\/wp\/v2\/types\/post"}],"author":[{"embeddable":true,"href":"https:\/\/blog.bedandbreakfast.eu\/innkeepers\/de\/wp-json\/wp\/v2\/users\/1"}],"replies":[{"embeddable":true,"href":"https:\/\/blog.bedandbreakfast.eu\/innkeepers\/de\/wp-json\/wp\/v2\/comments?post=5007"}],"version-history":[{"count":2,"href":"https:\/\/blog.bedandbreakfast.eu\/innkeepers\/de\/wp-json\/wp\/v2\/posts\/5007\/revisions"}],"predecessor-version":[{"id":8023,"href":"https:\/\/blog.bedandbreakfast.eu\/innkeepers\/de\/wp-json\/wp\/v2\/posts\/5007\/revisions\/8023"}],"wp:attachment":[{"href":"https:\/\/blog.bedandbreakfast.eu\/innkeepers\/de\/wp-json\/wp\/v2\/media?parent=5007"}],"wp:term":[{"taxonomy":"category","embeddable":true,"href":"https:\/\/blog.bedandbreakfast.eu\/innkeepers\/de\/wp-json\/wp\/v2\/categories?post=5007"},{"taxonomy":"post_tag","embeddable":true,"href":"https:\/\/blog.bedandbreakfast.eu\/innkeepers\/de\/wp-json\/wp\/v2\/tags?post=5007"},{"taxonomy":"author","embeddable":true,"href":"https:\/\/blog.bedandbreakfast.eu\/innkeepers\/de\/wp-json\/wp\/v2\/coauthors?post=5007"}],"curies":[{"name":"wp","href":"https:\/\/api.w.org\/{rel}","templated":true}]}}