{"id":3929,"date":"2013-06-10T12:00:02","date_gmt":"2013-06-10T12:00:02","guid":{"rendered":"https:\/\/blog.bedandbreakfast.eu\/2013\/06\/10\/chambres-dhotes-sous-le-soleil-suedois\/"},"modified":"2016-09-20T10:23:35","modified_gmt":"2016-09-20T10:23:35","slug":"chambres-dhotes-sous-le-soleil-suedois","status":"publish","type":"post","link":"https:\/\/blog.bedandbreakfast.eu\/fr\/chambres-dhotes-sous-le-soleil-suedois\/","title":{"rendered":"Chambres d&#8217;h\u00f4tes sous le soleil su\u00e9dois"},"content":{"rendered":"<div id=\"attachment_2263\" style=\"width: 560px\" class=\"wp-caption alignnone\"><a href=\"https:\/\/www.bedandbreakfast.eu\/chambre-d-hote\/suede\/pays\/\"><img loading=\"lazy\" decoding=\"async\" aria-describedby=\"caption-attachment-2263\" class=\"size-full wp-image-2263   \" title=\"B&#038;B Su\u00e8de\" alt=\"Chambre d'h\u00f4tes Su\u00e8de\" src=\"https://blog.bedandbreakfast.eu/wp-content\/uploads\/2013\/05\/Strand_huisje.jpg\" width=\"550\" height=\"364\" \/><\/a><p id=\"caption-attachment-2263\" class=\"wp-caption-text\">Les \u00e9t\u00e9s su\u00e9dois sont l\u2019id\u00e9al pour des activit\u00e9s sportives mais tu pourras \u00e9galement te d\u00e9tendre ici de fa\u00e7on agr\u00e9able sur la plage.<\/p><\/div>\n<p>La neige, ABBA et les saunas su\u00e9dois. Nous avons tous certaines associations diff\u00e9rentes avec la Su\u00e8de, mais un bel \u00e9t\u00e9 manque souvent parmi ces mots. Il est alors temps pour <a title=\"Website Bedandbreakfast.eu\" href=\"http:\/\/www.bedandbreakfast.eu\">Bedandbreakfast.eu<\/a> d\u2019y apporter un changement !<!--more--><\/p>\n<div id=\"attachment_2264\" style=\"width: 310px\" class=\"wp-caption alignright\"><a href=\"https:\/\/www.bedandbreakfast.eu\/chambre-d-hote\/suede\/pays\/\"><img loading=\"lazy\" decoding=\"async\" aria-describedby=\"caption-attachment-2264\" class=\"size-medium wp-image-2264     \" title=\"Chambres d'hotes Su\u00e8de\" alt=\"Bed and  breakfast Su\u00e8de\" src=\"https://blog.bedandbreakfast.eu/wp-content\/uploads\/2013\/05\/huisje_bos-300x224.jpg\" width=\"300\" height=\"224\" \/><\/a><p id=\"caption-attachment-2264\" class=\"wp-caption-text\">S\u00e9journe apr\u00e8s une grande promenade dans un B&#038;B typiquement su\u00e9dois.<\/p><\/div>\n<p><strong>Vacances d\u2019\u00e9t\u00e9 su\u00e9doises<\/strong><br \/>\nBeaucoup de gens pensent que le climat en \u00e9t\u00e9 en Su\u00e8de est froid et humide, mais la v\u00e9rit\u00e9 est loin de l\u00e0. En juillet la temp\u00e9rature moyenne en journ\u00e9e s\u2019\u00e9l\u00e8ve \u00e0 20\u00b0C dans le nord-est et \u00e0 22\u00b0C dans le sud. C\u2019est le temps id\u00e9al pour une itin\u00e9raire de promenades dans par exemple le Parc National Fulufj\u00e4llet dans la province de <a title=\"B&amp;B Dalarna\" href=\"https:\/\/www.bedandbreakfast.eu\/chambre-d-hote\/comte-de-dalarna\/province\/suede\/2699767\">Dalarna<\/a>. Vagabonde ici \u00e0 travers les vall\u00e9es et prends des photos du plus vieil arbre du monde. Ou fais du cyclo-cross dans la nature su\u00e9doise sur un VTT et passe la nuit dans un <a title=\"Chambres d&#039;hotes Su\u00e8de\" href=\"https:\/\/www.bedandbreakfast.eu\/chambre-d-hote\/suede\/pays\/\">bed and breakfast<\/a>\u00a0(chambre d&#8217;h\u00f4tes)\u00a0qui se trouve sur l\u2019itin\u00e9raire.<\/p>\n<p><strong>B&#038;B sur la plage blanche<\/strong><br \/>\nOn peut trouver beaucoup de plages blanches sur la c\u00f4te-sud de la Su\u00e8de. Bien que l\u2019eau de la mer reste assez fra\u00eeche avec 15 jusqu\u2019\u00e0 17 degr\u00e9s Celsius, un s\u00e9jour y est bien agr\u00e9able si le soleil est au rendez-vous. Ou plonge dans un des multiples lacs su\u00e9dois o\u00f9 la temp\u00e9rature de l\u2019eau peut facilement monter jusqu\u2019\u00e0 20\u00b0C ou plus. Des plages populaires sont entre autres <a title=\"B&amp;B Mellbystrand\" href=\"https:\/\/www.bedandbreakfast.eu\/chambre-d-hote\/keyword\/mellbystrand\">Mellbystrand<\/a>, <a title=\"Chambres d&#039;hotes Varberg\" href=\"https:\/\/www.bedandbreakfast.eu\/chambre-d-hote\/varbergs-kommun\/municipalite\/suede\/2664994\">Varberg<\/a> et <a title=\"B&amp;B Laholm\" href=\"https:\/\/www.bedandbreakfast.eu\/chambre-d-hote\/laholms-kommun\/municipalite\/suede\/2697859\">Laholm<\/a> dans la province <a title=\"Chambres d&#039;hotes d\u2019Halland L\u00e4n\" href=\"https:\/\/www.bedandbreakfast.eu\/chambre-d-hote\/comte-de-halland\/province\/suede\/2708794\">d\u2019Halland L\u00e4n<\/a>. Dans la r\u00e9gion <a title=\"B&amp;B Sk\u00e5ne L\u00e4n\" href=\"https:\/\/www.bedandbreakfast.eu\/chambre-d-hote\/comte-de-skane\/province\/suede\/3337385\">Sk\u00e5ne L\u00e4n<\/a> les plages de <a title=\"B&amp;B Skan\u00f6r\" href=\"https:\/\/www.bedandbreakfast.eu\/chambre-d-hote\/skanor\/suede\/c2678264\">Skan\u00f6r<\/a>, <a title=\"Chambres d&#039;hotes Sandhammaren\" href=\"https:\/\/www.bedandbreakfast.eu\/chambre-d-hote\/keyword\/sandhammaren\">Sandhammaren<\/a> et <a title=\"B&amp;B \u00c5hus\" href=\"https:\/\/www.bedandbreakfast.eu\/chambre-d-hote\/ahus\/suede\/c2727363\">\u00c5hus<\/a> attirent beaucoup de visiteurs.<\/p>\n<div id=\"attachment_2265\" style=\"width: 208px\" class=\"wp-caption alignleft\"><a href=\"https:\/\/www.bedandbreakfast.eu\/chambre-d-hote\/stockholms-kommun\/municipalite\/suede\/2673723\"><img loading=\"lazy\" decoding=\"async\" aria-describedby=\"caption-attachment-2265\" class=\"size-medium wp-image-2265    \" title=\"Chambres d'hotes Stockholm\" alt=\"Bed and  breakfast Stockholm\" src=\"https://blog.bedandbreakfast.eu/wp-content\/uploads\/2013\/05\/stockholm-streets-198x300.jpg\" width=\"198\" height=\"300\" \/><\/a><p id=\"caption-attachment-2265\" class=\"wp-caption-text\">Stockholm a des belles petites rues avec de bonnes adresses de B&#038;B.<\/p><\/div>\n<p><strong>Bed en breakfast en ville<\/strong><br \/>\nA c\u00f4t\u00e9 de la belle nature bien pr\u00e9sente la Su\u00e8de offre une vieille culture et en m\u00eame temps une architecture moderne. Dans les villes comme <a title=\"B&amp;B Malm\u00f6\" href=\"https:\/\/www.bedandbreakfast.eu\/chambre-d-hote\/malmo\/suede\/c2692969\">Malm\u00f6<\/a>, <a title=\"B&amp;B G\u00f6teborg\" href=\"https:\/\/www.bedandbreakfast.eu\/chambre-d-hote\/goteborgs-kommun\/municipalite\/suede\/2711533\">G\u00f6teborg<\/a> et <a title=\"Chambres d&#039;hotes Stockholm\" href=\"https:\/\/www.bedandbreakfast.eu\/chambre-d-hote\/stockholms-kommun\/municipalite\/suede\/2673723\">Stockholm<\/a> il y a beaucoup de choses \u00e0 faire dans le domaine de l\u2019art et de la culture. N\u2019oublie d\u2019ailleurs pas d\u2019apporter des Couronnes su\u00e9doises si tu comptes faire du shopping et d\u00e9couvrir la vie de la nuit !<\/p>\n<p><strong>R\u00e9serv\u00e9 en chambre d&#8217;h\u00f4tes\u00a0en Su\u00e8de<\/strong><br \/>\n<a title=\"Chambres d&#039;hotes Su\u00e8de\" href=\"https:\/\/www.bedandbreakfast.eu\/chambre-d-hote\/suede\/pays\/\">Partout ont trouve en Su\u00e8de des beaux B&#038;b&#8217;s<\/a>. Chaque bed and breakfast est unique. Exp\u00e9riment\u00e9 vous m\u00eame! Cherchez le id\u00e9ale B&#038;B dans la vaste offre faites directement votre r\u00e9servation.<\/p>\n","protected":false},"excerpt":{"rendered":"<p>La neige, ABBA et les saunas su\u00e9dois. Nous avons tous certaines associations diff\u00e9rentes avec la Su\u00e8de, mais un bel \u00e9t\u00e9 manque souvent parmi ces mots. Il est alors temps pour Bedandbreakfast.eu d\u2019y apporter un changement !<\/p>\n","protected":false},"author":10,"featured_media":0,"comment_status":"open","ping_status":"open","sticky":false,"template":"","format":"standard","meta":{"_monsterinsights_skip_tracking":false,"_monsterinsights_sitenote_active":false,"_monsterinsights_sitenote_note":"","_monsterinsights_sitenote_category":0,"_jetpack_newsletter_access":"","_jetpack_dont_email_post_to_subs":false,"_jetpack_newsletter_tier_id":0,"_jetpack_memberships_contains_paywalled_content":false,"_jetpack_memberships_contains_paid_content":false,"footnotes":""},"categories":[2601,2700],"tags":[3583,3657],"coauthors":[5470],"class_list":["post-3929","post","type-post","status-publish","format-standard","hentry","category-bons-conseils-2","category-tourism-fr-2","tag-bed-breakfast-fr-2","tag-bed-and-breakfast-fr-3"],"yoast_head":"<!-- This site is optimized with the Yoast SEO plugin v27.4 - https:\/\/yoast.com\/product\/yoast-seo-wordpress\/ -->\n<title>Chambres d&#039;h\u00f4tes sous le soleil su\u00e9dois - Chambre d&#039;H\u00f4tes Blog | Bedandbreakfast.eu<\/title>\n<meta name=\"robots\" content=\"index, follow, max-snippet:-1, max-image-preview:large, max-video-preview:-1\" \/>\n<link rel=\"canonical\" href=\"https:\/\/blog.bedandbreakfast.eu\/fr\/chambres-dhotes-sous-le-soleil-suedois\/\" \/>\n<meta property=\"og:locale\" content=\"fr_FR\" \/>\n<meta property=\"og:type\" content=\"article\" \/>\n<meta property=\"og:title\" content=\"Chambres d&#039;h\u00f4tes sous le soleil su\u00e9dois - Chambre d&#039;H\u00f4tes Blog | Bedandbreakfast.eu\" \/>\n<meta property=\"og:description\" content=\"La neige, ABBA et les saunas su\u00e9dois. Nous avons tous certaines associations diff\u00e9rentes avec la Su\u00e8de, mais un bel \u00e9t\u00e9 manque souvent parmi ces mots. Il est alors temps pour Bedandbreakfast.eu d\u2019y apporter un changement !\" \/>\n<meta property=\"og:url\" content=\"https:\/\/blog.bedandbreakfast.eu\/fr\/chambres-dhotes-sous-le-soleil-suedois\/\" \/>\n<meta property=\"og:site_name\" content=\"Chambre d&#039;H\u00f4tes Blog | Bedandbreakfast.eu\" \/>\n<meta property=\"article:published_time\" content=\"2013-06-10T12:00:02+00:00\" \/>\n<meta property=\"article:modified_time\" content=\"2016-09-20T10:23:35+00:00\" \/>\n<meta property=\"og:image\" content=\"https://blog.bedandbreakfast.eu/wp-content\/uploads\/2013\/05\/Strand_huisje.jpg\" \/>\n<meta name=\"author\" content=\"Josjah Thalen\" \/>\n<meta name=\"twitter:card\" content=\"summary_large_image\" \/>\n<meta name=\"twitter:label1\" content=\"\u00c9crit par\" \/>\n\t<meta name=\"twitter:data1\" content=\"Josjah Thalen\" \/>\n\t<meta name=\"twitter:label2\" content=\"Dur\u00e9e de lecture estim\u00e9e\" \/>\n\t<meta name=\"twitter:data2\" content=\"2 minutes\" \/>\n<script type=\"application\/ld+json\" class=\"yoast-schema-graph\">{\"@context\":\"https:\\\/\\\/schema.org\",\"@graph\":[{\"@type\":\"Article\",\"@id\":\"https:\\\/\\\/blog.bedandbreakfast.eu\\\/fr\\\/chambres-dhotes-sous-le-soleil-suedois\\\/#article\",\"isPartOf\":{\"@id\":\"https:\\\/\\\/blog.bedandbreakfast.eu\\\/fr\\\/chambres-dhotes-sous-le-soleil-suedois\\\/\"},\"author\":{\"name\":\"Josjah Thalen\",\"@id\":\"https:\\\/\\\/blog.bedandbreakfast.eu\\\/nl\\\/#\\\/schema\\\/person\\\/478645d2a302bc85a9ea2d3014016917\"},\"headline\":\"Chambres d&#8217;h\u00f4tes sous le soleil su\u00e9dois\",\"datePublished\":\"2013-06-10T12:00:02+00:00\",\"dateModified\":\"2016-09-20T10:23:35+00:00\",\"mainEntityOfPage\":{\"@id\":\"https:\\\/\\\/blog.bedandbreakfast.eu\\\/fr\\\/chambres-dhotes-sous-le-soleil-suedois\\\/\"},\"wordCount\":489,\"commentCount\":0,\"image\":{\"@id\":\"https:\\\/\\\/blog.bedandbreakfast.eu\\\/fr\\\/chambres-dhotes-sous-le-soleil-suedois\\\/#primaryimage\"},\"thumbnailUrl\":\"https:\\\/\\\/www.bedandbreakfast.eu\\\/blog\\\/wp-content\\\/uploads\\\/2013\\\/05\\\/Strand_huisje.jpg\",\"keywords\":[\"bed &amp; breakfast\",\"bed and breakfast\"],\"articleSection\":[\"Bons Conseils\",\"Tourisme\"],\"inLanguage\":\"fr-FR\",\"potentialAction\":[{\"@type\":\"CommentAction\",\"name\":\"Comment\",\"target\":[\"https:\\\/\\\/blog.bedandbreakfast.eu\\\/fr\\\/chambres-dhotes-sous-le-soleil-suedois\\\/#respond\"]}]},{\"@type\":\"WebPage\",\"@id\":\"https:\\\/\\\/blog.bedandbreakfast.eu\\\/fr\\\/chambres-dhotes-sous-le-soleil-suedois\\\/\",\"url\":\"https:\\\/\\\/blog.bedandbreakfast.eu\\\/fr\\\/chambres-dhotes-sous-le-soleil-suedois\\\/\",\"name\":\"Chambres d'h\u00f4tes sous le soleil su\u00e9dois - Chambre d&#039;H\u00f4tes Blog | Bedandbreakfast.eu\",\"isPartOf\":{\"@id\":\"https:\\\/\\\/blog.bedandbreakfast.eu\\\/nl\\\/#website\"},\"primaryImageOfPage\":{\"@id\":\"https:\\\/\\\/blog.bedandbreakfast.eu\\\/fr\\\/chambres-dhotes-sous-le-soleil-suedois\\\/#primaryimage\"},\"image\":{\"@id\":\"https:\\\/\\\/blog.bedandbreakfast.eu\\\/fr\\\/chambres-dhotes-sous-le-soleil-suedois\\\/#primaryimage\"},\"thumbnailUrl\":\"https:\\\/\\\/www.bedandbreakfast.eu\\\/blog\\\/wp-content\\\/uploads\\\/2013\\\/05\\\/Strand_huisje.jpg\",\"datePublished\":\"2013-06-10T12:00:02+00:00\",\"dateModified\":\"2016-09-20T10:23:35+00:00\",\"author\":{\"@id\":\"https:\\\/\\\/blog.bedandbreakfast.eu\\\/nl\\\/#\\\/schema\\\/person\\\/478645d2a302bc85a9ea2d3014016917\"},\"breadcrumb\":{\"@id\":\"https:\\\/\\\/blog.bedandbreakfast.eu\\\/fr\\\/chambres-dhotes-sous-le-soleil-suedois\\\/#breadcrumb\"},\"inLanguage\":\"fr-FR\",\"potentialAction\":[{\"@type\":\"ReadAction\",\"target\":[\"https:\\\/\\\/blog.bedandbreakfast.eu\\\/fr\\\/chambres-dhotes-sous-le-soleil-suedois\\\/\"]}]},{\"@type\":\"ImageObject\",\"inLanguage\":\"fr-FR\",\"@id\":\"https:\\\/\\\/blog.bedandbreakfast.eu\\\/fr\\\/chambres-dhotes-sous-le-soleil-suedois\\\/#primaryimage\",\"url\":\"https:\\\/\\\/www.bedandbreakfast.eu\\\/blog\\\/wp-content\\\/uploads\\\/2013\\\/05\\\/Strand_huisje.jpg\",\"contentUrl\":\"https:\\\/\\\/www.bedandbreakfast.eu\\\/blog\\\/wp-content\\\/uploads\\\/2013\\\/05\\\/Strand_huisje.jpg\"},{\"@type\":\"BreadcrumbList\",\"@id\":\"https:\\\/\\\/blog.bedandbreakfast.eu\\\/fr\\\/chambres-dhotes-sous-le-soleil-suedois\\\/#breadcrumb\",\"itemListElement\":[{\"@type\":\"ListItem\",\"position\":1,\"name\":\"Home\",\"item\":\"https:\\\/\\\/blog.bedandbreakfast.eu\\\/fr\\\/\"},{\"@type\":\"ListItem\",\"position\":2,\"name\":\"Chambres d&rsquo;h\u00f4tes sous le soleil su\u00e9dois\"}]},{\"@type\":\"WebSite\",\"@id\":\"https:\\\/\\\/blog.bedandbreakfast.eu\\\/nl\\\/#website\",\"url\":\"https:\\\/\\\/blog.bedandbreakfast.eu\\\/nl\\\/\",\"name\":\"Chambre d&#039;H\u00f4tes Blog | Bedandbreakfast.eu\",\"description\":\"Des blogs concernant des B&amp;B uniques, propos\u00e9s par Bedandbreakfast.eu. De nouvelles inspirations pour des s\u00e9jours et sorties en B&amp;B dans les plus beaux endroits du monde.\",\"potentialAction\":[{\"@type\":\"SearchAction\",\"target\":{\"@type\":\"EntryPoint\",\"urlTemplate\":\"https:\\\/\\\/blog.bedandbreakfast.eu\\\/nl\\\/?s={search_term_string}\"},\"query-input\":{\"@type\":\"PropertyValueSpecification\",\"valueRequired\":true,\"valueName\":\"search_term_string\"}}],\"inLanguage\":\"fr-FR\"},{\"@type\":\"Person\",\"@id\":\"https:\\\/\\\/blog.bedandbreakfast.eu\\\/nl\\\/#\\\/schema\\\/person\\\/478645d2a302bc85a9ea2d3014016917\",\"name\":\"Josjah Thalen\",\"image\":{\"@type\":\"ImageObject\",\"inLanguage\":\"fr-FR\",\"@id\":\"https:\\\/\\\/secure.gravatar.com\\\/avatar\\\/3d323b3d641ca48940632a24b66d5a8f02f80c664a198c89b40906f74c1159e4?s=96&d=mm&r=g3b17f4c9c094d19a48d6f6e85643ac95\",\"url\":\"https:\\\/\\\/secure.gravatar.com\\\/avatar\\\/3d323b3d641ca48940632a24b66d5a8f02f80c664a198c89b40906f74c1159e4?s=96&d=mm&r=g\",\"contentUrl\":\"https:\\\/\\\/secure.gravatar.com\\\/avatar\\\/3d323b3d641ca48940632a24b66d5a8f02f80c664a198c89b40906f74c1159e4?s=96&d=mm&r=g\",\"caption\":\"Josjah Thalen\"},\"description\":\"Loves to collect memories at exquisite destinations. Passionate about traveling and visiting unique B&amp;Bs: discover his best tips on this blog.\",\"url\":\"https:\\\/\\\/blog.bedandbreakfast.eu\\\/fr\\\/author\\\/josjah\\\/\"}]}<\/script>\n<!-- \/ Yoast SEO plugin. -->","yoast_head_json":{"title":"Chambres d'h\u00f4tes sous le soleil su\u00e9dois - Chambre d&#039;H\u00f4tes Blog | Bedandbreakfast.eu","robots":{"index":"index","follow":"follow","max-snippet":"max-snippet:-1","max-image-preview":"max-image-preview:large","max-video-preview":"max-video-preview:-1"},"canonical":"https:\/\/blog.bedandbreakfast.eu\/fr\/chambres-dhotes-sous-le-soleil-suedois\/","og_locale":"fr_FR","og_type":"article","og_title":"Chambres d'h\u00f4tes sous le soleil su\u00e9dois - Chambre d&#039;H\u00f4tes Blog | Bedandbreakfast.eu","og_description":"La neige, ABBA et les saunas su\u00e9dois. Nous avons tous certaines associations diff\u00e9rentes avec la Su\u00e8de, mais un bel \u00e9t\u00e9 manque souvent parmi ces mots. Il est alors temps pour Bedandbreakfast.eu d\u2019y apporter un changement !","og_url":"https:\/\/blog.bedandbreakfast.eu\/fr\/chambres-dhotes-sous-le-soleil-suedois\/","og_site_name":"Chambre d&#039;H\u00f4tes Blog | Bedandbreakfast.eu","article_published_time":"2013-06-10T12:00:02+00:00","article_modified_time":"2016-09-20T10:23:35+00:00","og_image":[{"url":"https://blog.bedandbreakfast.eu/wp-content\/uploads\/2013\/05\/Strand_huisje.jpg","type":"","width":"","height":""}],"author":"Josjah Thalen","twitter_card":"summary_large_image","twitter_misc":{"\u00c9crit par":"Josjah Thalen","Dur\u00e9e de lecture estim\u00e9e":"2 minutes"},"schema":{"@context":"https:\/\/schema.org","@graph":[{"@type":"Article","@id":"https:\/\/blog.bedandbreakfast.eu\/fr\/chambres-dhotes-sous-le-soleil-suedois\/#article","isPartOf":{"@id":"https:\/\/blog.bedandbreakfast.eu\/fr\/chambres-dhotes-sous-le-soleil-suedois\/"},"author":{"name":"Josjah Thalen","@id":"https:\/\/blog.bedandbreakfast.eu\/nl\/#\/schema\/person\/478645d2a302bc85a9ea2d3014016917"},"headline":"Chambres d&#8217;h\u00f4tes sous le soleil su\u00e9dois","datePublished":"2013-06-10T12:00:02+00:00","dateModified":"2016-09-20T10:23:35+00:00","mainEntityOfPage":{"@id":"https:\/\/blog.bedandbreakfast.eu\/fr\/chambres-dhotes-sous-le-soleil-suedois\/"},"wordCount":489,"commentCount":0,"image":{"@id":"https:\/\/blog.bedandbreakfast.eu\/fr\/chambres-dhotes-sous-le-soleil-suedois\/#primaryimage"},"thumbnailUrl":"https://blog.bedandbreakfast.eu/wp-content\/uploads\/2013\/05\/Strand_huisje.jpg","keywords":["bed &amp; breakfast","bed and breakfast"],"articleSection":["Bons Conseils","Tourisme"],"inLanguage":"fr-FR","potentialAction":[{"@type":"CommentAction","name":"Comment","target":["https:\/\/blog.bedandbreakfast.eu\/fr\/chambres-dhotes-sous-le-soleil-suedois\/#respond"]}]},{"@type":"WebPage","@id":"https:\/\/blog.bedandbreakfast.eu\/fr\/chambres-dhotes-sous-le-soleil-suedois\/","url":"https:\/\/blog.bedandbreakfast.eu\/fr\/chambres-dhotes-sous-le-soleil-suedois\/","name":"Chambres d'h\u00f4tes sous le soleil su\u00e9dois - Chambre d&#039;H\u00f4tes Blog | Bedandbreakfast.eu","isPartOf":{"@id":"https:\/\/blog.bedandbreakfast.eu\/nl\/#website"},"primaryImageOfPage":{"@id":"https:\/\/blog.bedandbreakfast.eu\/fr\/chambres-dhotes-sous-le-soleil-suedois\/#primaryimage"},"image":{"@id":"https:\/\/blog.bedandbreakfast.eu\/fr\/chambres-dhotes-sous-le-soleil-suedois\/#primaryimage"},"thumbnailUrl":"https://blog.bedandbreakfast.eu/wp-content\/uploads\/2013\/05\/Strand_huisje.jpg","datePublished":"2013-06-10T12:00:02+00:00","dateModified":"2016-09-20T10:23:35+00:00","author":{"@id":"https:\/\/blog.bedandbreakfast.eu\/nl\/#\/schema\/person\/478645d2a302bc85a9ea2d3014016917"},"breadcrumb":{"@id":"https:\/\/blog.bedandbreakfast.eu\/fr\/chambres-dhotes-sous-le-soleil-suedois\/#breadcrumb"},"inLanguage":"fr-FR","potentialAction":[{"@type":"ReadAction","target":["https:\/\/blog.bedandbreakfast.eu\/fr\/chambres-dhotes-sous-le-soleil-suedois\/"]}]},{"@type":"ImageObject","inLanguage":"fr-FR","@id":"https:\/\/blog.bedandbreakfast.eu\/fr\/chambres-dhotes-sous-le-soleil-suedois\/#primaryimage","url":"https://blog.bedandbreakfast.eu/wp-content\/uploads\/2013\/05\/Strand_huisje.jpg","contentUrl":"https://blog.bedandbreakfast.eu/wp-content\/uploads\/2013\/05\/Strand_huisje.jpg"},{"@type":"BreadcrumbList","@id":"https:\/\/blog.bedandbreakfast.eu\/fr\/chambres-dhotes-sous-le-soleil-suedois\/#breadcrumb","itemListElement":[{"@type":"ListItem","position":1,"name":"Home","item":"https:\/\/blog.bedandbreakfast.eu\/fr\/"},{"@type":"ListItem","position":2,"name":"Chambres d&rsquo;h\u00f4tes sous le soleil su\u00e9dois"}]},{"@type":"WebSite","@id":"https:\/\/blog.bedandbreakfast.eu\/nl\/#website","url":"https:\/\/blog.bedandbreakfast.eu\/nl\/","name":"Chambre d&#039;H\u00f4tes Blog | Bedandbreakfast.eu","description":"Des blogs concernant des B&amp;B uniques, propos\u00e9s par Bedandbreakfast.eu. De nouvelles inspirations pour des s\u00e9jours et sorties en B&amp;B dans les plus beaux endroits du monde.","potentialAction":[{"@type":"SearchAction","target":{"@type":"EntryPoint","urlTemplate":"https:\/\/blog.bedandbreakfast.eu\/nl\/?s={search_term_string}"},"query-input":{"@type":"PropertyValueSpecification","valueRequired":true,"valueName":"search_term_string"}}],"inLanguage":"fr-FR"},{"@type":"Person","@id":"https:\/\/blog.bedandbreakfast.eu\/nl\/#\/schema\/person\/478645d2a302bc85a9ea2d3014016917","name":"Josjah Thalen","image":{"@type":"ImageObject","inLanguage":"fr-FR","@id":"https:\/\/secure.gravatar.com\/avatar\/3d323b3d641ca48940632a24b66d5a8f02f80c664a198c89b40906f74c1159e4?s=96&d=mm&r=g3b17f4c9c094d19a48d6f6e85643ac95","url":"https:\/\/secure.gravatar.com\/avatar\/3d323b3d641ca48940632a24b66d5a8f02f80c664a198c89b40906f74c1159e4?s=96&d=mm&r=g","contentUrl":"https:\/\/secure.gravatar.com\/avatar\/3d323b3d641ca48940632a24b66d5a8f02f80c664a198c89b40906f74c1159e4?s=96&d=mm&r=g","caption":"Josjah Thalen"},"description":"Loves to collect memories at exquisite destinations. Passionate about traveling and visiting unique B&amp;Bs: discover his best tips on this blog.","url":"https:\/\/blog.bedandbreakfast.eu\/fr\/author\/josjah\/"}]}},"jetpack_featured_media_url":"","jetpack_shortlink":"https:\/\/wp.me\/p9vhf3-11n","jetpack_sharing_enabled":true,"_links":{"self":[{"href":"https:\/\/blog.bedandbreakfast.eu\/fr\/wp-json\/wp\/v2\/posts\/3929","targetHints":{"allow":["GET"]}}],"collection":[{"href":"https:\/\/blog.bedandbreakfast.eu\/fr\/wp-json\/wp\/v2\/posts"}],"about":[{"href":"https:\/\/blog.bedandbreakfast.eu\/fr\/wp-json\/wp\/v2\/types\/post"}],"author":[{"embeddable":true,"href":"https:\/\/blog.bedandbreakfast.eu\/fr\/wp-json\/wp\/v2\/users\/10"}],"replies":[{"embeddable":true,"href":"https:\/\/blog.bedandbreakfast.eu\/fr\/wp-json\/wp\/v2\/comments?post=3929"}],"version-history":[{"count":0,"href":"https:\/\/blog.bedandbreakfast.eu\/fr\/wp-json\/wp\/v2\/posts\/3929\/revisions"}],"wp:attachment":[{"href":"https:\/\/blog.bedandbreakfast.eu\/fr\/wp-json\/wp\/v2\/media?parent=3929"}],"wp:term":[{"taxonomy":"category","embeddable":true,"href":"https:\/\/blog.bedandbreakfast.eu\/fr\/wp-json\/wp\/v2\/categories?post=3929"},{"taxonomy":"post_tag","embeddable":true,"href":"https:\/\/blog.bedandbreakfast.eu\/fr\/wp-json\/wp\/v2\/tags?post=3929"},{"taxonomy":"author","embeddable":true,"href":"https:\/\/blog.bedandbreakfast.eu\/fr\/wp-json\/wp\/v2\/coauthors?post=3929"}],"curies":[{"name":"wp","href":"https:\/\/api.w.org\/{rel}","templated":true}]}}