{"id":37107,"date":"2024-02-12T15:02:32","date_gmt":"2024-02-12T15:02:32","guid":{"rendered":"https:\/\/blog.bedandbreakfast.eu\/?p=37107"},"modified":"2024-03-07T10:35:28","modified_gmt":"2024-03-07T10:35:28","slug":"les-meilleures-conseils-pour-un-week-end-a-amsterdam","status":"publish","type":"post","link":"https:\/\/blog.bedandbreakfast.eu\/fr\/les-meilleures-conseils-pour-un-week-end-a-amsterdam\/","title":{"rendered":"Les meilleures conseils pour un week-end \u00e0 Amsterdam"},"content":{"rendered":"<p><a href=\"https:\/\/www.bedandbreakfast.eu\/fr\/l\/2759794\/amsterdam\" target=\"_blank\" rel=\"noopener noreferrer\"><img loading=\"lazy\" decoding=\"async\" class=\"alignnone wp-image-35091 size-full\" title=\"Bed and Breakfast Amsterdam\" src=\"https:\/\/blog.bedandbreakfast.eu\/wp-content\/uploads\/2022\/09\/bed-and-breakfast-europe-oct-22-weekendje-amsterdam-paleis-op-de-dam.jpg\" alt=\"\" width=\"810\" height=\"551\" srcset=\"https:\/\/blog.bedandbreakfast.eu\/wp-content\/uploads\/2022\/09\/bed-and-breakfast-europe-oct-22-weekendje-amsterdam-paleis-op-de-dam.jpg 810w, https:\/\/blog.bedandbreakfast.eu\/wp-content\/uploads\/2022\/09\/bed-and-breakfast-europe-oct-22-weekendje-amsterdam-paleis-op-de-dam-300x204.jpg 300w, https:\/\/blog.bedandbreakfast.eu\/wp-content\/uploads\/2022\/09\/bed-and-breakfast-europe-oct-22-weekendje-amsterdam-paleis-op-de-dam-768x522.jpg 768w, https:\/\/blog.bedandbreakfast.eu\/wp-content\/uploads\/2022\/09\/bed-and-breakfast-europe-oct-22-weekendje-amsterdam-paleis-op-de-dam-145x100.jpg 145w\" sizes=\"auto, (max-width: 810px) 100vw, 810px\" \/><\/a><\/p>\n<h4>Un week-end \u00e0 Amsterdam<\/h4>\n<p>Il y a beaucoup \u00e0 voir et \u00e0 faire dans le centre historique d&#8217;Amsterdam. Vous y trouverez une multitude de monuments, de lieux d&#8217;int\u00e9r\u00eat, de bons restaurants et de chambres d&#8217;h\u00f4tes accueillantes. Pendant votre week-end \u00e0 Amsterdam, ne manquez pas de faire une croisi\u00e8re sur les canaux s\u00e9culaires et de vous rendre sur la place du Dam pour admirer le palais royal. Vous pourrez ensuite, visiter les stars de Madame Tussauds ou d\u00e9couvrir l&#8217;histoire de la bi\u00e8re la plus c\u00e9l\u00e8bre au monde \u00e0 la Heineken Experience. Leidseplein et Rembrandtplein offrent une vie nocturne particuli\u00e8rement anim\u00e9e.<\/p>\n<p><strong><a class=\"mks_button mks_button_medium rounded\" href=\"https:\/\/www.bedandbreakfast.eu\/fr\/l\/2759794\/amsterdam\" target=\"_blank\" style=\"color: #FFFFFF; background-color: #e3458c;\" >Chambres d&#039;h\u00f4tes Amsterdam<\/a><\/strong><\/p>\n<p><a href=\"https:\/\/www.bedandbreakfast.eu\/fr\/p\/6618987\/anne-frankhuis\" target=\"_blank\" rel=\"noopener noreferrer\"><img loading=\"lazy\" decoding=\"async\" class=\"alignnone wp-image-35097 size-full\" title=\"B&amp;B's dichtbij Anne Frank Huis\" src=\"https:\/\/blog.bedandbreakfast.eu\/wp-content\/uploads\/2022\/09\/bed-and-breakfast-europe-oct-22-weekendje-amsterdam-anne-frank-huis.jpg\" alt=\"\" width=\"810\" height=\"450\" srcset=\"https:\/\/blog.bedandbreakfast.eu\/wp-content\/uploads\/2022\/09\/bed-and-breakfast-europe-oct-22-weekendje-amsterdam-anne-frank-huis.jpg 810w, https:\/\/blog.bedandbreakfast.eu\/wp-content\/uploads\/2022\/09\/bed-and-breakfast-europe-oct-22-weekendje-amsterdam-anne-frank-huis-300x167.jpg 300w, https:\/\/blog.bedandbreakfast.eu\/wp-content\/uploads\/2022\/09\/bed-and-breakfast-europe-oct-22-weekendje-amsterdam-anne-frank-huis-768x427.jpg 768w\" sizes=\"auto, (max-width: 810px) 100vw, 810px\" \/><\/a><\/p>\n<h4>La maison d&#8217;Anne Frank<\/h4>\n<p>Pendant votre s\u00e9jour \u00e0 Amsterdam, ne manquez pas de visiter la Maison d&#8217;Anne Frank. Pendant plus de deux ans, au cours de la Seconde Guerre mondiale, Anne Frank et sa famille se sont cach\u00e9s dans l&#8217;annexe secr\u00e8te du Prinsengracht 263 \u00e0 Amsterdam. C&#8217;est l\u00e0 qu&#8217;Anne a \u00e9crit son journal, aujourd&#8217;hui lu dans le monde entier. Le journal original d&#8217;Anne Frank est expos\u00e9 dans la Salle du journal, vous pouvez voir la fa\u00e7ade authentique de la maison et p\u00e9n\u00e9trer dans la partie arri\u00e8re de la maison par l&#8217;armoire tournante.<\/p>\n<p><strong><a class=\"mks_button mks_button_medium rounded\" href=\"https:\/\/www.bedandbreakfast.eu\/fr\/p\/6618987\/anne-frankhuis\" target=\"_blank\" style=\"color: #FFFFFF; background-color: #e3458c;\" >Chambres d&#039;h\u00f4tes pr\u00e8s de la maison d&#039;Anne Frank<\/a><\/strong><\/p>\n<p><a href=\"https:\/\/www.bedandbreakfast.eu\/fr\/p\/6884785\/rijksmuseum-amsterdam\" target=\"_blank\" rel=\"noopener noreferrer\"><img loading=\"lazy\" decoding=\"async\" class=\"alignnone wp-image-35103 size-full\" title=\"B&amp;B's dichtbij Rijksmuseum\" src=\"https:\/\/blog.bedandbreakfast.eu\/wp-content\/uploads\/2022\/09\/bed-and-breakfast-europe-oct-22-weekendje-amsterdam-rijksmuseum.jpg\" alt=\"\" width=\"810\" height=\"450\" srcset=\"https:\/\/blog.bedandbreakfast.eu\/wp-content\/uploads\/2022\/09\/bed-and-breakfast-europe-oct-22-weekendje-amsterdam-rijksmuseum.jpg 810w, https:\/\/blog.bedandbreakfast.eu\/wp-content\/uploads\/2022\/09\/bed-and-breakfast-europe-oct-22-weekendje-amsterdam-rijksmuseum-300x167.jpg 300w, https:\/\/blog.bedandbreakfast.eu\/wp-content\/uploads\/2022\/09\/bed-and-breakfast-europe-oct-22-weekendje-amsterdam-rijksmuseum-768x427.jpg 768w\" sizes=\"auto, (max-width: 810px) 100vw, 810px\" \/><\/a><\/p>\n<h4>Museumplein &#8211; La place du mus\u00e9e<\/h4>\n<p>Amsterdam est le paradis des amateurs d&#8217;art et de culture et la Museumplein est l&#8217;endroit o\u00f9 il faut \u00eatre. Cette place centrale est tout autant populaire pour les touristes que pour les habitants d&#8217;Amsterdam : il s&#8217;y passe toujours quelque chose. Qu&#8217;il s&#8217;agisse d&#8217;un festival en \u00e9t\u00e9 ou d&#8217;une patinoire en hiver.Sur cette place se trouvent les mus\u00e9es les plus importants comme le Rijksmuseum, le Stedelijk Museum et le Van Gogh Museum. Laissez-vous s\u00e9duire par des chefs-d&#8217;\u0153uvre de l&#8217;art flamand, des expositions temporaires et de l&#8217;art moderne et contemporain..<\/p>\n<ul>\n<li><a href=\"https:\/\/www.bedandbreakfast.eu\/fr\/p\/6884785\/rijksmuseum-amsterdam\" target=\"_blank\" rel=\"noopener noreferrer\">Rijksmuseum<\/a><\/li>\n<li><a href=\"https:\/\/www.bedandbreakfast.eu\/fr\/p\/6884787\/stedelijk-museum-amsterdam\" target=\"_blank\" rel=\"noopener noreferrer\">Mus\u00e9e Stedelijk d&#8217;Amsterdam<\/a><\/li>\n<li><a href=\"https:\/\/www.bedandbreakfast.eu\/fr\/p\/6884786\/van-gogh-museum\" target=\"_blank\" rel=\"noopener noreferrer\">Mus\u00e9e Van Gogh<\/a><\/li>\n<\/ul>\n<p><a href=\"https:\/\/www.bedandbreakfast.eu\/fr\/l\/2753201\/jordaan\" target=\"_blank\" rel=\"noopener noreferrer\"><img loading=\"lazy\" decoding=\"async\" class=\"alignnone wp-image-35110 size-full\" title=\"B&amp;B's in de Jordaan\" src=\"https:\/\/blog.bedandbreakfast.eu\/wp-content\/uploads\/2022\/09\/bed-and-breakfast-europe-oct-22-weekendje-amsterdam-jordaan.jpg\" alt=\"\" width=\"810\" height=\"450\" srcset=\"https:\/\/blog.bedandbreakfast.eu\/wp-content\/uploads\/2022\/09\/bed-and-breakfast-europe-oct-22-weekendje-amsterdam-jordaan.jpg 810w, https:\/\/blog.bedandbreakfast.eu\/wp-content\/uploads\/2022\/09\/bed-and-breakfast-europe-oct-22-weekendje-amsterdam-jordaan-300x167.jpg 300w, https:\/\/blog.bedandbreakfast.eu\/wp-content\/uploads\/2022\/09\/bed-and-breakfast-europe-oct-22-weekendje-amsterdam-jordaan-768x427.jpg 768w\" sizes=\"auto, (max-width: 810px) 100vw, 810px\" \/><\/a><\/p>\n<h4>Les Quartiers branch\u00e9s<\/h4>\n<p>Vous souhaitez passer un peu de temps dans la capitale des Pays-Bas lors de votre voyage \u00e0 Amsterdam ? R\u00e9servez un B&amp;B ! Chaque quartier de la ville a son propre charme. Le Jordaan a la r\u00e9putation d&#8217;\u00eatre le plus idyllique. Vous y trouverez, par exemple, les Nine Streets, avec toutes sortes de boutiques branch\u00e9es et de magasins sp\u00e9cialis\u00e9s. Les boutiques de marques de luxe se trouvent principalement dans la P.C. Hooftstraat, dans l&#8217;\u00e9l\u00e9gant quartier d&#8217;Oud-Zuid. Vous pouvez \u00e9galement fl\u00e2ner le long du Grachtengordel et du c\u00e9l\u00e8bre Red Light District.<\/p>\n<ul>\n<li><a href=\"https:\/\/www.bedandbreakfast.eu\/fr\/l\/2753201\/jordaan\" target=\"_blank\" rel=\"noopener noreferrer\">Le Jordaan<\/a><\/li>\n<li><a href=\"https:\/\/www.bedandbreakfast.eu\/fr\/l\/7648381\/de-pijp\" target=\"_blank\" rel=\"noopener noreferrer\">De Pijp<\/a><\/li>\n<li><a href=\"https:\/\/www.bedandbreakfast.eu\/fr\/l\/7648385\/de-wallen\" target=\"_blank\" rel=\"noopener noreferrer\">Le Red Light District ou De Wallen<\/a><\/li>\n<li><a href=\"https:\/\/www.bedandbreakfast.eu\/fr\/l\/7648383\/oud-zuid\" target=\"_blank\" rel=\"noopener noreferrer\">Le Vieux-Sud<\/a><\/li>\n<\/ul>\n<p><a href=\"https:\/\/www.bedandbreakfast.eu\/fr\/p\/2745324\/vondelpark\" target=\"_blank\" rel=\"noopener noreferrer\"><img loading=\"lazy\" decoding=\"async\" class=\"alignnone wp-image-35116 size-full\" title=\"B&amp;B's dichtbij het Vondelpark\" src=\"https:\/\/blog.bedandbreakfast.eu\/wp-content\/uploads\/2022\/09\/bed-and-breakfast-europe-oct-22-weekendje-amsterdam-vondelpark.jpg\" alt=\"\" width=\"810\" height=\"450\" srcset=\"https:\/\/blog.bedandbreakfast.eu\/wp-content\/uploads\/2022\/09\/bed-and-breakfast-europe-oct-22-weekendje-amsterdam-vondelpark.jpg 810w, https:\/\/blog.bedandbreakfast.eu\/wp-content\/uploads\/2022\/09\/bed-and-breakfast-europe-oct-22-weekendje-amsterdam-vondelpark-300x167.jpg 300w, https:\/\/blog.bedandbreakfast.eu\/wp-content\/uploads\/2022\/09\/bed-and-breakfast-europe-oct-22-weekendje-amsterdam-vondelpark-768x427.jpg 768w\" sizes=\"auto, (max-width: 810px) 100vw, 810px\" \/><\/a><\/p>\n<h4>De beaux parcs et jardins<\/h4>\n<p>Les parcs de la ville sont des endroits parfaits pour se d\u00e9tendre apr\u00e8s avoir fait du shopping ou visit\u00e9 un mus\u00e9e. Lors de votre s\u00e9jour \u00e0 Amsterdam, une promenade au Vondelpark est incontournable. Situ\u00e9 au c\u0153ur de la ville, ce parc est un monument national depuis 1996. Il est tr\u00e8s appr\u00e9ci\u00e9 par les touristes et les Amstellodamois viennent y faire de l&#8217;exercice ou s&#8217;y retrouvent pour un pique-nique. Vous avez vu tous les \u00e9tals du march\u00e9 Albert Cuyp ? Faites ensuite une promenade dans le Sarphatipark ou l&#8217;Hortus Botanicus pour respirer au calme.<\/p>\n<ul>\n<li><a href=\"https:\/\/www.bedandbreakfast.eu\/fr\/p\/2745324\/vondelpark\" target=\"_blank\" rel=\"noopener noreferrer\">Vondelpark<\/a><\/li>\n<li><a href=\"https:\/\/www.bedandbreakfast.eu\/fr\/p\/6884784\/sarphatipark\" target=\"_blank\" rel=\"noopener noreferrer\">Sarphatipark<\/a><\/li>\n<li><a href=\"https:\/\/www.bedandbreakfast.eu\/fr\/p\/6639737\/oosterpark\" target=\"_blank\" rel=\"noopener noreferrer\">Oosterpark<\/a><\/li>\n<li><a href=\"https:\/\/www.bedandbreakfast.eu\/fr\/p\/6951802\/beatrixpark\" target=\"_blank\" rel=\"noopener noreferrer\">Beatrixpark<\/a><\/li>\n<li><a href=\"https:\/\/www.bedandbreakfast.eu\/fr\/p\/6950971\/hortus-botanicus\" target=\"_blank\" rel=\"noopener noreferrer\">Hortus Botanicus<\/a><\/li>\n<\/ul>\n<p><a href=\"https:\/\/www.bedandbreakfast.eu\/fr\/p\/2744115\/zaanse-schans\" target=\"_blank\" rel=\"noopener noreferrer\"><img loading=\"lazy\" decoding=\"async\" class=\"alignnone wp-image-35122 size-full\" title=\"B&amp;B's dichtbij de Zaanse Schans\" src=\"https:\/\/blog.bedandbreakfast.eu\/wp-content\/uploads\/2022\/09\/bed-and-breakfast-europe-oct-22-weekendje-amsterdam-zaanse-schans.jpg\" alt=\"\" width=\"810\" height=\"450\" srcset=\"https:\/\/blog.bedandbreakfast.eu\/wp-content\/uploads\/2022\/09\/bed-and-breakfast-europe-oct-22-weekendje-amsterdam-zaanse-schans.jpg 810w, https:\/\/blog.bedandbreakfast.eu\/wp-content\/uploads\/2022\/09\/bed-and-breakfast-europe-oct-22-weekendje-amsterdam-zaanse-schans-300x167.jpg 300w, https:\/\/blog.bedandbreakfast.eu\/wp-content\/uploads\/2022\/09\/bed-and-breakfast-europe-oct-22-weekendje-amsterdam-zaanse-schans-768x427.jpg 768w\" sizes=\"auto, (max-width: 810px) 100vw, 810px\" \/><\/a><\/p>\n<h4>Lieux d&#8217;int\u00e9r\u00eat pr\u00e8s d&#8217;Amsterdam<\/h4>\n<p>Si vous restez un peu plus longtemps \u00e0 Amsterdam, vous pouvez facilement combiner votre visite de la ville avec d&#8217;autres attractions \u00e0 proximit\u00e9. Visitez, par exemple, le site historique de Zaanse Schans, o\u00f9 vous pourrez remonter le temps et d\u00e9couvrir de nombreux moulins \u00e0 vent, des maisons class\u00e9es et des boutiques. Un peu plus loin, les villes pittoresques de Volendam et Monnickendam vous plongeront dans la riche histoire de la p\u00eache n\u00e9erlandaise. Et pourquoi ne pas visiter le ch\u00e2teau m\u00e9di\u00e9val de Muiderslot ou la belle Haarlem ?<\/p>\n<ul>\n<li><a href=\"https:\/\/www.bedandbreakfast.eu\/fr\/p\/2744115\/zaanse-schans\" target=\"_blank\" rel=\"noopener noreferrer\">Zaanse Schans<\/a><\/li>\n<li><a href=\"https:\/\/www.bedandbreakfast.eu\/fr\/l\/2745340\/volendam\" target=\"_blank\" rel=\"noopener noreferrer\">Volendam<\/a><\/li>\n<li><a href=\"https:\/\/www.bedandbreakfast.eu\/fr\/l\/2750641\/monnickendam\" target=\"_blank\" rel=\"noopener noreferrer\">Monnickendam<\/a><\/li>\n<li><a href=\"https:\/\/www.bedandbreakfast.eu\/fr\/p\/2750566\/muiderslot\" target=\"_blank\" rel=\"noopener noreferrer\">Muiderslot<\/a><\/li>\n<li><a href=\"https:\/\/www.bedandbreakfast.eu\/fr\/l\/2755003\/haarlem\" target=\"_blank\" rel=\"noopener noreferrer\">Haarlem<\/a><\/li>\n<\/ul>\n<p><strong>Partager cet article : <\/strong><\/p>\n","protected":false},"excerpt":{"rendered":"<p>Des canaux pittoresques bord\u00e9s de p\u00e9niches, des mus\u00e9es extraordinaires et une vie nocturne anim\u00e9e : il y a tant de choses \u00e0 appr\u00e9cier lors d&#8217;un week-end \u00e0 Amsterdam. Laissez-vous inspirer par nos tips pour votre s\u00e9jour et r\u00e9servez un B&#038;B en plein c\u0153ur de la ville.<\/p>\n","protected":false},"author":37,"featured_media":35087,"comment_status":"open","ping_status":"open","sticky":false,"template":"","format":"standard","meta":{"_monsterinsights_skip_tracking":false,"_monsterinsights_sitenote_active":false,"_monsterinsights_sitenote_note":"","_monsterinsights_sitenote_category":0,"_jetpack_newsletter_access":"","_jetpack_dont_email_post_to_subs":false,"_jetpack_newsletter_tier_id":0,"_jetpack_memberships_contains_paywalled_content":false,"_jetpack_memberships_contains_paid_content":false,"footnotes":""},"categories":[3559],"tags":[],"coauthors":[5470,5601],"class_list":["post-37107","post","type-post","status-publish","format-standard","has-post-thumbnail","hentry","category-sejour-en-ville-fr"],"yoast_head":"<!-- This site is optimized with the Yoast SEO plugin v27.4 - https:\/\/yoast.com\/product\/yoast-seo-wordpress\/ -->\n<title>Les meilleures conseils pour un week-end \u00e0 Amsterdam<\/title>\n<meta name=\"robots\" content=\"index, follow, max-snippet:-1, max-image-preview:large, max-video-preview:-1\" \/>\n<link rel=\"canonical\" href=\"https:\/\/blog.bedandbreakfast.eu\/fr\/les-meilleures-conseils-pour-un-week-end-a-amsterdam\/\" \/>\n<meta property=\"og:locale\" content=\"fr_FR\" \/>\n<meta property=\"og:type\" content=\"article\" \/>\n<meta property=\"og:title\" content=\"Les meilleures conseils pour un week-end \u00e0 Amsterdam\" \/>\n<meta property=\"og:description\" content=\"Des canaux pittoresques bord\u00e9s de p\u00e9niches, des mus\u00e9es extraordinaires et une vie nocturne anim\u00e9e : il y a tant de choses \u00e0 appr\u00e9cier lors d&#039;un week-end \u00e0 Amsterdam. Laissez-vous inspirer par nos tips pour votre s\u00e9jour et r\u00e9servez un B&amp;B en plein c\u0153ur de la ville.\" \/>\n<meta property=\"og:url\" content=\"https:\/\/blog.bedandbreakfast.eu\/fr\/les-meilleures-conseils-pour-un-week-end-a-amsterdam\/\" \/>\n<meta property=\"og:site_name\" content=\"Chambre d&#039;H\u00f4tes Blog | Bedandbreakfast.eu\" \/>\n<meta property=\"article:published_time\" content=\"2024-02-12T15:02:32+00:00\" \/>\n<meta property=\"article:modified_time\" content=\"2024-03-07T10:35:28+00:00\" \/>\n<meta property=\"og:image\" content=\"https:\/\/blog.bedandbreakfast.eu\/wp-content\/uploads\/2022\/09\/bed-and-breakfast-europe-oct-22-weekendje-amsterdam.jpg\" \/>\n\t<meta property=\"og:image:width\" content=\"1140\" \/>\n\t<meta property=\"og:image:height\" content=\"453\" \/>\n\t<meta property=\"og:image:type\" content=\"image\/jpeg\" \/>\n<meta name=\"author\" content=\"Julia Boix-Vives\" \/>\n<meta name=\"twitter:card\" content=\"summary_large_image\" \/>\n<meta name=\"twitter:label1\" content=\"\u00c9crit par\" \/>\n\t<meta name=\"twitter:data1\" content=\"Julia Boix-Vives\" \/>\n\t<meta name=\"twitter:label2\" content=\"Dur\u00e9e de lecture estim\u00e9e\" \/>\n\t<meta name=\"twitter:data2\" content=\"4 minutes\" \/>\n\t<meta name=\"twitter:label3\" content=\"Written by\" \/>\n\t<meta name=\"twitter:data3\" content=\"Julia Boix-Vives\" \/>\n<script type=\"application\/ld+json\" class=\"yoast-schema-graph\">{\"@context\":\"https:\\\/\\\/schema.org\",\"@graph\":[{\"@type\":\"Article\",\"@id\":\"https:\\\/\\\/blog.bedandbreakfast.eu\\\/fr\\\/les-meilleures-conseils-pour-un-week-end-a-amsterdam\\\/#article\",\"isPartOf\":{\"@id\":\"https:\\\/\\\/blog.bedandbreakfast.eu\\\/fr\\\/les-meilleures-conseils-pour-un-week-end-a-amsterdam\\\/\"},\"author\":{\"name\":\"Julia Boix-Vives\",\"@id\":\"https:\\\/\\\/blog.bedandbreakfast.eu\\\/nl\\\/#\\\/schema\\\/person\\\/6a53d90a33ff6b08adca89a3d71638fd\"},\"headline\":\"Les meilleures conseils pour un week-end \u00e0 Amsterdam\",\"datePublished\":\"2024-02-12T15:02:32+00:00\",\"dateModified\":\"2024-03-07T10:35:28+00:00\",\"mainEntityOfPage\":{\"@id\":\"https:\\\/\\\/blog.bedandbreakfast.eu\\\/fr\\\/les-meilleures-conseils-pour-un-week-end-a-amsterdam\\\/\"},\"wordCount\":749,\"commentCount\":0,\"image\":{\"@id\":\"https:\\\/\\\/blog.bedandbreakfast.eu\\\/fr\\\/les-meilleures-conseils-pour-un-week-end-a-amsterdam\\\/#primaryimage\"},\"thumbnailUrl\":\"https:\\\/\\\/blog.bedandbreakfast.eu\\\/wp-content\\\/uploads\\\/2022\\\/09\\\/bed-and-breakfast-europe-oct-22-weekendje-amsterdam.jpg\",\"articleSection\":[\"S\u00e9jour en Ville\"],\"inLanguage\":\"fr-FR\",\"potentialAction\":[{\"@type\":\"CommentAction\",\"name\":\"Comment\",\"target\":[\"https:\\\/\\\/blog.bedandbreakfast.eu\\\/fr\\\/les-meilleures-conseils-pour-un-week-end-a-amsterdam\\\/#respond\"]}]},{\"@type\":\"WebPage\",\"@id\":\"https:\\\/\\\/blog.bedandbreakfast.eu\\\/fr\\\/les-meilleures-conseils-pour-un-week-end-a-amsterdam\\\/\",\"url\":\"https:\\\/\\\/blog.bedandbreakfast.eu\\\/fr\\\/les-meilleures-conseils-pour-un-week-end-a-amsterdam\\\/\",\"name\":\"Les meilleures conseils pour un week-end \u00e0 Amsterdam\",\"isPartOf\":{\"@id\":\"https:\\\/\\\/blog.bedandbreakfast.eu\\\/nl\\\/#website\"},\"primaryImageOfPage\":{\"@id\":\"https:\\\/\\\/blog.bedandbreakfast.eu\\\/fr\\\/les-meilleures-conseils-pour-un-week-end-a-amsterdam\\\/#primaryimage\"},\"image\":{\"@id\":\"https:\\\/\\\/blog.bedandbreakfast.eu\\\/fr\\\/les-meilleures-conseils-pour-un-week-end-a-amsterdam\\\/#primaryimage\"},\"thumbnailUrl\":\"https:\\\/\\\/blog.bedandbreakfast.eu\\\/wp-content\\\/uploads\\\/2022\\\/09\\\/bed-and-breakfast-europe-oct-22-weekendje-amsterdam.jpg\",\"datePublished\":\"2024-02-12T15:02:32+00:00\",\"dateModified\":\"2024-03-07T10:35:28+00:00\",\"author\":{\"@id\":\"https:\\\/\\\/blog.bedandbreakfast.eu\\\/nl\\\/#\\\/schema\\\/person\\\/6a53d90a33ff6b08adca89a3d71638fd\"},\"breadcrumb\":{\"@id\":\"https:\\\/\\\/blog.bedandbreakfast.eu\\\/fr\\\/les-meilleures-conseils-pour-un-week-end-a-amsterdam\\\/#breadcrumb\"},\"inLanguage\":\"fr-FR\",\"potentialAction\":[{\"@type\":\"ReadAction\",\"target\":[\"https:\\\/\\\/blog.bedandbreakfast.eu\\\/fr\\\/les-meilleures-conseils-pour-un-week-end-a-amsterdam\\\/\"]}]},{\"@type\":\"ImageObject\",\"inLanguage\":\"fr-FR\",\"@id\":\"https:\\\/\\\/blog.bedandbreakfast.eu\\\/fr\\\/les-meilleures-conseils-pour-un-week-end-a-amsterdam\\\/#primaryimage\",\"url\":\"https:\\\/\\\/blog.bedandbreakfast.eu\\\/wp-content\\\/uploads\\\/2022\\\/09\\\/bed-and-breakfast-europe-oct-22-weekendje-amsterdam.jpg\",\"contentUrl\":\"https:\\\/\\\/blog.bedandbreakfast.eu\\\/wp-content\\\/uploads\\\/2022\\\/09\\\/bed-and-breakfast-europe-oct-22-weekendje-amsterdam.jpg\",\"width\":1140,\"height\":453,\"caption\":\"Bedandbreakfast.eu; Beste tips en B&B\u2019s voor een Weekendje Amsterdam\"},{\"@type\":\"BreadcrumbList\",\"@id\":\"https:\\\/\\\/blog.bedandbreakfast.eu\\\/fr\\\/les-meilleures-conseils-pour-un-week-end-a-amsterdam\\\/#breadcrumb\",\"itemListElement\":[{\"@type\":\"ListItem\",\"position\":1,\"name\":\"Home\",\"item\":\"https:\\\/\\\/blog.bedandbreakfast.eu\\\/fr\\\/\"},{\"@type\":\"ListItem\",\"position\":2,\"name\":\"Les meilleures conseils pour un week-end \u00e0 Amsterdam\"}]},{\"@type\":\"WebSite\",\"@id\":\"https:\\\/\\\/blog.bedandbreakfast.eu\\\/nl\\\/#website\",\"url\":\"https:\\\/\\\/blog.bedandbreakfast.eu\\\/nl\\\/\",\"name\":\"Chambre d&#039;H\u00f4tes Blog | Bedandbreakfast.eu\",\"description\":\"Des blogs concernant des B&amp;B uniques, propos\u00e9s par Bedandbreakfast.eu. De nouvelles inspirations pour des s\u00e9jours et sorties en B&amp;B dans les plus beaux endroits du monde.\",\"potentialAction\":[{\"@type\":\"SearchAction\",\"target\":{\"@type\":\"EntryPoint\",\"urlTemplate\":\"https:\\\/\\\/blog.bedandbreakfast.eu\\\/nl\\\/?s={search_term_string}\"},\"query-input\":{\"@type\":\"PropertyValueSpecification\",\"valueRequired\":true,\"valueName\":\"search_term_string\"}}],\"inLanguage\":\"fr-FR\"},{\"@type\":\"Person\",\"@id\":\"https:\\\/\\\/blog.bedandbreakfast.eu\\\/nl\\\/#\\\/schema\\\/person\\\/6a53d90a33ff6b08adca89a3d71638fd\",\"name\":\"Julia Boix-Vives\",\"image\":{\"@type\":\"ImageObject\",\"inLanguage\":\"fr-FR\",\"@id\":\"https:\\\/\\\/blog.bedandbreakfast.eu\\\/wp-content\\\/uploads\\\/2022\\\/11\\\/20221018_Bed_and_Breakfast_030_3505-300x300.jpgf4ba6866b8f6b7e83a8b0e670fc37ba2\",\"url\":\"https:\\\/\\\/blog.bedandbreakfast.eu\\\/wp-content\\\/uploads\\\/2022\\\/11\\\/20221018_Bed_and_Breakfast_030_3505-300x300.jpg\",\"contentUrl\":\"https:\\\/\\\/blog.bedandbreakfast.eu\\\/wp-content\\\/uploads\\\/2022\\\/11\\\/20221018_Bed_and_Breakfast_030_3505-300x300.jpg\",\"caption\":\"Julia Boix-Vives\"},\"description\":\"Julia est fran\u00e7aise et habite aux Pays-Bas. En voyage elle aime d\u00e9couvrir des paysages et des lieux insolites. Avec l'\u00e9quipe du blog du site elle partage le go\u00fbt de ses rencontres et impressions.\",\"url\":\"https:\\\/\\\/blog.bedandbreakfast.eu\\\/fr\\\/author\\\/julia-boix-vives\\\/\"}]}<\/script>\n<!-- \/ Yoast SEO plugin. -->","yoast_head_json":{"title":"Les meilleures conseils pour un week-end \u00e0 Amsterdam","robots":{"index":"index","follow":"follow","max-snippet":"max-snippet:-1","max-image-preview":"max-image-preview:large","max-video-preview":"max-video-preview:-1"},"canonical":"https:\/\/blog.bedandbreakfast.eu\/fr\/les-meilleures-conseils-pour-un-week-end-a-amsterdam\/","og_locale":"fr_FR","og_type":"article","og_title":"Les meilleures conseils pour un week-end \u00e0 Amsterdam","og_description":"Des canaux pittoresques bord\u00e9s de p\u00e9niches, des mus\u00e9es extraordinaires et une vie nocturne anim\u00e9e : il y a tant de choses \u00e0 appr\u00e9cier lors d'un week-end \u00e0 Amsterdam. Laissez-vous inspirer par nos tips pour votre s\u00e9jour et r\u00e9servez un B&B en plein c\u0153ur de la ville.","og_url":"https:\/\/blog.bedandbreakfast.eu\/fr\/les-meilleures-conseils-pour-un-week-end-a-amsterdam\/","og_site_name":"Chambre d&#039;H\u00f4tes Blog | Bedandbreakfast.eu","article_published_time":"2024-02-12T15:02:32+00:00","article_modified_time":"2024-03-07T10:35:28+00:00","og_image":[{"width":1140,"height":453,"url":"https:\/\/blog.bedandbreakfast.eu\/wp-content\/uploads\/2022\/09\/bed-and-breakfast-europe-oct-22-weekendje-amsterdam.jpg","type":"image\/jpeg"}],"author":"Julia Boix-Vives","twitter_card":"summary_large_image","twitter_misc":{"\u00c9crit par":"Julia Boix-Vives","Dur\u00e9e de lecture estim\u00e9e":"4 minutes","Written by":"Julia Boix-Vives"},"schema":{"@context":"https:\/\/schema.org","@graph":[{"@type":"Article","@id":"https:\/\/blog.bedandbreakfast.eu\/fr\/les-meilleures-conseils-pour-un-week-end-a-amsterdam\/#article","isPartOf":{"@id":"https:\/\/blog.bedandbreakfast.eu\/fr\/les-meilleures-conseils-pour-un-week-end-a-amsterdam\/"},"author":{"name":"Julia Boix-Vives","@id":"https:\/\/blog.bedandbreakfast.eu\/nl\/#\/schema\/person\/6a53d90a33ff6b08adca89a3d71638fd"},"headline":"Les meilleures conseils pour un week-end \u00e0 Amsterdam","datePublished":"2024-02-12T15:02:32+00:00","dateModified":"2024-03-07T10:35:28+00:00","mainEntityOfPage":{"@id":"https:\/\/blog.bedandbreakfast.eu\/fr\/les-meilleures-conseils-pour-un-week-end-a-amsterdam\/"},"wordCount":749,"commentCount":0,"image":{"@id":"https:\/\/blog.bedandbreakfast.eu\/fr\/les-meilleures-conseils-pour-un-week-end-a-amsterdam\/#primaryimage"},"thumbnailUrl":"https:\/\/blog.bedandbreakfast.eu\/wp-content\/uploads\/2022\/09\/bed-and-breakfast-europe-oct-22-weekendje-amsterdam.jpg","articleSection":["S\u00e9jour en Ville"],"inLanguage":"fr-FR","potentialAction":[{"@type":"CommentAction","name":"Comment","target":["https:\/\/blog.bedandbreakfast.eu\/fr\/les-meilleures-conseils-pour-un-week-end-a-amsterdam\/#respond"]}]},{"@type":"WebPage","@id":"https:\/\/blog.bedandbreakfast.eu\/fr\/les-meilleures-conseils-pour-un-week-end-a-amsterdam\/","url":"https:\/\/blog.bedandbreakfast.eu\/fr\/les-meilleures-conseils-pour-un-week-end-a-amsterdam\/","name":"Les meilleures conseils pour un week-end \u00e0 Amsterdam","isPartOf":{"@id":"https:\/\/blog.bedandbreakfast.eu\/nl\/#website"},"primaryImageOfPage":{"@id":"https:\/\/blog.bedandbreakfast.eu\/fr\/les-meilleures-conseils-pour-un-week-end-a-amsterdam\/#primaryimage"},"image":{"@id":"https:\/\/blog.bedandbreakfast.eu\/fr\/les-meilleures-conseils-pour-un-week-end-a-amsterdam\/#primaryimage"},"thumbnailUrl":"https:\/\/blog.bedandbreakfast.eu\/wp-content\/uploads\/2022\/09\/bed-and-breakfast-europe-oct-22-weekendje-amsterdam.jpg","datePublished":"2024-02-12T15:02:32+00:00","dateModified":"2024-03-07T10:35:28+00:00","author":{"@id":"https:\/\/blog.bedandbreakfast.eu\/nl\/#\/schema\/person\/6a53d90a33ff6b08adca89a3d71638fd"},"breadcrumb":{"@id":"https:\/\/blog.bedandbreakfast.eu\/fr\/les-meilleures-conseils-pour-un-week-end-a-amsterdam\/#breadcrumb"},"inLanguage":"fr-FR","potentialAction":[{"@type":"ReadAction","target":["https:\/\/blog.bedandbreakfast.eu\/fr\/les-meilleures-conseils-pour-un-week-end-a-amsterdam\/"]}]},{"@type":"ImageObject","inLanguage":"fr-FR","@id":"https:\/\/blog.bedandbreakfast.eu\/fr\/les-meilleures-conseils-pour-un-week-end-a-amsterdam\/#primaryimage","url":"https:\/\/blog.bedandbreakfast.eu\/wp-content\/uploads\/2022\/09\/bed-and-breakfast-europe-oct-22-weekendje-amsterdam.jpg","contentUrl":"https:\/\/blog.bedandbreakfast.eu\/wp-content\/uploads\/2022\/09\/bed-and-breakfast-europe-oct-22-weekendje-amsterdam.jpg","width":1140,"height":453,"caption":"Bedandbreakfast.eu; Beste tips en B&B\u2019s voor een Weekendje Amsterdam"},{"@type":"BreadcrumbList","@id":"https:\/\/blog.bedandbreakfast.eu\/fr\/les-meilleures-conseils-pour-un-week-end-a-amsterdam\/#breadcrumb","itemListElement":[{"@type":"ListItem","position":1,"name":"Home","item":"https:\/\/blog.bedandbreakfast.eu\/fr\/"},{"@type":"ListItem","position":2,"name":"Les meilleures conseils pour un week-end \u00e0 Amsterdam"}]},{"@type":"WebSite","@id":"https:\/\/blog.bedandbreakfast.eu\/nl\/#website","url":"https:\/\/blog.bedandbreakfast.eu\/nl\/","name":"Chambre d&#039;H\u00f4tes Blog | Bedandbreakfast.eu","description":"Des blogs concernant des B&amp;B uniques, propos\u00e9s par Bedandbreakfast.eu. De nouvelles inspirations pour des s\u00e9jours et sorties en B&amp;B dans les plus beaux endroits du monde.","potentialAction":[{"@type":"SearchAction","target":{"@type":"EntryPoint","urlTemplate":"https:\/\/blog.bedandbreakfast.eu\/nl\/?s={search_term_string}"},"query-input":{"@type":"PropertyValueSpecification","valueRequired":true,"valueName":"search_term_string"}}],"inLanguage":"fr-FR"},{"@type":"Person","@id":"https:\/\/blog.bedandbreakfast.eu\/nl\/#\/schema\/person\/6a53d90a33ff6b08adca89a3d71638fd","name":"Julia Boix-Vives","image":{"@type":"ImageObject","inLanguage":"fr-FR","@id":"https:\/\/blog.bedandbreakfast.eu\/wp-content\/uploads\/2022\/11\/20221018_Bed_and_Breakfast_030_3505-300x300.jpgf4ba6866b8f6b7e83a8b0e670fc37ba2","url":"https:\/\/blog.bedandbreakfast.eu\/wp-content\/uploads\/2022\/11\/20221018_Bed_and_Breakfast_030_3505-300x300.jpg","contentUrl":"https:\/\/blog.bedandbreakfast.eu\/wp-content\/uploads\/2022\/11\/20221018_Bed_and_Breakfast_030_3505-300x300.jpg","caption":"Julia Boix-Vives"},"description":"Julia est fran\u00e7aise et habite aux Pays-Bas. En voyage elle aime d\u00e9couvrir des paysages et des lieux insolites. Avec l'\u00e9quipe du blog du site elle partage le go\u00fbt de ses rencontres et impressions.","url":"https:\/\/blog.bedandbreakfast.eu\/fr\/author\/julia-boix-vives\/"}]}},"jetpack_featured_media_url":"https:\/\/blog.bedandbreakfast.eu\/wp-content\/uploads\/2022\/09\/bed-and-breakfast-europe-oct-22-weekendje-amsterdam.jpg","jetpack_shortlink":"https:\/\/wp.me\/p9vhf3-9Ev","jetpack_sharing_enabled":true,"_links":{"self":[{"href":"https:\/\/blog.bedandbreakfast.eu\/fr\/wp-json\/wp\/v2\/posts\/37107","targetHints":{"allow":["GET"]}}],"collection":[{"href":"https:\/\/blog.bedandbreakfast.eu\/fr\/wp-json\/wp\/v2\/posts"}],"about":[{"href":"https:\/\/blog.bedandbreakfast.eu\/fr\/wp-json\/wp\/v2\/types\/post"}],"author":[{"embeddable":true,"href":"https:\/\/blog.bedandbreakfast.eu\/fr\/wp-json\/wp\/v2\/users\/37"}],"replies":[{"embeddable":true,"href":"https:\/\/blog.bedandbreakfast.eu\/fr\/wp-json\/wp\/v2\/comments?post=37107"}],"version-history":[{"count":8,"href":"https:\/\/blog.bedandbreakfast.eu\/fr\/wp-json\/wp\/v2\/posts\/37107\/revisions"}],"predecessor-version":[{"id":37241,"href":"https:\/\/blog.bedandbreakfast.eu\/fr\/wp-json\/wp\/v2\/posts\/37107\/revisions\/37241"}],"wp:featuredmedia":[{"embeddable":true,"href":"https:\/\/blog.bedandbreakfast.eu\/fr\/wp-json\/wp\/v2\/media\/35087"}],"wp:attachment":[{"href":"https:\/\/blog.bedandbreakfast.eu\/fr\/wp-json\/wp\/v2\/media?parent=37107"}],"wp:term":[{"taxonomy":"category","embeddable":true,"href":"https:\/\/blog.bedandbreakfast.eu\/fr\/wp-json\/wp\/v2\/categories?post=37107"},{"taxonomy":"post_tag","embeddable":true,"href":"https:\/\/blog.bedandbreakfast.eu\/fr\/wp-json\/wp\/v2\/tags?post=37107"},{"taxonomy":"author","embeddable":true,"href":"https:\/\/blog.bedandbreakfast.eu\/fr\/wp-json\/wp\/v2\/coauthors?post=37107"}],"curies":[{"name":"wp","href":"https:\/\/api.w.org\/{rel}","templated":true}]}}