{"id":31382,"date":"2022-03-30T07:00:04","date_gmt":"2022-03-30T07:00:04","guid":{"rendered":"https:\/\/blog.bedandbreakfast.eu\/?p=31382"},"modified":"2022-03-30T07:22:44","modified_gmt":"2022-03-30T07:22:44","slug":"hebergements-de-charme-pour-dormir-tout-pres-de-la-mer","status":"publish","type":"post","link":"https:\/\/blog.bedandbreakfast.eu\/fr\/hebergements-de-charme-pour-dormir-tout-pres-de-la-mer\/","title":{"rendered":"H\u00e9bergements de charme pour dormir tout pr\u00e8s de la mer"},"content":{"rendered":"<p><a href=\"https:\/\/www.bedandbreakfast.eu\/fr\/a\/7392886\/domaine-de-kerizel\/\" target=\"_blank\" rel=\"noopener noreferrer\"><img loading=\"lazy\" decoding=\"async\" class=\"alignnone wp-image-31388 size-full\" title=\" Domaine de K\u00e9rizel\" src=\"https://blog.bedandbreakfast.eu/wp-content\/uploads\/2022\/02\/domaine-de-kerizel.jpg\" alt=\"Bedandbreakfast.eu; Chambres d'h\u00f4tes de charme pour dormir tout pr\u00e8s de la mer \" width=\"810\" height=\"450\" srcset=\"https:\/\/blog.bedandbreakfast.eu\/wp-content\/uploads\/2022\/02\/domaine-de-kerizel.jpg 810w, https:\/\/blog.bedandbreakfast.eu\/wp-content\/uploads\/2022\/02\/domaine-de-kerizel-300x167.jpg 300w, https:\/\/blog.bedandbreakfast.eu\/wp-content\/uploads\/2022\/02\/domaine-de-kerizel-768x427.jpg 768w\" sizes=\"auto, (max-width: 810px) 100vw, 810px\" \/><\/a><\/p>\n<h4>Domaine de K\u00e9rizel &#8211; France<\/h4>\n<p>Cette long\u00e8re bretonne situ\u00e9e tout pr\u00e8s de la mer dans le parc naturel r\u00e9gional du Golfe du Morbihan vous offre tout pour lier le bien-\u00eatre du corps et de votre estomac. Deux des chambres sont \u00e9quip\u00e9es de bain \u00e0 remous privatif. Une table d&#8217;h\u00f4tes bretonne ou ayurv\u00e9dique est propos\u00e9e ainsi qu&#8217;un espace bien-\u00eatre avec un bain finlandais, un sauna, des massages, des activit\u00e9s comme le yoga, qi gong et la m\u00e9ditation. Vous pouvez aussi dormir dans une habitation insolite nich\u00e9e sous les arbres et un g\u00eete am\u00e9nag\u00e9 dans l&#8217;ancien four \u00e0 pain de la ferme.<\/p>\n<p><strong><a class=\"mks_button mks_button_medium rounded\" href=\"https:\/\/www.bedandbreakfast.eu\/fr\/a\/7392886\/domaine-de-kerizel\/\" target=\"_blank\" style=\"color: #FFFFFF; background-color: #e3458c;\" >Domaine de K\u00e9rizel<\/a><\/strong><\/p>\n<p><a href=\"https:\/\/www.bedandbreakfast.eu\/fr\/a\/7420216\/faial-cottage\/\" target=\"_blank\" rel=\"noopener noreferrer\"><img loading=\"lazy\" decoding=\"async\" class=\"alignnone wp-image-31248 size-full\" title=\"Faial Cottage\" src=\"https://blog.bedandbreakfast.eu/wp-content\/uploads\/2022\/02\/bed-and-breakfast-europe-apr-unique-bbs-faial-cottage.jpg\" alt=\"\" width=\"810\" height=\"450\" srcset=\"https:\/\/blog.bedandbreakfast.eu\/wp-content\/uploads\/2022\/02\/bed-and-breakfast-europe-apr-unique-bbs-faial-cottage.jpg 810w, https:\/\/blog.bedandbreakfast.eu\/wp-content\/uploads\/2022\/02\/bed-and-breakfast-europe-apr-unique-bbs-faial-cottage-300x167.jpg 300w, https:\/\/blog.bedandbreakfast.eu\/wp-content\/uploads\/2022\/02\/bed-and-breakfast-europe-apr-unique-bbs-faial-cottage-768x427.jpg 768w\" sizes=\"auto, (max-width: 810px) 100vw, 810px\" \/><\/a><\/p>\n<h4>Faial Cottage &#8211; Portugal<\/h4>\n<p>Sur le c\u00f4t\u00e9 ensoleill\u00e9 de l&#8217;\u00eele de Faial, dans les A\u00e7ores, se trouve l\u2019idyllique Faial Cottage. Dans ce B&amp;B vous pourrez profiter d\u2019une vue panoramique sur l&#8217;oc\u00e9an Atlantique et y passer des vacances merveilleuses ou une juste nuit\u00e9e en bord de mer. Apr\u00e8s avoir aval\u00e9 un petit-d\u00e9jeuner avec des produits locaux et du pain fait maison, vous aurez fait le plein d&#8217;\u00e9nergie pour partir. Les hortensias color\u00e9s qui abondent sur cette &#8220;\u00eele bleue&#8221; vont vous enchanter. Promenez-vous dans la belle ville de Horta ou installez-vous sur les plages populaires de Porto Pim.<\/p>\n<p><strong><a class=\"mks_button mks_button_medium rounded\" href=\"https:\/\/www.bedandbreakfast.eu\/fr\/a\/7420216\/faial-cottage\/\" target=\"_blank\" style=\"color: #FFFFFF; background-color: #e3458c;\" >Faial Cottage<\/a><\/strong><\/p>\n<p><a href=\"https:\/\/www.bedandbreakfast.eu\/fr\/a\/2399881\/arte-suite\/\" target=\"_blank\" rel=\"noopener noreferrer\"><img loading=\"lazy\" decoding=\"async\" class=\"alignnone wp-image-31332 size-full\" title=\"Arte Suite\" src=\"https://blog.bedandbreakfast.eu/wp-content\/uploads\/2022\/02\/DE_BB-by-the-sea__April-22.jpg\" alt=\"\" width=\"810\" height=\"450\" srcset=\"https:\/\/blog.bedandbreakfast.eu\/wp-content\/uploads\/2022\/02\/DE_BB-by-the-sea__April-22.jpg 810w, https:\/\/blog.bedandbreakfast.eu\/wp-content\/uploads\/2022\/02\/DE_BB-by-the-sea__April-22-300x167.jpg 300w, https:\/\/blog.bedandbreakfast.eu\/wp-content\/uploads\/2022\/02\/DE_BB-by-the-sea__April-22-768x427.jpg 768w\" sizes=\"auto, (max-width: 810px) 100vw, 810px\" \/><\/a><\/p>\n<h4>Arte Suite &#8211; Pays-Bas<\/h4>\n<p>Ceux qui cherchent un B&amp;B d\u2019exception en bord de mer seront bienvenus \u00e0 l&#8217;Art Suite \u00e0 Workum. Cet ancien bureau de poste a \u00e9t\u00e9 transform\u00e9 avec une grande attention aux d\u00e9tails en suite luxueuse. La propri\u00e9taire associe sa passion pour le design \u00e0 des \u00e9l\u00e9ments d&#8217;art moderne, des photographies et une touche vintage. Un d\u00e9licieux petit-d\u00e9jeuner \u00e0 base de produits r\u00e9gionaux et biologiques est servi au rez-de-chauss\u00e9e \u00e9galement d\u00e9cor\u00e9 avec go\u00fbt. Outre les ports de plaisance remarquables, la ville frisonne offre une magnifique plage.<\/p>\n<p><strong><a class=\"mks_button mks_button_medium rounded\" href=\"https:\/\/www.bedandbreakfast.eu\/fr\/a\/2399881\/arte-suite\/\" target=\"_blank\" style=\"color: #FFFFFF; background-color: #e3458c;\" >Arte Suite<\/a><\/strong><\/p>\n<p><a href=\"https:\/\/www.bedandbreakfast.eu\/fr\/a\/7661020\/villa-mar-azul\/\" target=\"_blank\" rel=\"noopener noreferrer\"><img loading=\"lazy\" decoding=\"async\" class=\"alignnone wp-image-31368 size-full\" title=\"Villa Mar Azul\" src=\"https://blog.bedandbreakfast.eu/wp-content\/uploads\/2022\/02\/BB_Villa_Mar_Azul_By_the_Beach.jpg\" alt=\"\" width=\"810\" height=\"450\" srcset=\"https:\/\/blog.bedandbreakfast.eu\/wp-content\/uploads\/2022\/02\/BB_Villa_Mar_Azul_By_the_Beach.jpg 810w, https:\/\/blog.bedandbreakfast.eu\/wp-content\/uploads\/2022\/02\/BB_Villa_Mar_Azul_By_the_Beach-300x167.jpg 300w, https:\/\/blog.bedandbreakfast.eu\/wp-content\/uploads\/2022\/02\/BB_Villa_Mar_Azul_By_the_Beach-768x427.jpg 768w\" sizes=\"auto, (max-width: 810px) 100vw, 810px\" \/><\/a><\/p>\n<h4>Villa Mar Azul &#8211; Espagne<\/h4>\n<p>\u00c0 seulement 600 m\u00e8tres de la plage de Santa Ponsa \u00e0 Majorque, vous trouverez le magnifique B&amp;B baln\u00e9aire Villa Mar Azul. Cette chambre d\u2019h\u00f4tes dispose d&#8217;une piscine \u00e0 d\u00e9bordement d&#8217;eau sal\u00e9e offrant une vue imprenable sur la baie de Santa Ponsa. La terrasse est id\u00e9ale pour prendre le petit-d\u00e9jeuner au soleil et plus tard dans la journ\u00e9e l\u2019ap\u00e9ritif, en jouissant de la magnifique vue sur la baie, alors pr\u00e9parez-vous \u00e0 explorer la magnifique \u00eele de Majorque !<\/p>\n<p><strong><a class=\"mks_button mks_button_medium rounded\" href=\"https:\/\/www.bedandbreakfast.eu\/fr\/a\/7661020\/villa-mar-azul\/%20\" target=\"_blank\" style=\"color: #FFFFFF; background-color: #e3458c;\" >Villa Mar Azul<\/a><\/strong><\/p>\n<p><a href=\"https:\/\/www.bedandbreakfast.eu\/fr\/a\/7638652\/oasi-hotel\/\" target=\"_blank\" rel=\"noopener noreferrer\"><img loading=\"lazy\" decoding=\"async\" class=\"alignnone wp-image-31310 size-full\" title=\"Oasi Hotel\" src=\"https://blog.bedandbreakfast.eu/wp-content\/uploads\/2022\/02\/Oasi-Hotel-Levanto-Blog.jpg\" alt=\"\" width=\"810\" height=\"450\" srcset=\"https:\/\/blog.bedandbreakfast.eu\/wp-content\/uploads\/2022\/02\/Oasi-Hotel-Levanto-Blog.jpg 810w, https:\/\/blog.bedandbreakfast.eu\/wp-content\/uploads\/2022\/02\/Oasi-Hotel-Levanto-Blog-300x167.jpg 300w, https:\/\/blog.bedandbreakfast.eu\/wp-content\/uploads\/2022\/02\/Oasi-Hotel-Levanto-Blog-768x427.jpg 768w\" sizes=\"auto, (max-width: 810px) 100vw, 810px\" \/><\/a><\/p>\n<h4>Oasi Hotel &#8211; Italie<\/h4>\n<p>Levanto, surnomm\u00e9 &#8220;la porte des Cinque Terre\u201d, est le village qui a inspir\u00e9 &#8220;Luca&#8221; le film de Disney. Point de d\u00e9part id\u00e9al pour visiter la r\u00e9gion de Ligurie, l&#8217;h\u00f4tel Oasi est un petit h\u00e9bergement de charme qui offre 14 chambres coquettes. Vous serez chouchout\u00e9 avec des petits-d\u00e9jeuners de produits biologiques frais et un personnel comp\u00e9tent. Vous pouvez demander dans les services en suppl\u00e9ment, un ap\u00e9ritif typique, un workshop pour apprendre \u00e0 pr\u00e9parer le fameux Pesto Genovese ou un cours de yoga sur la plage !<\/p>\n<p><strong><a class=\"mks_button mks_button_medium rounded\" href=\"https:\/\/www.bedandbreakfast.eu\/fr\/a\/7638652\/oasi-hotel\/br%20\/\" target=\"_blank\" style=\"color: #FFFFFF; background-color: #e3458c;\" >Hotel Oasi<\/a><\/strong><\/p>\n","protected":false},"excerpt":{"rendered":"<p>Que diriez-vous d&#8217;un B&#038;B design aux Pays-Bas ou d&#8217;une magnifique villa sur l\u2019\u00eele de Faial, aux A\u00e7ores ? Si vous avez envie de vacances tout pr\u00e8s de la mer, r\u00e9servez l&#8217;un des 5 B&#038;B que nous avons s\u00e9lectionn\u00e9s sp\u00e9cialement pour vous selon des crit\u00e8res particuliers.<\/p>\n","protected":false},"author":37,"featured_media":31658,"comment_status":"open","ping_status":"open","sticky":false,"template":"","format":"standard","meta":{"_monsterinsights_skip_tracking":false,"_monsterinsights_sitenote_active":false,"_monsterinsights_sitenote_note":"","_monsterinsights_sitenote_category":0,"_jetpack_newsletter_access":"","_jetpack_dont_email_post_to_subs":false,"_jetpack_newsletter_tier_id":0,"_jetpack_memberships_contains_paywalled_content":false,"_jetpack_memberships_contains_paid_content":false,"footnotes":""},"categories":[3555],"tags":[3582,3583,2137,660,3657,790,6777],"coauthors":[5601],"class_list":["post-31382","post","type-post","status-publish","format-standard","has-post-thumbnail","hentry","category-bord-de-mer-fr","tag-bb-fr-2","tag-bed-breakfast-fr-2","tag-bed-breakfast-fr","tag-bed-and-breakfast-fr","tag-bed-and-breakfast-fr-3","tag-chambre-dhotes-fr","tag-chambre-dhotes-pres-de-la-mer"],"yoast_head":"<!-- This site is optimized with the Yoast SEO plugin v27.4 - https:\/\/yoast.com\/product\/yoast-seo-wordpress\/ -->\n<title>H\u00e9bergements de charme pour dormir tout pr\u00e8s de la mer | Bedandbreakfast.eu<\/title>\n<meta name=\"description\" content=\"Que diriez-vous d&#039;un B&amp;B design aux Pays-Bas ou d&#039;une magnifique villa sur l\u2019\u00eele de Faial, aux A\u00e7ores ? Si vous avez envie de vacances tout pr\u00e8s de la mer, r\u00e9servez l&#039;un des 5 B&amp;B que nous avons s\u00e9lectionn\u00e9s sp\u00e9cialement pour vous selon des crit\u00e8res particuliers.\" \/>\n<meta name=\"robots\" content=\"index, follow, max-snippet:-1, max-image-preview:large, max-video-preview:-1\" \/>\n<link rel=\"canonical\" href=\"https:\/\/blog.bedandbreakfast.eu\/fr\/hebergements-de-charme-pour-dormir-tout-pres-de-la-mer\/\" \/>\n<meta property=\"og:locale\" content=\"fr_FR\" \/>\n<meta property=\"og:type\" content=\"article\" \/>\n<meta property=\"og:title\" content=\"H\u00e9bergements de charme pour dormir tout pr\u00e8s de la mer | Bedandbreakfast.eu\" \/>\n<meta property=\"og:description\" content=\"Que diriez-vous d&#039;un B&amp;B design aux Pays-Bas ou d&#039;une magnifique villa sur l\u2019\u00eele de Faial, aux A\u00e7ores ? Si vous avez envie de vacances tout pr\u00e8s de la mer, r\u00e9servez l&#039;un des 5 B&amp;B que nous avons s\u00e9lectionn\u00e9s sp\u00e9cialement pour vous selon des crit\u00e8res particuliers.\" \/>\n<meta property=\"og:url\" content=\"https:\/\/blog.bedandbreakfast.eu\/fr\/hebergements-de-charme-pour-dormir-tout-pres-de-la-mer\/\" \/>\n<meta property=\"og:site_name\" content=\"Chambre d&#039;H\u00f4tes Blog | Bedandbreakfast.eu\" \/>\n<meta property=\"article:published_time\" content=\"2022-03-30T07:00:04+00:00\" \/>\n<meta property=\"article:modified_time\" content=\"2022-03-30T07:22:44+00:00\" \/>\n<meta property=\"og:image\" content=\"https:\/\/blog.bedandbreakfast.eu\/wp-content\/uploads\/2022\/02\/Blog_HEADER-BB-by-the-sea-1.jpg\" \/>\n\t<meta property=\"og:image:width\" content=\"1140\" \/>\n\t<meta property=\"og:image:height\" content=\"453\" \/>\n\t<meta property=\"og:image:type\" content=\"image\/jpeg\" \/>\n<meta name=\"author\" content=\"Julia Boix-Vives\" \/>\n<meta name=\"twitter:card\" content=\"summary_large_image\" \/>\n<meta name=\"twitter:label1\" content=\"\u00c9crit par\" \/>\n\t<meta name=\"twitter:data1\" content=\"Julia Boix-Vives\" \/>\n\t<meta name=\"twitter:label2\" content=\"Dur\u00e9e de lecture estim\u00e9e\" \/>\n\t<meta name=\"twitter:data2\" content=\"3 minutes\" \/>\n\t<meta name=\"twitter:label3\" content=\"Written by\" \/>\n\t<meta name=\"twitter:data3\" content=\"Julia Boix-Vives\" \/>\n<script type=\"application\/ld+json\" class=\"yoast-schema-graph\">{\"@context\":\"https:\\\/\\\/schema.org\",\"@graph\":[{\"@type\":\"Article\",\"@id\":\"https:\\\/\\\/blog.bedandbreakfast.eu\\\/fr\\\/hebergements-de-charme-pour-dormir-tout-pres-de-la-mer\\\/#article\",\"isPartOf\":{\"@id\":\"https:\\\/\\\/blog.bedandbreakfast.eu\\\/fr\\\/hebergements-de-charme-pour-dormir-tout-pres-de-la-mer\\\/\"},\"author\":{\"name\":\"Julia Boix-Vives\",\"@id\":\"https:\\\/\\\/blog.bedandbreakfast.eu\\\/nl\\\/#\\\/schema\\\/person\\\/6a53d90a33ff6b08adca89a3d71638fd\"},\"headline\":\"H\u00e9bergements de charme pour dormir tout pr\u00e8s de la mer\",\"datePublished\":\"2022-03-30T07:00:04+00:00\",\"dateModified\":\"2022-03-30T07:22:44+00:00\",\"mainEntityOfPage\":{\"@id\":\"https:\\\/\\\/blog.bedandbreakfast.eu\\\/fr\\\/hebergements-de-charme-pour-dormir-tout-pres-de-la-mer\\\/\"},\"wordCount\":674,\"commentCount\":0,\"image\":{\"@id\":\"https:\\\/\\\/blog.bedandbreakfast.eu\\\/fr\\\/hebergements-de-charme-pour-dormir-tout-pres-de-la-mer\\\/#primaryimage\"},\"thumbnailUrl\":\"https:\\\/\\\/blog.bedandbreakfast.eu\\\/wp-content\\\/uploads\\\/2022\\\/02\\\/Blog_HEADER-BB-by-the-sea-1.jpg\",\"keywords\":[\"B&amp;B\",\"bed &amp; breakfast\",\"bed &amp; breakfast\",\"bed and breakfast\",\"bed and breakfast\",\"chambre d'hotes\",\"Chambre d'h\u00f4tes pr\u00e8s de la mer\"],\"articleSection\":[\"Bord de Mer\"],\"inLanguage\":\"fr-FR\",\"potentialAction\":[{\"@type\":\"CommentAction\",\"name\":\"Comment\",\"target\":[\"https:\\\/\\\/blog.bedandbreakfast.eu\\\/fr\\\/hebergements-de-charme-pour-dormir-tout-pres-de-la-mer\\\/#respond\"]}]},{\"@type\":\"WebPage\",\"@id\":\"https:\\\/\\\/blog.bedandbreakfast.eu\\\/fr\\\/hebergements-de-charme-pour-dormir-tout-pres-de-la-mer\\\/\",\"url\":\"https:\\\/\\\/blog.bedandbreakfast.eu\\\/fr\\\/hebergements-de-charme-pour-dormir-tout-pres-de-la-mer\\\/\",\"name\":\"H\u00e9bergements de charme pour dormir tout pr\u00e8s de la mer | Bedandbreakfast.eu\",\"isPartOf\":{\"@id\":\"https:\\\/\\\/blog.bedandbreakfast.eu\\\/nl\\\/#website\"},\"primaryImageOfPage\":{\"@id\":\"https:\\\/\\\/blog.bedandbreakfast.eu\\\/fr\\\/hebergements-de-charme-pour-dormir-tout-pres-de-la-mer\\\/#primaryimage\"},\"image\":{\"@id\":\"https:\\\/\\\/blog.bedandbreakfast.eu\\\/fr\\\/hebergements-de-charme-pour-dormir-tout-pres-de-la-mer\\\/#primaryimage\"},\"thumbnailUrl\":\"https:\\\/\\\/blog.bedandbreakfast.eu\\\/wp-content\\\/uploads\\\/2022\\\/02\\\/Blog_HEADER-BB-by-the-sea-1.jpg\",\"datePublished\":\"2022-03-30T07:00:04+00:00\",\"dateModified\":\"2022-03-30T07:22:44+00:00\",\"author\":{\"@id\":\"https:\\\/\\\/blog.bedandbreakfast.eu\\\/nl\\\/#\\\/schema\\\/person\\\/6a53d90a33ff6b08adca89a3d71638fd\"},\"description\":\"Que diriez-vous d'un B&B design aux Pays-Bas ou d'une magnifique villa sur l\u2019\u00eele de Faial, aux A\u00e7ores ? Si vous avez envie de vacances tout pr\u00e8s de la mer, r\u00e9servez l'un des 5 B&B que nous avons s\u00e9lectionn\u00e9s sp\u00e9cialement pour vous selon des crit\u00e8res particuliers.\",\"breadcrumb\":{\"@id\":\"https:\\\/\\\/blog.bedandbreakfast.eu\\\/fr\\\/hebergements-de-charme-pour-dormir-tout-pres-de-la-mer\\\/#breadcrumb\"},\"inLanguage\":\"fr-FR\",\"potentialAction\":[{\"@type\":\"ReadAction\",\"target\":[\"https:\\\/\\\/blog.bedandbreakfast.eu\\\/fr\\\/hebergements-de-charme-pour-dormir-tout-pres-de-la-mer\\\/\"]}]},{\"@type\":\"ImageObject\",\"inLanguage\":\"fr-FR\",\"@id\":\"https:\\\/\\\/blog.bedandbreakfast.eu\\\/fr\\\/hebergements-de-charme-pour-dormir-tout-pres-de-la-mer\\\/#primaryimage\",\"url\":\"https:\\\/\\\/blog.bedandbreakfast.eu\\\/wp-content\\\/uploads\\\/2022\\\/02\\\/Blog_HEADER-BB-by-the-sea-1.jpg\",\"contentUrl\":\"https:\\\/\\\/blog.bedandbreakfast.eu\\\/wp-content\\\/uploads\\\/2022\\\/02\\\/Blog_HEADER-BB-by-the-sea-1.jpg\",\"width\":1140,\"height\":453},{\"@type\":\"BreadcrumbList\",\"@id\":\"https:\\\/\\\/blog.bedandbreakfast.eu\\\/fr\\\/hebergements-de-charme-pour-dormir-tout-pres-de-la-mer\\\/#breadcrumb\",\"itemListElement\":[{\"@type\":\"ListItem\",\"position\":1,\"name\":\"Home\",\"item\":\"https:\\\/\\\/blog.bedandbreakfast.eu\\\/fr\\\/\"},{\"@type\":\"ListItem\",\"position\":2,\"name\":\"H\u00e9bergements de charme pour dormir tout pr\u00e8s de la mer\"}]},{\"@type\":\"WebSite\",\"@id\":\"https:\\\/\\\/blog.bedandbreakfast.eu\\\/nl\\\/#website\",\"url\":\"https:\\\/\\\/blog.bedandbreakfast.eu\\\/nl\\\/\",\"name\":\"Chambre d&#039;H\u00f4tes Blog | Bedandbreakfast.eu\",\"description\":\"Des blogs concernant des B&amp;B uniques, propos\u00e9s par Bedandbreakfast.eu. De nouvelles inspirations pour des s\u00e9jours et sorties en B&amp;B dans les plus beaux endroits du monde.\",\"potentialAction\":[{\"@type\":\"SearchAction\",\"target\":{\"@type\":\"EntryPoint\",\"urlTemplate\":\"https:\\\/\\\/blog.bedandbreakfast.eu\\\/nl\\\/?s={search_term_string}\"},\"query-input\":{\"@type\":\"PropertyValueSpecification\",\"valueRequired\":true,\"valueName\":\"search_term_string\"}}],\"inLanguage\":\"fr-FR\"},{\"@type\":\"Person\",\"@id\":\"https:\\\/\\\/blog.bedandbreakfast.eu\\\/nl\\\/#\\\/schema\\\/person\\\/6a53d90a33ff6b08adca89a3d71638fd\",\"name\":\"Julia Boix-Vives\",\"image\":{\"@type\":\"ImageObject\",\"inLanguage\":\"fr-FR\",\"@id\":\"https:\\\/\\\/blog.bedandbreakfast.eu\\\/wp-content\\\/uploads\\\/2022\\\/11\\\/20221018_Bed_and_Breakfast_030_3505-300x300.jpgf4ba6866b8f6b7e83a8b0e670fc37ba2\",\"url\":\"https:\\\/\\\/blog.bedandbreakfast.eu\\\/wp-content\\\/uploads\\\/2022\\\/11\\\/20221018_Bed_and_Breakfast_030_3505-300x300.jpg\",\"contentUrl\":\"https:\\\/\\\/blog.bedandbreakfast.eu\\\/wp-content\\\/uploads\\\/2022\\\/11\\\/20221018_Bed_and_Breakfast_030_3505-300x300.jpg\",\"caption\":\"Julia Boix-Vives\"},\"description\":\"Julia est fran\u00e7aise et habite aux Pays-Bas. En voyage elle aime d\u00e9couvrir des paysages et des lieux insolites. Avec l'\u00e9quipe du blog du site elle partage le go\u00fbt de ses rencontres et impressions.\",\"url\":\"https:\\\/\\\/blog.bedandbreakfast.eu\\\/fr\\\/author\\\/julia-boix-vives\\\/\"}]}<\/script>\n<!-- \/ Yoast SEO plugin. -->","yoast_head_json":{"title":"H\u00e9bergements de charme pour dormir tout pr\u00e8s de la mer | Bedandbreakfast.eu","description":"Que diriez-vous d'un B&B design aux Pays-Bas ou d'une magnifique villa sur l\u2019\u00eele de Faial, aux A\u00e7ores ? Si vous avez envie de vacances tout pr\u00e8s de la mer, r\u00e9servez l'un des 5 B&B que nous avons s\u00e9lectionn\u00e9s sp\u00e9cialement pour vous selon des crit\u00e8res particuliers.","robots":{"index":"index","follow":"follow","max-snippet":"max-snippet:-1","max-image-preview":"max-image-preview:large","max-video-preview":"max-video-preview:-1"},"canonical":"https:\/\/blog.bedandbreakfast.eu\/fr\/hebergements-de-charme-pour-dormir-tout-pres-de-la-mer\/","og_locale":"fr_FR","og_type":"article","og_title":"H\u00e9bergements de charme pour dormir tout pr\u00e8s de la mer | Bedandbreakfast.eu","og_description":"Que diriez-vous d'un B&B design aux Pays-Bas ou d'une magnifique villa sur l\u2019\u00eele de Faial, aux A\u00e7ores ? Si vous avez envie de vacances tout pr\u00e8s de la mer, r\u00e9servez l'un des 5 B&B que nous avons s\u00e9lectionn\u00e9s sp\u00e9cialement pour vous selon des crit\u00e8res particuliers.","og_url":"https:\/\/blog.bedandbreakfast.eu\/fr\/hebergements-de-charme-pour-dormir-tout-pres-de-la-mer\/","og_site_name":"Chambre d&#039;H\u00f4tes Blog | Bedandbreakfast.eu","article_published_time":"2022-03-30T07:00:04+00:00","article_modified_time":"2022-03-30T07:22:44+00:00","og_image":[{"width":1140,"height":453,"url":"https:\/\/blog.bedandbreakfast.eu\/wp-content\/uploads\/2022\/02\/Blog_HEADER-BB-by-the-sea-1.jpg","type":"image\/jpeg"}],"author":"Julia Boix-Vives","twitter_card":"summary_large_image","twitter_misc":{"\u00c9crit par":"Julia Boix-Vives","Dur\u00e9e de lecture estim\u00e9e":"3 minutes","Written by":"Julia Boix-Vives"},"schema":{"@context":"https:\/\/schema.org","@graph":[{"@type":"Article","@id":"https:\/\/blog.bedandbreakfast.eu\/fr\/hebergements-de-charme-pour-dormir-tout-pres-de-la-mer\/#article","isPartOf":{"@id":"https:\/\/blog.bedandbreakfast.eu\/fr\/hebergements-de-charme-pour-dormir-tout-pres-de-la-mer\/"},"author":{"name":"Julia Boix-Vives","@id":"https:\/\/blog.bedandbreakfast.eu\/nl\/#\/schema\/person\/6a53d90a33ff6b08adca89a3d71638fd"},"headline":"H\u00e9bergements de charme pour dormir tout pr\u00e8s de la mer","datePublished":"2022-03-30T07:00:04+00:00","dateModified":"2022-03-30T07:22:44+00:00","mainEntityOfPage":{"@id":"https:\/\/blog.bedandbreakfast.eu\/fr\/hebergements-de-charme-pour-dormir-tout-pres-de-la-mer\/"},"wordCount":674,"commentCount":0,"image":{"@id":"https:\/\/blog.bedandbreakfast.eu\/fr\/hebergements-de-charme-pour-dormir-tout-pres-de-la-mer\/#primaryimage"},"thumbnailUrl":"https:\/\/blog.bedandbreakfast.eu\/wp-content\/uploads\/2022\/02\/Blog_HEADER-BB-by-the-sea-1.jpg","keywords":["B&amp;B","bed &amp; breakfast","bed &amp; breakfast","bed and breakfast","bed and breakfast","chambre d'hotes","Chambre d'h\u00f4tes pr\u00e8s de la mer"],"articleSection":["Bord de Mer"],"inLanguage":"fr-FR","potentialAction":[{"@type":"CommentAction","name":"Comment","target":["https:\/\/blog.bedandbreakfast.eu\/fr\/hebergements-de-charme-pour-dormir-tout-pres-de-la-mer\/#respond"]}]},{"@type":"WebPage","@id":"https:\/\/blog.bedandbreakfast.eu\/fr\/hebergements-de-charme-pour-dormir-tout-pres-de-la-mer\/","url":"https:\/\/blog.bedandbreakfast.eu\/fr\/hebergements-de-charme-pour-dormir-tout-pres-de-la-mer\/","name":"H\u00e9bergements de charme pour dormir tout pr\u00e8s de la mer | Bedandbreakfast.eu","isPartOf":{"@id":"https:\/\/blog.bedandbreakfast.eu\/nl\/#website"},"primaryImageOfPage":{"@id":"https:\/\/blog.bedandbreakfast.eu\/fr\/hebergements-de-charme-pour-dormir-tout-pres-de-la-mer\/#primaryimage"},"image":{"@id":"https:\/\/blog.bedandbreakfast.eu\/fr\/hebergements-de-charme-pour-dormir-tout-pres-de-la-mer\/#primaryimage"},"thumbnailUrl":"https:\/\/blog.bedandbreakfast.eu\/wp-content\/uploads\/2022\/02\/Blog_HEADER-BB-by-the-sea-1.jpg","datePublished":"2022-03-30T07:00:04+00:00","dateModified":"2022-03-30T07:22:44+00:00","author":{"@id":"https:\/\/blog.bedandbreakfast.eu\/nl\/#\/schema\/person\/6a53d90a33ff6b08adca89a3d71638fd"},"description":"Que diriez-vous d'un B&B design aux Pays-Bas ou d'une magnifique villa sur l\u2019\u00eele de Faial, aux A\u00e7ores ? Si vous avez envie de vacances tout pr\u00e8s de la mer, r\u00e9servez l'un des 5 B&B que nous avons s\u00e9lectionn\u00e9s sp\u00e9cialement pour vous selon des crit\u00e8res particuliers.","breadcrumb":{"@id":"https:\/\/blog.bedandbreakfast.eu\/fr\/hebergements-de-charme-pour-dormir-tout-pres-de-la-mer\/#breadcrumb"},"inLanguage":"fr-FR","potentialAction":[{"@type":"ReadAction","target":["https:\/\/blog.bedandbreakfast.eu\/fr\/hebergements-de-charme-pour-dormir-tout-pres-de-la-mer\/"]}]},{"@type":"ImageObject","inLanguage":"fr-FR","@id":"https:\/\/blog.bedandbreakfast.eu\/fr\/hebergements-de-charme-pour-dormir-tout-pres-de-la-mer\/#primaryimage","url":"https:\/\/blog.bedandbreakfast.eu\/wp-content\/uploads\/2022\/02\/Blog_HEADER-BB-by-the-sea-1.jpg","contentUrl":"https:\/\/blog.bedandbreakfast.eu\/wp-content\/uploads\/2022\/02\/Blog_HEADER-BB-by-the-sea-1.jpg","width":1140,"height":453},{"@type":"BreadcrumbList","@id":"https:\/\/blog.bedandbreakfast.eu\/fr\/hebergements-de-charme-pour-dormir-tout-pres-de-la-mer\/#breadcrumb","itemListElement":[{"@type":"ListItem","position":1,"name":"Home","item":"https:\/\/blog.bedandbreakfast.eu\/fr\/"},{"@type":"ListItem","position":2,"name":"H\u00e9bergements de charme pour dormir tout pr\u00e8s de la mer"}]},{"@type":"WebSite","@id":"https:\/\/blog.bedandbreakfast.eu\/nl\/#website","url":"https:\/\/blog.bedandbreakfast.eu\/nl\/","name":"Chambre d&#039;H\u00f4tes Blog | Bedandbreakfast.eu","description":"Des blogs concernant des B&amp;B uniques, propos\u00e9s par Bedandbreakfast.eu. De nouvelles inspirations pour des s\u00e9jours et sorties en B&amp;B dans les plus beaux endroits du monde.","potentialAction":[{"@type":"SearchAction","target":{"@type":"EntryPoint","urlTemplate":"https:\/\/blog.bedandbreakfast.eu\/nl\/?s={search_term_string}"},"query-input":{"@type":"PropertyValueSpecification","valueRequired":true,"valueName":"search_term_string"}}],"inLanguage":"fr-FR"},{"@type":"Person","@id":"https:\/\/blog.bedandbreakfast.eu\/nl\/#\/schema\/person\/6a53d90a33ff6b08adca89a3d71638fd","name":"Julia Boix-Vives","image":{"@type":"ImageObject","inLanguage":"fr-FR","@id":"https:\/\/blog.bedandbreakfast.eu\/wp-content\/uploads\/2022\/11\/20221018_Bed_and_Breakfast_030_3505-300x300.jpgf4ba6866b8f6b7e83a8b0e670fc37ba2","url":"https:\/\/blog.bedandbreakfast.eu\/wp-content\/uploads\/2022\/11\/20221018_Bed_and_Breakfast_030_3505-300x300.jpg","contentUrl":"https:\/\/blog.bedandbreakfast.eu\/wp-content\/uploads\/2022\/11\/20221018_Bed_and_Breakfast_030_3505-300x300.jpg","caption":"Julia Boix-Vives"},"description":"Julia est fran\u00e7aise et habite aux Pays-Bas. En voyage elle aime d\u00e9couvrir des paysages et des lieux insolites. Avec l'\u00e9quipe du blog du site elle partage le go\u00fbt de ses rencontres et impressions.","url":"https:\/\/blog.bedandbreakfast.eu\/fr\/author\/julia-boix-vives\/"}]}},"jetpack_featured_media_url":"https:\/\/blog.bedandbreakfast.eu\/wp-content\/uploads\/2022\/02\/Blog_HEADER-BB-by-the-sea-1.jpg","jetpack_shortlink":"https:\/\/wp.me\/p9vhf3-8aa","jetpack_sharing_enabled":true,"_links":{"self":[{"href":"https:\/\/blog.bedandbreakfast.eu\/fr\/wp-json\/wp\/v2\/posts\/31382","targetHints":{"allow":["GET"]}}],"collection":[{"href":"https:\/\/blog.bedandbreakfast.eu\/fr\/wp-json\/wp\/v2\/posts"}],"about":[{"href":"https:\/\/blog.bedandbreakfast.eu\/fr\/wp-json\/wp\/v2\/types\/post"}],"author":[{"embeddable":true,"href":"https:\/\/blog.bedandbreakfast.eu\/fr\/wp-json\/wp\/v2\/users\/37"}],"replies":[{"embeddable":true,"href":"https:\/\/blog.bedandbreakfast.eu\/fr\/wp-json\/wp\/v2\/comments?post=31382"}],"version-history":[{"count":25,"href":"https:\/\/blog.bedandbreakfast.eu\/fr\/wp-json\/wp\/v2\/posts\/31382\/revisions"}],"predecessor-version":[{"id":32246,"href":"https:\/\/blog.bedandbreakfast.eu\/fr\/wp-json\/wp\/v2\/posts\/31382\/revisions\/32246"}],"wp:featuredmedia":[{"embeddable":true,"href":"https:\/\/blog.bedandbreakfast.eu\/fr\/wp-json\/wp\/v2\/media\/31658"}],"wp:attachment":[{"href":"https:\/\/blog.bedandbreakfast.eu\/fr\/wp-json\/wp\/v2\/media?parent=31382"}],"wp:term":[{"taxonomy":"category","embeddable":true,"href":"https:\/\/blog.bedandbreakfast.eu\/fr\/wp-json\/wp\/v2\/categories?post=31382"},{"taxonomy":"post_tag","embeddable":true,"href":"https:\/\/blog.bedandbreakfast.eu\/fr\/wp-json\/wp\/v2\/tags?post=31382"},{"taxonomy":"author","embeddable":true,"href":"https:\/\/blog.bedandbreakfast.eu\/fr\/wp-json\/wp\/v2\/coauthors?post=31382"}],"curies":[{"name":"wp","href":"https:\/\/api.w.org\/{rel}","templated":true}]}}