{"id":23648,"date":"2021-03-30T07:00:13","date_gmt":"2021-03-30T07:00:13","guid":{"rendered":"https:\/\/blog.bedandbreakfast.eu\/?p=23648"},"modified":"2021-03-30T08:16:17","modified_gmt":"2021-03-30T08:16:17","slug":"partez-en-week-end-nature-et-embrassez-la-magie-des-fleurs","status":"publish","type":"post","link":"https:\/\/blog.bedandbreakfast.eu\/fr\/partez-en-week-end-nature-et-embrassez-la-magie-des-fleurs\/","title":{"rendered":"Partez en week-end nature et embrassez la magie des fleurs!"},"content":{"rendered":"<p><a href=\"https:\/\/www.bedandbreakfast.eu\/chambre-d-hote\/amalfi\/italie\/c3183130\" target=\"_blank\" rel=\"noopener noreferrer\"><img loading=\"lazy\" decoding=\"async\" class=\"alignnone wp-image-23563 size-full\" title=\"Chambres d'h\u00f4tes Amalfi\" src=\"https://blog.bedandbreakfast.eu/wp-content\/uploads\/2021\/03\/BB_Amalfi.jpg\" alt=\"Bedandbreakfast.eu; Partez en week-end nature et embrassez la magie des fleurs!\" width=\"810\" height=\"450\" srcset=\"https:\/\/blog.bedandbreakfast.eu\/wp-content\/uploads\/2021\/03\/BB_Amalfi.jpg 810w, https:\/\/blog.bedandbreakfast.eu\/wp-content\/uploads\/2021\/03\/BB_Amalfi-300x167.jpg 300w, https:\/\/blog.bedandbreakfast.eu\/wp-content\/uploads\/2021\/03\/BB_Amalfi-768x427.jpg 768w\" sizes=\"auto, (max-width: 810px) 100vw, 810px\" \/><\/a><\/p>\n<h4>Le sentier des citrons \u00e0 Amalfi<\/h4>\n<p>Un week-end nature sur la c\u00f4te d&#8217;Amalfi offre un temps printanier radieux et des paysages qui raviront les yeux. Suivez le sentier des citrons, un magnifique chemin de 9 km reliant Maiori \u00e0 Minori, o\u00f9 les citrons \u00e9taient autrefois transport\u00e9s des montagnes \u00e0 la ville. Promenez-vous le long de ce sentier parsem\u00e9 de terrasses en pierre et d&#8217;escaliers fantaisistes et vous serez envelopp\u00e9 par le parfum enivrant des agrumes.<\/p>\n<p><strong><a class=\"mks_button mks_button_medium rounded\" href=\"https:\/\/www.bedandbreakfast.eu\/chambre-d-hote\/amalfi\/italie\/c3183130\" target=\"_blank\" style=\"color: #FFFFFF; background-color: #e3458c;\" >Chambres d&#039;h\u00f4tes Amalfi<\/a><\/strong><\/p>\n<p><a href=\"https:\/\/www.bedandbreakfast.eu\/chambre-d-hote\/grasse\/france\/c3014856\" target=\"_blank\" rel=\"noopener noreferrer\"><img loading=\"lazy\" decoding=\"async\" class=\"alignnone wp-image-23557 size-full\" title=\"Chambres d'h\u00f4tes Grasse\" src=\"https://blog.bedandbreakfast.eu/wp-content\/uploads\/2021\/03\/BB_Grasse.jpg\" alt=\"\" width=\"810\" height=\"450\" srcset=\"https:\/\/blog.bedandbreakfast.eu\/wp-content\/uploads\/2021\/03\/BB_Grasse.jpg 810w, https:\/\/blog.bedandbreakfast.eu\/wp-content\/uploads\/2021\/03\/BB_Grasse-300x167.jpg 300w, https:\/\/blog.bedandbreakfast.eu\/wp-content\/uploads\/2021\/03\/BB_Grasse-768x427.jpg 768w\" sizes=\"auto, (max-width: 810px) 100vw, 810px\" \/><\/a><\/p>\n<h4>Les champs de lavande \u00e0 Grasse<\/h4>\n<p>Dans la r\u00e9gion fran\u00e7aise autour de Grasse, vous pourrez profiter d&#8217;un week-end nature parfum\u00e9 \u00e0 la d\u00e9licate fleur de lavande. Bien que la floraison de cette fleur atteigne sa maturation au plus haut de l&#8217;\u00e9t\u00e9, c&#8217;est un endroit qui reste toujours magique \u00e0 visiter. D\u00e9couvrez les petits villages pittoresques remplis de boutiques vendant des huiles essentielles et des savons artisanaux embaum\u00e9s des senteurs authentiques de la Provence.<\/p>\n<p><strong><a class=\"mks_button mks_button_medium rounded\" href=\"https:\/\/www.bedandbreakfast.eu\/chambre-d-hote\/grasse\/france\/c3014856\" target=\"_blank\" style=\"color: #FFFFFF; background-color: #e3458c;\" >Chambres d&#039;h\u00f4tes Grasse<\/a><\/strong><\/p>\n<p><a href=\"https:\/\/www.bedandbreakfast.eu\/chambre-d-hote\/cordoue\/espagne\/c2519240\" target=\"_blank\" rel=\"noopener noreferrer\"><img loading=\"lazy\" decoding=\"async\" class=\"alignnone wp-image-23569 size-full\" title=\"Chambres d'h\u00f4tes Cordoue\" src=\"https://blog.bedandbreakfast.eu/wp-content\/uploads\/2021\/03\/BB_Cordoba.jpg\" alt=\"\" width=\"810\" height=\"450\" srcset=\"https:\/\/blog.bedandbreakfast.eu\/wp-content\/uploads\/2021\/03\/BB_Cordoba.jpg 810w, https:\/\/blog.bedandbreakfast.eu\/wp-content\/uploads\/2021\/03\/BB_Cordoba-300x167.jpg 300w, https:\/\/blog.bedandbreakfast.eu\/wp-content\/uploads\/2021\/03\/BB_Cordoba-768x427.jpg 768w\" sizes=\"auto, (max-width: 810px) 100vw, 810px\" \/><\/a><\/p>\n<h4>Les patios de Cordoue<\/h4>\n<p>Visitez les patios de Cordoue, site class\u00e9 au patrimoine immat\u00e9riel de l&#8217;Humanit\u00e9. Chaque ann\u00e9e, les patios de la ville s&#8217;impr\u00e8gnent du parfum capiteux du jasmin et sont d\u00e9cor\u00e9s de g\u00e9raniums et d&#8217;\u0153illets color\u00e9s. R\u00e9servez un B&amp;B \u00e0 Cordoue pour un week-end nature et soyez t\u00e9moin de la beaut\u00e9 des patios par vous-m\u00eame.<\/p>\n<p><strong><a class=\"mks_button mks_button_medium rounded\" href=\"https:\/\/www.bedandbreakfast.eu\/chambre-d-hote\/cordoue\/espagne\/c2519240\" target=\"_blank\" style=\"color: #FFFFFF; background-color: #e3458c;\" >Chambres d&#039;h\u00f4tes Cordoue<\/a><\/strong><\/p>\n<p><a href=\"https:\/\/www.bedandbreakfast.eu\/chambre-d-hote\/madere\/district\/portugal\/2593105\" target=\"_blank\" rel=\"noopener noreferrer\"><img loading=\"lazy\" decoding=\"async\" class=\"alignnone wp-image-23581 size-full\" title=\"Chambres d'h\u00f4tes Mad\u00e8re\" src=\"https://blog.bedandbreakfast.eu/wp-content\/uploads\/2021\/03\/BB_Madeira.jpg\" alt=\"\" width=\"810\" height=\"450\" srcset=\"https:\/\/blog.bedandbreakfast.eu\/wp-content\/uploads\/2021\/03\/BB_Madeira.jpg 810w, https:\/\/blog.bedandbreakfast.eu\/wp-content\/uploads\/2021\/03\/BB_Madeira-300x167.jpg 300w, https:\/\/blog.bedandbreakfast.eu\/wp-content\/uploads\/2021\/03\/BB_Madeira-768x427.jpg 768w\" sizes=\"auto, (max-width: 810px) 100vw, 810px\" \/><\/a><\/p>\n<h4>Mad\u00e8re, l&#8217;\u00eele aux fleurs<\/h4>\n<p>L&#8217;\u00eele portugaise de Mad\u00e8re est l&#8217;une des \u00eeles europ\u00e9ennes les moins connues. Sa nature est d&#8217;autant plus pr\u00e9serv\u00e9e qu&#8217;elle ne conna\u00eet pas le tourisme de masse. Avec sa multitude de vari\u00e9t\u00e9s de fleurs et ses jardins botaniques spectaculaires, elle est parfaite pour un week-end nature fleuri au printemps. Ne manquez pas d&#8217;aller crapahuter dans ses montagnes pour d\u00e9couvrir sa nature intacte et admirer les vues les plus \u00e9poustouflantes.<\/p>\n<p><strong><a class=\"mks_button mks_button_medium rounded\" href=\"https:\/\/www.bedandbreakfast.eu\/chambre-d-hote\/madere\/district\/portugal\/2593105\" target=\"_blank\" style=\"color: #FFFFFF; background-color: #e3458c;\" >Chambres d&#039;h\u00f4tes Mad\u00e8re<\/a><\/strong><\/p>\n<p><a href=\"https:\/\/www.bedandbreakfast.eu\/chambre-d-hote\/pays-bas\/pays\" target=\"_blank\" rel=\"noopener noreferrer\"><img loading=\"lazy\" decoding=\"async\" class=\"alignnone wp-image-23575 size-full\" title=\"Chambres d'h\u00f4tes Pays-Bas\" src=\"https://blog.bedandbreakfast.eu/wp-content\/uploads\/2021\/03\/BB_Keukenhof.jpg\" alt=\"\" width=\"810\" height=\"450\" srcset=\"https:\/\/blog.bedandbreakfast.eu\/wp-content\/uploads\/2021\/03\/BB_Keukenhof.jpg 810w, https:\/\/blog.bedandbreakfast.eu\/wp-content\/uploads\/2021\/03\/BB_Keukenhof-300x167.jpg 300w, https:\/\/blog.bedandbreakfast.eu\/wp-content\/uploads\/2021\/03\/BB_Keukenhof-768x427.jpg 768w\" sizes=\"auto, (max-width: 810px) 100vw, 810px\" \/><\/a><\/p>\n<h4>Des fleurs \u00e0 v\u00e9lo aux Pays-Bas<\/h4>\n<p>Quand vous songez au printemps aux Pays-Bas, imaginez-vous des moulins \u00e0 vent sur fond de champs remplis de jonquilles, de tulipes et de jacinthes? Alors une belle id\u00e9e serait de visiter le Bollenstreek, la r\u00e9gion des bulbes, afin d&#8217;admirer la splendeur de la floraison lors d&#8217;un week-end nature. Si les mesures anti-COVID le permettent, vous pouvez vous rendre \u00e0 Keukenhof, le c\u00e9l\u00e8bre parc printanier. Apr\u00e8s une belle journ\u00e9e de v\u00e9lo ou de promenade dans les champs de fleurs, venez vous d\u00e9tendre dans une petite chambre d&#8217;h\u00f4tes bien tenue.<\/p>\n<p><strong><a class=\"mks_button mks_button_medium rounded\" href=\"https:\/\/www.bedandbreakfast.eu\/chambre-d-hote\/pays-bas\/pays\" target=\"_blank\" style=\"color: #FFFFFF; background-color: #e3458c;\" >Chambres d&#039;h\u00f4tes Pays-Bas<\/a><\/strong><\/p>\n<p><strong>Partager cet article :<\/strong><\/p>\n","protected":false},"excerpt":{"rendered":"<p>\u00c0 mesure que les jours rallongent, la nature explose de couleurs et apporte du bonheur \u00e0 l&#8217;\u00e2me. L\u00e0 o\u00f9 les fleurs s&#8217;\u00e9panouissent, l&#8217;espoir aussi, ce dont nous avons tous besoins en ce moment. Voici pour vous les destinations florales les plus impressionnantes d&#8217;Europe, parfaites pour un week-end nature plein de force parfum\u00e9e.  <\/p>\n","protected":false},"author":37,"featured_media":23588,"comment_status":"open","ping_status":"open","sticky":false,"template":"","format":"standard","meta":{"_monsterinsights_skip_tracking":false,"_monsterinsights_sitenote_active":false,"_monsterinsights_sitenote_note":"","_monsterinsights_sitenote_category":0,"_jetpack_newsletter_access":"","_jetpack_dont_email_post_to_subs":false,"_jetpack_newsletter_tier_id":0,"_jetpack_memberships_contains_paywalled_content":false,"_jetpack_memberships_contains_paid_content":false,"footnotes":""},"categories":[3547],"tags":[2135,2137,660,790,795,5832],"coauthors":[5601],"class_list":["post-23648","post","type-post","status-publish","format-standard","has-post-thumbnail","hentry","category-destinations-exceptionnelles","tag-bb-fr","tag-bed-breakfast-fr","tag-bed-and-breakfast-fr","tag-chambre-dhotes-fr","tag-chambres-dhotes-fr","tag-week-end-nature"],"yoast_head":"<!-- This site is optimized with the Yoast SEO plugin v27.5 - https:\/\/yoast.com\/product\/yoast-seo-wordpress\/ -->\n<title>Partez en week-end nature et embrassez la magie des fleurs! | Bedandbreakfast.eu<\/title>\n<meta name=\"description\" content=\"\u00c0 mesure que les jours rallongent, la nature explose de couleurs et apporte du bonheur \u00e0 l&#039;\u00e2me. L\u00e0 o\u00f9 les fleurs s&#039;\u00e9panouissent, l&#039;espoir aussi, ce dont nous avons tous besoins en ce moment. Voici pour vous les destinations florales les plus impressionnantes d&#039;Europe, parfaites pour un week-end nature plein de force parfum\u00e9e.\" \/>\n<meta name=\"robots\" content=\"index, follow, max-snippet:-1, max-image-preview:large, max-video-preview:-1\" \/>\n<link rel=\"canonical\" href=\"https:\/\/blog.bedandbreakfast.eu\/fr\/partez-en-week-end-nature-et-embrassez-la-magie-des-fleurs\/\" \/>\n<meta property=\"og:locale\" content=\"fr_FR\" \/>\n<meta property=\"og:type\" content=\"article\" \/>\n<meta property=\"og:title\" content=\"Partez en week-end nature et embrassez la magie des fleurs! | Bedandbreakfast.eu\" \/>\n<meta property=\"og:description\" content=\"\u00c0 mesure que les jours rallongent, la nature explose de couleurs et apporte du bonheur \u00e0 l&#039;\u00e2me. L\u00e0 o\u00f9 les fleurs s&#039;\u00e9panouissent, l&#039;espoir aussi, ce dont nous avons tous besoins en ce moment. Voici pour vous les destinations florales les plus impressionnantes d&#039;Europe, parfaites pour un week-end nature plein de force parfum\u00e9e.\" \/>\n<meta property=\"og:url\" content=\"https:\/\/blog.bedandbreakfast.eu\/fr\/partez-en-week-end-nature-et-embrassez-la-magie-des-fleurs\/\" \/>\n<meta property=\"og:site_name\" content=\"Chambre d&#039;H\u00f4tes Blog | Bedandbreakfast.eu\" \/>\n<meta property=\"article:published_time\" content=\"2021-03-30T07:00:13+00:00\" \/>\n<meta property=\"article:modified_time\" content=\"2021-03-30T08:16:17+00:00\" \/>\n<meta property=\"og:image\" content=\"https:\/\/blog.bedandbreakfast.eu\/wp-content\/uploads\/2021\/03\/Header_flower_destinations.jpg\" \/>\n\t<meta property=\"og:image:width\" content=\"1140\" \/>\n\t<meta property=\"og:image:height\" content=\"453\" \/>\n\t<meta property=\"og:image:type\" content=\"image\/jpeg\" \/>\n<meta name=\"author\" content=\"Julia Boix-Vives\" \/>\n<meta name=\"twitter:card\" content=\"summary_large_image\" \/>\n<meta name=\"twitter:label1\" content=\"\u00c9crit par\" \/>\n\t<meta name=\"twitter:data1\" content=\"Julia Boix-Vives\" \/>\n\t<meta name=\"twitter:label2\" content=\"Dur\u00e9e de lecture estim\u00e9e\" \/>\n\t<meta name=\"twitter:data2\" content=\"3 minutes\" \/>\n\t<meta name=\"twitter:label3\" content=\"Written by\" \/>\n\t<meta name=\"twitter:data3\" content=\"Julia Boix-Vives\" \/>\n<script type=\"application\/ld+json\" class=\"yoast-schema-graph\">{\"@context\":\"https:\\\/\\\/schema.org\",\"@graph\":[{\"@type\":\"Article\",\"@id\":\"https:\\\/\\\/blog.bedandbreakfast.eu\\\/fr\\\/partez-en-week-end-nature-et-embrassez-la-magie-des-fleurs\\\/#article\",\"isPartOf\":{\"@id\":\"https:\\\/\\\/blog.bedandbreakfast.eu\\\/fr\\\/partez-en-week-end-nature-et-embrassez-la-magie-des-fleurs\\\/\"},\"author\":{\"name\":\"Julia Boix-Vives\",\"@id\":\"https:\\\/\\\/blog.bedandbreakfast.eu\\\/nl\\\/#\\\/schema\\\/person\\\/6a53d90a33ff6b08adca89a3d71638fd\"},\"headline\":\"Partez en week-end nature et embrassez la magie des fleurs!\",\"datePublished\":\"2021-03-30T07:00:13+00:00\",\"dateModified\":\"2021-03-30T08:16:17+00:00\",\"mainEntityOfPage\":{\"@id\":\"https:\\\/\\\/blog.bedandbreakfast.eu\\\/fr\\\/partez-en-week-end-nature-et-embrassez-la-magie-des-fleurs\\\/\"},\"wordCount\":592,\"commentCount\":0,\"image\":{\"@id\":\"https:\\\/\\\/blog.bedandbreakfast.eu\\\/fr\\\/partez-en-week-end-nature-et-embrassez-la-magie-des-fleurs\\\/#primaryimage\"},\"thumbnailUrl\":\"https:\\\/\\\/blog.bedandbreakfast.eu\\\/wp-content\\\/uploads\\\/2021\\\/03\\\/Header_flower_destinations.jpg\",\"keywords\":[\"B&amp;B\",\"bed &amp; breakfast\",\"bed and breakfast\",\"chambre d'hotes\",\"Chambres d'H\u00f4tes\",\"week-end nature\"],\"articleSection\":[\"Destinations Exceptionnelles\"],\"inLanguage\":\"fr-FR\",\"potentialAction\":[{\"@type\":\"CommentAction\",\"name\":\"Comment\",\"target\":[\"https:\\\/\\\/blog.bedandbreakfast.eu\\\/fr\\\/partez-en-week-end-nature-et-embrassez-la-magie-des-fleurs\\\/#respond\"]}]},{\"@type\":\"WebPage\",\"@id\":\"https:\\\/\\\/blog.bedandbreakfast.eu\\\/fr\\\/partez-en-week-end-nature-et-embrassez-la-magie-des-fleurs\\\/\",\"url\":\"https:\\\/\\\/blog.bedandbreakfast.eu\\\/fr\\\/partez-en-week-end-nature-et-embrassez-la-magie-des-fleurs\\\/\",\"name\":\"Partez en week-end nature et embrassez la magie des fleurs! | Bedandbreakfast.eu\",\"isPartOf\":{\"@id\":\"https:\\\/\\\/blog.bedandbreakfast.eu\\\/nl\\\/#website\"},\"primaryImageOfPage\":{\"@id\":\"https:\\\/\\\/blog.bedandbreakfast.eu\\\/fr\\\/partez-en-week-end-nature-et-embrassez-la-magie-des-fleurs\\\/#primaryimage\"},\"image\":{\"@id\":\"https:\\\/\\\/blog.bedandbreakfast.eu\\\/fr\\\/partez-en-week-end-nature-et-embrassez-la-magie-des-fleurs\\\/#primaryimage\"},\"thumbnailUrl\":\"https:\\\/\\\/blog.bedandbreakfast.eu\\\/wp-content\\\/uploads\\\/2021\\\/03\\\/Header_flower_destinations.jpg\",\"datePublished\":\"2021-03-30T07:00:13+00:00\",\"dateModified\":\"2021-03-30T08:16:17+00:00\",\"author\":{\"@id\":\"https:\\\/\\\/blog.bedandbreakfast.eu\\\/nl\\\/#\\\/schema\\\/person\\\/6a53d90a33ff6b08adca89a3d71638fd\"},\"description\":\"\u00c0 mesure que les jours rallongent, la nature explose de couleurs et apporte du bonheur \u00e0 l'\u00e2me. L\u00e0 o\u00f9 les fleurs s'\u00e9panouissent, l'espoir aussi, ce dont nous avons tous besoins en ce moment. Voici pour vous les destinations florales les plus impressionnantes d'Europe, parfaites pour un week-end nature plein de force parfum\u00e9e.\",\"breadcrumb\":{\"@id\":\"https:\\\/\\\/blog.bedandbreakfast.eu\\\/fr\\\/partez-en-week-end-nature-et-embrassez-la-magie-des-fleurs\\\/#breadcrumb\"},\"inLanguage\":\"fr-FR\",\"potentialAction\":[{\"@type\":\"ReadAction\",\"target\":[\"https:\\\/\\\/blog.bedandbreakfast.eu\\\/fr\\\/partez-en-week-end-nature-et-embrassez-la-magie-des-fleurs\\\/\"]}]},{\"@type\":\"ImageObject\",\"inLanguage\":\"fr-FR\",\"@id\":\"https:\\\/\\\/blog.bedandbreakfast.eu\\\/fr\\\/partez-en-week-end-nature-et-embrassez-la-magie-des-fleurs\\\/#primaryimage\",\"url\":\"https:\\\/\\\/blog.bedandbreakfast.eu\\\/wp-content\\\/uploads\\\/2021\\\/03\\\/Header_flower_destinations.jpg\",\"contentUrl\":\"https:\\\/\\\/blog.bedandbreakfast.eu\\\/wp-content\\\/uploads\\\/2021\\\/03\\\/Header_flower_destinations.jpg\",\"width\":1140,\"height\":453},{\"@type\":\"BreadcrumbList\",\"@id\":\"https:\\\/\\\/blog.bedandbreakfast.eu\\\/fr\\\/partez-en-week-end-nature-et-embrassez-la-magie-des-fleurs\\\/#breadcrumb\",\"itemListElement\":[{\"@type\":\"ListItem\",\"position\":1,\"name\":\"Home\",\"item\":\"https:\\\/\\\/blog.bedandbreakfast.eu\\\/fr\\\/\"},{\"@type\":\"ListItem\",\"position\":2,\"name\":\"Partez en week-end nature et embrassez la magie des fleurs!\"}]},{\"@type\":\"WebSite\",\"@id\":\"https:\\\/\\\/blog.bedandbreakfast.eu\\\/nl\\\/#website\",\"url\":\"https:\\\/\\\/blog.bedandbreakfast.eu\\\/nl\\\/\",\"name\":\"Chambre d&#039;H\u00f4tes Blog | Bedandbreakfast.eu\",\"description\":\"Des blogs concernant des B&amp;B uniques, propos\u00e9s par Bedandbreakfast.eu. De nouvelles inspirations pour des s\u00e9jours et sorties en B&amp;B dans les plus beaux endroits du monde.\",\"potentialAction\":[{\"@type\":\"SearchAction\",\"target\":{\"@type\":\"EntryPoint\",\"urlTemplate\":\"https:\\\/\\\/blog.bedandbreakfast.eu\\\/nl\\\/?s={search_term_string}\"},\"query-input\":{\"@type\":\"PropertyValueSpecification\",\"valueRequired\":true,\"valueName\":\"search_term_string\"}}],\"inLanguage\":\"fr-FR\"},{\"@type\":\"Person\",\"@id\":\"https:\\\/\\\/blog.bedandbreakfast.eu\\\/nl\\\/#\\\/schema\\\/person\\\/6a53d90a33ff6b08adca89a3d71638fd\",\"name\":\"Julia Boix-Vives\",\"image\":{\"@type\":\"ImageObject\",\"inLanguage\":\"fr-FR\",\"@id\":\"https:\\\/\\\/blog.bedandbreakfast.eu\\\/wp-content\\\/uploads\\\/2022\\\/11\\\/20221018_Bed_and_Breakfast_030_3505-300x300.jpgf4ba6866b8f6b7e83a8b0e670fc37ba2\",\"url\":\"https:\\\/\\\/blog.bedandbreakfast.eu\\\/wp-content\\\/uploads\\\/2022\\\/11\\\/20221018_Bed_and_Breakfast_030_3505-300x300.jpg\",\"contentUrl\":\"https:\\\/\\\/blog.bedandbreakfast.eu\\\/wp-content\\\/uploads\\\/2022\\\/11\\\/20221018_Bed_and_Breakfast_030_3505-300x300.jpg\",\"caption\":\"Julia Boix-Vives\"},\"description\":\"Julia est fran\u00e7aise et habite aux Pays-Bas. En voyage elle aime d\u00e9couvrir des paysages et des lieux insolites. Avec l'\u00e9quipe du blog du site elle partage le go\u00fbt de ses rencontres et impressions.\",\"url\":\"https:\\\/\\\/blog.bedandbreakfast.eu\\\/fr\\\/author\\\/julia-boix-vives\\\/\"}]}<\/script>\n<!-- \/ Yoast SEO plugin. -->","yoast_head_json":{"title":"Partez en week-end nature et embrassez la magie des fleurs! | Bedandbreakfast.eu","description":"\u00c0 mesure que les jours rallongent, la nature explose de couleurs et apporte du bonheur \u00e0 l'\u00e2me. L\u00e0 o\u00f9 les fleurs s'\u00e9panouissent, l'espoir aussi, ce dont nous avons tous besoins en ce moment. Voici pour vous les destinations florales les plus impressionnantes d'Europe, parfaites pour un week-end nature plein de force parfum\u00e9e.","robots":{"index":"index","follow":"follow","max-snippet":"max-snippet:-1","max-image-preview":"max-image-preview:large","max-video-preview":"max-video-preview:-1"},"canonical":"https:\/\/blog.bedandbreakfast.eu\/fr\/partez-en-week-end-nature-et-embrassez-la-magie-des-fleurs\/","og_locale":"fr_FR","og_type":"article","og_title":"Partez en week-end nature et embrassez la magie des fleurs! | Bedandbreakfast.eu","og_description":"\u00c0 mesure que les jours rallongent, la nature explose de couleurs et apporte du bonheur \u00e0 l'\u00e2me. L\u00e0 o\u00f9 les fleurs s'\u00e9panouissent, l'espoir aussi, ce dont nous avons tous besoins en ce moment. Voici pour vous les destinations florales les plus impressionnantes d'Europe, parfaites pour un week-end nature plein de force parfum\u00e9e.","og_url":"https:\/\/blog.bedandbreakfast.eu\/fr\/partez-en-week-end-nature-et-embrassez-la-magie-des-fleurs\/","og_site_name":"Chambre d&#039;H\u00f4tes Blog | Bedandbreakfast.eu","article_published_time":"2021-03-30T07:00:13+00:00","article_modified_time":"2021-03-30T08:16:17+00:00","og_image":[{"width":1140,"height":453,"url":"https:\/\/blog.bedandbreakfast.eu\/wp-content\/uploads\/2021\/03\/Header_flower_destinations.jpg","type":"image\/jpeg"}],"author":"Julia Boix-Vives","twitter_card":"summary_large_image","twitter_misc":{"\u00c9crit par":"Julia Boix-Vives","Dur\u00e9e de lecture estim\u00e9e":"3 minutes","Written by":"Julia Boix-Vives"},"schema":{"@context":"https:\/\/schema.org","@graph":[{"@type":"Article","@id":"https:\/\/blog.bedandbreakfast.eu\/fr\/partez-en-week-end-nature-et-embrassez-la-magie-des-fleurs\/#article","isPartOf":{"@id":"https:\/\/blog.bedandbreakfast.eu\/fr\/partez-en-week-end-nature-et-embrassez-la-magie-des-fleurs\/"},"author":{"name":"Julia Boix-Vives","@id":"https:\/\/blog.bedandbreakfast.eu\/nl\/#\/schema\/person\/6a53d90a33ff6b08adca89a3d71638fd"},"headline":"Partez en week-end nature et embrassez la magie des fleurs!","datePublished":"2021-03-30T07:00:13+00:00","dateModified":"2021-03-30T08:16:17+00:00","mainEntityOfPage":{"@id":"https:\/\/blog.bedandbreakfast.eu\/fr\/partez-en-week-end-nature-et-embrassez-la-magie-des-fleurs\/"},"wordCount":592,"commentCount":0,"image":{"@id":"https:\/\/blog.bedandbreakfast.eu\/fr\/partez-en-week-end-nature-et-embrassez-la-magie-des-fleurs\/#primaryimage"},"thumbnailUrl":"https:\/\/blog.bedandbreakfast.eu\/wp-content\/uploads\/2021\/03\/Header_flower_destinations.jpg","keywords":["B&amp;B","bed &amp; breakfast","bed and breakfast","chambre d'hotes","Chambres d'H\u00f4tes","week-end nature"],"articleSection":["Destinations Exceptionnelles"],"inLanguage":"fr-FR","potentialAction":[{"@type":"CommentAction","name":"Comment","target":["https:\/\/blog.bedandbreakfast.eu\/fr\/partez-en-week-end-nature-et-embrassez-la-magie-des-fleurs\/#respond"]}]},{"@type":"WebPage","@id":"https:\/\/blog.bedandbreakfast.eu\/fr\/partez-en-week-end-nature-et-embrassez-la-magie-des-fleurs\/","url":"https:\/\/blog.bedandbreakfast.eu\/fr\/partez-en-week-end-nature-et-embrassez-la-magie-des-fleurs\/","name":"Partez en week-end nature et embrassez la magie des fleurs! | Bedandbreakfast.eu","isPartOf":{"@id":"https:\/\/blog.bedandbreakfast.eu\/nl\/#website"},"primaryImageOfPage":{"@id":"https:\/\/blog.bedandbreakfast.eu\/fr\/partez-en-week-end-nature-et-embrassez-la-magie-des-fleurs\/#primaryimage"},"image":{"@id":"https:\/\/blog.bedandbreakfast.eu\/fr\/partez-en-week-end-nature-et-embrassez-la-magie-des-fleurs\/#primaryimage"},"thumbnailUrl":"https:\/\/blog.bedandbreakfast.eu\/wp-content\/uploads\/2021\/03\/Header_flower_destinations.jpg","datePublished":"2021-03-30T07:00:13+00:00","dateModified":"2021-03-30T08:16:17+00:00","author":{"@id":"https:\/\/blog.bedandbreakfast.eu\/nl\/#\/schema\/person\/6a53d90a33ff6b08adca89a3d71638fd"},"description":"\u00c0 mesure que les jours rallongent, la nature explose de couleurs et apporte du bonheur \u00e0 l'\u00e2me. L\u00e0 o\u00f9 les fleurs s'\u00e9panouissent, l'espoir aussi, ce dont nous avons tous besoins en ce moment. Voici pour vous les destinations florales les plus impressionnantes d'Europe, parfaites pour un week-end nature plein de force parfum\u00e9e.","breadcrumb":{"@id":"https:\/\/blog.bedandbreakfast.eu\/fr\/partez-en-week-end-nature-et-embrassez-la-magie-des-fleurs\/#breadcrumb"},"inLanguage":"fr-FR","potentialAction":[{"@type":"ReadAction","target":["https:\/\/blog.bedandbreakfast.eu\/fr\/partez-en-week-end-nature-et-embrassez-la-magie-des-fleurs\/"]}]},{"@type":"ImageObject","inLanguage":"fr-FR","@id":"https:\/\/blog.bedandbreakfast.eu\/fr\/partez-en-week-end-nature-et-embrassez-la-magie-des-fleurs\/#primaryimage","url":"https:\/\/blog.bedandbreakfast.eu\/wp-content\/uploads\/2021\/03\/Header_flower_destinations.jpg","contentUrl":"https:\/\/blog.bedandbreakfast.eu\/wp-content\/uploads\/2021\/03\/Header_flower_destinations.jpg","width":1140,"height":453},{"@type":"BreadcrumbList","@id":"https:\/\/blog.bedandbreakfast.eu\/fr\/partez-en-week-end-nature-et-embrassez-la-magie-des-fleurs\/#breadcrumb","itemListElement":[{"@type":"ListItem","position":1,"name":"Home","item":"https:\/\/blog.bedandbreakfast.eu\/fr\/"},{"@type":"ListItem","position":2,"name":"Partez en week-end nature et embrassez la magie des fleurs!"}]},{"@type":"WebSite","@id":"https:\/\/blog.bedandbreakfast.eu\/nl\/#website","url":"https:\/\/blog.bedandbreakfast.eu\/nl\/","name":"Chambre d&#039;H\u00f4tes Blog | Bedandbreakfast.eu","description":"Des blogs concernant des B&amp;B uniques, propos\u00e9s par Bedandbreakfast.eu. De nouvelles inspirations pour des s\u00e9jours et sorties en B&amp;B dans les plus beaux endroits du monde.","potentialAction":[{"@type":"SearchAction","target":{"@type":"EntryPoint","urlTemplate":"https:\/\/blog.bedandbreakfast.eu\/nl\/?s={search_term_string}"},"query-input":{"@type":"PropertyValueSpecification","valueRequired":true,"valueName":"search_term_string"}}],"inLanguage":"fr-FR"},{"@type":"Person","@id":"https:\/\/blog.bedandbreakfast.eu\/nl\/#\/schema\/person\/6a53d90a33ff6b08adca89a3d71638fd","name":"Julia Boix-Vives","image":{"@type":"ImageObject","inLanguage":"fr-FR","@id":"https:\/\/blog.bedandbreakfast.eu\/wp-content\/uploads\/2022\/11\/20221018_Bed_and_Breakfast_030_3505-300x300.jpgf4ba6866b8f6b7e83a8b0e670fc37ba2","url":"https:\/\/blog.bedandbreakfast.eu\/wp-content\/uploads\/2022\/11\/20221018_Bed_and_Breakfast_030_3505-300x300.jpg","contentUrl":"https:\/\/blog.bedandbreakfast.eu\/wp-content\/uploads\/2022\/11\/20221018_Bed_and_Breakfast_030_3505-300x300.jpg","caption":"Julia Boix-Vives"},"description":"Julia est fran\u00e7aise et habite aux Pays-Bas. En voyage elle aime d\u00e9couvrir des paysages et des lieux insolites. Avec l'\u00e9quipe du blog du site elle partage le go\u00fbt de ses rencontres et impressions.","url":"https:\/\/blog.bedandbreakfast.eu\/fr\/author\/julia-boix-vives\/"}]}},"jetpack_featured_media_url":"https:\/\/blog.bedandbreakfast.eu\/wp-content\/uploads\/2021\/03\/Header_flower_destinations.jpg","jetpack_shortlink":"https:\/\/wp.me\/p9vhf3-69q","jetpack_sharing_enabled":true,"_links":{"self":[{"href":"https:\/\/blog.bedandbreakfast.eu\/fr\/wp-json\/wp\/v2\/posts\/23648","targetHints":{"allow":["GET"]}}],"collection":[{"href":"https:\/\/blog.bedandbreakfast.eu\/fr\/wp-json\/wp\/v2\/posts"}],"about":[{"href":"https:\/\/blog.bedandbreakfast.eu\/fr\/wp-json\/wp\/v2\/types\/post"}],"author":[{"embeddable":true,"href":"https:\/\/blog.bedandbreakfast.eu\/fr\/wp-json\/wp\/v2\/users\/37"}],"replies":[{"embeddable":true,"href":"https:\/\/blog.bedandbreakfast.eu\/fr\/wp-json\/wp\/v2\/comments?post=23648"}],"version-history":[{"count":30,"href":"https:\/\/blog.bedandbreakfast.eu\/fr\/wp-json\/wp\/v2\/posts\/23648\/revisions"}],"predecessor-version":[{"id":24035,"href":"https:\/\/blog.bedandbreakfast.eu\/fr\/wp-json\/wp\/v2\/posts\/23648\/revisions\/24035"}],"wp:featuredmedia":[{"embeddable":true,"href":"https:\/\/blog.bedandbreakfast.eu\/fr\/wp-json\/wp\/v2\/media\/23588"}],"wp:attachment":[{"href":"https:\/\/blog.bedandbreakfast.eu\/fr\/wp-json\/wp\/v2\/media?parent=23648"}],"wp:term":[{"taxonomy":"category","embeddable":true,"href":"https:\/\/blog.bedandbreakfast.eu\/fr\/wp-json\/wp\/v2\/categories?post=23648"},{"taxonomy":"post_tag","embeddable":true,"href":"https:\/\/blog.bedandbreakfast.eu\/fr\/wp-json\/wp\/v2\/tags?post=23648"},{"taxonomy":"author","embeddable":true,"href":"https:\/\/blog.bedandbreakfast.eu\/fr\/wp-json\/wp\/v2\/coauthors?post=23648"}],"curies":[{"name":"wp","href":"https:\/\/api.w.org\/{rel}","templated":true}]}}