{"id":15863,"date":"2019-07-18T07:30:17","date_gmt":"2019-07-18T07:30:17","guid":{"rendered":"https:\/\/blog.bedandbreakfast.eu\/?p=15863\/"},"modified":"2019-07-18T08:03:22","modified_gmt":"2019-07-18T08:03:22","slug":"vacances-aux-acores-5-iles-a-decouvrir","status":"publish","type":"post","link":"https:\/\/blog.bedandbreakfast.eu\/fr\/vacances-aux-acores-5-iles-a-decouvrir\/","title":{"rendered":"Vacances aux A\u00e7ores : 5 \u00eeles \u00e0 d\u00e9couvrir"},"content":{"rendered":"<h4><a href=\"https:\/\/www.bedandbreakfast.eu\/chambre-d-hote\/sao-miguel\/portugal\/i3372598\" target=\"_blank\" rel=\"noopener noreferrer\"><img loading=\"lazy\" decoding=\"async\" class=\"alignnone wp-image-15846 size-full\" title=\"Bed and Breakfast S\u00e3o Miguel\" src=\"https://blog.bedandbreakfast.eu/wp-content\/uploads\/2019\/07\/BB_San_Miguel_Portugal.png\" alt=\"Bedandbreakfast.eu; Vacances aux A\u00e7ores : 5 \u00eeles \u00e0 d\u00e9couvrir\" width=\"810\" height=\"450\" srcset=\"https:\/\/blog.bedandbreakfast.eu\/wp-content\/uploads\/2019\/07\/BB_San_Miguel_Portugal.png 810w, https:\/\/blog.bedandbreakfast.eu\/wp-content\/uploads\/2019\/07\/BB_San_Miguel_Portugal-300x167.png 300w, https:\/\/blog.bedandbreakfast.eu\/wp-content\/uploads\/2019\/07\/BB_San_Miguel_Portugal-768x427.png 768w\" sizes=\"auto, (max-width: 810px) 100vw, 810px\" \/><\/a><\/h4>\n<h4><b>S\u00e3o Miguel, l&#8217;\u00eele verte<\/b><\/h4>\n<p><span style=\"font-weight: 400;\">S\u00e3o Miguel est la plus grande \u00eele et g\u00e9n\u00e9ralement le point de d\u00e9part de vacances aux A\u00e7ores gr\u00e2ce \u00e0 son a\u00e9roport international. A l\u2019arriv\u00e9e, on comprend vite pourquoi cette destination s\u2019appelle aussi Ilha Verde, ou \u00eele verte : nombreuses for\u00eats, sources chaudes et lacs dans d\u2019anciens crat\u00e8res. Ponta Delgada, la capitale de S\u00e3o Miguel, est une ville paisible o\u00f9 il est agr\u00e9able de se promener le long de la marina.<\/span><\/p>\n<p><strong><a class=\"mks_button mks_button_medium rounded\" href=\"https:\/\/www.bedandbreakfast.eu\/chambre-d-hote\/sao-miguel\/portugal\/i3372598\" target=\"_blank\" style=\"color: #FFFFFF; background-color: #e3458c;\" >B&amp;B S\u00e3o Miguel<\/a><\/strong><\/p>\n<p><a href=\"https:\/\/www.bedandbreakfast.eu\/chambre-d-hote\/horta\/municipalite\/portugal\/8010699\" target=\"_blank\" rel=\"noopener noreferrer\"><img loading=\"lazy\" decoding=\"async\" class=\"alignnone wp-image-15851 size-full\" title=\"Bed and Breakfast Faial\" src=\"https://blog.bedandbreakfast.eu/wp-content\/uploads\/2019\/07\/BB_Faial_Portugal.png\" alt=\"\" width=\"810\" height=\"450\" srcset=\"https:\/\/blog.bedandbreakfast.eu\/wp-content\/uploads\/2019\/07\/BB_Faial_Portugal.png 810w, https:\/\/blog.bedandbreakfast.eu\/wp-content\/uploads\/2019\/07\/BB_Faial_Portugal-300x167.png 300w, https:\/\/blog.bedandbreakfast.eu\/wp-content\/uploads\/2019\/07\/BB_Faial_Portugal-768x427.png 768w\" sizes=\"auto, (max-width: 810px) 100vw, 810px\" \/><\/a><\/p>\n<h4><b>Faial, l&#8217;\u00eele bleue<\/b><\/h4>\n<p><span style=\"font-weight: 400;\">Les nombreux hortensias de Faial virent au bleu vif en juillet et lui valent le surnom de &#8220;l&#8217;\u00eele bleue&#8221;. La derni\u00e8re \u00e9ruption du volcan Capelinhos en 1958 a cr\u00e9\u00e9 un paysage lunaire de sable rouge\u00e2tre qui contraste avec les lagons et les belles plages. Le port d\u2019Horta est une escale courue par les marins effectuant la travers\u00e9e de l\u2019oc\u00e9an Atlantique. Le c\u0153ur de l&#8217;\u00eele lui est form\u00e9 par l&#8217;\u00e9norme crat\u00e8re Caldeira, o\u00f9 vivent de nombreuses plantes et fleurs rares.<\/span><\/p>\n<p><strong><a class=\"mks_button mks_button_medium rounded\" href=\"https:\/\/www.bedandbreakfast.eu\/chambre-d-hote\/horta\/municipalite\/portugal\/8010699\" target=\"_blank\" style=\"color: #FFFFFF; background-color: #e3458c;\" >Bed and Breakfast Faial<\/a><\/strong><\/p>\n<h4><a href=\"https:\/\/www.bedandbreakfast.eu\/chambre-d-hote\/ile-de-terceira\/portugal\/i3372530\" target=\"_blank\" rel=\"noopener noreferrer\"><img loading=\"lazy\" decoding=\"async\" class=\"alignnone wp-image-15837 size-full\" title=\"Bed and Breakfast Terceira\" src=\"https://blog.bedandbreakfast.eu/wp-content\/uploads\/2019\/07\/BB_Terceira_Portugal.png\" alt=\"\" width=\"810\" height=\"450\" srcset=\"https:\/\/blog.bedandbreakfast.eu\/wp-content\/uploads\/2019\/07\/BB_Terceira_Portugal.png 810w, https:\/\/blog.bedandbreakfast.eu\/wp-content\/uploads\/2019\/07\/BB_Terceira_Portugal-300x167.png 300w, https:\/\/blog.bedandbreakfast.eu\/wp-content\/uploads\/2019\/07\/BB_Terceira_Portugal-768x427.png 768w\" sizes=\"auto, (max-width: 810px) 100vw, 810px\" \/><\/a><\/h4>\n<h4><b>Terceira, l\u2019\u00eele de la f\u00eate<\/b><\/h4>\n<p><span style=\"font-weight: 400;\">Terceira est \u00ab l&#8217;\u00eele de la f\u00eate \u00bb aux A\u00e7ores. En \u00e9t\u00e9, l&#8217;animation bat son plein avec des centaines de f\u00eates de village. Mais l\u2019\u00eele est aussi connue pour sa beaut\u00e9 naturelle sauvage. Une visite \u00e0 faire est la descente de la grotte volcanique Algar do Carv\u00e3o. Ensuite, dirigez-vous vers la capitale Angra do Hero\u00edsmo, ville inscrite au patrimoine mondial de l&#8217;UNESCO et incontournable de vacances aux A\u00e7ores. La vieille ville rec\u00e8le nombre d\u2019\u00e9difices somptueux des 17e et 18e si\u00e8cles, h\u00e9rit\u00e9s de l\u2019\u00e2ge d\u2019or du Portugal conqu\u00e9rant.<\/span><span style=\"font-weight: 400;\"><br \/>\n<\/span><\/p>\n<p><strong><a class=\"mks_button mks_button_medium rounded\" href=\"https:\/\/www.bedandbreakfast.eu\/chambre-d-hote\/ile-de-terceira\/portugal\/i3372530\" target=\"_blank\" style=\"color: #FFFFFF; background-color: #e3458c;\" >B&amp;B Terceira<\/a><\/strong><\/p>\n<h4><a href=\"https:\/\/www.bedandbreakfast.eu\/chambre-d-hote\/ile-de-pico\/portugal\/i3372803\" target=\"_blank\" rel=\"noopener noreferrer\"><img loading=\"lazy\" decoding=\"async\" class=\"alignnone wp-image-15842 size-full\" title=\"Bed and Breakfast Pico\" src=\"https://blog.bedandbreakfast.eu/wp-content\/uploads\/2019\/07\/BB_Pico_Portugal.png\" alt=\"\" width=\"810\" height=\"450\" srcset=\"https:\/\/blog.bedandbreakfast.eu\/wp-content\/uploads\/2019\/07\/BB_Pico_Portugal.png 810w, https:\/\/blog.bedandbreakfast.eu\/wp-content\/uploads\/2019\/07\/BB_Pico_Portugal-300x167.png 300w, https:\/\/blog.bedandbreakfast.eu\/wp-content\/uploads\/2019\/07\/BB_Pico_Portugal-768x427.png 768w\" sizes=\"auto, (max-width: 810px) 100vw, 810px\" \/><\/a><\/h4>\n<h4><b>Pico, l\u2019\u00eele des baleines<\/b><\/h4>\n<p><span style=\"font-weight: 400;\">L\u2019\u00eele de Pico est l\u2019un des meilleurs endroits pour observer les baleines lors de vacances aux A\u00e7ores. Diverses excursions sont organis\u00e9es pour vivre cette exp\u00e9rience magique. Il y a de fortes chances que vous rencontriez \u00e9galement des dauphins, et son eau cristalline est id\u00e9ale pour les amateurs de sports nautiques. Un autre point fort de cette destination est le mont Pico. Avec une hauteur de 2351 m\u00e8tres, c&#8217;est la plus haute montagne du Portugal.<\/span><\/p>\n<p><strong><a class=\"mks_button mks_button_medium rounded\" href=\"https:\/\/www.bedandbreakfast.eu\/chambre-d-hote\/ile-de-pico\/portugal\/i3372803\" target=\"_blank\" style=\"color: #FFFFFF; background-color: #e3458c;\" >Bed and Breakfast Pico<\/a><\/strong><\/p>\n<h4><a href=\"https:\/\/www.bedandbreakfast.eu\/chambre-d-hote\/ile-de-santa-maria\/portugal\/i3372641\" target=\"_blank\" rel=\"noopener noreferrer\"><img loading=\"lazy\" decoding=\"async\" class=\"alignnone wp-image-15856 size-full\" title=\"Bed and Breakfast Santa Maria\" src=\"https://blog.bedandbreakfast.eu/wp-content\/uploads\/2019\/07\/BB_Santa-MAria_Portugal.png\" alt=\"\" width=\"810\" height=\"450\" srcset=\"https:\/\/blog.bedandbreakfast.eu\/wp-content\/uploads\/2019\/07\/BB_Santa-MAria_Portugal.png 810w, https:\/\/blog.bedandbreakfast.eu\/wp-content\/uploads\/2019\/07\/BB_Santa-MAria_Portugal-300x167.png 300w, https:\/\/blog.bedandbreakfast.eu\/wp-content\/uploads\/2019\/07\/BB_Santa-MAria_Portugal-768x427.png 768w\" sizes=\"auto, (max-width: 810px) 100vw, 810px\" \/><\/a><\/h4>\n<h4><b>Santa Maria, la plus ensoleill\u00e9e<\/b><\/h4>\n<p><span style=\"font-weight: 400;\">La m\u00e9t\u00e9o vous retient encore pour partir en vacances aux A\u00e7ores ? L\u2019\u00eele de Santa Maria poss\u00e8de le plus grand nombre d&#8217;heures d&#8217;ensoleillement de l\u2019archipel, parce qu\u2019elle est la plus m\u00e9ridionale et occidentale des \u00eeles des A\u00e7ores. Praia Formosa constitue l\u2019un des endroits les plus appr\u00e9ci\u00e9s de l\u2019\u00eele pour sa vaste \u00e9tendue de sable et ses spots de surf.<\/span><\/p>\n<p><strong><a class=\"mks_button mks_button_medium rounded\" href=\"https:\/\/www.bedandbreakfast.eu\/chambre-d-hote\/ile-de-santa-maria\/portugal\/i3372641\" target=\"_blank\" style=\"color: #FFFFFF; background-color: #e3458c;\" >B&amp;B Santa Maria<\/a><\/strong><\/p>\n<p><strong>Partager cet article\u00a0:<\/strong><\/p>\n","protected":false},"excerpt":{"rendered":"<p>En plein c\u0153ur de l&#8217;Atlantique, l&#8217;archipel des A\u00e7ores, r\u00e9gion autonome portugaise \u00e0 5 heures d\u2019avion de Paris, est une destination encore relativement prot\u00e9g\u00e9e du tourisme de masse. Passer des vacances aux A\u00e7ores signifie climat subtropical, v\u00e9g\u00e9tation luxuriante et volcans : ci-dessous cinq de ses \u00eeles \u00e0 d\u00e9couvrir.<\/p>\n","protected":false},"author":22,"featured_media":15860,"comment_status":"open","ping_status":"open","sticky":false,"template":"","format":"standard","meta":{"_monsterinsights_skip_tracking":false,"_monsterinsights_sitenote_active":false,"_monsterinsights_sitenote_note":"","_monsterinsights_sitenote_category":0,"_jetpack_newsletter_access":"","_jetpack_dont_email_post_to_subs":false,"_jetpack_newsletter_tier_id":0,"_jetpack_memberships_contains_paywalled_content":false,"_jetpack_memberships_contains_paid_content":false,"footnotes":""},"categories":[3547],"tags":[2135,4749,4746,4747,4790,4748,2137,660,790,795,4791],"coauthors":[3786],"class_list":["post-15863","post","type-post","status-publish","format-standard","has-post-thumbnail","hentry","category-destinations-exceptionnelles","tag-bb-fr","tag-bb-faial","tag-bb-pico","tag-bb-santa-maria","tag-bb-sao-miguel","tag-bb-terceira","tag-bed-breakfast-fr","tag-bed-and-breakfast-fr","tag-chambre-dhotes-fr","tag-chambres-dhotes-fr","tag-vacances-aux-acores"],"yoast_head":"<!-- This site is optimized with the Yoast SEO plugin v27.4 - https:\/\/yoast.com\/product\/yoast-seo-wordpress\/ -->\n<title>Vacances aux A\u00e7ores : 5 \u00eeles \u00e0 d\u00e9couvrir | Bedandbreakfast.eu<\/title>\n<meta name=\"description\" content=\"En plein c\u0153ur de l&#039;Atlantique, l&#039;archipel des A\u00e7ores, r\u00e9gion autonome portugaise \u00e0 5 heures d\u2019avion de Paris, est une destination encore relativement prot\u00e9g\u00e9e du tourisme de masse. Passer des vacances aux A\u00e7ores signifie climat subtropical, v\u00e9g\u00e9tation luxuriante et volcans : ci-dessous cinq de ses \u00eeles \u00e0 d\u00e9couvrir.\" \/>\n<meta name=\"robots\" content=\"index, follow, max-snippet:-1, max-image-preview:large, max-video-preview:-1\" \/>\n<link rel=\"canonical\" href=\"https:\/\/blog.bedandbreakfast.eu\/fr\/vacances-aux-acores-5-iles-a-decouvrir\/\" \/>\n<meta property=\"og:locale\" content=\"fr_FR\" \/>\n<meta property=\"og:type\" content=\"article\" \/>\n<meta property=\"og:title\" content=\"Vacances aux A\u00e7ores : 5 \u00eeles \u00e0 d\u00e9couvrir | Bedandbreakfast.eu\" \/>\n<meta property=\"og:description\" content=\"En plein c\u0153ur de l&#039;Atlantique, l&#039;archipel des A\u00e7ores, r\u00e9gion autonome portugaise \u00e0 5 heures d\u2019avion de Paris, est une destination encore relativement prot\u00e9g\u00e9e du tourisme de masse. Passer des vacances aux A\u00e7ores signifie climat subtropical, v\u00e9g\u00e9tation luxuriante et volcans : ci-dessous cinq de ses \u00eeles \u00e0 d\u00e9couvrir.\" \/>\n<meta property=\"og:url\" content=\"https:\/\/blog.bedandbreakfast.eu\/fr\/vacances-aux-acores-5-iles-a-decouvrir\/\" \/>\n<meta property=\"og:site_name\" content=\"Chambre d&#039;H\u00f4tes Blog | Bedandbreakfast.eu\" \/>\n<meta property=\"article:published_time\" content=\"2019-07-18T07:30:17+00:00\" \/>\n<meta property=\"article:modified_time\" content=\"2019-07-18T08:03:22+00:00\" \/>\n<meta property=\"og:image\" content=\"https:\/\/blog.bedandbreakfast.eu\/wp-content\/uploads\/2019\/07\/BB_Header_Azores.jpg\" \/>\n\t<meta property=\"og:image:width\" content=\"1140\" \/>\n\t<meta property=\"og:image:height\" content=\"453\" \/>\n\t<meta property=\"og:image:type\" content=\"image\/jpeg\" \/>\n<meta name=\"author\" content=\"Elise Porcelli\" \/>\n<meta name=\"twitter:card\" content=\"summary_large_image\" \/>\n<meta name=\"twitter:label1\" content=\"\u00c9crit par\" \/>\n\t<meta name=\"twitter:data1\" content=\"Elise Porcelli\" \/>\n\t<meta name=\"twitter:label2\" content=\"Dur\u00e9e de lecture estim\u00e9e\" \/>\n\t<meta name=\"twitter:data2\" content=\"3 minutes\" \/>\n\t<meta name=\"twitter:label3\" content=\"Written by\" \/>\n\t<meta name=\"twitter:data3\" content=\"Elise Porcelli\" \/>\n<script type=\"application\/ld+json\" class=\"yoast-schema-graph\">{\"@context\":\"https:\\\/\\\/schema.org\",\"@graph\":[{\"@type\":\"Article\",\"@id\":\"https:\\\/\\\/blog.bedandbreakfast.eu\\\/fr\\\/vacances-aux-acores-5-iles-a-decouvrir\\\/#article\",\"isPartOf\":{\"@id\":\"https:\\\/\\\/blog.bedandbreakfast.eu\\\/fr\\\/vacances-aux-acores-5-iles-a-decouvrir\\\/\"},\"author\":{\"name\":\"Elise Porcelli\",\"@id\":\"https:\\\/\\\/blog.bedandbreakfast.eu\\\/nl\\\/#\\\/schema\\\/person\\\/5fb9b6a413678a50ba3577ff5bf5f15a\"},\"headline\":\"Vacances aux A\u00e7ores : 5 \u00eeles \u00e0 d\u00e9couvrir\",\"datePublished\":\"2019-07-18T07:30:17+00:00\",\"dateModified\":\"2019-07-18T08:03:22+00:00\",\"mainEntityOfPage\":{\"@id\":\"https:\\\/\\\/blog.bedandbreakfast.eu\\\/fr\\\/vacances-aux-acores-5-iles-a-decouvrir\\\/\"},\"wordCount\":629,\"commentCount\":0,\"image\":{\"@id\":\"https:\\\/\\\/blog.bedandbreakfast.eu\\\/fr\\\/vacances-aux-acores-5-iles-a-decouvrir\\\/#primaryimage\"},\"thumbnailUrl\":\"https:\\\/\\\/blog.bedandbreakfast.eu\\\/wp-content\\\/uploads\\\/2019\\\/07\\\/BB_Header_Azores.jpg\",\"keywords\":[\"B&amp;B\",\"B&amp;B Faial\",\"B&amp;B Pico\",\"B&amp;B Santa Maria\",\"B&amp;B Sao Miguel\",\"B&amp;B Terceira\",\"bed &amp; breakfast\",\"bed and breakfast\",\"chambre d'hotes\",\"Chambres d'H\u00f4tes\",\"vacances aux A\u00e7ores\"],\"articleSection\":[\"Destinations Exceptionnelles\"],\"inLanguage\":\"fr-FR\",\"potentialAction\":[{\"@type\":\"CommentAction\",\"name\":\"Comment\",\"target\":[\"https:\\\/\\\/blog.bedandbreakfast.eu\\\/fr\\\/vacances-aux-acores-5-iles-a-decouvrir\\\/#respond\"]}]},{\"@type\":\"WebPage\",\"@id\":\"https:\\\/\\\/blog.bedandbreakfast.eu\\\/fr\\\/vacances-aux-acores-5-iles-a-decouvrir\\\/\",\"url\":\"https:\\\/\\\/blog.bedandbreakfast.eu\\\/fr\\\/vacances-aux-acores-5-iles-a-decouvrir\\\/\",\"name\":\"Vacances aux A\u00e7ores : 5 \u00eeles \u00e0 d\u00e9couvrir | Bedandbreakfast.eu\",\"isPartOf\":{\"@id\":\"https:\\\/\\\/blog.bedandbreakfast.eu\\\/nl\\\/#website\"},\"primaryImageOfPage\":{\"@id\":\"https:\\\/\\\/blog.bedandbreakfast.eu\\\/fr\\\/vacances-aux-acores-5-iles-a-decouvrir\\\/#primaryimage\"},\"image\":{\"@id\":\"https:\\\/\\\/blog.bedandbreakfast.eu\\\/fr\\\/vacances-aux-acores-5-iles-a-decouvrir\\\/#primaryimage\"},\"thumbnailUrl\":\"https:\\\/\\\/blog.bedandbreakfast.eu\\\/wp-content\\\/uploads\\\/2019\\\/07\\\/BB_Header_Azores.jpg\",\"datePublished\":\"2019-07-18T07:30:17+00:00\",\"dateModified\":\"2019-07-18T08:03:22+00:00\",\"author\":{\"@id\":\"https:\\\/\\\/blog.bedandbreakfast.eu\\\/nl\\\/#\\\/schema\\\/person\\\/5fb9b6a413678a50ba3577ff5bf5f15a\"},\"description\":\"En plein c\u0153ur de l'Atlantique, l'archipel des A\u00e7ores, r\u00e9gion autonome portugaise \u00e0 5 heures d\u2019avion de Paris, est une destination encore relativement prot\u00e9g\u00e9e du tourisme de masse. Passer des vacances aux A\u00e7ores signifie climat subtropical, v\u00e9g\u00e9tation luxuriante et volcans : ci-dessous cinq de ses \u00eeles \u00e0 d\u00e9couvrir.\",\"breadcrumb\":{\"@id\":\"https:\\\/\\\/blog.bedandbreakfast.eu\\\/fr\\\/vacances-aux-acores-5-iles-a-decouvrir\\\/#breadcrumb\"},\"inLanguage\":\"fr-FR\",\"potentialAction\":[{\"@type\":\"ReadAction\",\"target\":[\"https:\\\/\\\/blog.bedandbreakfast.eu\\\/fr\\\/vacances-aux-acores-5-iles-a-decouvrir\\\/\"]}]},{\"@type\":\"ImageObject\",\"inLanguage\":\"fr-FR\",\"@id\":\"https:\\\/\\\/blog.bedandbreakfast.eu\\\/fr\\\/vacances-aux-acores-5-iles-a-decouvrir\\\/#primaryimage\",\"url\":\"https:\\\/\\\/blog.bedandbreakfast.eu\\\/wp-content\\\/uploads\\\/2019\\\/07\\\/BB_Header_Azores.jpg\",\"contentUrl\":\"https:\\\/\\\/blog.bedandbreakfast.eu\\\/wp-content\\\/uploads\\\/2019\\\/07\\\/BB_Header_Azores.jpg\",\"width\":1140,\"height\":453},{\"@type\":\"BreadcrumbList\",\"@id\":\"https:\\\/\\\/blog.bedandbreakfast.eu\\\/fr\\\/vacances-aux-acores-5-iles-a-decouvrir\\\/#breadcrumb\",\"itemListElement\":[{\"@type\":\"ListItem\",\"position\":1,\"name\":\"Home\",\"item\":\"https:\\\/\\\/blog.bedandbreakfast.eu\\\/fr\\\/\"},{\"@type\":\"ListItem\",\"position\":2,\"name\":\"Vacances aux A\u00e7ores : 5 \u00eeles \u00e0 d\u00e9couvrir\"}]},{\"@type\":\"WebSite\",\"@id\":\"https:\\\/\\\/blog.bedandbreakfast.eu\\\/nl\\\/#website\",\"url\":\"https:\\\/\\\/blog.bedandbreakfast.eu\\\/nl\\\/\",\"name\":\"Chambre d&#039;H\u00f4tes Blog | Bedandbreakfast.eu\",\"description\":\"Des blogs concernant des B&amp;B uniques, propos\u00e9s par Bedandbreakfast.eu. De nouvelles inspirations pour des s\u00e9jours et sorties en B&amp;B dans les plus beaux endroits du monde.\",\"potentialAction\":[{\"@type\":\"SearchAction\",\"target\":{\"@type\":\"EntryPoint\",\"urlTemplate\":\"https:\\\/\\\/blog.bedandbreakfast.eu\\\/nl\\\/?s={search_term_string}\"},\"query-input\":{\"@type\":\"PropertyValueSpecification\",\"valueRequired\":true,\"valueName\":\"search_term_string\"}}],\"inLanguage\":\"fr-FR\"},{\"@type\":\"Person\",\"@id\":\"https:\\\/\\\/blog.bedandbreakfast.eu\\\/nl\\\/#\\\/schema\\\/person\\\/5fb9b6a413678a50ba3577ff5bf5f15a\",\"name\":\"Elise Porcelli\",\"image\":{\"@type\":\"ImageObject\",\"inLanguage\":\"fr-FR\",\"@id\":\"https:\\\/\\\/secure.gravatar.com\\\/avatar\\\/64ef4db2d08be6b89a2cbcc4c8eb93aff3b8dc2e87ad41713e176477d3ee5fe9?s=96&d=mm&r=g4f38ac80c8640b4ca26889c685c43166\",\"url\":\"https:\\\/\\\/secure.gravatar.com\\\/avatar\\\/64ef4db2d08be6b89a2cbcc4c8eb93aff3b8dc2e87ad41713e176477d3ee5fe9?s=96&d=mm&r=g\",\"contentUrl\":\"https:\\\/\\\/secure.gravatar.com\\\/avatar\\\/64ef4db2d08be6b89a2cbcc4c8eb93aff3b8dc2e87ad41713e176477d3ee5fe9?s=96&d=mm&r=g\",\"caption\":\"Elise Porcelli\"},\"description\":\"Blogger chez Bedandbreakfast.eu B.V. jusqu'en mars 2020.\",\"url\":\"https:\\\/\\\/blog.bedandbreakfast.eu\\\/fr\\\/author\\\/elise\\\/\"}]}<\/script>\n<!-- \/ Yoast SEO plugin. -->","yoast_head_json":{"title":"Vacances aux A\u00e7ores : 5 \u00eeles \u00e0 d\u00e9couvrir | Bedandbreakfast.eu","description":"En plein c\u0153ur de l'Atlantique, l'archipel des A\u00e7ores, r\u00e9gion autonome portugaise \u00e0 5 heures d\u2019avion de Paris, est une destination encore relativement prot\u00e9g\u00e9e du tourisme de masse. Passer des vacances aux A\u00e7ores signifie climat subtropical, v\u00e9g\u00e9tation luxuriante et volcans : ci-dessous cinq de ses \u00eeles \u00e0 d\u00e9couvrir.","robots":{"index":"index","follow":"follow","max-snippet":"max-snippet:-1","max-image-preview":"max-image-preview:large","max-video-preview":"max-video-preview:-1"},"canonical":"https:\/\/blog.bedandbreakfast.eu\/fr\/vacances-aux-acores-5-iles-a-decouvrir\/","og_locale":"fr_FR","og_type":"article","og_title":"Vacances aux A\u00e7ores : 5 \u00eeles \u00e0 d\u00e9couvrir | Bedandbreakfast.eu","og_description":"En plein c\u0153ur de l'Atlantique, l'archipel des A\u00e7ores, r\u00e9gion autonome portugaise \u00e0 5 heures d\u2019avion de Paris, est une destination encore relativement prot\u00e9g\u00e9e du tourisme de masse. Passer des vacances aux A\u00e7ores signifie climat subtropical, v\u00e9g\u00e9tation luxuriante et volcans : ci-dessous cinq de ses \u00eeles \u00e0 d\u00e9couvrir.","og_url":"https:\/\/blog.bedandbreakfast.eu\/fr\/vacances-aux-acores-5-iles-a-decouvrir\/","og_site_name":"Chambre d&#039;H\u00f4tes Blog | Bedandbreakfast.eu","article_published_time":"2019-07-18T07:30:17+00:00","article_modified_time":"2019-07-18T08:03:22+00:00","og_image":[{"width":1140,"height":453,"url":"https:\/\/blog.bedandbreakfast.eu\/wp-content\/uploads\/2019\/07\/BB_Header_Azores.jpg","type":"image\/jpeg"}],"author":"Elise Porcelli","twitter_card":"summary_large_image","twitter_misc":{"\u00c9crit par":"Elise Porcelli","Dur\u00e9e de lecture estim\u00e9e":"3 minutes","Written by":"Elise Porcelli"},"schema":{"@context":"https:\/\/schema.org","@graph":[{"@type":"Article","@id":"https:\/\/blog.bedandbreakfast.eu\/fr\/vacances-aux-acores-5-iles-a-decouvrir\/#article","isPartOf":{"@id":"https:\/\/blog.bedandbreakfast.eu\/fr\/vacances-aux-acores-5-iles-a-decouvrir\/"},"author":{"name":"Elise Porcelli","@id":"https:\/\/blog.bedandbreakfast.eu\/nl\/#\/schema\/person\/5fb9b6a413678a50ba3577ff5bf5f15a"},"headline":"Vacances aux A\u00e7ores : 5 \u00eeles \u00e0 d\u00e9couvrir","datePublished":"2019-07-18T07:30:17+00:00","dateModified":"2019-07-18T08:03:22+00:00","mainEntityOfPage":{"@id":"https:\/\/blog.bedandbreakfast.eu\/fr\/vacances-aux-acores-5-iles-a-decouvrir\/"},"wordCount":629,"commentCount":0,"image":{"@id":"https:\/\/blog.bedandbreakfast.eu\/fr\/vacances-aux-acores-5-iles-a-decouvrir\/#primaryimage"},"thumbnailUrl":"https:\/\/blog.bedandbreakfast.eu\/wp-content\/uploads\/2019\/07\/BB_Header_Azores.jpg","keywords":["B&amp;B","B&amp;B Faial","B&amp;B Pico","B&amp;B Santa Maria","B&amp;B Sao Miguel","B&amp;B Terceira","bed &amp; breakfast","bed and breakfast","chambre d'hotes","Chambres d'H\u00f4tes","vacances aux A\u00e7ores"],"articleSection":["Destinations Exceptionnelles"],"inLanguage":"fr-FR","potentialAction":[{"@type":"CommentAction","name":"Comment","target":["https:\/\/blog.bedandbreakfast.eu\/fr\/vacances-aux-acores-5-iles-a-decouvrir\/#respond"]}]},{"@type":"WebPage","@id":"https:\/\/blog.bedandbreakfast.eu\/fr\/vacances-aux-acores-5-iles-a-decouvrir\/","url":"https:\/\/blog.bedandbreakfast.eu\/fr\/vacances-aux-acores-5-iles-a-decouvrir\/","name":"Vacances aux A\u00e7ores : 5 \u00eeles \u00e0 d\u00e9couvrir | Bedandbreakfast.eu","isPartOf":{"@id":"https:\/\/blog.bedandbreakfast.eu\/nl\/#website"},"primaryImageOfPage":{"@id":"https:\/\/blog.bedandbreakfast.eu\/fr\/vacances-aux-acores-5-iles-a-decouvrir\/#primaryimage"},"image":{"@id":"https:\/\/blog.bedandbreakfast.eu\/fr\/vacances-aux-acores-5-iles-a-decouvrir\/#primaryimage"},"thumbnailUrl":"https:\/\/blog.bedandbreakfast.eu\/wp-content\/uploads\/2019\/07\/BB_Header_Azores.jpg","datePublished":"2019-07-18T07:30:17+00:00","dateModified":"2019-07-18T08:03:22+00:00","author":{"@id":"https:\/\/blog.bedandbreakfast.eu\/nl\/#\/schema\/person\/5fb9b6a413678a50ba3577ff5bf5f15a"},"description":"En plein c\u0153ur de l'Atlantique, l'archipel des A\u00e7ores, r\u00e9gion autonome portugaise \u00e0 5 heures d\u2019avion de Paris, est une destination encore relativement prot\u00e9g\u00e9e du tourisme de masse. Passer des vacances aux A\u00e7ores signifie climat subtropical, v\u00e9g\u00e9tation luxuriante et volcans : ci-dessous cinq de ses \u00eeles \u00e0 d\u00e9couvrir.","breadcrumb":{"@id":"https:\/\/blog.bedandbreakfast.eu\/fr\/vacances-aux-acores-5-iles-a-decouvrir\/#breadcrumb"},"inLanguage":"fr-FR","potentialAction":[{"@type":"ReadAction","target":["https:\/\/blog.bedandbreakfast.eu\/fr\/vacances-aux-acores-5-iles-a-decouvrir\/"]}]},{"@type":"ImageObject","inLanguage":"fr-FR","@id":"https:\/\/blog.bedandbreakfast.eu\/fr\/vacances-aux-acores-5-iles-a-decouvrir\/#primaryimage","url":"https:\/\/blog.bedandbreakfast.eu\/wp-content\/uploads\/2019\/07\/BB_Header_Azores.jpg","contentUrl":"https:\/\/blog.bedandbreakfast.eu\/wp-content\/uploads\/2019\/07\/BB_Header_Azores.jpg","width":1140,"height":453},{"@type":"BreadcrumbList","@id":"https:\/\/blog.bedandbreakfast.eu\/fr\/vacances-aux-acores-5-iles-a-decouvrir\/#breadcrumb","itemListElement":[{"@type":"ListItem","position":1,"name":"Home","item":"https:\/\/blog.bedandbreakfast.eu\/fr\/"},{"@type":"ListItem","position":2,"name":"Vacances aux A\u00e7ores : 5 \u00eeles \u00e0 d\u00e9couvrir"}]},{"@type":"WebSite","@id":"https:\/\/blog.bedandbreakfast.eu\/nl\/#website","url":"https:\/\/blog.bedandbreakfast.eu\/nl\/","name":"Chambre d&#039;H\u00f4tes Blog | Bedandbreakfast.eu","description":"Des blogs concernant des B&amp;B uniques, propos\u00e9s par Bedandbreakfast.eu. De nouvelles inspirations pour des s\u00e9jours et sorties en B&amp;B dans les plus beaux endroits du monde.","potentialAction":[{"@type":"SearchAction","target":{"@type":"EntryPoint","urlTemplate":"https:\/\/blog.bedandbreakfast.eu\/nl\/?s={search_term_string}"},"query-input":{"@type":"PropertyValueSpecification","valueRequired":true,"valueName":"search_term_string"}}],"inLanguage":"fr-FR"},{"@type":"Person","@id":"https:\/\/blog.bedandbreakfast.eu\/nl\/#\/schema\/person\/5fb9b6a413678a50ba3577ff5bf5f15a","name":"Elise Porcelli","image":{"@type":"ImageObject","inLanguage":"fr-FR","@id":"https:\/\/secure.gravatar.com\/avatar\/64ef4db2d08be6b89a2cbcc4c8eb93aff3b8dc2e87ad41713e176477d3ee5fe9?s=96&d=mm&r=g4f38ac80c8640b4ca26889c685c43166","url":"https:\/\/secure.gravatar.com\/avatar\/64ef4db2d08be6b89a2cbcc4c8eb93aff3b8dc2e87ad41713e176477d3ee5fe9?s=96&d=mm&r=g","contentUrl":"https:\/\/secure.gravatar.com\/avatar\/64ef4db2d08be6b89a2cbcc4c8eb93aff3b8dc2e87ad41713e176477d3ee5fe9?s=96&d=mm&r=g","caption":"Elise Porcelli"},"description":"Blogger chez Bedandbreakfast.eu B.V. jusqu'en mars 2020.","url":"https:\/\/blog.bedandbreakfast.eu\/fr\/author\/elise\/"}]}},"jetpack_featured_media_url":"https:\/\/blog.bedandbreakfast.eu\/wp-content\/uploads\/2019\/07\/BB_Header_Azores.jpg","jetpack_shortlink":"https:\/\/wp.me\/p9vhf3-47R","jetpack_sharing_enabled":true,"_links":{"self":[{"href":"https:\/\/blog.bedandbreakfast.eu\/fr\/wp-json\/wp\/v2\/posts\/15863","targetHints":{"allow":["GET"]}}],"collection":[{"href":"https:\/\/blog.bedandbreakfast.eu\/fr\/wp-json\/wp\/v2\/posts"}],"about":[{"href":"https:\/\/blog.bedandbreakfast.eu\/fr\/wp-json\/wp\/v2\/types\/post"}],"author":[{"embeddable":true,"href":"https:\/\/blog.bedandbreakfast.eu\/fr\/wp-json\/wp\/v2\/users\/22"}],"replies":[{"embeddable":true,"href":"https:\/\/blog.bedandbreakfast.eu\/fr\/wp-json\/wp\/v2\/comments?post=15863"}],"version-history":[{"count":6,"href":"https:\/\/blog.bedandbreakfast.eu\/fr\/wp-json\/wp\/v2\/posts\/15863\/revisions"}],"predecessor-version":[{"id":15895,"href":"https:\/\/blog.bedandbreakfast.eu\/fr\/wp-json\/wp\/v2\/posts\/15863\/revisions\/15895"}],"wp:featuredmedia":[{"embeddable":true,"href":"https:\/\/blog.bedandbreakfast.eu\/fr\/wp-json\/wp\/v2\/media\/15860"}],"wp:attachment":[{"href":"https:\/\/blog.bedandbreakfast.eu\/fr\/wp-json\/wp\/v2\/media?parent=15863"}],"wp:term":[{"taxonomy":"category","embeddable":true,"href":"https:\/\/blog.bedandbreakfast.eu\/fr\/wp-json\/wp\/v2\/categories?post=15863"},{"taxonomy":"post_tag","embeddable":true,"href":"https:\/\/blog.bedandbreakfast.eu\/fr\/wp-json\/wp\/v2\/tags?post=15863"},{"taxonomy":"author","embeddable":true,"href":"https:\/\/blog.bedandbreakfast.eu\/fr\/wp-json\/wp\/v2\/coauthors?post=15863"}],"curies":[{"name":"wp","href":"https:\/\/api.w.org\/{rel}","templated":true}]}}