{"id":15580,"date":"2019-07-04T07:00:03","date_gmt":"2019-07-04T07:00:03","guid":{"rendered":"https:\/\/blog.bedandbreakfast.eu\/?p=15580\/"},"modified":"2019-07-04T07:46:25","modified_gmt":"2019-07-04T07:46:25","slug":"5-festivals-de-l-ete-2019","status":"publish","type":"post","link":"https:\/\/blog.bedandbreakfast.eu\/fr\/5-festivals-de-l-ete-2019\/","title":{"rendered":"5 Festivals de l\u2019\u00c9t\u00e9 2019"},"content":{"rendered":"<h4><a href=\"https:\/\/www.bedandbreakfast.eu\/chambre-d-hote\/la-rochelle\/france\/c3006787\" target=\"_blank\" rel=\"noopener noreferrer\"><img loading=\"lazy\" decoding=\"async\" class=\"alignnone wp-image-15619 size-full\" title=\"Chambres d'h\u00f4tes \u00e0 La Rochelle\" src=\"https://blog.bedandbreakfast.eu/wp-content\/uploads\/2019\/06\/BB_La_Rochelle-france.png\" alt=\"Bedandbreakfast.eu; 5 Festivals de l\u2019\u00c9t\u00e9 2019\" width=\"810\" height=\"450\" srcset=\"https:\/\/blog.bedandbreakfast.eu\/wp-content\/uploads\/2019\/06\/BB_La_Rochelle-france.png 810w, https:\/\/blog.bedandbreakfast.eu\/wp-content\/uploads\/2019\/06\/BB_La_Rochelle-france-300x167.png 300w, https:\/\/blog.bedandbreakfast.eu\/wp-content\/uploads\/2019\/06\/BB_La_Rochelle-france-768x427.png 768w\" sizes=\"auto, (max-width: 810px) 100vw, 810px\" \/><\/a><\/h4>\n<h4><b>Francofolies de la Rochelle<\/b><\/h4>\n<p><span style=\"font-weight: 400;\">Visiter La Rochelle, c\u2019est fl\u00e2ner sur le Vieux Port en d\u00e9gustant une glace, profiter des terrasses ensoleill\u00e9es, en prendre plein la vue en haut des Tours m\u00e9di\u00e9vales, ou parcourir les boutiques des Arcades. Depuis sa premi\u00e8re \u00e9dition en 1985, le festival des Francofolies s&#8217;est fait la vitrine de la musique francophone en tous genres. Eparpill\u00e9 dans toute la ville de la Rochelle, et notamment dans son port, le festival propose le meilleur de la sc\u00e8ne fran\u00e7aise.\u00a0<\/span><span style=\"font-weight: 400;\">Du 10 au 14 juillet 2019.<\/span><\/p>\n<p><strong><a class=\"mks_button mks_button_medium rounded\" href=\"https:\/\/www.bedandbreakfast.eu\/chambre-d-hote\/la-rochelle\/france\/c3006787\" target=\"_blank\" style=\"color: #FFFFFF; background-color: #e3458c;\" >Chambres d&#039;h\u00f4tes \u00e0 La Rochelle<\/a><\/strong><\/p>\n<h4><a href=\"https:\/\/www.bedandbreakfast.eu\/chambre-d-hote\/avignon\/france\/c3035681\" target=\"_blank\" rel=\"noopener noreferrer\"><img loading=\"lazy\" decoding=\"async\" class=\"alignnone wp-image-15618 size-full\" title=\"Chambres d'h\u00f4tes \u00e0 Avignon\" src=\"https://blog.bedandbreakfast.eu/wp-content\/uploads\/2019\/06\/BB_Avignon_France.png\" alt=\"\" width=\"810\" height=\"450\" srcset=\"https:\/\/blog.bedandbreakfast.eu\/wp-content\/uploads\/2019\/06\/BB_Avignon_France.png 810w, https:\/\/blog.bedandbreakfast.eu\/wp-content\/uploads\/2019\/06\/BB_Avignon_France-300x167.png 300w, https:\/\/blog.bedandbreakfast.eu\/wp-content\/uploads\/2019\/06\/BB_Avignon_France-768x427.png 768w\" sizes=\"auto, (max-width: 810px) 100vw, 810px\" \/><\/a><\/h4>\n<h4><b>Th\u00e9\u00e2tre et spectacle: Festival d\u2019Avignon<\/b><\/h4>\n<p><span style=\"font-weight: 400;\">Chaque ann\u00e9e depuis 1947, Avignon accueille le plus grand festival de th\u00e9\u00e2tre et de spectacle vivant de France. Assister \u00e0 de nombreuses pi\u00e8ces de th\u00e9\u00e2tre, visiter des expos\u2026 Si vous \u00eates amateur de spectacle vivant, ne manquez pas de participer \u00e0 l\u2019un des meilleurs festivals de l\u2019\u00e9t\u00e9. Cette ann\u00e9e, plus de 400 rendez-vous, 280 levers de rideau, 33 nouveaux auteurs, et un th\u00e8me transversal, celui de l\u2019Odyss\u00e9e.\u00a0<\/span><span style=\"font-weight: 400;\">Du 4 au 23 juillet 2019.<\/span><\/p>\n<p><strong><a class=\"mks_button mks_button_medium rounded\" href=\"https:\/\/www.bedandbreakfast.eu\/chambre-d-hote\/avignon\/france\/c3035681\" target=\"_blank\" style=\"color: #FFFFFF; background-color: #e3458c;\" >Chambres d&#039;h\u00f4tes \u00e0 Avignon<\/a><\/strong><\/p>\n<h4><a href=\"https:\/\/www.bedandbreakfast.eu\/chambre-d-hote\/carcassonne\/france\/c3028641\" target=\"_blank\" rel=\"noopener noreferrer\"><img loading=\"lazy\" decoding=\"async\" class=\"alignnone wp-image-15615 size-full\" title=\"Chambres d'h\u00f4tes \u00e0 Carcassonne\" src=\"https://blog.bedandbreakfast.eu/wp-content\/uploads\/2019\/06\/BB_Carcassonne_France.png\" alt=\"\" width=\"810\" height=\"450\" srcset=\"https:\/\/blog.bedandbreakfast.eu\/wp-content\/uploads\/2019\/06\/BB_Carcassonne_France.png 810w, https:\/\/blog.bedandbreakfast.eu\/wp-content\/uploads\/2019\/06\/BB_Carcassonne_France-300x167.png 300w, https:\/\/blog.bedandbreakfast.eu\/wp-content\/uploads\/2019\/06\/BB_Carcassonne_France-768x427.png 768w\" sizes=\"auto, (max-width: 810px) 100vw, 810px\" \/><\/a><\/h4>\n<h4><b>Spectacles gratuits: Festival de Carcassonne<\/b><\/h4>\n<p><span style=\"font-weight: 400;\">Un festival sans \u00e9quivalent, class\u00e9 parmi les 10 plus grands festivals de l\u2019\u00e9t\u00e9, qui propose durant tout le mois de juillet, 120 spectacles dont 80 sont gratuits (le OFF), sur 10 sc\u00e8nes. Outre les concerts, vous pourrez \u00e9galement assister \u00e0 des pi\u00e8ces de th\u00e9\u00e2tre, \u00e0 des op\u00e9ras ou encore des spectacles de danse. Le festival accueille chaque \u00e9t\u00e9 au c\u0153ur de la Cit\u00e9 M\u00e9di\u00e9vale class\u00e9e au Patrimoine Mondial de l&#8217;UNESCO les plus grands artistes nationaux et internationaux.\u00a0<\/span><span style=\"font-weight: 400;\">Du 2 au 31 juillet 2019.<\/span><\/p>\n<p><strong><a class=\"mks_button mks_button_medium rounded\" href=\"https:\/\/www.bedandbreakfast.eu\/chambre-d-hote\/carcassonne\/france\/c3028641\" target=\"_blank\" style=\"color: #FFFFFF; background-color: #e3458c;\" >Chambres d&#039;h\u00f4tes \u00e0 Carcassonne<\/a><\/strong><\/p>\n<h4><a href=\"https:\/\/www.bedandbreakfast.eu\/chambre-d-hote\/calvi\/france\/c3029090\" target=\"_blank\" rel=\"noopener noreferrer\"><img loading=\"lazy\" decoding=\"async\" class=\"alignnone wp-image-15617 size-full\" title=\"Chambres d'h\u00f4tes \u00e0 Calvi\" src=\"https://blog.bedandbreakfast.eu/wp-content\/uploads\/2019\/06\/BB_Calvi_France.png\" alt=\"\" width=\"810\" height=\"450\" srcset=\"https:\/\/blog.bedandbreakfast.eu\/wp-content\/uploads\/2019\/06\/BB_Calvi_France.png 810w, https:\/\/blog.bedandbreakfast.eu\/wp-content\/uploads\/2019\/06\/BB_Calvi_France-300x167.png 300w, https:\/\/blog.bedandbreakfast.eu\/wp-content\/uploads\/2019\/06\/BB_Calvi_France-768x427.png 768w\" sizes=\"auto, (max-width: 810px) 100vw, 810px\" \/><\/a><\/h4>\n<h4><b>Electro et Eclectique: Calvi on the Rocks<\/b><\/h4>\n<p><span style=\"font-weight: 400;\">Farniente, DJ, sable chaud, et concerts au clair de lune : le festival de l\u2019\u00e9t\u00e9 Calvi On The Rocks fait retentir l\u2019\u00cele de beaut\u00e9 de m\u00e9lodies \u00e9lectro, hip hop, soul et funk. Ce festival s\u2019offre une programmation \u00e9clectique aux nombreux accents. Outre sa programmation, l\u2019\u00e9v\u00e9nement est connu pour son emplacement sur la plage et son d\u00e9cor magnifique. Les plages Corses, falaises et eaux turquoises, s&#8217;enflamment sous les d\u00e9cibels de cette f\u00eate de 6 jours non-stop.\u00a0<\/span><span style=\"font-weight: 400;\">Du 5-10 juillet 2019.<\/span><\/p>\n<p><strong><a class=\"mks_button mks_button_medium rounded\" href=\"https:\/\/www.bedandbreakfast.eu\/chambre-d-hote\/calvi\/france\/c3029090\" target=\"_blank\" style=\"color: #FFFFFF; background-color: #e3458c;\" >Chambres d&#039;h\u00f4tes \u00e0 Calvi<\/a><\/strong><\/p>\n<h4><a href=\"https:\/\/www.bedandbreakfast.eu\/chambre-d-hote\/aix-les-bains\/france\/c3038350\" target=\"_blank\" rel=\"noopener noreferrer\"><img loading=\"lazy\" decoding=\"async\" class=\"alignnone wp-image-15616 size-full\" title=\"Chambres d'h\u00f4tes \u00e0 Aix-Les-Bains\" src=\"https://blog.bedandbreakfast.eu/wp-content\/uploads\/2019\/06\/BB_Aiz_les_Bains_France.png\" alt=\"\" width=\"810\" height=\"450\" srcset=\"https:\/\/blog.bedandbreakfast.eu\/wp-content\/uploads\/2019\/06\/BB_Aiz_les_Bains_France.png 810w, https:\/\/blog.bedandbreakfast.eu\/wp-content\/uploads\/2019\/06\/BB_Aiz_les_Bains_France-300x167.png 300w, https:\/\/blog.bedandbreakfast.eu\/wp-content\/uploads\/2019\/06\/BB_Aiz_les_Bains_France-768x427.png 768w\" sizes=\"auto, (max-width: 810px) 100vw, 810px\" \/><\/a><\/h4>\n<h4><b>Pop-rock: Musilac, Aix-les-bains<\/b><\/h4>\n<p><span style=\"font-weight: 400;\">Ce festival peut \u00eatre consid\u00e9r\u00e9 comme le plus grand \u00e9v\u00e9nement pop-rock de la r\u00e9gion Rh\u00f4ne-Alpes. Cr\u00e9\u00e9 en 2002, il figure parmi les plus pris\u00e9s des festivals de l\u2019\u00e9t\u00e9, et se tient le long du lac du Bourget. Des artistes de la sc\u00e8ne musicale fran\u00e7aise et internationale sont invit\u00e9s \u00e0 s\u2019y produire sur trois sc\u00e8nes. Des noms tels que Macklemore, Gringe, Christine and the Queens, Franz Ferdinand, Dionysos, Jain, Shaka Ponk, IAM ou encore Balthazar sont programm\u00e9s pour la prochaine \u00e9dition.\u00a0<\/span><span style=\"font-weight: 400;\">Du 11 au 14 juillet 2019.<\/span><\/p>\n<p><strong><a class=\"mks_button mks_button_medium rounded\" href=\"https:\/\/www.bedandbreakfast.eu\/chambre-d-hote\/aix-les-bains\/france\/c3038350\" target=\"_blank\" style=\"color: #FFFFFF; background-color: #e3458c;\" >Chambres d&#039;h\u00f4tes \u00e0 Aix-Les-Bains<\/a><\/strong><\/p>\n<p><strong>Partager cet article:<\/strong><\/p>\n","protected":false},"excerpt":{"rendered":"<p>Pour certains, les vacances d\u2019\u00e9t\u00e9 sont synonymes de silence absolu. Pour d\u2019autres, il n\u2019en est pas question ! Musique, th\u00e9\u00e2tre, arts de rue\u2026 Une petite s\u00e9lection de festivals de l&#8217;\u00e9t\u00e9 pour faire la f\u00eate en plein air.<\/p>\n","protected":false},"author":22,"featured_media":15783,"comment_status":"open","ping_status":"open","sticky":false,"template":"","format":"standard","meta":{"_monsterinsights_skip_tracking":false,"_monsterinsights_sitenote_active":false,"_monsterinsights_sitenote_note":"","_monsterinsights_sitenote_category":0,"_jetpack_newsletter_access":"","_jetpack_dont_email_post_to_subs":false,"_jetpack_newsletter_tier_id":0,"_jetpack_memberships_contains_paywalled_content":false,"_jetpack_memberships_contains_paid_content":false,"footnotes":""},"categories":[3547],"tags":[2135,2137,660,4687],"coauthors":[3786],"class_list":["post-15580","post","type-post","status-publish","format-standard","has-post-thumbnail","hentry","category-destinations-exceptionnelles","tag-bb-fr","tag-bed-breakfast-fr","tag-bed-and-breakfast-fr","tag-festivals-de-lete"],"yoast_head":"<!-- This site is optimized with the Yoast SEO plugin v27.4 - https:\/\/yoast.com\/product\/yoast-seo-wordpress\/ -->\n<title>5 Festivals de l\u2019\u00c9t\u00e9 2019 | Bedandbreakfast.eu<\/title>\n<meta name=\"description\" content=\"Pour certains, les vacances d\u2019\u00e9t\u00e9 sont synonymes de silence absolu. Pour d\u2019autres, il n\u2019en est pas question ! Musique, th\u00e9\u00e2tre, arts de rue\u2026 Une petite s\u00e9lection de festivals de l&#039;\u00e9t\u00e9 pour faire la f\u00eate en plein air.\" \/>\n<meta name=\"robots\" content=\"index, follow, max-snippet:-1, max-image-preview:large, max-video-preview:-1\" \/>\n<link rel=\"canonical\" href=\"https:\/\/blog.bedandbreakfast.eu\/fr\/5-festivals-de-l-ete-2019\/\" \/>\n<meta property=\"og:locale\" content=\"fr_FR\" \/>\n<meta property=\"og:type\" content=\"article\" \/>\n<meta property=\"og:title\" content=\"5 Festivals de l\u2019\u00c9t\u00e9 2019 | Bedandbreakfast.eu\" \/>\n<meta property=\"og:description\" content=\"Pour certains, les vacances d\u2019\u00e9t\u00e9 sont synonymes de silence absolu. Pour d\u2019autres, il n\u2019en est pas question ! Musique, th\u00e9\u00e2tre, arts de rue\u2026 Une petite s\u00e9lection de festivals de l&#039;\u00e9t\u00e9 pour faire la f\u00eate en plein air.\" \/>\n<meta property=\"og:url\" content=\"https:\/\/blog.bedandbreakfast.eu\/fr\/5-festivals-de-l-ete-2019\/\" \/>\n<meta property=\"og:site_name\" content=\"Chambre d&#039;H\u00f4tes Blog | Bedandbreakfast.eu\" \/>\n<meta property=\"article:published_time\" content=\"2019-07-04T07:00:03+00:00\" \/>\n<meta property=\"article:modified_time\" content=\"2019-07-04T07:46:25+00:00\" \/>\n<meta property=\"og:image\" content=\"https:\/\/blog.bedandbreakfast.eu\/wp-content\/uploads\/2019\/07\/Header_summer_events.jpg\" \/>\n\t<meta property=\"og:image:width\" content=\"1140\" \/>\n\t<meta property=\"og:image:height\" content=\"453\" \/>\n\t<meta property=\"og:image:type\" content=\"image\/jpeg\" \/>\n<meta name=\"author\" content=\"Elise Porcelli\" \/>\n<meta name=\"twitter:card\" content=\"summary_large_image\" \/>\n<meta name=\"twitter:label1\" content=\"\u00c9crit par\" \/>\n\t<meta name=\"twitter:data1\" content=\"Elise Porcelli\" \/>\n\t<meta name=\"twitter:label2\" content=\"Dur\u00e9e de lecture estim\u00e9e\" \/>\n\t<meta name=\"twitter:data2\" content=\"3 minutes\" \/>\n\t<meta name=\"twitter:label3\" content=\"Written by\" \/>\n\t<meta name=\"twitter:data3\" content=\"Elise Porcelli\" \/>\n<script type=\"application\/ld+json\" class=\"yoast-schema-graph\">{\"@context\":\"https:\\\/\\\/schema.org\",\"@graph\":[{\"@type\":\"Article\",\"@id\":\"https:\\\/\\\/blog.bedandbreakfast.eu\\\/fr\\\/5-festivals-de-l-ete-2019\\\/#article\",\"isPartOf\":{\"@id\":\"https:\\\/\\\/blog.bedandbreakfast.eu\\\/fr\\\/5-festivals-de-l-ete-2019\\\/\"},\"author\":{\"name\":\"Elise Porcelli\",\"@id\":\"https:\\\/\\\/blog.bedandbreakfast.eu\\\/nl\\\/#\\\/schema\\\/person\\\/5fb9b6a413678a50ba3577ff5bf5f15a\"},\"headline\":\"5 Festivals de l\u2019\u00c9t\u00e9 2019\",\"datePublished\":\"2019-07-04T07:00:03+00:00\",\"dateModified\":\"2019-07-04T07:46:25+00:00\",\"mainEntityOfPage\":{\"@id\":\"https:\\\/\\\/blog.bedandbreakfast.eu\\\/fr\\\/5-festivals-de-l-ete-2019\\\/\"},\"wordCount\":624,\"commentCount\":0,\"image\":{\"@id\":\"https:\\\/\\\/blog.bedandbreakfast.eu\\\/fr\\\/5-festivals-de-l-ete-2019\\\/#primaryimage\"},\"thumbnailUrl\":\"https:\\\/\\\/blog.bedandbreakfast.eu\\\/wp-content\\\/uploads\\\/2019\\\/07\\\/Header_summer_events.jpg\",\"keywords\":[\"B&amp;B\",\"bed &amp; breakfast\",\"bed and breakfast\",\"festivals de l\u2019\u00e9t\u00e9\"],\"articleSection\":[\"Destinations Exceptionnelles\"],\"inLanguage\":\"fr-FR\",\"potentialAction\":[{\"@type\":\"CommentAction\",\"name\":\"Comment\",\"target\":[\"https:\\\/\\\/blog.bedandbreakfast.eu\\\/fr\\\/5-festivals-de-l-ete-2019\\\/#respond\"]}]},{\"@type\":\"WebPage\",\"@id\":\"https:\\\/\\\/blog.bedandbreakfast.eu\\\/fr\\\/5-festivals-de-l-ete-2019\\\/\",\"url\":\"https:\\\/\\\/blog.bedandbreakfast.eu\\\/fr\\\/5-festivals-de-l-ete-2019\\\/\",\"name\":\"5 Festivals de l\u2019\u00c9t\u00e9 2019 | Bedandbreakfast.eu\",\"isPartOf\":{\"@id\":\"https:\\\/\\\/blog.bedandbreakfast.eu\\\/nl\\\/#website\"},\"primaryImageOfPage\":{\"@id\":\"https:\\\/\\\/blog.bedandbreakfast.eu\\\/fr\\\/5-festivals-de-l-ete-2019\\\/#primaryimage\"},\"image\":{\"@id\":\"https:\\\/\\\/blog.bedandbreakfast.eu\\\/fr\\\/5-festivals-de-l-ete-2019\\\/#primaryimage\"},\"thumbnailUrl\":\"https:\\\/\\\/blog.bedandbreakfast.eu\\\/wp-content\\\/uploads\\\/2019\\\/07\\\/Header_summer_events.jpg\",\"datePublished\":\"2019-07-04T07:00:03+00:00\",\"dateModified\":\"2019-07-04T07:46:25+00:00\",\"author\":{\"@id\":\"https:\\\/\\\/blog.bedandbreakfast.eu\\\/nl\\\/#\\\/schema\\\/person\\\/5fb9b6a413678a50ba3577ff5bf5f15a\"},\"description\":\"Pour certains, les vacances d\u2019\u00e9t\u00e9 sont synonymes de silence absolu. Pour d\u2019autres, il n\u2019en est pas question ! Musique, th\u00e9\u00e2tre, arts de rue\u2026 Une petite s\u00e9lection de festivals de l'\u00e9t\u00e9 pour faire la f\u00eate en plein air.\",\"breadcrumb\":{\"@id\":\"https:\\\/\\\/blog.bedandbreakfast.eu\\\/fr\\\/5-festivals-de-l-ete-2019\\\/#breadcrumb\"},\"inLanguage\":\"fr-FR\",\"potentialAction\":[{\"@type\":\"ReadAction\",\"target\":[\"https:\\\/\\\/blog.bedandbreakfast.eu\\\/fr\\\/5-festivals-de-l-ete-2019\\\/\"]}]},{\"@type\":\"ImageObject\",\"inLanguage\":\"fr-FR\",\"@id\":\"https:\\\/\\\/blog.bedandbreakfast.eu\\\/fr\\\/5-festivals-de-l-ete-2019\\\/#primaryimage\",\"url\":\"https:\\\/\\\/blog.bedandbreakfast.eu\\\/wp-content\\\/uploads\\\/2019\\\/07\\\/Header_summer_events.jpg\",\"contentUrl\":\"https:\\\/\\\/blog.bedandbreakfast.eu\\\/wp-content\\\/uploads\\\/2019\\\/07\\\/Header_summer_events.jpg\",\"width\":1140,\"height\":453},{\"@type\":\"BreadcrumbList\",\"@id\":\"https:\\\/\\\/blog.bedandbreakfast.eu\\\/fr\\\/5-festivals-de-l-ete-2019\\\/#breadcrumb\",\"itemListElement\":[{\"@type\":\"ListItem\",\"position\":1,\"name\":\"Home\",\"item\":\"https:\\\/\\\/blog.bedandbreakfast.eu\\\/fr\\\/\"},{\"@type\":\"ListItem\",\"position\":2,\"name\":\"5 Festivals de l\u2019\u00c9t\u00e9 2019\"}]},{\"@type\":\"WebSite\",\"@id\":\"https:\\\/\\\/blog.bedandbreakfast.eu\\\/nl\\\/#website\",\"url\":\"https:\\\/\\\/blog.bedandbreakfast.eu\\\/nl\\\/\",\"name\":\"Chambre d&#039;H\u00f4tes Blog | Bedandbreakfast.eu\",\"description\":\"Des blogs concernant des B&amp;B uniques, propos\u00e9s par Bedandbreakfast.eu. De nouvelles inspirations pour des s\u00e9jours et sorties en B&amp;B dans les plus beaux endroits du monde.\",\"potentialAction\":[{\"@type\":\"SearchAction\",\"target\":{\"@type\":\"EntryPoint\",\"urlTemplate\":\"https:\\\/\\\/blog.bedandbreakfast.eu\\\/nl\\\/?s={search_term_string}\"},\"query-input\":{\"@type\":\"PropertyValueSpecification\",\"valueRequired\":true,\"valueName\":\"search_term_string\"}}],\"inLanguage\":\"fr-FR\"},{\"@type\":\"Person\",\"@id\":\"https:\\\/\\\/blog.bedandbreakfast.eu\\\/nl\\\/#\\\/schema\\\/person\\\/5fb9b6a413678a50ba3577ff5bf5f15a\",\"name\":\"Elise Porcelli\",\"image\":{\"@type\":\"ImageObject\",\"inLanguage\":\"fr-FR\",\"@id\":\"https:\\\/\\\/secure.gravatar.com\\\/avatar\\\/64ef4db2d08be6b89a2cbcc4c8eb93aff3b8dc2e87ad41713e176477d3ee5fe9?s=96&d=mm&r=g4f38ac80c8640b4ca26889c685c43166\",\"url\":\"https:\\\/\\\/secure.gravatar.com\\\/avatar\\\/64ef4db2d08be6b89a2cbcc4c8eb93aff3b8dc2e87ad41713e176477d3ee5fe9?s=96&d=mm&r=g\",\"contentUrl\":\"https:\\\/\\\/secure.gravatar.com\\\/avatar\\\/64ef4db2d08be6b89a2cbcc4c8eb93aff3b8dc2e87ad41713e176477d3ee5fe9?s=96&d=mm&r=g\",\"caption\":\"Elise Porcelli\"},\"description\":\"Blogger chez Bedandbreakfast.eu B.V. jusqu'en mars 2020.\",\"url\":\"https:\\\/\\\/blog.bedandbreakfast.eu\\\/fr\\\/author\\\/elise\\\/\"}]}<\/script>\n<!-- \/ Yoast SEO plugin. -->","yoast_head_json":{"title":"5 Festivals de l\u2019\u00c9t\u00e9 2019 | Bedandbreakfast.eu","description":"Pour certains, les vacances d\u2019\u00e9t\u00e9 sont synonymes de silence absolu. Pour d\u2019autres, il n\u2019en est pas question ! Musique, th\u00e9\u00e2tre, arts de rue\u2026 Une petite s\u00e9lection de festivals de l'\u00e9t\u00e9 pour faire la f\u00eate en plein air.","robots":{"index":"index","follow":"follow","max-snippet":"max-snippet:-1","max-image-preview":"max-image-preview:large","max-video-preview":"max-video-preview:-1"},"canonical":"https:\/\/blog.bedandbreakfast.eu\/fr\/5-festivals-de-l-ete-2019\/","og_locale":"fr_FR","og_type":"article","og_title":"5 Festivals de l\u2019\u00c9t\u00e9 2019 | Bedandbreakfast.eu","og_description":"Pour certains, les vacances d\u2019\u00e9t\u00e9 sont synonymes de silence absolu. Pour d\u2019autres, il n\u2019en est pas question ! Musique, th\u00e9\u00e2tre, arts de rue\u2026 Une petite s\u00e9lection de festivals de l'\u00e9t\u00e9 pour faire la f\u00eate en plein air.","og_url":"https:\/\/blog.bedandbreakfast.eu\/fr\/5-festivals-de-l-ete-2019\/","og_site_name":"Chambre d&#039;H\u00f4tes Blog | Bedandbreakfast.eu","article_published_time":"2019-07-04T07:00:03+00:00","article_modified_time":"2019-07-04T07:46:25+00:00","og_image":[{"width":1140,"height":453,"url":"https:\/\/blog.bedandbreakfast.eu\/wp-content\/uploads\/2019\/07\/Header_summer_events.jpg","type":"image\/jpeg"}],"author":"Elise Porcelli","twitter_card":"summary_large_image","twitter_misc":{"\u00c9crit par":"Elise Porcelli","Dur\u00e9e de lecture estim\u00e9e":"3 minutes","Written by":"Elise Porcelli"},"schema":{"@context":"https:\/\/schema.org","@graph":[{"@type":"Article","@id":"https:\/\/blog.bedandbreakfast.eu\/fr\/5-festivals-de-l-ete-2019\/#article","isPartOf":{"@id":"https:\/\/blog.bedandbreakfast.eu\/fr\/5-festivals-de-l-ete-2019\/"},"author":{"name":"Elise Porcelli","@id":"https:\/\/blog.bedandbreakfast.eu\/nl\/#\/schema\/person\/5fb9b6a413678a50ba3577ff5bf5f15a"},"headline":"5 Festivals de l\u2019\u00c9t\u00e9 2019","datePublished":"2019-07-04T07:00:03+00:00","dateModified":"2019-07-04T07:46:25+00:00","mainEntityOfPage":{"@id":"https:\/\/blog.bedandbreakfast.eu\/fr\/5-festivals-de-l-ete-2019\/"},"wordCount":624,"commentCount":0,"image":{"@id":"https:\/\/blog.bedandbreakfast.eu\/fr\/5-festivals-de-l-ete-2019\/#primaryimage"},"thumbnailUrl":"https:\/\/blog.bedandbreakfast.eu\/wp-content\/uploads\/2019\/07\/Header_summer_events.jpg","keywords":["B&amp;B","bed &amp; breakfast","bed and breakfast","festivals de l\u2019\u00e9t\u00e9"],"articleSection":["Destinations Exceptionnelles"],"inLanguage":"fr-FR","potentialAction":[{"@type":"CommentAction","name":"Comment","target":["https:\/\/blog.bedandbreakfast.eu\/fr\/5-festivals-de-l-ete-2019\/#respond"]}]},{"@type":"WebPage","@id":"https:\/\/blog.bedandbreakfast.eu\/fr\/5-festivals-de-l-ete-2019\/","url":"https:\/\/blog.bedandbreakfast.eu\/fr\/5-festivals-de-l-ete-2019\/","name":"5 Festivals de l\u2019\u00c9t\u00e9 2019 | Bedandbreakfast.eu","isPartOf":{"@id":"https:\/\/blog.bedandbreakfast.eu\/nl\/#website"},"primaryImageOfPage":{"@id":"https:\/\/blog.bedandbreakfast.eu\/fr\/5-festivals-de-l-ete-2019\/#primaryimage"},"image":{"@id":"https:\/\/blog.bedandbreakfast.eu\/fr\/5-festivals-de-l-ete-2019\/#primaryimage"},"thumbnailUrl":"https:\/\/blog.bedandbreakfast.eu\/wp-content\/uploads\/2019\/07\/Header_summer_events.jpg","datePublished":"2019-07-04T07:00:03+00:00","dateModified":"2019-07-04T07:46:25+00:00","author":{"@id":"https:\/\/blog.bedandbreakfast.eu\/nl\/#\/schema\/person\/5fb9b6a413678a50ba3577ff5bf5f15a"},"description":"Pour certains, les vacances d\u2019\u00e9t\u00e9 sont synonymes de silence absolu. Pour d\u2019autres, il n\u2019en est pas question ! Musique, th\u00e9\u00e2tre, arts de rue\u2026 Une petite s\u00e9lection de festivals de l'\u00e9t\u00e9 pour faire la f\u00eate en plein air.","breadcrumb":{"@id":"https:\/\/blog.bedandbreakfast.eu\/fr\/5-festivals-de-l-ete-2019\/#breadcrumb"},"inLanguage":"fr-FR","potentialAction":[{"@type":"ReadAction","target":["https:\/\/blog.bedandbreakfast.eu\/fr\/5-festivals-de-l-ete-2019\/"]}]},{"@type":"ImageObject","inLanguage":"fr-FR","@id":"https:\/\/blog.bedandbreakfast.eu\/fr\/5-festivals-de-l-ete-2019\/#primaryimage","url":"https:\/\/blog.bedandbreakfast.eu\/wp-content\/uploads\/2019\/07\/Header_summer_events.jpg","contentUrl":"https:\/\/blog.bedandbreakfast.eu\/wp-content\/uploads\/2019\/07\/Header_summer_events.jpg","width":1140,"height":453},{"@type":"BreadcrumbList","@id":"https:\/\/blog.bedandbreakfast.eu\/fr\/5-festivals-de-l-ete-2019\/#breadcrumb","itemListElement":[{"@type":"ListItem","position":1,"name":"Home","item":"https:\/\/blog.bedandbreakfast.eu\/fr\/"},{"@type":"ListItem","position":2,"name":"5 Festivals de l\u2019\u00c9t\u00e9 2019"}]},{"@type":"WebSite","@id":"https:\/\/blog.bedandbreakfast.eu\/nl\/#website","url":"https:\/\/blog.bedandbreakfast.eu\/nl\/","name":"Chambre d&#039;H\u00f4tes Blog | Bedandbreakfast.eu","description":"Des blogs concernant des B&amp;B uniques, propos\u00e9s par Bedandbreakfast.eu. De nouvelles inspirations pour des s\u00e9jours et sorties en B&amp;B dans les plus beaux endroits du monde.","potentialAction":[{"@type":"SearchAction","target":{"@type":"EntryPoint","urlTemplate":"https:\/\/blog.bedandbreakfast.eu\/nl\/?s={search_term_string}"},"query-input":{"@type":"PropertyValueSpecification","valueRequired":true,"valueName":"search_term_string"}}],"inLanguage":"fr-FR"},{"@type":"Person","@id":"https:\/\/blog.bedandbreakfast.eu\/nl\/#\/schema\/person\/5fb9b6a413678a50ba3577ff5bf5f15a","name":"Elise Porcelli","image":{"@type":"ImageObject","inLanguage":"fr-FR","@id":"https:\/\/secure.gravatar.com\/avatar\/64ef4db2d08be6b89a2cbcc4c8eb93aff3b8dc2e87ad41713e176477d3ee5fe9?s=96&d=mm&r=g4f38ac80c8640b4ca26889c685c43166","url":"https:\/\/secure.gravatar.com\/avatar\/64ef4db2d08be6b89a2cbcc4c8eb93aff3b8dc2e87ad41713e176477d3ee5fe9?s=96&d=mm&r=g","contentUrl":"https:\/\/secure.gravatar.com\/avatar\/64ef4db2d08be6b89a2cbcc4c8eb93aff3b8dc2e87ad41713e176477d3ee5fe9?s=96&d=mm&r=g","caption":"Elise Porcelli"},"description":"Blogger chez Bedandbreakfast.eu B.V. jusqu'en mars 2020.","url":"https:\/\/blog.bedandbreakfast.eu\/fr\/author\/elise\/"}]}},"jetpack_featured_media_url":"https:\/\/blog.bedandbreakfast.eu\/wp-content\/uploads\/2019\/07\/Header_summer_events.jpg","jetpack_shortlink":"https:\/\/wp.me\/p9vhf3-43i","jetpack_sharing_enabled":true,"_links":{"self":[{"href":"https:\/\/blog.bedandbreakfast.eu\/fr\/wp-json\/wp\/v2\/posts\/15580","targetHints":{"allow":["GET"]}}],"collection":[{"href":"https:\/\/blog.bedandbreakfast.eu\/fr\/wp-json\/wp\/v2\/posts"}],"about":[{"href":"https:\/\/blog.bedandbreakfast.eu\/fr\/wp-json\/wp\/v2\/types\/post"}],"author":[{"embeddable":true,"href":"https:\/\/blog.bedandbreakfast.eu\/fr\/wp-json\/wp\/v2\/users\/22"}],"replies":[{"embeddable":true,"href":"https:\/\/blog.bedandbreakfast.eu\/fr\/wp-json\/wp\/v2\/comments?post=15580"}],"version-history":[{"count":7,"href":"https:\/\/blog.bedandbreakfast.eu\/fr\/wp-json\/wp\/v2\/posts\/15580\/revisions"}],"predecessor-version":[{"id":15792,"href":"https:\/\/blog.bedandbreakfast.eu\/fr\/wp-json\/wp\/v2\/posts\/15580\/revisions\/15792"}],"wp:featuredmedia":[{"embeddable":true,"href":"https:\/\/blog.bedandbreakfast.eu\/fr\/wp-json\/wp\/v2\/media\/15783"}],"wp:attachment":[{"href":"https:\/\/blog.bedandbreakfast.eu\/fr\/wp-json\/wp\/v2\/media?parent=15580"}],"wp:term":[{"taxonomy":"category","embeddable":true,"href":"https:\/\/blog.bedandbreakfast.eu\/fr\/wp-json\/wp\/v2\/categories?post=15580"},{"taxonomy":"post_tag","embeddable":true,"href":"https:\/\/blog.bedandbreakfast.eu\/fr\/wp-json\/wp\/v2\/tags?post=15580"},{"taxonomy":"author","embeddable":true,"href":"https:\/\/blog.bedandbreakfast.eu\/fr\/wp-json\/wp\/v2\/coauthors?post=15580"}],"curies":[{"name":"wp","href":"https:\/\/api.w.org\/{rel}","templated":true}]}}