{"id":3930,"date":"2013-06-10T12:00:02","date_gmt":"2013-06-10T12:00:02","guid":{"rendered":"https:\/\/blog.bedandbreakfast.eu\/2013\/06\/10\/bed-and-breakfast-bajo-el-sol-sueco\/"},"modified":"2016-09-16T14:33:35","modified_gmt":"2016-09-16T14:33:35","slug":"bed-and-breakfast-bajo-el-sol-sueco","status":"publish","type":"post","link":"https:\/\/blog.bedandbreakfast.eu\/es\/bed-and-breakfast-bajo-el-sol-sueco\/","title":{"rendered":"Bed and breakfast bajo el sol sueco"},"content":{"rendered":"<div id=\"attachment_2263\" style=\"width: 560px\" class=\"wp-caption alignnone\"><a href=\"https:\/\/www.bedandbreakfast.eu\/bed-and-breakfast-es\/suecia\/pais\/\"><img loading=\"lazy\" decoding=\"async\" aria-describedby=\"caption-attachment-2263\" class=\"size-full wp-image-2263   \" title=\"B&#038;B Suecia\" alt=\"Bed and breakfast Suecia\" src=\"https://blog.bedandbreakfast.eu/wp-content\/uploads\/2013\/05\/Strand_huisje.jpg\" width=\"550\" height=\"364\" \/><\/a><p id=\"caption-attachment-2263\" class=\"wp-caption-text\">Los veranos suecos son ideales para la pr\u00e1ctica de deportes, pero uno tambi\u00e9n puede relajarse estupendamente en la playa.<\/p><\/div>\n<p>Nieve, ABBA y saunas suecas. Todos asociamos al pa\u00eds de Suecia de manera distinta, pero en esa lista suelen faltar los buenos veranos. \u00a1Ha llegado el momento de que <a title=\"Website Bedandbreakfast.eu\" href=\"http:\/\/www.bedandbreakfast.eu\">Bedandbreakfast.eu<\/a> aclare estas ideas falsas!<!--more--><\/p>\n<div id=\"attachment_2264\" style=\"width: 310px\" class=\"wp-caption alignright\"><a href=\"https:\/\/www.bedandbreakfast.eu\/bed-and-breakfast-es\/suecia\/pais\/\"><img loading=\"lazy\" decoding=\"async\" aria-describedby=\"caption-attachment-2264\" class=\"size-medium wp-image-2264    \" title=\"B&#038;B Suecia\" alt=\"Bed and  breakfast Suecia\" src=\"https://blog.bedandbreakfast.eu/wp-content\/uploads\/2013\/05\/huisje_bos-300x224.jpg\" width=\"300\" height=\"224\" \/><\/a><p id=\"caption-attachment-2264\" class=\"wp-caption-text\">Al\u00f3jate en un t\u00edpico B&#038;B sueco despu\u00e9s de un largo paseo.<\/p><\/div>\n<p><strong>Vacaciones de verano a Suecia<\/strong><br \/>\nMucha gente piensa que el clima veraniego en Suecia es fr\u00edo y h\u00famedo, pero eso no es cierto. En el mes de julio la temperatura media diurna es de unos 20 \u00b0C en el noreste y unos 22 \u00b0C en el sur. El tiempo ideal para recorrer una ruta de senderismo a trav\u00e9s de, por ejemplo, el Parque nacional de Fulufj\u00e4llet en la provincia de <a title=\"B&amp;B Dalarna\" href=\"https:\/\/www.bedandbreakfast.eu\/bed-and-breakfast-es\/dalecarlia\/provincia\/suecia\/2699767\">Dalarna<\/a>. Deambula aqu\u00ed a trav\u00e9s de los barrancos y toma fotos del \u00e1rbol m\u00e1s antiguo del mundo. O atraviesa la naturaleza sueca en una bicicleta de monta\u00f1a y pernocta por la noche en un <a title=\"B&amp;B Suecia\" href=\"https:\/\/www.bedandbreakfast.eu\/bed-and-breakfast-es\/suecia\/pais\/\">Bed and Breakfast<\/a> que se encuentra situado a lo largo de la ruta.<\/p>\n<p><strong>B&#038;B en la playa de arena blanca<\/strong><br \/>\nEn la costa sur de Suecia se pueden encontrar muchas playas de arena blanca. Aunque la temperatura del agua de mar se mantiene baja entre los 15 y 17 grados cent\u00edgrados, en un d\u00eda soleado se est\u00e1 muy bien. O l\u00e1nzate en uno de los muchos lagos suecos, aqu\u00ed la temperatura del agua puede alcanzar f\u00e1cilmente los 20 \u00b0C o m\u00e1s. Las m\u00e1s populares playas incluyen <a title=\"B&amp;B Mellbystrand\" href=\"https:\/\/www.bedandbreakfast.eu\/bed-and-breakfast-es\/keyword\/mellbystrand\">Mellbystrand<\/a>, <a title=\"B&amp;B Varberg\" href=\"https:\/\/www.bedandbreakfast.eu\/bed-and-breakfast-es\/varbergs-kommun\/municipio\/suecia\/2664994\">Varberg<\/a> y <a title=\"B&amp;B Laholm\" href=\"https:\/\/www.bedandbreakfast.eu\/bed-and-breakfast-es\/laholms-kommun\/municipio\/suecia\/2697859\">Laholm<\/a> en la provincia de <a title=\"B&amp;B Halland\" href=\"https:\/\/www.bedandbreakfast.eu\/bed-and-breakfast-es\/halland\/provincia\/suecia\/2708794\">Halland<\/a>. En la regi\u00f3n de <a title=\"B&amp;B Escania\" href=\"https:\/\/www.bedandbreakfast.eu\/bed-and-breakfast-es\/skane-lan\/provincia\/suecia\/3337385\">Escania<\/a>, las playas <a title=\"B&amp;B Skan\u00f6r\" href=\"https:\/\/www.bedandbreakfast.eu\/bed-and-breakfast-es\/skanor\/suecia\/c2678264\">Skan\u00f6r<\/a>, <a title=\"B&amp;B Sandhammaren\" href=\"https:\/\/www.bedandbreakfast.eu\/bed-and-breakfast-es\/keyword\/sandhammaren\">Sandhammaren<\/a> y <a title=\"B&amp;B \u00c5hus\" href=\"https:\/\/www.bedandbreakfast.eu\/bed-and-breakfast-es\/ahus\/suecia\/c2727363\">\u00c5hus<\/a> atraen a muchos visitantes.<\/p>\n<div id=\"attachment_2265\" style=\"width: 208px\" class=\"wp-caption alignleft\"><a href=\"https:\/\/www.bedandbreakfast.eu\/bed-and-breakfast-es\/stockholms-kommun\/municipio\/suecia\/2673723\"><img loading=\"lazy\" decoding=\"async\" aria-describedby=\"caption-attachment-2265\" class=\"size-medium wp-image-2265    \" title=\"B&#038;B Estocolmo\" alt=\"Bed and  breakfast Suecia\" src=\"https://blog.bedandbreakfast.eu/wp-content\/uploads\/2013\/05\/stockholm-streets-198x300.jpg\" width=\"198\" height=\"300\" \/><\/a><p id=\"caption-attachment-2265\" class=\"wp-caption-text\">Estocolmo dispone de hermosas calles con agradables direcciones de B&#038;B.<\/p><\/div>\n<p><strong>Bed en breakfast en la ciudad<\/strong><br \/>\nAdem\u00e1s de su belleza natural, Suecia ofrece cultura milenaria y arquitectura moderna. En ciudades, tales como <a title=\"B&amp;B Malm\u00f6\" href=\"https:\/\/www.bedandbreakfast.eu\/bed-and-breakfast-es\/malmo\/suecia\/c2692969\">Malm\u00f6<\/a>, <a title=\"B&amp;B Gotemburgo\" href=\"https:\/\/www.bedandbreakfast.eu\/bed-and-breakfast-es\/goteborgs-kommun\/municipio\/suecia\/2711533\">Gotemburgo<\/a> y <a title=\"B&amp;B Estocolmo\" href=\"https:\/\/www.bedandbreakfast.eu\/bed-and-breakfast-es\/stockholms-kommun\/municipio\/suecia\/2673723\">Estocolmo<\/a> hay mucho que hacer en el campo del arte y de la cultura. \u00a1Adem\u00e1s, no te olvides de llevar tus Coronas Suecas si tienes pensado ir de compras y si quieres explorar la vida nocturna!<\/p>\n<p><strong>Reserve un Bed and Breakfast en Suecia<\/strong><br \/>\n<a title=\"B&amp;B Suecia\" href=\"https:\/\/www.bedandbreakfast.eu\/bed-and-breakfast-es\/suecia\/pais\/\">En cualquier parte de Suecia<\/a> usted podr\u00e1 encontrar hermosos alojamientos tipo B&#038;B. Cada Bed and Breakfast es \u00fanico. \u00a1Experim\u00e9ntelo usted mismo! Encuentre su B&#038;B ideal en nuestra amplia gama y reserve directamente sin gastos de reserva.<\/p>\n","protected":false},"excerpt":{"rendered":"<p>Nieve, ABBA y saunas suecas. Todos asociamos al pa\u00eds de Suecia de manera distinta, pero en esa lista suelen faltar los buenos veranos. \u00a1Ha llegado el momento de que Bedandbreakfast.eu aclare estas ideas falsas!<\/p>\n","protected":false},"author":10,"featured_media":0,"comment_status":"open","ping_status":"open","sticky":false,"template":"","format":"standard","meta":{"_monsterinsights_skip_tracking":false,"_monsterinsights_sitenote_active":false,"_monsterinsights_sitenote_note":"","_monsterinsights_sitenote_category":0,"_jetpack_newsletter_access":"","_jetpack_dont_email_post_to_subs":false,"_jetpack_newsletter_tier_id":0,"_jetpack_memberships_contains_paywalled_content":false,"_jetpack_memberships_contains_paid_content":false,"footnotes":""},"categories":[2602,2701],"tags":[3610,3666],"coauthors":[5471],"class_list":["post-3930","post","type-post","status-publish","format-standard","hentry","category-bb-consejos-2","category-tourism-es-2","tag-bed-breakfast-es-2","tag-bed-and-breakfast-es-3"],"yoast_head":"<!-- This site is optimized with the Yoast SEO plugin v27.4 - https:\/\/yoast.com\/product\/yoast-seo-wordpress\/ -->\n<title>Bed and breakfast bajo el sol sueco - Bed and Breakfast Blog | Bedandbreakfast.eu<\/title>\n<meta name=\"robots\" content=\"index, follow, max-snippet:-1, max-image-preview:large, max-video-preview:-1\" \/>\n<link rel=\"canonical\" href=\"https:\/\/blog.bedandbreakfast.eu\/es\/bed-and-breakfast-bajo-el-sol-sueco\/\" \/>\n<meta property=\"og:locale\" content=\"es_ES\" \/>\n<meta property=\"og:type\" content=\"article\" \/>\n<meta property=\"og:title\" content=\"Bed and breakfast bajo el sol sueco - Bed and Breakfast Blog | Bedandbreakfast.eu\" \/>\n<meta property=\"og:description\" content=\"Nieve, ABBA y saunas suecas. Todos asociamos al pa\u00eds de Suecia de manera distinta, pero en esa lista suelen faltar los buenos veranos. \u00a1Ha llegado el momento de que Bedandbreakfast.eu aclare estas ideas falsas!\" \/>\n<meta property=\"og:url\" content=\"https:\/\/blog.bedandbreakfast.eu\/es\/bed-and-breakfast-bajo-el-sol-sueco\/\" \/>\n<meta property=\"og:site_name\" content=\"Bed and Breakfast Blog | Bedandbreakfast.eu\" \/>\n<meta property=\"article:published_time\" content=\"2013-06-10T12:00:02+00:00\" \/>\n<meta property=\"article:modified_time\" content=\"2016-09-16T14:33:35+00:00\" \/>\n<meta property=\"og:image\" content=\"https://blog.bedandbreakfast.eu/wp-content\/uploads\/2013\/05\/Strand_huisje.jpg\" \/>\n<meta name=\"author\" content=\"Josjah Thalen\" \/>\n<meta name=\"twitter:card\" content=\"summary_large_image\" \/>\n<meta name=\"twitter:label1\" content=\"Escrito por\" \/>\n\t<meta name=\"twitter:data1\" content=\"Josjah Thalen\" \/>\n\t<meta name=\"twitter:label2\" content=\"Tiempo de lectura\" \/>\n\t<meta name=\"twitter:data2\" content=\"2 minutes\" \/>\n<script type=\"application\/ld+json\" class=\"yoast-schema-graph\">{\"@context\":\"https:\\\/\\\/schema.org\",\"@graph\":[{\"@type\":\"Article\",\"@id\":\"https:\\\/\\\/blog.bedandbreakfast.eu\\\/es\\\/bed-and-breakfast-bajo-el-sol-sueco\\\/#article\",\"isPartOf\":{\"@id\":\"https:\\\/\\\/blog.bedandbreakfast.eu\\\/es\\\/bed-and-breakfast-bajo-el-sol-sueco\\\/\"},\"author\":{\"name\":\"Josjah Thalen\",\"@id\":\"https:\\\/\\\/blog.bedandbreakfast.eu\\\/nl\\\/#\\\/schema\\\/person\\\/478645d2a302bc85a9ea2d3014016917\"},\"headline\":\"Bed and breakfast bajo el sol sueco\",\"datePublished\":\"2013-06-10T12:00:02+00:00\",\"dateModified\":\"2016-09-16T14:33:35+00:00\",\"mainEntityOfPage\":{\"@id\":\"https:\\\/\\\/blog.bedandbreakfast.eu\\\/es\\\/bed-and-breakfast-bajo-el-sol-sueco\\\/\"},\"wordCount\":445,\"commentCount\":0,\"image\":{\"@id\":\"https:\\\/\\\/blog.bedandbreakfast.eu\\\/es\\\/bed-and-breakfast-bajo-el-sol-sueco\\\/#primaryimage\"},\"thumbnailUrl\":\"https:\\\/\\\/www.bedandbreakfast.eu\\\/blog\\\/wp-content\\\/uploads\\\/2013\\\/05\\\/Strand_huisje.jpg\",\"keywords\":[\"bed &amp; breakfast\",\"bed and breakfast\"],\"articleSection\":[\"Consejos de B&amp;B\",\"Turismo\"],\"inLanguage\":\"es-ES\",\"potentialAction\":[{\"@type\":\"CommentAction\",\"name\":\"Comment\",\"target\":[\"https:\\\/\\\/blog.bedandbreakfast.eu\\\/es\\\/bed-and-breakfast-bajo-el-sol-sueco\\\/#respond\"]}]},{\"@type\":\"WebPage\",\"@id\":\"https:\\\/\\\/blog.bedandbreakfast.eu\\\/es\\\/bed-and-breakfast-bajo-el-sol-sueco\\\/\",\"url\":\"https:\\\/\\\/blog.bedandbreakfast.eu\\\/es\\\/bed-and-breakfast-bajo-el-sol-sueco\\\/\",\"name\":\"Bed and breakfast bajo el sol sueco - Bed and Breakfast Blog | Bedandbreakfast.eu\",\"isPartOf\":{\"@id\":\"https:\\\/\\\/blog.bedandbreakfast.eu\\\/nl\\\/#website\"},\"primaryImageOfPage\":{\"@id\":\"https:\\\/\\\/blog.bedandbreakfast.eu\\\/es\\\/bed-and-breakfast-bajo-el-sol-sueco\\\/#primaryimage\"},\"image\":{\"@id\":\"https:\\\/\\\/blog.bedandbreakfast.eu\\\/es\\\/bed-and-breakfast-bajo-el-sol-sueco\\\/#primaryimage\"},\"thumbnailUrl\":\"https:\\\/\\\/www.bedandbreakfast.eu\\\/blog\\\/wp-content\\\/uploads\\\/2013\\\/05\\\/Strand_huisje.jpg\",\"datePublished\":\"2013-06-10T12:00:02+00:00\",\"dateModified\":\"2016-09-16T14:33:35+00:00\",\"author\":{\"@id\":\"https:\\\/\\\/blog.bedandbreakfast.eu\\\/nl\\\/#\\\/schema\\\/person\\\/478645d2a302bc85a9ea2d3014016917\"},\"breadcrumb\":{\"@id\":\"https:\\\/\\\/blog.bedandbreakfast.eu\\\/es\\\/bed-and-breakfast-bajo-el-sol-sueco\\\/#breadcrumb\"},\"inLanguage\":\"es-ES\",\"potentialAction\":[{\"@type\":\"ReadAction\",\"target\":[\"https:\\\/\\\/blog.bedandbreakfast.eu\\\/es\\\/bed-and-breakfast-bajo-el-sol-sueco\\\/\"]}]},{\"@type\":\"ImageObject\",\"inLanguage\":\"es-ES\",\"@id\":\"https:\\\/\\\/blog.bedandbreakfast.eu\\\/es\\\/bed-and-breakfast-bajo-el-sol-sueco\\\/#primaryimage\",\"url\":\"https:\\\/\\\/www.bedandbreakfast.eu\\\/blog\\\/wp-content\\\/uploads\\\/2013\\\/05\\\/Strand_huisje.jpg\",\"contentUrl\":\"https:\\\/\\\/www.bedandbreakfast.eu\\\/blog\\\/wp-content\\\/uploads\\\/2013\\\/05\\\/Strand_huisje.jpg\"},{\"@type\":\"BreadcrumbList\",\"@id\":\"https:\\\/\\\/blog.bedandbreakfast.eu\\\/es\\\/bed-and-breakfast-bajo-el-sol-sueco\\\/#breadcrumb\",\"itemListElement\":[{\"@type\":\"ListItem\",\"position\":1,\"name\":\"Home\",\"item\":\"https:\\\/\\\/blog.bedandbreakfast.eu\\\/es\\\/\"},{\"@type\":\"ListItem\",\"position\":2,\"name\":\"Bed and breakfast bajo el sol sueco\"}]},{\"@type\":\"WebSite\",\"@id\":\"https:\\\/\\\/blog.bedandbreakfast.eu\\\/nl\\\/#website\",\"url\":\"https:\\\/\\\/blog.bedandbreakfast.eu\\\/nl\\\/\",\"name\":\"Bed and Breakfast Blog | Bedandbreakfast.eu\",\"description\":\"Un blog sobre Bed and Breakfasts especiales, proporcionado por Bedandbreakfast.eu. \u00a1Nueva inspiraci\u00f3n para pernoctaciones y excursiones a los lugares de B&amp;B m\u00e1s hermosos del mundo!\",\"potentialAction\":[{\"@type\":\"SearchAction\",\"target\":{\"@type\":\"EntryPoint\",\"urlTemplate\":\"https:\\\/\\\/blog.bedandbreakfast.eu\\\/nl\\\/?s={search_term_string}\"},\"query-input\":{\"@type\":\"PropertyValueSpecification\",\"valueRequired\":true,\"valueName\":\"search_term_string\"}}],\"inLanguage\":\"es-ES\"},{\"@type\":\"Person\",\"@id\":\"https:\\\/\\\/blog.bedandbreakfast.eu\\\/nl\\\/#\\\/schema\\\/person\\\/478645d2a302bc85a9ea2d3014016917\",\"name\":\"Josjah Thalen\",\"image\":{\"@type\":\"ImageObject\",\"inLanguage\":\"es-ES\",\"@id\":\"https:\\\/\\\/secure.gravatar.com\\\/avatar\\\/3d323b3d641ca48940632a24b66d5a8f02f80c664a198c89b40906f74c1159e4?s=96&d=mm&r=g3b17f4c9c094d19a48d6f6e85643ac95\",\"url\":\"https:\\\/\\\/secure.gravatar.com\\\/avatar\\\/3d323b3d641ca48940632a24b66d5a8f02f80c664a198c89b40906f74c1159e4?s=96&d=mm&r=g\",\"contentUrl\":\"https:\\\/\\\/secure.gravatar.com\\\/avatar\\\/3d323b3d641ca48940632a24b66d5a8f02f80c664a198c89b40906f74c1159e4?s=96&d=mm&r=g\",\"caption\":\"Josjah Thalen\"},\"description\":\"Loves to collect memories at exquisite destinations. Passionate about traveling and visiting unique B&amp;Bs: discover his best tips on this blog.\",\"url\":\"https:\\\/\\\/blog.bedandbreakfast.eu\\\/es\\\/author\\\/josjah\\\/\"}]}<\/script>\n<!-- \/ Yoast SEO plugin. -->","yoast_head_json":{"title":"Bed and breakfast bajo el sol sueco - Bed and Breakfast Blog | Bedandbreakfast.eu","robots":{"index":"index","follow":"follow","max-snippet":"max-snippet:-1","max-image-preview":"max-image-preview:large","max-video-preview":"max-video-preview:-1"},"canonical":"https:\/\/blog.bedandbreakfast.eu\/es\/bed-and-breakfast-bajo-el-sol-sueco\/","og_locale":"es_ES","og_type":"article","og_title":"Bed and breakfast bajo el sol sueco - Bed and Breakfast Blog | Bedandbreakfast.eu","og_description":"Nieve, ABBA y saunas suecas. Todos asociamos al pa\u00eds de Suecia de manera distinta, pero en esa lista suelen faltar los buenos veranos. \u00a1Ha llegado el momento de que Bedandbreakfast.eu aclare estas ideas falsas!","og_url":"https:\/\/blog.bedandbreakfast.eu\/es\/bed-and-breakfast-bajo-el-sol-sueco\/","og_site_name":"Bed and Breakfast Blog | Bedandbreakfast.eu","article_published_time":"2013-06-10T12:00:02+00:00","article_modified_time":"2016-09-16T14:33:35+00:00","og_image":[{"url":"https://blog.bedandbreakfast.eu/wp-content\/uploads\/2013\/05\/Strand_huisje.jpg","type":"","width":"","height":""}],"author":"Josjah Thalen","twitter_card":"summary_large_image","twitter_misc":{"Escrito por":"Josjah Thalen","Tiempo de lectura":"2 minutes"},"schema":{"@context":"https:\/\/schema.org","@graph":[{"@type":"Article","@id":"https:\/\/blog.bedandbreakfast.eu\/es\/bed-and-breakfast-bajo-el-sol-sueco\/#article","isPartOf":{"@id":"https:\/\/blog.bedandbreakfast.eu\/es\/bed-and-breakfast-bajo-el-sol-sueco\/"},"author":{"name":"Josjah Thalen","@id":"https:\/\/blog.bedandbreakfast.eu\/nl\/#\/schema\/person\/478645d2a302bc85a9ea2d3014016917"},"headline":"Bed and breakfast bajo el sol sueco","datePublished":"2013-06-10T12:00:02+00:00","dateModified":"2016-09-16T14:33:35+00:00","mainEntityOfPage":{"@id":"https:\/\/blog.bedandbreakfast.eu\/es\/bed-and-breakfast-bajo-el-sol-sueco\/"},"wordCount":445,"commentCount":0,"image":{"@id":"https:\/\/blog.bedandbreakfast.eu\/es\/bed-and-breakfast-bajo-el-sol-sueco\/#primaryimage"},"thumbnailUrl":"https://blog.bedandbreakfast.eu/wp-content\/uploads\/2013\/05\/Strand_huisje.jpg","keywords":["bed &amp; breakfast","bed and breakfast"],"articleSection":["Consejos de B&amp;B","Turismo"],"inLanguage":"es-ES","potentialAction":[{"@type":"CommentAction","name":"Comment","target":["https:\/\/blog.bedandbreakfast.eu\/es\/bed-and-breakfast-bajo-el-sol-sueco\/#respond"]}]},{"@type":"WebPage","@id":"https:\/\/blog.bedandbreakfast.eu\/es\/bed-and-breakfast-bajo-el-sol-sueco\/","url":"https:\/\/blog.bedandbreakfast.eu\/es\/bed-and-breakfast-bajo-el-sol-sueco\/","name":"Bed and breakfast bajo el sol sueco - Bed and Breakfast Blog | Bedandbreakfast.eu","isPartOf":{"@id":"https:\/\/blog.bedandbreakfast.eu\/nl\/#website"},"primaryImageOfPage":{"@id":"https:\/\/blog.bedandbreakfast.eu\/es\/bed-and-breakfast-bajo-el-sol-sueco\/#primaryimage"},"image":{"@id":"https:\/\/blog.bedandbreakfast.eu\/es\/bed-and-breakfast-bajo-el-sol-sueco\/#primaryimage"},"thumbnailUrl":"https://blog.bedandbreakfast.eu/wp-content\/uploads\/2013\/05\/Strand_huisje.jpg","datePublished":"2013-06-10T12:00:02+00:00","dateModified":"2016-09-16T14:33:35+00:00","author":{"@id":"https:\/\/blog.bedandbreakfast.eu\/nl\/#\/schema\/person\/478645d2a302bc85a9ea2d3014016917"},"breadcrumb":{"@id":"https:\/\/blog.bedandbreakfast.eu\/es\/bed-and-breakfast-bajo-el-sol-sueco\/#breadcrumb"},"inLanguage":"es-ES","potentialAction":[{"@type":"ReadAction","target":["https:\/\/blog.bedandbreakfast.eu\/es\/bed-and-breakfast-bajo-el-sol-sueco\/"]}]},{"@type":"ImageObject","inLanguage":"es-ES","@id":"https:\/\/blog.bedandbreakfast.eu\/es\/bed-and-breakfast-bajo-el-sol-sueco\/#primaryimage","url":"https://blog.bedandbreakfast.eu/wp-content\/uploads\/2013\/05\/Strand_huisje.jpg","contentUrl":"https://blog.bedandbreakfast.eu/wp-content\/uploads\/2013\/05\/Strand_huisje.jpg"},{"@type":"BreadcrumbList","@id":"https:\/\/blog.bedandbreakfast.eu\/es\/bed-and-breakfast-bajo-el-sol-sueco\/#breadcrumb","itemListElement":[{"@type":"ListItem","position":1,"name":"Home","item":"https:\/\/blog.bedandbreakfast.eu\/es\/"},{"@type":"ListItem","position":2,"name":"Bed and breakfast bajo el sol sueco"}]},{"@type":"WebSite","@id":"https:\/\/blog.bedandbreakfast.eu\/nl\/#website","url":"https:\/\/blog.bedandbreakfast.eu\/nl\/","name":"Bed and Breakfast Blog | Bedandbreakfast.eu","description":"Un blog sobre Bed and Breakfasts especiales, proporcionado por Bedandbreakfast.eu. \u00a1Nueva inspiraci\u00f3n para pernoctaciones y excursiones a los lugares de B&amp;B m\u00e1s hermosos del mundo!","potentialAction":[{"@type":"SearchAction","target":{"@type":"EntryPoint","urlTemplate":"https:\/\/blog.bedandbreakfast.eu\/nl\/?s={search_term_string}"},"query-input":{"@type":"PropertyValueSpecification","valueRequired":true,"valueName":"search_term_string"}}],"inLanguage":"es-ES"},{"@type":"Person","@id":"https:\/\/blog.bedandbreakfast.eu\/nl\/#\/schema\/person\/478645d2a302bc85a9ea2d3014016917","name":"Josjah Thalen","image":{"@type":"ImageObject","inLanguage":"es-ES","@id":"https:\/\/secure.gravatar.com\/avatar\/3d323b3d641ca48940632a24b66d5a8f02f80c664a198c89b40906f74c1159e4?s=96&d=mm&r=g3b17f4c9c094d19a48d6f6e85643ac95","url":"https:\/\/secure.gravatar.com\/avatar\/3d323b3d641ca48940632a24b66d5a8f02f80c664a198c89b40906f74c1159e4?s=96&d=mm&r=g","contentUrl":"https:\/\/secure.gravatar.com\/avatar\/3d323b3d641ca48940632a24b66d5a8f02f80c664a198c89b40906f74c1159e4?s=96&d=mm&r=g","caption":"Josjah Thalen"},"description":"Loves to collect memories at exquisite destinations. Passionate about traveling and visiting unique B&amp;Bs: discover his best tips on this blog.","url":"https:\/\/blog.bedandbreakfast.eu\/es\/author\/josjah\/"}]}},"jetpack_featured_media_url":"","jetpack_shortlink":"https:\/\/wp.me\/p9vhf3-11o","jetpack_sharing_enabled":true,"_links":{"self":[{"href":"https:\/\/blog.bedandbreakfast.eu\/es\/wp-json\/wp\/v2\/posts\/3930","targetHints":{"allow":["GET"]}}],"collection":[{"href":"https:\/\/blog.bedandbreakfast.eu\/es\/wp-json\/wp\/v2\/posts"}],"about":[{"href":"https:\/\/blog.bedandbreakfast.eu\/es\/wp-json\/wp\/v2\/types\/post"}],"author":[{"embeddable":true,"href":"https:\/\/blog.bedandbreakfast.eu\/es\/wp-json\/wp\/v2\/users\/10"}],"replies":[{"embeddable":true,"href":"https:\/\/blog.bedandbreakfast.eu\/es\/wp-json\/wp\/v2\/comments?post=3930"}],"version-history":[{"count":0,"href":"https:\/\/blog.bedandbreakfast.eu\/es\/wp-json\/wp\/v2\/posts\/3930\/revisions"}],"wp:attachment":[{"href":"https:\/\/blog.bedandbreakfast.eu\/es\/wp-json\/wp\/v2\/media?parent=3930"}],"wp:term":[{"taxonomy":"category","embeddable":true,"href":"https:\/\/blog.bedandbreakfast.eu\/es\/wp-json\/wp\/v2\/categories?post=3930"},{"taxonomy":"post_tag","embeddable":true,"href":"https:\/\/blog.bedandbreakfast.eu\/es\/wp-json\/wp\/v2\/tags?post=3930"},{"taxonomy":"author","embeddable":true,"href":"https:\/\/blog.bedandbreakfast.eu\/es\/wp-json\/wp\/v2\/coauthors?post=3930"}],"curies":[{"name":"wp","href":"https:\/\/api.w.org\/{rel}","templated":true}]}}