{"id":3890,"date":"2013-03-28T11:46:41","date_gmt":"2013-03-28T11:46:41","guid":{"rendered":"https:\/\/blog.bedandbreakfast.eu\/2013\/03\/28\/vacaciones-en-un-bed-and-breakfast-en-el-sol\/"},"modified":"2016-09-21T08:04:20","modified_gmt":"2016-09-21T08:04:20","slug":"vacaciones-en-un-bed-and-breakfast-en-el-sol","status":"publish","type":"post","link":"https:\/\/blog.bedandbreakfast.eu\/es\/vacaciones-en-un-bed-and-breakfast-en-el-sol\/","title":{"rendered":"\u00a1Vacaciones en un Bed and Breakfast en el sol!"},"content":{"rendered":"<div id=\"attachment_1863\" style=\"width: 510px\" class=\"wp-caption alignnone\"><a href=\"https:\/\/www.bedandbreakfast.eu\/es\/bed-and-breakfast-grecia\"><img loading=\"lazy\" decoding=\"async\" aria-describedby=\"caption-attachment-1863\" class=\"size-full wp-image-1863  \" title=\"Disfrutar en el Mediterr\u00e1neo\" alt=\"bed en breakfast vacaciones\" src=\"https://blog.bedandbreakfast.eu/wp-content\/uploads\/2013\/03\/mediterranean-blog.jpg\" width=\"500\" height=\"332\" \/><\/a><p id=\"caption-attachment-1863\" class=\"wp-caption-text\">Disfrutar en el Mediterr\u00e1neo.<\/p><\/div>\n<p>Agua azul cristalina, arena blanca entre los dedos de tus pies y no tener ninguna obligaci\u00f3n durante un rato. \u00bfQui\u00e9n no sue\u00f1a con sol, mar y playa en el hermoso mar Mediterr\u00e1neo en <a href=\"https:\/\/www.bedandbreakfast.eu\/es\/bed-and-breakfast-francia\" target=\"_self\">Francia<\/a>, <a href=\"https:\/\/www.bedandbreakfast.eu\/es\/bed-and-breakfast-espana\" target=\"_self\">Espa\u00f1a<\/a>, <a href=\"https:\/\/www.bedandbreakfast.eu\/es\/bed-and-breakfast-italia\" target=\"_self\">Italia<\/a> o en <a href=\"https:\/\/www.bedandbreakfast.eu\/es\/bed-and-breakfast-grecia\" target=\"_self\">Grecia<\/a>? Un\u00a0Bed and Breakfast es un\u00a0punto de partida ideal para unas vacaciones en el que el centro de todo es disfrutar a tope.<!--more--><\/p>\n<div id=\"attachment_1864\" style=\"width: 510px\" class=\"wp-caption alignnone\"><a href=\"httpss:\/\/www.bedandbreakfast.eu\/bed-and-breakfast-es\/mallorca\/espana\/i2514239\"><img loading=\"lazy\" decoding=\"async\" aria-describedby=\"caption-attachment-1864\" class=\"size-full wp-image-1864 \" title=\"Descubra las encantadoras islas europeas\" alt=\"B&amp;B islas de Europa\" src=\"https://blog.bedandbreakfast.eu/wp-content\/uploads\/2013\/03\/european-islands-blog.jpg\" width=\"500\" height=\"332\" \/><\/a><p id=\"caption-attachment-1864\" class=\"wp-caption-text\">Descubra las encantadoras islas europeas<\/p><\/div>\n<p><strong><\/strong>Escape durante un momento de la realidad y descubra las hermosas islas de Europa. Junto a las inmensas playas blancas tambi\u00e9n se puede encontrar una naturaleza intacta y lugares insolitos lejos de las multitudes. \u00bfNo le apetecen los grandes hoteles llenos de turistas? Se pueden encontrar bastantes hermosos alojamientos tipo Bed and Breakfast en lugares especiales, como por ejemplo en <a href=\"httpss:\/\/www.bedandbreakfast.eu\/bed-and-breakfast-es\/mallorca\/espana\/i2514239\" target=\"_self\">Mallorca<\/a>, <a href=\"httpss:\/\/www.bedandbreakfast.eu\/bed-and-breakfast-es\/ibiza\/espana\/i2516477\" target=\"_self\">Ibiza<\/a>, <a href=\"httpss:\/\/www.bedandbreakfast.eu\/bed-and-breakfast-es\/malta\/pais\" target=\"_self\">Malta<\/a>, <a href=\"httpss:\/\/www.bedandbreakfast.eu\/bed-and-breakfast-es\/crete\/periferias\/grecia\/6697802\" target=\"_self\">Creta<\/a> o en <a href=\"httpss:\/\/www.bedandbreakfast.eu\/bed-and-breakfast-es\/provincia-de-santa-cruz-de-tenerife\/provincia\/espana\/2511173\" target=\"_self\">Tenerife<\/a>.<\/p>\n","protected":false},"excerpt":{"rendered":"<p>Agua azul cristalina, arena blanca entre los dedos de tus pies y no tener ninguna obligaci\u00f3n durante un rato. \u00bfQui\u00e9n no sue\u00f1a con sol, mar y playa en el hermoso mar Mediterr\u00e1neo en Francia, Espa\u00f1a, Italia o en Grecia? Un\u00a0Bed and Breakfast es un\u00a0punto de partida ideal para unas vacaciones en el que el centro [&hellip;]<\/p>\n","protected":false},"author":10,"featured_media":0,"comment_status":"open","ping_status":"open","sticky":false,"template":"","format":"standard","meta":{"_monsterinsights_skip_tracking":false,"_monsterinsights_sitenote_active":false,"_monsterinsights_sitenote_note":"","_monsterinsights_sitenote_category":0,"_jetpack_newsletter_access":"","_jetpack_dont_email_post_to_subs":false,"_jetpack_newsletter_tier_id":0,"_jetpack_memberships_contains_paywalled_content":false,"_jetpack_memberships_contains_paid_content":false,"footnotes":""},"categories":[2602,2701],"tags":[3610,3666],"coauthors":[5471],"class_list":["post-3890","post","type-post","status-publish","format-standard","hentry","category-bb-consejos-2","category-tourism-es-2","tag-bed-breakfast-es-2","tag-bed-and-breakfast-es-3"],"yoast_head":"<!-- This site is optimized with the Yoast SEO plugin v27.4 - https:\/\/yoast.com\/product\/yoast-seo-wordpress\/ -->\n<title>\u00a1Vacaciones en un Bed and Breakfast en el sol! - Bed and Breakfast Blog | Bedandbreakfast.eu<\/title>\n<meta name=\"robots\" content=\"index, follow, max-snippet:-1, max-image-preview:large, max-video-preview:-1\" \/>\n<link rel=\"canonical\" href=\"https:\/\/blog.bedandbreakfast.eu\/es\/vacaciones-en-un-bed-and-breakfast-en-el-sol\/\" \/>\n<meta property=\"og:locale\" content=\"es_ES\" \/>\n<meta property=\"og:type\" content=\"article\" \/>\n<meta property=\"og:title\" content=\"\u00a1Vacaciones en un Bed and Breakfast en el sol! - Bed and Breakfast Blog | Bedandbreakfast.eu\" \/>\n<meta property=\"og:description\" content=\"Agua azul cristalina, arena blanca entre los dedos de tus pies y no tener ninguna obligaci\u00f3n durante un rato. \u00bfQui\u00e9n no sue\u00f1a con sol, mar y playa en el hermoso mar Mediterr\u00e1neo en Francia, Espa\u00f1a, Italia o en Grecia? Un\u00a0Bed and Breakfast es un\u00a0punto de partida ideal para unas vacaciones en el que el centro [&hellip;]\" \/>\n<meta property=\"og:url\" content=\"https:\/\/blog.bedandbreakfast.eu\/es\/vacaciones-en-un-bed-and-breakfast-en-el-sol\/\" \/>\n<meta property=\"og:site_name\" content=\"Bed and Breakfast Blog | Bedandbreakfast.eu\" \/>\n<meta property=\"article:published_time\" content=\"2013-03-28T11:46:41+00:00\" \/>\n<meta property=\"article:modified_time\" content=\"2016-09-21T08:04:20+00:00\" \/>\n<meta property=\"og:image\" content=\"https://blog.bedandbreakfast.eu/wp-content\/uploads\/2013\/03\/mediterranean-blog.jpg\" \/>\n<meta name=\"author\" content=\"Josjah Thalen\" \/>\n<meta name=\"twitter:card\" content=\"summary_large_image\" \/>\n<meta name=\"twitter:label1\" content=\"Escrito por\" \/>\n\t<meta name=\"twitter:data1\" content=\"Josjah Thalen\" \/>\n\t<meta name=\"twitter:label2\" content=\"Tiempo de lectura\" \/>\n\t<meta name=\"twitter:data2\" content=\"1 minute\" \/>\n<script type=\"application\/ld+json\" class=\"yoast-schema-graph\">{\"@context\":\"https:\\\/\\\/schema.org\",\"@graph\":[{\"@type\":\"Article\",\"@id\":\"https:\\\/\\\/blog.bedandbreakfast.eu\\\/es\\\/vacaciones-en-un-bed-and-breakfast-en-el-sol\\\/#article\",\"isPartOf\":{\"@id\":\"https:\\\/\\\/blog.bedandbreakfast.eu\\\/es\\\/vacaciones-en-un-bed-and-breakfast-en-el-sol\\\/\"},\"author\":{\"name\":\"Josjah Thalen\",\"@id\":\"https:\\\/\\\/blog.bedandbreakfast.eu\\\/nl\\\/#\\\/schema\\\/person\\\/478645d2a302bc85a9ea2d3014016917\"},\"headline\":\"\u00a1Vacaciones en un Bed and Breakfast en el sol!\",\"datePublished\":\"2013-03-28T11:46:41+00:00\",\"dateModified\":\"2016-09-21T08:04:20+00:00\",\"mainEntityOfPage\":{\"@id\":\"https:\\\/\\\/blog.bedandbreakfast.eu\\\/es\\\/vacaciones-en-un-bed-and-breakfast-en-el-sol\\\/\"},\"wordCount\":169,\"commentCount\":0,\"image\":{\"@id\":\"https:\\\/\\\/blog.bedandbreakfast.eu\\\/es\\\/vacaciones-en-un-bed-and-breakfast-en-el-sol\\\/#primaryimage\"},\"thumbnailUrl\":\"https:\\\/\\\/www.bedandbreakfast.eu\\\/blog\\\/wp-content\\\/uploads\\\/2013\\\/03\\\/mediterranean-blog.jpg\",\"keywords\":[\"bed &amp; breakfast\",\"bed and breakfast\"],\"articleSection\":[\"Consejos de B&amp;B\",\"Turismo\"],\"inLanguage\":\"es-ES\",\"potentialAction\":[{\"@type\":\"CommentAction\",\"name\":\"Comment\",\"target\":[\"https:\\\/\\\/blog.bedandbreakfast.eu\\\/es\\\/vacaciones-en-un-bed-and-breakfast-en-el-sol\\\/#respond\"]}]},{\"@type\":\"WebPage\",\"@id\":\"https:\\\/\\\/blog.bedandbreakfast.eu\\\/es\\\/vacaciones-en-un-bed-and-breakfast-en-el-sol\\\/\",\"url\":\"https:\\\/\\\/blog.bedandbreakfast.eu\\\/es\\\/vacaciones-en-un-bed-and-breakfast-en-el-sol\\\/\",\"name\":\"\u00a1Vacaciones en un Bed and Breakfast en el sol! - Bed and Breakfast Blog | Bedandbreakfast.eu\",\"isPartOf\":{\"@id\":\"https:\\\/\\\/blog.bedandbreakfast.eu\\\/nl\\\/#website\"},\"primaryImageOfPage\":{\"@id\":\"https:\\\/\\\/blog.bedandbreakfast.eu\\\/es\\\/vacaciones-en-un-bed-and-breakfast-en-el-sol\\\/#primaryimage\"},\"image\":{\"@id\":\"https:\\\/\\\/blog.bedandbreakfast.eu\\\/es\\\/vacaciones-en-un-bed-and-breakfast-en-el-sol\\\/#primaryimage\"},\"thumbnailUrl\":\"https:\\\/\\\/www.bedandbreakfast.eu\\\/blog\\\/wp-content\\\/uploads\\\/2013\\\/03\\\/mediterranean-blog.jpg\",\"datePublished\":\"2013-03-28T11:46:41+00:00\",\"dateModified\":\"2016-09-21T08:04:20+00:00\",\"author\":{\"@id\":\"https:\\\/\\\/blog.bedandbreakfast.eu\\\/nl\\\/#\\\/schema\\\/person\\\/478645d2a302bc85a9ea2d3014016917\"},\"breadcrumb\":{\"@id\":\"https:\\\/\\\/blog.bedandbreakfast.eu\\\/es\\\/vacaciones-en-un-bed-and-breakfast-en-el-sol\\\/#breadcrumb\"},\"inLanguage\":\"es-ES\",\"potentialAction\":[{\"@type\":\"ReadAction\",\"target\":[\"https:\\\/\\\/blog.bedandbreakfast.eu\\\/es\\\/vacaciones-en-un-bed-and-breakfast-en-el-sol\\\/\"]}]},{\"@type\":\"ImageObject\",\"inLanguage\":\"es-ES\",\"@id\":\"https:\\\/\\\/blog.bedandbreakfast.eu\\\/es\\\/vacaciones-en-un-bed-and-breakfast-en-el-sol\\\/#primaryimage\",\"url\":\"https:\\\/\\\/www.bedandbreakfast.eu\\\/blog\\\/wp-content\\\/uploads\\\/2013\\\/03\\\/mediterranean-blog.jpg\",\"contentUrl\":\"https:\\\/\\\/www.bedandbreakfast.eu\\\/blog\\\/wp-content\\\/uploads\\\/2013\\\/03\\\/mediterranean-blog.jpg\"},{\"@type\":\"BreadcrumbList\",\"@id\":\"https:\\\/\\\/blog.bedandbreakfast.eu\\\/es\\\/vacaciones-en-un-bed-and-breakfast-en-el-sol\\\/#breadcrumb\",\"itemListElement\":[{\"@type\":\"ListItem\",\"position\":1,\"name\":\"Home\",\"item\":\"https:\\\/\\\/blog.bedandbreakfast.eu\\\/es\\\/\"},{\"@type\":\"ListItem\",\"position\":2,\"name\":\"\u00a1Vacaciones en un Bed and Breakfast en el sol!\"}]},{\"@type\":\"WebSite\",\"@id\":\"https:\\\/\\\/blog.bedandbreakfast.eu\\\/nl\\\/#website\",\"url\":\"https:\\\/\\\/blog.bedandbreakfast.eu\\\/nl\\\/\",\"name\":\"Bed and Breakfast Blog | Bedandbreakfast.eu\",\"description\":\"Un blog sobre Bed and Breakfasts especiales, proporcionado por Bedandbreakfast.eu. \u00a1Nueva inspiraci\u00f3n para pernoctaciones y excursiones a los lugares de B&amp;B m\u00e1s hermosos del mundo!\",\"potentialAction\":[{\"@type\":\"SearchAction\",\"target\":{\"@type\":\"EntryPoint\",\"urlTemplate\":\"https:\\\/\\\/blog.bedandbreakfast.eu\\\/nl\\\/?s={search_term_string}\"},\"query-input\":{\"@type\":\"PropertyValueSpecification\",\"valueRequired\":true,\"valueName\":\"search_term_string\"}}],\"inLanguage\":\"es-ES\"},{\"@type\":\"Person\",\"@id\":\"https:\\\/\\\/blog.bedandbreakfast.eu\\\/nl\\\/#\\\/schema\\\/person\\\/478645d2a302bc85a9ea2d3014016917\",\"name\":\"Josjah Thalen\",\"image\":{\"@type\":\"ImageObject\",\"inLanguage\":\"es-ES\",\"@id\":\"https:\\\/\\\/secure.gravatar.com\\\/avatar\\\/3d323b3d641ca48940632a24b66d5a8f02f80c664a198c89b40906f74c1159e4?s=96&d=mm&r=g3b17f4c9c094d19a48d6f6e85643ac95\",\"url\":\"https:\\\/\\\/secure.gravatar.com\\\/avatar\\\/3d323b3d641ca48940632a24b66d5a8f02f80c664a198c89b40906f74c1159e4?s=96&d=mm&r=g\",\"contentUrl\":\"https:\\\/\\\/secure.gravatar.com\\\/avatar\\\/3d323b3d641ca48940632a24b66d5a8f02f80c664a198c89b40906f74c1159e4?s=96&d=mm&r=g\",\"caption\":\"Josjah Thalen\"},\"description\":\"Loves to collect memories at exquisite destinations. Passionate about traveling and visiting unique B&amp;Bs: discover his best tips on this blog.\",\"url\":\"https:\\\/\\\/blog.bedandbreakfast.eu\\\/es\\\/author\\\/josjah\\\/\"}]}<\/script>\n<!-- \/ Yoast SEO plugin. -->","yoast_head_json":{"title":"\u00a1Vacaciones en un Bed and Breakfast en el sol! - Bed and Breakfast Blog | Bedandbreakfast.eu","robots":{"index":"index","follow":"follow","max-snippet":"max-snippet:-1","max-image-preview":"max-image-preview:large","max-video-preview":"max-video-preview:-1"},"canonical":"https:\/\/blog.bedandbreakfast.eu\/es\/vacaciones-en-un-bed-and-breakfast-en-el-sol\/","og_locale":"es_ES","og_type":"article","og_title":"\u00a1Vacaciones en un Bed and Breakfast en el sol! - Bed and Breakfast Blog | Bedandbreakfast.eu","og_description":"Agua azul cristalina, arena blanca entre los dedos de tus pies y no tener ninguna obligaci\u00f3n durante un rato. \u00bfQui\u00e9n no sue\u00f1a con sol, mar y playa en el hermoso mar Mediterr\u00e1neo en Francia, Espa\u00f1a, Italia o en Grecia? Un\u00a0Bed and Breakfast es un\u00a0punto de partida ideal para unas vacaciones en el que el centro [&hellip;]","og_url":"https:\/\/blog.bedandbreakfast.eu\/es\/vacaciones-en-un-bed-and-breakfast-en-el-sol\/","og_site_name":"Bed and Breakfast Blog | Bedandbreakfast.eu","article_published_time":"2013-03-28T11:46:41+00:00","article_modified_time":"2016-09-21T08:04:20+00:00","og_image":[{"url":"https://blog.bedandbreakfast.eu/wp-content\/uploads\/2013\/03\/mediterranean-blog.jpg","type":"","width":"","height":""}],"author":"Josjah Thalen","twitter_card":"summary_large_image","twitter_misc":{"Escrito por":"Josjah Thalen","Tiempo de lectura":"1 minute"},"schema":{"@context":"https:\/\/schema.org","@graph":[{"@type":"Article","@id":"https:\/\/blog.bedandbreakfast.eu\/es\/vacaciones-en-un-bed-and-breakfast-en-el-sol\/#article","isPartOf":{"@id":"https:\/\/blog.bedandbreakfast.eu\/es\/vacaciones-en-un-bed-and-breakfast-en-el-sol\/"},"author":{"name":"Josjah Thalen","@id":"https:\/\/blog.bedandbreakfast.eu\/nl\/#\/schema\/person\/478645d2a302bc85a9ea2d3014016917"},"headline":"\u00a1Vacaciones en un Bed and Breakfast en el sol!","datePublished":"2013-03-28T11:46:41+00:00","dateModified":"2016-09-21T08:04:20+00:00","mainEntityOfPage":{"@id":"https:\/\/blog.bedandbreakfast.eu\/es\/vacaciones-en-un-bed-and-breakfast-en-el-sol\/"},"wordCount":169,"commentCount":0,"image":{"@id":"https:\/\/blog.bedandbreakfast.eu\/es\/vacaciones-en-un-bed-and-breakfast-en-el-sol\/#primaryimage"},"thumbnailUrl":"https://blog.bedandbreakfast.eu/wp-content\/uploads\/2013\/03\/mediterranean-blog.jpg","keywords":["bed &amp; breakfast","bed and breakfast"],"articleSection":["Consejos de B&amp;B","Turismo"],"inLanguage":"es-ES","potentialAction":[{"@type":"CommentAction","name":"Comment","target":["https:\/\/blog.bedandbreakfast.eu\/es\/vacaciones-en-un-bed-and-breakfast-en-el-sol\/#respond"]}]},{"@type":"WebPage","@id":"https:\/\/blog.bedandbreakfast.eu\/es\/vacaciones-en-un-bed-and-breakfast-en-el-sol\/","url":"https:\/\/blog.bedandbreakfast.eu\/es\/vacaciones-en-un-bed-and-breakfast-en-el-sol\/","name":"\u00a1Vacaciones en un Bed and Breakfast en el sol! - Bed and Breakfast Blog | Bedandbreakfast.eu","isPartOf":{"@id":"https:\/\/blog.bedandbreakfast.eu\/nl\/#website"},"primaryImageOfPage":{"@id":"https:\/\/blog.bedandbreakfast.eu\/es\/vacaciones-en-un-bed-and-breakfast-en-el-sol\/#primaryimage"},"image":{"@id":"https:\/\/blog.bedandbreakfast.eu\/es\/vacaciones-en-un-bed-and-breakfast-en-el-sol\/#primaryimage"},"thumbnailUrl":"https://blog.bedandbreakfast.eu/wp-content\/uploads\/2013\/03\/mediterranean-blog.jpg","datePublished":"2013-03-28T11:46:41+00:00","dateModified":"2016-09-21T08:04:20+00:00","author":{"@id":"https:\/\/blog.bedandbreakfast.eu\/nl\/#\/schema\/person\/478645d2a302bc85a9ea2d3014016917"},"breadcrumb":{"@id":"https:\/\/blog.bedandbreakfast.eu\/es\/vacaciones-en-un-bed-and-breakfast-en-el-sol\/#breadcrumb"},"inLanguage":"es-ES","potentialAction":[{"@type":"ReadAction","target":["https:\/\/blog.bedandbreakfast.eu\/es\/vacaciones-en-un-bed-and-breakfast-en-el-sol\/"]}]},{"@type":"ImageObject","inLanguage":"es-ES","@id":"https:\/\/blog.bedandbreakfast.eu\/es\/vacaciones-en-un-bed-and-breakfast-en-el-sol\/#primaryimage","url":"https://blog.bedandbreakfast.eu/wp-content\/uploads\/2013\/03\/mediterranean-blog.jpg","contentUrl":"https://blog.bedandbreakfast.eu/wp-content\/uploads\/2013\/03\/mediterranean-blog.jpg"},{"@type":"BreadcrumbList","@id":"https:\/\/blog.bedandbreakfast.eu\/es\/vacaciones-en-un-bed-and-breakfast-en-el-sol\/#breadcrumb","itemListElement":[{"@type":"ListItem","position":1,"name":"Home","item":"https:\/\/blog.bedandbreakfast.eu\/es\/"},{"@type":"ListItem","position":2,"name":"\u00a1Vacaciones en un Bed and Breakfast en el sol!"}]},{"@type":"WebSite","@id":"https:\/\/blog.bedandbreakfast.eu\/nl\/#website","url":"https:\/\/blog.bedandbreakfast.eu\/nl\/","name":"Bed and Breakfast Blog | Bedandbreakfast.eu","description":"Un blog sobre Bed and Breakfasts especiales, proporcionado por Bedandbreakfast.eu. \u00a1Nueva inspiraci\u00f3n para pernoctaciones y excursiones a los lugares de B&amp;B m\u00e1s hermosos del mundo!","potentialAction":[{"@type":"SearchAction","target":{"@type":"EntryPoint","urlTemplate":"https:\/\/blog.bedandbreakfast.eu\/nl\/?s={search_term_string}"},"query-input":{"@type":"PropertyValueSpecification","valueRequired":true,"valueName":"search_term_string"}}],"inLanguage":"es-ES"},{"@type":"Person","@id":"https:\/\/blog.bedandbreakfast.eu\/nl\/#\/schema\/person\/478645d2a302bc85a9ea2d3014016917","name":"Josjah Thalen","image":{"@type":"ImageObject","inLanguage":"es-ES","@id":"https:\/\/secure.gravatar.com\/avatar\/3d323b3d641ca48940632a24b66d5a8f02f80c664a198c89b40906f74c1159e4?s=96&d=mm&r=g3b17f4c9c094d19a48d6f6e85643ac95","url":"https:\/\/secure.gravatar.com\/avatar\/3d323b3d641ca48940632a24b66d5a8f02f80c664a198c89b40906f74c1159e4?s=96&d=mm&r=g","contentUrl":"https:\/\/secure.gravatar.com\/avatar\/3d323b3d641ca48940632a24b66d5a8f02f80c664a198c89b40906f74c1159e4?s=96&d=mm&r=g","caption":"Josjah Thalen"},"description":"Loves to collect memories at exquisite destinations. Passionate about traveling and visiting unique B&amp;Bs: discover his best tips on this blog.","url":"https:\/\/blog.bedandbreakfast.eu\/es\/author\/josjah\/"}]}},"jetpack_featured_media_url":"","jetpack_shortlink":"https:\/\/wp.me\/p9vhf3-10K","jetpack_sharing_enabled":true,"_links":{"self":[{"href":"https:\/\/blog.bedandbreakfast.eu\/es\/wp-json\/wp\/v2\/posts\/3890","targetHints":{"allow":["GET"]}}],"collection":[{"href":"https:\/\/blog.bedandbreakfast.eu\/es\/wp-json\/wp\/v2\/posts"}],"about":[{"href":"https:\/\/blog.bedandbreakfast.eu\/es\/wp-json\/wp\/v2\/types\/post"}],"author":[{"embeddable":true,"href":"https:\/\/blog.bedandbreakfast.eu\/es\/wp-json\/wp\/v2\/users\/10"}],"replies":[{"embeddable":true,"href":"https:\/\/blog.bedandbreakfast.eu\/es\/wp-json\/wp\/v2\/comments?post=3890"}],"version-history":[{"count":0,"href":"https:\/\/blog.bedandbreakfast.eu\/es\/wp-json\/wp\/v2\/posts\/3890\/revisions"}],"wp:attachment":[{"href":"https:\/\/blog.bedandbreakfast.eu\/es\/wp-json\/wp\/v2\/media?parent=3890"}],"wp:term":[{"taxonomy":"category","embeddable":true,"href":"https:\/\/blog.bedandbreakfast.eu\/es\/wp-json\/wp\/v2\/categories?post=3890"},{"taxonomy":"post_tag","embeddable":true,"href":"https:\/\/blog.bedandbreakfast.eu\/es\/wp-json\/wp\/v2\/tags?post=3890"},{"taxonomy":"author","embeddable":true,"href":"https:\/\/blog.bedandbreakfast.eu\/es\/wp-json\/wp\/v2\/coauthors?post=3890"}],"curies":[{"name":"wp","href":"https:\/\/api.w.org\/{rel}","templated":true}]}}