{"id":3884,"date":"2013-03-28T11:28:20","date_gmt":"2013-03-28T11:28:20","guid":{"rendered":"https:\/\/blog.bedandbreakfast.eu\/2013\/03\/28\/viaje-de-ciudad-o-de-viaje-por-la-naturaleza-es-tu-eleccion\/"},"modified":"2016-09-21T07:49:19","modified_gmt":"2016-09-21T07:49:19","slug":"viaje-de-ciudad-o-de-viaje-por-la-naturaleza-es-tu-eleccion","status":"publish","type":"post","link":"https:\/\/blog.bedandbreakfast.eu\/es\/viaje-de-ciudad-o-de-viaje-por-la-naturaleza-es-tu-eleccion\/","title":{"rendered":"Viaje de ciudad o de viaje por la naturaleza? Es tu elecci\u00f3n!"},"content":{"rendered":"<div id=\"attachment_1866\" style=\"width: 510px\" class=\"wp-caption alignnone\"><a href=\"httpss:\/\/www.bedandbreakfast.eu\/bed-and-breakfast-es\/madrid\/espana\/c3117735\"><img loading=\"lazy\" decoding=\"async\" aria-describedby=\"caption-attachment-1866\" class=\"size-full wp-image-1866   \" title=\"Bed and breakfast \" alt=\"B&amp;B metr\u00f3polis europeas\" src=\"https://blog.bedandbreakfast.eu/wp-content\/uploads\/2013\/03\/citytrips-blog.jpg\" width=\"500\" height=\"332\" \/><\/a><p id=\"caption-attachment-1866\" class=\"wp-caption-text\">Respirar cultura en las metr\u00f3polis europeas.<\/p><\/div>\n<p>Vaya este verano de viaje a la ciudad y admire los lugares de inter\u00e9s m\u00e1s famosos de Europa. En s\u00f3lo unos pocos d\u00edas usted podr\u00e1 descubrir una ciudad entera y podr\u00e1 escabullirse. \u00bfCu\u00e1l es la mejor manera de llegar a conocer a una metr\u00f3poli como <a style=\"border: currentColor; color: #e54097; text-decoration: underline;\" href=\"httpss:\/\/www.bedandbreakfast.eu\/bed-and-breakfast-es\/roma\/italia\/c3169070\" target=\"_self\">Roma<\/a>, <a style=\"border: currentColor; color: #e54097; text-decoration: underline;\" href=\"httpss:\/\/www.bedandbreakfast.eu\/bed-and-breakfast-es\/berlin\/alemania\/c2950159\" target=\"_self\">Berl\u00edn<\/a>, <a style=\"border: currentColor; color: #e54097; text-decoration: underline;\" href=\"httpss:\/\/www.bedandbreakfast.eu\/bed-and-breakfast-es\/estambul\/turquia\/c745044\" target=\"_self\">Estambul<\/a>, <a style=\"border: currentColor; color: #e54097; text-decoration: underline;\" href=\"httpss:\/\/www.bedandbreakfast.eu\/bed-and-breakfast-es\/barcelona\/espana\/c3128760\" target=\"_self\">Barcelona<\/a> y <a style=\"border: currentColor; color: #e54097; text-decoration: underline;\" href=\"https:\/\/www.bedandbreakfast.eu\/bed-and-breakfast-es\/viena\/austria\/c2761369\" target=\"_self\">Viena<\/a>? \u00a1Naturalmente mediante una estancia en un <a style=\"border: currentColor; color: #e54097; text-decoration: underline;\" href=\"httpss:\/\/www.bedandbreakfast.eu\/bed-and-breakfast-es\/\" target=\"_self\">Bed and Breakfast<\/a>!<!--more--><\/p>\n<div id=\"attachment_1865\" style=\"width: 310px\" class=\"wp-caption alignright\"><a href=\"httpss:\/\/www.bedandbreakfast.eu\/bed-and-breakfast-es\/suiza\/pais\"><img loading=\"lazy\" decoding=\"async\" aria-describedby=\"caption-attachment-1865\" class=\"size-medium wp-image-1865  \" title=\"Disfrute de unas vacaciones activas en la hermosa naturaleza\" alt=\"Bed and breakfast Alemania\" src=\"https://blog.bedandbreakfast.eu/wp-content\/uploads\/2013\/03\/active-holiday-blog-300x199.jpg\" width=\"300\" height=\"199\" \/><\/a><p id=\"caption-attachment-1865\" class=\"wp-caption-text\">Disfrute de unas vacaciones activas en la hermosa. naturaleza<\/p><\/div>\n<p><strong><\/strong>\u00bfPrefiere pasar sus vacaciones m\u00e1s activas? Esto es posible en los grandes parques nacionales de <a href=\"https:\/\/www.bedandbreakfast.eu\/es\/bed-and-breakfast-alemania\" target=\"_self\">Alemania<\/a>, <a href=\"https:\/\/www.bedandbreakfast.eu\/es\/bed-and-breakfast-austria\" target=\"_self\">Austria<\/a>, <a href=\"https:\/\/www.bedandbreakfast.eu\/es\/bed-and-breakfast-noruega\" target=\"_self\">Noruega<\/a>, <a href=\"https:\/\/www.bedandbreakfast.eu\/es\/bed-and-breakfast-finlandia\" target=\"_self\">Finlandia<\/a> o de\u00a0<a href=\"https:\/\/www.bedandbreakfast.eu\/es\/bed-and-breakfast-suecia\" target=\"_self\">Suecia<\/a>. Divi\u00e9rtese en la bicicleta, haga una ruta de senderismo por las monta\u00f1as o haga rafting y una partida survival. \u00a1Tras un d\u00eda activo, usted podr\u00e1 relajarse c\u00f3modamente en un <a href=\"httpss:\/\/www.bedandbreakfast.eu\/bed-and-breakfast-es\/\" target=\"_self\">Bed and Breakfast<\/a>, reserve ahora!<\/p>\n","protected":false},"excerpt":{"rendered":"<p>Vaya este verano de viaje a la ciudad y admire los lugares de inter\u00e9s m\u00e1s famosos de Europa. En s\u00f3lo unos pocos d\u00edas usted podr\u00e1 descubrir una ciudad entera y podr\u00e1 escabullirse. \u00bfCu\u00e1l es la mejor manera de llegar a conocer a una metr\u00f3poli como Roma, Berl\u00edn, Estambul, Barcelona y Viena? \u00a1Naturalmente mediante una estancia [&hellip;]<\/p>\n","protected":false},"author":10,"featured_media":0,"comment_status":"open","ping_status":"open","sticky":false,"template":"","format":"standard","meta":{"_monsterinsights_skip_tracking":false,"_monsterinsights_sitenote_active":false,"_monsterinsights_sitenote_note":"","_monsterinsights_sitenote_category":0,"_jetpack_newsletter_access":"","_jetpack_dont_email_post_to_subs":false,"_jetpack_newsletter_tier_id":0,"_jetpack_memberships_contains_paywalled_content":false,"_jetpack_memberships_contains_paid_content":false,"footnotes":""},"categories":[3608,2602,2701],"tags":[3610,3666],"coauthors":[5471],"class_list":["post-3884","post","type-post","status-publish","format-standard","hentry","category-bed-breakfast-belgium-es-2","category-bb-consejos-2","category-tourism-es-2","tag-bed-breakfast-es-2","tag-bed-and-breakfast-es-3"],"yoast_head":"<!-- This site is optimized with the Yoast SEO plugin v28.4 - https:\/\/yoast.com\/product\/yoast-seo-wordpress\/ -->\n<title>Viaje de ciudad o de viaje por la naturaleza? Es tu elecci\u00f3n! - Bed and Breakfast Blog | Bedandbreakfast.eu<\/title>\n<meta name=\"robots\" content=\"index, follow, max-snippet:-1, max-image-preview:large, max-video-preview:-1\" \/>\n<link rel=\"canonical\" href=\"https:\/\/blog.bedandbreakfast.eu\/es\/viaje-de-ciudad-o-de-viaje-por-la-naturaleza-es-tu-eleccion\/\" \/>\n<meta property=\"og:locale\" content=\"es_ES\" \/>\n<meta property=\"og:type\" content=\"article\" \/>\n<meta property=\"og:title\" content=\"Viaje de ciudad o de viaje por la naturaleza? Es tu elecci\u00f3n! - Bed and Breakfast Blog | Bedandbreakfast.eu\" \/>\n<meta property=\"og:description\" content=\"Vaya este verano de viaje a la ciudad y admire los lugares de inter\u00e9s m\u00e1s famosos de Europa. En s\u00f3lo unos pocos d\u00edas usted podr\u00e1 descubrir una ciudad entera y podr\u00e1 escabullirse. \u00bfCu\u00e1l es la mejor manera de llegar a conocer a una metr\u00f3poli como Roma, Berl\u00edn, Estambul, Barcelona y Viena? \u00a1Naturalmente mediante una estancia [&hellip;]\" \/>\n<meta property=\"og:url\" content=\"https:\/\/blog.bedandbreakfast.eu\/es\/viaje-de-ciudad-o-de-viaje-por-la-naturaleza-es-tu-eleccion\/\" \/>\n<meta property=\"og:site_name\" content=\"Bed and Breakfast Blog | Bedandbreakfast.eu\" \/>\n<meta property=\"article:published_time\" content=\"2013-03-28T11:28:20+00:00\" \/>\n<meta property=\"article:modified_time\" content=\"2016-09-21T07:49:19+00:00\" \/>\n<meta property=\"og:image\" content=\"https://blog.bedandbreakfast.eu/wp-content\/uploads\/2013\/03\/citytrips-blog.jpg\" \/>\n<meta name=\"author\" content=\"Josjah Thalen\" \/>\n<meta name=\"twitter:card\" content=\"summary_large_image\" \/>\n<meta name=\"twitter:label1\" content=\"Escrito por\" \/>\n\t<meta name=\"twitter:data1\" content=\"Josjah Thalen\" \/>\n\t<meta name=\"twitter:label2\" content=\"Tiempo de lectura\" \/>\n\t<meta name=\"twitter:data2\" content=\"1 minute\" \/>\n<script type=\"application\/ld+json\" class=\"yoast-schema-graph\">{\"@context\":\"https:\\\/\\\/schema.org\",\"@graph\":[{\"@type\":\"Article\",\"@id\":\"https:\\\/\\\/blog.bedandbreakfast.eu\\\/es\\\/viaje-de-ciudad-o-de-viaje-por-la-naturaleza-es-tu-eleccion\\\/#article\",\"isPartOf\":{\"@id\":\"https:\\\/\\\/blog.bedandbreakfast.eu\\\/es\\\/viaje-de-ciudad-o-de-viaje-por-la-naturaleza-es-tu-eleccion\\\/\"},\"author\":{\"name\":\"Josjah Thalen\",\"@id\":\"https:\\\/\\\/blog.bedandbreakfast.eu\\\/nl\\\/#\\\/schema\\\/person\\\/478645d2a302bc85a9ea2d3014016917\"},\"headline\":\"Viaje de ciudad o de viaje por la naturaleza? Es tu elecci\u00f3n!\",\"datePublished\":\"2013-03-28T11:28:20+00:00\",\"dateModified\":\"2016-09-21T07:49:19+00:00\",\"mainEntityOfPage\":{\"@id\":\"https:\\\/\\\/blog.bedandbreakfast.eu\\\/es\\\/viaje-de-ciudad-o-de-viaje-por-la-naturaleza-es-tu-eleccion\\\/\"},\"wordCount\":171,\"commentCount\":0,\"image\":{\"@id\":\"https:\\\/\\\/blog.bedandbreakfast.eu\\\/es\\\/viaje-de-ciudad-o-de-viaje-por-la-naturaleza-es-tu-eleccion\\\/#primaryimage\"},\"thumbnailUrl\":\"https:\\\/\\\/www.bedandbreakfast.eu\\\/blog\\\/wp-content\\\/uploads\\\/2013\\\/03\\\/citytrips-blog.jpg\",\"keywords\":[\"bed &amp; breakfast\",\"bed and breakfast\"],\"articleSection\":[\"Bed &amp; Breakfast Belgium\",\"Consejos de B&amp;B\",\"Turismo\"],\"inLanguage\":\"es-ES\",\"potentialAction\":[{\"@type\":\"CommentAction\",\"name\":\"Comment\",\"target\":[\"https:\\\/\\\/blog.bedandbreakfast.eu\\\/es\\\/viaje-de-ciudad-o-de-viaje-por-la-naturaleza-es-tu-eleccion\\\/#respond\"]}]},{\"@type\":\"WebPage\",\"@id\":\"https:\\\/\\\/blog.bedandbreakfast.eu\\\/es\\\/viaje-de-ciudad-o-de-viaje-por-la-naturaleza-es-tu-eleccion\\\/\",\"url\":\"https:\\\/\\\/blog.bedandbreakfast.eu\\\/es\\\/viaje-de-ciudad-o-de-viaje-por-la-naturaleza-es-tu-eleccion\\\/\",\"name\":\"Viaje de ciudad o de viaje por la naturaleza? Es tu elecci\u00f3n! - Bed and Breakfast Blog | Bedandbreakfast.eu\",\"isPartOf\":{\"@id\":\"https:\\\/\\\/blog.bedandbreakfast.eu\\\/nl\\\/#website\"},\"primaryImageOfPage\":{\"@id\":\"https:\\\/\\\/blog.bedandbreakfast.eu\\\/es\\\/viaje-de-ciudad-o-de-viaje-por-la-naturaleza-es-tu-eleccion\\\/#primaryimage\"},\"image\":{\"@id\":\"https:\\\/\\\/blog.bedandbreakfast.eu\\\/es\\\/viaje-de-ciudad-o-de-viaje-por-la-naturaleza-es-tu-eleccion\\\/#primaryimage\"},\"thumbnailUrl\":\"https:\\\/\\\/www.bedandbreakfast.eu\\\/blog\\\/wp-content\\\/uploads\\\/2013\\\/03\\\/citytrips-blog.jpg\",\"datePublished\":\"2013-03-28T11:28:20+00:00\",\"dateModified\":\"2016-09-21T07:49:19+00:00\",\"author\":{\"@id\":\"https:\\\/\\\/blog.bedandbreakfast.eu\\\/nl\\\/#\\\/schema\\\/person\\\/478645d2a302bc85a9ea2d3014016917\"},\"breadcrumb\":{\"@id\":\"https:\\\/\\\/blog.bedandbreakfast.eu\\\/es\\\/viaje-de-ciudad-o-de-viaje-por-la-naturaleza-es-tu-eleccion\\\/#breadcrumb\"},\"inLanguage\":\"es-ES\",\"potentialAction\":[{\"@type\":\"ReadAction\",\"target\":[\"https:\\\/\\\/blog.bedandbreakfast.eu\\\/es\\\/viaje-de-ciudad-o-de-viaje-por-la-naturaleza-es-tu-eleccion\\\/\"]}]},{\"@type\":\"ImageObject\",\"inLanguage\":\"es-ES\",\"@id\":\"https:\\\/\\\/blog.bedandbreakfast.eu\\\/es\\\/viaje-de-ciudad-o-de-viaje-por-la-naturaleza-es-tu-eleccion\\\/#primaryimage\",\"url\":\"https:\\\/\\\/www.bedandbreakfast.eu\\\/blog\\\/wp-content\\\/uploads\\\/2013\\\/03\\\/citytrips-blog.jpg\",\"contentUrl\":\"https:\\\/\\\/www.bedandbreakfast.eu\\\/blog\\\/wp-content\\\/uploads\\\/2013\\\/03\\\/citytrips-blog.jpg\"},{\"@type\":\"BreadcrumbList\",\"@id\":\"https:\\\/\\\/blog.bedandbreakfast.eu\\\/es\\\/viaje-de-ciudad-o-de-viaje-por-la-naturaleza-es-tu-eleccion\\\/#breadcrumb\",\"itemListElement\":[{\"@type\":\"ListItem\",\"position\":1,\"name\":\"Home\",\"item\":\"https:\\\/\\\/blog.bedandbreakfast.eu\\\/es\\\/\"},{\"@type\":\"ListItem\",\"position\":2,\"name\":\"Viaje de ciudad o de viaje por la naturaleza? Es tu elecci\u00f3n!\"}]},{\"@type\":\"WebSite\",\"@id\":\"https:\\\/\\\/blog.bedandbreakfast.eu\\\/nl\\\/#website\",\"url\":\"https:\\\/\\\/blog.bedandbreakfast.eu\\\/nl\\\/\",\"name\":\"Bed and Breakfast Blog | Bedandbreakfast.eu\",\"description\":\"Un blog sobre Bed and Breakfasts especiales, proporcionado por Bedandbreakfast.eu. \u00a1Nueva inspiraci\u00f3n para pernoctaciones y excursiones a los lugares de B&amp;B m\u00e1s hermosos del mundo!\",\"potentialAction\":[{\"@type\":\"SearchAction\",\"target\":{\"@type\":\"EntryPoint\",\"urlTemplate\":\"https:\\\/\\\/blog.bedandbreakfast.eu\\\/nl\\\/?s={search_term_string}\"},\"query-input\":{\"@type\":\"PropertyValueSpecification\",\"valueRequired\":true,\"valueName\":\"search_term_string\"}}],\"inLanguage\":\"es-ES\"},{\"@type\":\"Person\",\"@id\":\"https:\\\/\\\/blog.bedandbreakfast.eu\\\/nl\\\/#\\\/schema\\\/person\\\/478645d2a302bc85a9ea2d3014016917\",\"name\":\"Josjah Thalen\",\"image\":{\"@type\":\"ImageObject\",\"inLanguage\":\"es-ES\",\"@id\":\"https:\\\/\\\/secure.gravatar.com\\\/avatar\\\/3d323b3d641ca48940632a24b66d5a8f02f80c664a198c89b40906f74c1159e4?s=96&d=mm&r=g3b17f4c9c094d19a48d6f6e85643ac95\",\"url\":\"https:\\\/\\\/secure.gravatar.com\\\/avatar\\\/3d323b3d641ca48940632a24b66d5a8f02f80c664a198c89b40906f74c1159e4?s=96&d=mm&r=g\",\"contentUrl\":\"https:\\\/\\\/secure.gravatar.com\\\/avatar\\\/3d323b3d641ca48940632a24b66d5a8f02f80c664a198c89b40906f74c1159e4?s=96&d=mm&r=g\",\"caption\":\"Josjah Thalen\"},\"description\":\"Loves to collect memories at exquisite destinations. Passionate about traveling and visiting unique B&amp;Bs: discover his best tips on this blog.\",\"url\":\"https:\\\/\\\/blog.bedandbreakfast.eu\\\/es\\\/author\\\/josjah\\\/\"}]}<\/script>\n<!-- \/ Yoast SEO plugin. -->","yoast_head_json":{"title":"Viaje de ciudad o de viaje por la naturaleza? Es tu elecci\u00f3n! - Bed and Breakfast Blog | Bedandbreakfast.eu","robots":{"index":"index","follow":"follow","max-snippet":"max-snippet:-1","max-image-preview":"max-image-preview:large","max-video-preview":"max-video-preview:-1"},"canonical":"https:\/\/blog.bedandbreakfast.eu\/es\/viaje-de-ciudad-o-de-viaje-por-la-naturaleza-es-tu-eleccion\/","og_locale":"es_ES","og_type":"article","og_title":"Viaje de ciudad o de viaje por la naturaleza? Es tu elecci\u00f3n! - Bed and Breakfast Blog | Bedandbreakfast.eu","og_description":"Vaya este verano de viaje a la ciudad y admire los lugares de inter\u00e9s m\u00e1s famosos de Europa. En s\u00f3lo unos pocos d\u00edas usted podr\u00e1 descubrir una ciudad entera y podr\u00e1 escabullirse. \u00bfCu\u00e1l es la mejor manera de llegar a conocer a una metr\u00f3poli como Roma, Berl\u00edn, Estambul, Barcelona y Viena? \u00a1Naturalmente mediante una estancia [&hellip;]","og_url":"https:\/\/blog.bedandbreakfast.eu\/es\/viaje-de-ciudad-o-de-viaje-por-la-naturaleza-es-tu-eleccion\/","og_site_name":"Bed and Breakfast Blog | Bedandbreakfast.eu","article_published_time":"2013-03-28T11:28:20+00:00","article_modified_time":"2016-09-21T07:49:19+00:00","og_image":[{"url":"https://blog.bedandbreakfast.eu/wp-content\/uploads\/2013\/03\/citytrips-blog.jpg","type":"","width":"","height":""}],"author":"Josjah Thalen","twitter_card":"summary_large_image","twitter_misc":{"Escrito por":"Josjah Thalen","Tiempo de lectura":"1 minute"},"schema":{"@context":"https:\/\/schema.org","@graph":[{"@type":"Article","@id":"https:\/\/blog.bedandbreakfast.eu\/es\/viaje-de-ciudad-o-de-viaje-por-la-naturaleza-es-tu-eleccion\/#article","isPartOf":{"@id":"https:\/\/blog.bedandbreakfast.eu\/es\/viaje-de-ciudad-o-de-viaje-por-la-naturaleza-es-tu-eleccion\/"},"author":{"name":"Josjah Thalen","@id":"https:\/\/blog.bedandbreakfast.eu\/nl\/#\/schema\/person\/478645d2a302bc85a9ea2d3014016917"},"headline":"Viaje de ciudad o de viaje por la naturaleza? Es tu elecci\u00f3n!","datePublished":"2013-03-28T11:28:20+00:00","dateModified":"2016-09-21T07:49:19+00:00","mainEntityOfPage":{"@id":"https:\/\/blog.bedandbreakfast.eu\/es\/viaje-de-ciudad-o-de-viaje-por-la-naturaleza-es-tu-eleccion\/"},"wordCount":171,"commentCount":0,"image":{"@id":"https:\/\/blog.bedandbreakfast.eu\/es\/viaje-de-ciudad-o-de-viaje-por-la-naturaleza-es-tu-eleccion\/#primaryimage"},"thumbnailUrl":"https://blog.bedandbreakfast.eu/wp-content\/uploads\/2013\/03\/citytrips-blog.jpg","keywords":["bed &amp; breakfast","bed and breakfast"],"articleSection":["Bed &amp; Breakfast Belgium","Consejos de B&amp;B","Turismo"],"inLanguage":"es-ES","potentialAction":[{"@type":"CommentAction","name":"Comment","target":["https:\/\/blog.bedandbreakfast.eu\/es\/viaje-de-ciudad-o-de-viaje-por-la-naturaleza-es-tu-eleccion\/#respond"]}]},{"@type":"WebPage","@id":"https:\/\/blog.bedandbreakfast.eu\/es\/viaje-de-ciudad-o-de-viaje-por-la-naturaleza-es-tu-eleccion\/","url":"https:\/\/blog.bedandbreakfast.eu\/es\/viaje-de-ciudad-o-de-viaje-por-la-naturaleza-es-tu-eleccion\/","name":"Viaje de ciudad o de viaje por la naturaleza? Es tu elecci\u00f3n! - Bed and Breakfast Blog | Bedandbreakfast.eu","isPartOf":{"@id":"https:\/\/blog.bedandbreakfast.eu\/nl\/#website"},"primaryImageOfPage":{"@id":"https:\/\/blog.bedandbreakfast.eu\/es\/viaje-de-ciudad-o-de-viaje-por-la-naturaleza-es-tu-eleccion\/#primaryimage"},"image":{"@id":"https:\/\/blog.bedandbreakfast.eu\/es\/viaje-de-ciudad-o-de-viaje-por-la-naturaleza-es-tu-eleccion\/#primaryimage"},"thumbnailUrl":"https://blog.bedandbreakfast.eu/wp-content\/uploads\/2013\/03\/citytrips-blog.jpg","datePublished":"2013-03-28T11:28:20+00:00","dateModified":"2016-09-21T07:49:19+00:00","author":{"@id":"https:\/\/blog.bedandbreakfast.eu\/nl\/#\/schema\/person\/478645d2a302bc85a9ea2d3014016917"},"breadcrumb":{"@id":"https:\/\/blog.bedandbreakfast.eu\/es\/viaje-de-ciudad-o-de-viaje-por-la-naturaleza-es-tu-eleccion\/#breadcrumb"},"inLanguage":"es-ES","potentialAction":[{"@type":"ReadAction","target":["https:\/\/blog.bedandbreakfast.eu\/es\/viaje-de-ciudad-o-de-viaje-por-la-naturaleza-es-tu-eleccion\/"]}]},{"@type":"ImageObject","inLanguage":"es-ES","@id":"https:\/\/blog.bedandbreakfast.eu\/es\/viaje-de-ciudad-o-de-viaje-por-la-naturaleza-es-tu-eleccion\/#primaryimage","url":"https://blog.bedandbreakfast.eu/wp-content\/uploads\/2013\/03\/citytrips-blog.jpg","contentUrl":"https://blog.bedandbreakfast.eu/wp-content\/uploads\/2013\/03\/citytrips-blog.jpg"},{"@type":"BreadcrumbList","@id":"https:\/\/blog.bedandbreakfast.eu\/es\/viaje-de-ciudad-o-de-viaje-por-la-naturaleza-es-tu-eleccion\/#breadcrumb","itemListElement":[{"@type":"ListItem","position":1,"name":"Home","item":"https:\/\/blog.bedandbreakfast.eu\/es\/"},{"@type":"ListItem","position":2,"name":"Viaje de ciudad o de viaje por la naturaleza? Es tu elecci\u00f3n!"}]},{"@type":"WebSite","@id":"https:\/\/blog.bedandbreakfast.eu\/nl\/#website","url":"https:\/\/blog.bedandbreakfast.eu\/nl\/","name":"Bed and Breakfast Blog | Bedandbreakfast.eu","description":"Un blog sobre Bed and Breakfasts especiales, proporcionado por Bedandbreakfast.eu. \u00a1Nueva inspiraci\u00f3n para pernoctaciones y excursiones a los lugares de B&amp;B m\u00e1s hermosos del mundo!","potentialAction":[{"@type":"SearchAction","target":{"@type":"EntryPoint","urlTemplate":"https:\/\/blog.bedandbreakfast.eu\/nl\/?s={search_term_string}"},"query-input":{"@type":"PropertyValueSpecification","valueRequired":true,"valueName":"search_term_string"}}],"inLanguage":"es-ES"},{"@type":"Person","@id":"https:\/\/blog.bedandbreakfast.eu\/nl\/#\/schema\/person\/478645d2a302bc85a9ea2d3014016917","name":"Josjah Thalen","image":{"@type":"ImageObject","inLanguage":"es-ES","@id":"https:\/\/secure.gravatar.com\/avatar\/3d323b3d641ca48940632a24b66d5a8f02f80c664a198c89b40906f74c1159e4?s=96&d=mm&r=g3b17f4c9c094d19a48d6f6e85643ac95","url":"https:\/\/secure.gravatar.com\/avatar\/3d323b3d641ca48940632a24b66d5a8f02f80c664a198c89b40906f74c1159e4?s=96&d=mm&r=g","contentUrl":"https:\/\/secure.gravatar.com\/avatar\/3d323b3d641ca48940632a24b66d5a8f02f80c664a198c89b40906f74c1159e4?s=96&d=mm&r=g","caption":"Josjah Thalen"},"description":"Loves to collect memories at exquisite destinations. Passionate about traveling and visiting unique B&amp;Bs: discover his best tips on this blog.","url":"https:\/\/blog.bedandbreakfast.eu\/es\/author\/josjah\/"}]}},"jetpack_shortlink":"https:\/\/wp.me\/p9vhf3-10E","jetpack_sharing_enabled":true,"jetpack_featured_media_url":"","_links":{"self":[{"href":"https:\/\/blog.bedandbreakfast.eu\/es\/wp-json\/wp\/v2\/posts\/3884","targetHints":{"allow":["GET"]}}],"collection":[{"href":"https:\/\/blog.bedandbreakfast.eu\/es\/wp-json\/wp\/v2\/posts"}],"about":[{"href":"https:\/\/blog.bedandbreakfast.eu\/es\/wp-json\/wp\/v2\/types\/post"}],"author":[{"embeddable":true,"href":"https:\/\/blog.bedandbreakfast.eu\/es\/wp-json\/wp\/v2\/users\/10"}],"replies":[{"embeddable":true,"href":"https:\/\/blog.bedandbreakfast.eu\/es\/wp-json\/wp\/v2\/comments?post=3884"}],"version-history":[{"count":0,"href":"https:\/\/blog.bedandbreakfast.eu\/es\/wp-json\/wp\/v2\/posts\/3884\/revisions"}],"wp:attachment":[{"href":"https:\/\/blog.bedandbreakfast.eu\/es\/wp-json\/wp\/v2\/media?parent=3884"}],"wp:term":[{"taxonomy":"category","embeddable":true,"href":"https:\/\/blog.bedandbreakfast.eu\/es\/wp-json\/wp\/v2\/categories?post=3884"},{"taxonomy":"post_tag","embeddable":true,"href":"https:\/\/blog.bedandbreakfast.eu\/es\/wp-json\/wp\/v2\/tags?post=3884"},{"taxonomy":"author","embeddable":true,"href":"https:\/\/blog.bedandbreakfast.eu\/es\/wp-json\/wp\/v2\/coauthors?post=3884"}],"curies":[{"name":"wp","href":"https:\/\/api.w.org\/{rel}","templated":true}]}}