{"id":3872,"date":"2013-02-25T12:00:41","date_gmt":"2013-02-25T12:00:41","guid":{"rendered":"https:\/\/blog.bedandbreakfast.eu\/2013\/02\/25\/sufres-de-la-tristeza-invernal-realiza-ya-una-reserva-en-un-bed-and-breakfast-en-mallorca\/"},"modified":"2021-08-27T07:22:38","modified_gmt":"2021-08-27T07:22:38","slug":"sufres-de-la-tristeza-invernal-realiza-ya-una-reserva-en-un-bed-and-breakfast-en-mallorca","status":"publish","type":"post","link":"https:\/\/blog.bedandbreakfast.eu\/es\/sufres-de-la-tristeza-invernal-realiza-ya-una-reserva-en-un-bed-and-breakfast-en-mallorca\/","title":{"rendered":"\u00bfSufres de la tristeza invernal? \u00a1Realiza ya una reserva en un Bed and Breakfast en Mallorca!"},"content":{"rendered":"<div id=\"attachment_1627\" style=\"width: 560px\" class=\"wp-caption alignnone\"><a href=\"httpss:\/\/www.bedandbreakfast.eu\/bed-and-breakfast-es\/cala-millor\/seven-hostal-spa\/128037\"><img loading=\"lazy\" decoding=\"async\" aria-describedby=\"caption-attachment-1627\" class=\"size-full wp-image-1627 \" title=\"B&amp;B Mallorca\" src=\"https://blog.bedandbreakfast.eu/wp-content\/uploads\/2013\/02\/seven-2.jpg\" alt=\"Bed and breakfast Mallorca\" width=\"550\" height=\"359\" \/><\/a><p id=\"caption-attachment-1627\" class=\"wp-caption-text\">\u00bfVas a relajarte este verano c\u00f3modamente en un bed and breakfast en la isla espa\u00f1ola de Mallorca?<\/p><\/div>\n<p>Nosotros tenemos el remedio contra la tristeza invernal. Porque, aunque afuera a\u00fan hace fr\u00edo, en Bedandbreakfast.eu ya hemos empezado a buscar maravillosos y \u00fanicos alojamientos tipo B&amp;B en el sol. \u00a1Comenzando con la isla espa\u00f1ola de <a title=\"vacaciones de Mallorca\" href=\"httpss:\/\/www.bedandbreakfast.eu\/bed-and-breakfast-es\/mallorca\/espana\/i2514239\">Mallorca<\/a>! Esta es la isla m\u00e1s grande de las <a title=\"Islas Baleares\" href=\"httpss:\/\/www.bedandbreakfast.eu\/bed-and-breakfast-es\/provincia-de-las-islas-baleares\/provincia\/espana\/6424360\">Islas Baleares<\/a>, un grupo de islas en el Mediterr\u00e1neo.<\/p>\n<p><!--more-->\u00bfNo te apetece ir a un hotel grande, lleno de gente? En Mallorca se pueden encontrar n\u00famerosos alojamientos tipo <a title=\"Bed and Breakfast Mallorca\" href=\"httpss:\/\/www.bedandbreakfast.eu\/bed-and-breakfast-es\/mallorca\/espana\/i2514239\">Bed and Breakfast<\/a>\u00a0en lugares \u00fanicos. Diversi\u00f3n garantizada: alquile un coche, un quad o un scooter y viaje de un B&amp;B a otro. De esa manera podr\u00e1s ver mucho m\u00e1s de esta hermosa isla espa\u00f1ola.<\/p>\n<div id=\"attachment_1631\" style=\"width: 310px\" class=\"wp-caption alignright\"><a href=\"httpss:\/\/www.bedandbreakfast.eu\/bed-and-breakfast-es\/palma-de-mallorca\/palacio-ca-sa-galesa\/43999\"><img loading=\"lazy\" decoding=\"async\" aria-describedby=\"caption-attachment-1631\" class=\"size-medium wp-image-1631 \" title=\"Disfrutar en B&amp;B Palacio Ca Sa Galesa en la capital Palma de Mallorca\" src=\"https://blog.bedandbreakfast.eu/wp-content\/uploads\/2013\/02\/palma-de-mallorca-1-300x199.jpg\" alt=\"vacaciones sol y playa B&amp;B\" width=\"300\" height=\"199\" \/><\/a><p id=\"caption-attachment-1631\" class=\"wp-caption-text\">Disfrutar en B&amp;B Palacio Ca Sa Galesa en la capital Palma de Mallorca<\/p><\/div>\n<p><strong>Bed and Breakfast Palacio Ca Sa Galesa, Palma de Mallorca<br \/>\n<\/strong>La atracci\u00f3n tur\u00edstica de esta isla es <a title=\"Palma de Mallorca\" href=\"httpss:\/\/www.bedandbreakfast.eu\/bed-and-breakfast-it\/palma-di-maiorca\/spagna\/c2512989\">Palma de Mallorca<\/a>. En esta capital se encuentra el <a title=\"Palacio Ca Sa Galeso\" href=\"httpss:\/\/www.bedandbreakfast.eu\/bed-and-breakfast-es\/palma-de-mallorca\/palacio-ca-sa-galesa\/43999\">Palacio Ca Sa Galesa<\/a>, un hermoso B&amp;B que cuenta con doce habitaciones. Este Bed and Breakfast est\u00e1 establecido en un edificio del siglo 16 en el Barrio G\u00f3tico, a 200 metros de distancia del Parc del Mar y del mar. \u00a1Contando con diversas instalaciones, incluyendo un spa, es sin duda la mejor manera de comenzar tus vacaciones!\u00a0Relajarse en la piscina o en la ba\u00f1era de hidromasaje despu\u00e9s de un largo vuelo. \u00bfO qu\u00e9 te parece un tratamiento de belleza? Si prefieres tumbarte inmediatamente en la playa o si prefieres ir de compras, en tal caso, est\u00e1s en el lugar adecuado. Las tiendas quedan cerca y a 200 metros de distancia se encuentra el mar y el Parc del Mar. Adem\u00e1s, este B&amp;B pone a disposici\u00f3n un par de bicicletas para explorar la capital de la isla espa\u00f1ola.<\/p>\n<div id=\"attachment_1630\" style=\"width: 560px\" class=\"wp-caption alignnone\"><a href=\"httpss:\/\/www.bedandbreakfast.eu\/bed-and-breakfast-es\/port-de-soller\/agroturismo-muleta-de-ca-s-hereu\/38619\"><img loading=\"lazy\" decoding=\"async\" aria-describedby=\"caption-attachment-1630\" class=\"size-full wp-image-1630 \" title=\"B&amp;B Agroturismo\" src=\"https://blog.bedandbreakfast.eu/wp-content\/uploads\/2013\/02\/Agroturismo-Muleta-De-Ca-Shereu.jpg\" alt=\"Bed and breakfast Mallorca\" width=\"550\" height=\"367\" \/><\/a><p id=\"caption-attachment-1630\" class=\"wp-caption-text\">B&amp;B Agroturismo Muleta De Ca S&#8217;hereu est\u00e1 situado en el popular S\u00f3ller; una hermosa zona de monta\u00f1a con muchos huertos de olivos.<\/p><\/div>\n<p><strong>Bed &amp; Breakfast Agroturismo Muleta De Ca S&#8217;hereu<\/strong><br \/>\nSi prefieres un ambiente m\u00e1s tranquilo, entonces quizas <a title=\"vacaciones sol y playa B&amp;B\" href=\"httpss:\/\/www.bedandbreakfast.eu\/bed-and-breakfast-es\/port-de-soller\/agroturismo-muleta-de-ca-s-hereu\/38619\">B&amp;B Agroturismo Muleta De Ca S&#8217;hereu<\/a> sea de tu agrado. Rodeado de huertos de olivos este Bed and Breakfast se encuentra en una colina. Por lo tanto, tienes una vista maravillosa garantizada sobre el valle y las monta\u00f1as de <a title=\"S\u00f3ller\" href=\"httpss:\/\/www.bedandbreakfast.eu\/bed-and-breakfast-es\/soller\/espana\/c2510821\">S\u00f3ller<\/a> o sobre el mar. El restaurante del Agroturismo Muleta de Ca S&#8217;hereu sirve platos de la cocina tradicional mallorquina, elaborados con productos de temporada. Por lo tanto, ideal despu\u00e9s de un agradable paseo por los extensos huertos de olivos y bosques que predominan en la zona.<\/p>\n<p><img loading=\"lazy\" decoding=\"async\" class=\"size-medium wp-image-1628 \" title=\"B&amp;B Seven\" src=\"https://blog.bedandbreakfast.eu/wp-content\/uploads\/2013\/02\/seven-300x198.jpg\" alt=\"Vacaciones\" width=\"300\" height=\"198\" \/><\/p>\n<p>B&amp;B Seven, near the dripstone caves of Porto Christo<strong>Bed and Breakfast Seven<br \/>\n<\/strong><a title=\"Bed and Breakfast Seven\" href=\"httpss:\/\/www.bedandbreakfast.eu\/bed-and-breakfast-es\/cala-millor\/seven-hostal-spa\/128037\">Bed and breakfast Seven<\/a> est\u00e1 situado en Cala Millor; una peque\u00f1a ciudad en la costa oeste de Mallorca, cerca de las Cuevas del Drach en Porto Cristo. \u00a1Este B&amp;B est\u00e1 a 150 metros de la playa, por lo tanto, justo despu\u00e9s de tu llegada podr\u00e1s chapuzarte en el mar! En la terraza en la azotea hay un bar lounge acogedor que cuenta con una vista maravillosa sobre la bah\u00eda de <a title=\"Cala Millor\" href=\"httpss:\/\/www.bedandbreakfast.eu\/bed-and-breakfast-es\/cala-millor\/espana\/c2520570\">Cala Millor<\/a>. Con una selecci\u00f3n de 14 habitaciones diferentes, sin duda, habr\u00e1 una que sea de tu agrado. Los amables propietarios de B&amp;B est\u00e1n listos para ofrecerte una estancia sin preocupaciones y para que te diviertas.<\/p>\n<p><a title=\"Vacaciones Espa\u00f1a\" href=\"httpss:\/\/www.bedandbreakfast.eu\/bed-and-breakfast-es\/mallorca\/espana\/i2514239\">!Realiza ya tu reserva para una estancia en un Bed and Breakfast en Mallorca o una de las otras islas soleadas europeas a trav\u00e9s de Bedandbreakfast.eu!<\/a><\/p>\n","protected":false},"excerpt":{"rendered":"<p>Nosotros tenemos el remedio contra la tristeza invernal. Porque, aunque afuera a\u00fan hace fr\u00edo, en Bedandbreakfast.eu ya hemos empezado a buscar maravillosos y \u00fanicos alojamientos tipo B&amp;B en el sol. \u00a1Comenzando con la isla espa\u00f1ola de Mallorca! Esta es la isla m\u00e1s grande de las Islas Baleares, un grupo de islas en el Mediterr\u00e1neo.<\/p>\n","protected":false},"author":10,"featured_media":0,"comment_status":"open","ping_status":"open","sticky":false,"template":"","format":"standard","meta":{"_monsterinsights_skip_tracking":false,"_monsterinsights_sitenote_active":false,"_monsterinsights_sitenote_note":"","_monsterinsights_sitenote_category":0,"_jetpack_newsletter_access":"","_jetpack_dont_email_post_to_subs":false,"_jetpack_newsletter_tier_id":0,"_jetpack_memberships_contains_paywalled_content":false,"_jetpack_memberships_contains_paid_content":false,"footnotes":""},"categories":[2602,2701],"tags":[2152,661],"coauthors":[5471],"class_list":["post-3872","post","type-post","status-publish","format-standard","hentry","category-bb-consejos-2","category-tourism-es-2","tag-bb-es","tag-bed-and-breakfast-es"],"yoast_head":"<!-- This site is optimized with the Yoast SEO plugin v28.4 - https:\/\/yoast.com\/product\/yoast-seo-wordpress\/ -->\n<title>\u00bfSufres de la tristeza invernal? \u00a1Realiza ya una reserva en un Bed and Breakfast en Mallorca! - Bed and Breakfast Blog | Bedandbreakfast.eu<\/title>\n<meta name=\"robots\" content=\"index, follow, max-snippet:-1, max-image-preview:large, max-video-preview:-1\" \/>\n<link rel=\"canonical\" href=\"https:\/\/blog.bedandbreakfast.eu\/es\/sufres-de-la-tristeza-invernal-realiza-ya-una-reserva-en-un-bed-and-breakfast-en-mallorca\/\" \/>\n<meta property=\"og:locale\" content=\"es_ES\" \/>\n<meta property=\"og:type\" content=\"article\" \/>\n<meta property=\"og:title\" content=\"\u00bfSufres de la tristeza invernal? \u00a1Realiza ya una reserva en un Bed and Breakfast en Mallorca! - Bed and Breakfast Blog | Bedandbreakfast.eu\" \/>\n<meta property=\"og:description\" content=\"Nosotros tenemos el remedio contra la tristeza invernal. Porque, aunque afuera a\u00fan hace fr\u00edo, en Bedandbreakfast.eu ya hemos empezado a buscar maravillosos y \u00fanicos alojamientos tipo B&amp;B en el sol. \u00a1Comenzando con la isla espa\u00f1ola de Mallorca! Esta es la isla m\u00e1s grande de las Islas Baleares, un grupo de islas en el Mediterr\u00e1neo.\" \/>\n<meta property=\"og:url\" content=\"https:\/\/blog.bedandbreakfast.eu\/es\/sufres-de-la-tristeza-invernal-realiza-ya-una-reserva-en-un-bed-and-breakfast-en-mallorca\/\" \/>\n<meta property=\"og:site_name\" content=\"Bed and Breakfast Blog | Bedandbreakfast.eu\" \/>\n<meta property=\"article:published_time\" content=\"2013-02-25T12:00:41+00:00\" \/>\n<meta property=\"article:modified_time\" content=\"2021-08-27T07:22:38+00:00\" \/>\n<meta property=\"og:image\" content=\"https://blog.bedandbreakfast.eu/wp-content\/uploads\/2013\/02\/seven-2.jpg\" \/>\n<meta name=\"author\" content=\"Josjah Thalen\" \/>\n<meta name=\"twitter:card\" content=\"summary_large_image\" \/>\n<meta name=\"twitter:label1\" content=\"Escrito por\" \/>\n\t<meta name=\"twitter:data1\" content=\"Josjah Thalen\" \/>\n\t<meta name=\"twitter:label2\" content=\"Tiempo de lectura\" \/>\n\t<meta name=\"twitter:data2\" content=\"3 minutes\" \/>\n<script type=\"application\/ld+json\" class=\"yoast-schema-graph\">{\"@context\":\"https:\\\/\\\/schema.org\",\"@graph\":[{\"@type\":\"Article\",\"@id\":\"https:\\\/\\\/blog.bedandbreakfast.eu\\\/es\\\/sufres-de-la-tristeza-invernal-realiza-ya-una-reserva-en-un-bed-and-breakfast-en-mallorca\\\/#article\",\"isPartOf\":{\"@id\":\"https:\\\/\\\/blog.bedandbreakfast.eu\\\/es\\\/sufres-de-la-tristeza-invernal-realiza-ya-una-reserva-en-un-bed-and-breakfast-en-mallorca\\\/\"},\"author\":{\"name\":\"Josjah Thalen\",\"@id\":\"https:\\\/\\\/blog.bedandbreakfast.eu\\\/nl\\\/#\\\/schema\\\/person\\\/478645d2a302bc85a9ea2d3014016917\"},\"headline\":\"\u00bfSufres de la tristeza invernal? \u00a1Realiza ya una reserva en un Bed and Breakfast en Mallorca!\",\"datePublished\":\"2013-02-25T12:00:41+00:00\",\"dateModified\":\"2021-08-27T07:22:38+00:00\",\"mainEntityOfPage\":{\"@id\":\"https:\\\/\\\/blog.bedandbreakfast.eu\\\/es\\\/sufres-de-la-tristeza-invernal-realiza-ya-una-reserva-en-un-bed-and-breakfast-en-mallorca\\\/\"},\"wordCount\":662,\"commentCount\":0,\"image\":{\"@id\":\"https:\\\/\\\/blog.bedandbreakfast.eu\\\/es\\\/sufres-de-la-tristeza-invernal-realiza-ya-una-reserva-en-un-bed-and-breakfast-en-mallorca\\\/#primaryimage\"},\"thumbnailUrl\":\"https:\\\/\\\/www.bedandbreakfast.eu\\\/blog\\\/wp-content\\\/uploads\\\/2013\\\/02\\\/seven-2.jpg\",\"keywords\":[\"B&amp;B\",\"bed and breakfast\"],\"articleSection\":[\"Consejos de B&amp;B\",\"Turismo\"],\"inLanguage\":\"es-ES\",\"potentialAction\":[{\"@type\":\"CommentAction\",\"name\":\"Comment\",\"target\":[\"https:\\\/\\\/blog.bedandbreakfast.eu\\\/es\\\/sufres-de-la-tristeza-invernal-realiza-ya-una-reserva-en-un-bed-and-breakfast-en-mallorca\\\/#respond\"]}]},{\"@type\":\"WebPage\",\"@id\":\"https:\\\/\\\/blog.bedandbreakfast.eu\\\/es\\\/sufres-de-la-tristeza-invernal-realiza-ya-una-reserva-en-un-bed-and-breakfast-en-mallorca\\\/\",\"url\":\"https:\\\/\\\/blog.bedandbreakfast.eu\\\/es\\\/sufres-de-la-tristeza-invernal-realiza-ya-una-reserva-en-un-bed-and-breakfast-en-mallorca\\\/\",\"name\":\"\u00bfSufres de la tristeza invernal? \u00a1Realiza ya una reserva en un Bed and Breakfast en Mallorca! - Bed and Breakfast Blog | Bedandbreakfast.eu\",\"isPartOf\":{\"@id\":\"https:\\\/\\\/blog.bedandbreakfast.eu\\\/nl\\\/#website\"},\"primaryImageOfPage\":{\"@id\":\"https:\\\/\\\/blog.bedandbreakfast.eu\\\/es\\\/sufres-de-la-tristeza-invernal-realiza-ya-una-reserva-en-un-bed-and-breakfast-en-mallorca\\\/#primaryimage\"},\"image\":{\"@id\":\"https:\\\/\\\/blog.bedandbreakfast.eu\\\/es\\\/sufres-de-la-tristeza-invernal-realiza-ya-una-reserva-en-un-bed-and-breakfast-en-mallorca\\\/#primaryimage\"},\"thumbnailUrl\":\"https:\\\/\\\/www.bedandbreakfast.eu\\\/blog\\\/wp-content\\\/uploads\\\/2013\\\/02\\\/seven-2.jpg\",\"datePublished\":\"2013-02-25T12:00:41+00:00\",\"dateModified\":\"2021-08-27T07:22:38+00:00\",\"author\":{\"@id\":\"https:\\\/\\\/blog.bedandbreakfast.eu\\\/nl\\\/#\\\/schema\\\/person\\\/478645d2a302bc85a9ea2d3014016917\"},\"breadcrumb\":{\"@id\":\"https:\\\/\\\/blog.bedandbreakfast.eu\\\/es\\\/sufres-de-la-tristeza-invernal-realiza-ya-una-reserva-en-un-bed-and-breakfast-en-mallorca\\\/#breadcrumb\"},\"inLanguage\":\"es-ES\",\"potentialAction\":[{\"@type\":\"ReadAction\",\"target\":[\"https:\\\/\\\/blog.bedandbreakfast.eu\\\/es\\\/sufres-de-la-tristeza-invernal-realiza-ya-una-reserva-en-un-bed-and-breakfast-en-mallorca\\\/\"]}]},{\"@type\":\"ImageObject\",\"inLanguage\":\"es-ES\",\"@id\":\"https:\\\/\\\/blog.bedandbreakfast.eu\\\/es\\\/sufres-de-la-tristeza-invernal-realiza-ya-una-reserva-en-un-bed-and-breakfast-en-mallorca\\\/#primaryimage\",\"url\":\"https:\\\/\\\/www.bedandbreakfast.eu\\\/blog\\\/wp-content\\\/uploads\\\/2013\\\/02\\\/seven-2.jpg\",\"contentUrl\":\"https:\\\/\\\/www.bedandbreakfast.eu\\\/blog\\\/wp-content\\\/uploads\\\/2013\\\/02\\\/seven-2.jpg\"},{\"@type\":\"BreadcrumbList\",\"@id\":\"https:\\\/\\\/blog.bedandbreakfast.eu\\\/es\\\/sufres-de-la-tristeza-invernal-realiza-ya-una-reserva-en-un-bed-and-breakfast-en-mallorca\\\/#breadcrumb\",\"itemListElement\":[{\"@type\":\"ListItem\",\"position\":1,\"name\":\"Home\",\"item\":\"https:\\\/\\\/blog.bedandbreakfast.eu\\\/es\\\/\"},{\"@type\":\"ListItem\",\"position\":2,\"name\":\"\u00bfSufres de la tristeza invernal? \u00a1Realiza ya una reserva en un Bed and Breakfast en Mallorca!\"}]},{\"@type\":\"WebSite\",\"@id\":\"https:\\\/\\\/blog.bedandbreakfast.eu\\\/nl\\\/#website\",\"url\":\"https:\\\/\\\/blog.bedandbreakfast.eu\\\/nl\\\/\",\"name\":\"Bed and Breakfast Blog | Bedandbreakfast.eu\",\"description\":\"Un blog sobre Bed and Breakfasts especiales, proporcionado por Bedandbreakfast.eu. \u00a1Nueva inspiraci\u00f3n para pernoctaciones y excursiones a los lugares de B&amp;B m\u00e1s hermosos del mundo!\",\"potentialAction\":[{\"@type\":\"SearchAction\",\"target\":{\"@type\":\"EntryPoint\",\"urlTemplate\":\"https:\\\/\\\/blog.bedandbreakfast.eu\\\/nl\\\/?s={search_term_string}\"},\"query-input\":{\"@type\":\"PropertyValueSpecification\",\"valueRequired\":true,\"valueName\":\"search_term_string\"}}],\"inLanguage\":\"es-ES\"},{\"@type\":\"Person\",\"@id\":\"https:\\\/\\\/blog.bedandbreakfast.eu\\\/nl\\\/#\\\/schema\\\/person\\\/478645d2a302bc85a9ea2d3014016917\",\"name\":\"Josjah Thalen\",\"image\":{\"@type\":\"ImageObject\",\"inLanguage\":\"es-ES\",\"@id\":\"https:\\\/\\\/secure.gravatar.com\\\/avatar\\\/3d323b3d641ca48940632a24b66d5a8f02f80c664a198c89b40906f74c1159e4?s=96&d=mm&r=g3b17f4c9c094d19a48d6f6e85643ac95\",\"url\":\"https:\\\/\\\/secure.gravatar.com\\\/avatar\\\/3d323b3d641ca48940632a24b66d5a8f02f80c664a198c89b40906f74c1159e4?s=96&d=mm&r=g\",\"contentUrl\":\"https:\\\/\\\/secure.gravatar.com\\\/avatar\\\/3d323b3d641ca48940632a24b66d5a8f02f80c664a198c89b40906f74c1159e4?s=96&d=mm&r=g\",\"caption\":\"Josjah Thalen\"},\"description\":\"Loves to collect memories at exquisite destinations. Passionate about traveling and visiting unique B&amp;Bs: discover his best tips on this blog.\",\"url\":\"https:\\\/\\\/blog.bedandbreakfast.eu\\\/es\\\/author\\\/josjah\\\/\"}]}<\/script>\n<!-- \/ Yoast SEO plugin. -->","yoast_head_json":{"title":"\u00bfSufres de la tristeza invernal? \u00a1Realiza ya una reserva en un Bed and Breakfast en Mallorca! - Bed and Breakfast Blog | Bedandbreakfast.eu","robots":{"index":"index","follow":"follow","max-snippet":"max-snippet:-1","max-image-preview":"max-image-preview:large","max-video-preview":"max-video-preview:-1"},"canonical":"https:\/\/blog.bedandbreakfast.eu\/es\/sufres-de-la-tristeza-invernal-realiza-ya-una-reserva-en-un-bed-and-breakfast-en-mallorca\/","og_locale":"es_ES","og_type":"article","og_title":"\u00bfSufres de la tristeza invernal? \u00a1Realiza ya una reserva en un Bed and Breakfast en Mallorca! - Bed and Breakfast Blog | Bedandbreakfast.eu","og_description":"Nosotros tenemos el remedio contra la tristeza invernal. Porque, aunque afuera a\u00fan hace fr\u00edo, en Bedandbreakfast.eu ya hemos empezado a buscar maravillosos y \u00fanicos alojamientos tipo B&amp;B en el sol. \u00a1Comenzando con la isla espa\u00f1ola de Mallorca! Esta es la isla m\u00e1s grande de las Islas Baleares, un grupo de islas en el Mediterr\u00e1neo.","og_url":"https:\/\/blog.bedandbreakfast.eu\/es\/sufres-de-la-tristeza-invernal-realiza-ya-una-reserva-en-un-bed-and-breakfast-en-mallorca\/","og_site_name":"Bed and Breakfast Blog | Bedandbreakfast.eu","article_published_time":"2013-02-25T12:00:41+00:00","article_modified_time":"2021-08-27T07:22:38+00:00","og_image":[{"url":"https://blog.bedandbreakfast.eu/wp-content\/uploads\/2013\/02\/seven-2.jpg","type":"","width":"","height":""}],"author":"Josjah Thalen","twitter_card":"summary_large_image","twitter_misc":{"Escrito por":"Josjah Thalen","Tiempo de lectura":"3 minutes"},"schema":{"@context":"https:\/\/schema.org","@graph":[{"@type":"Article","@id":"https:\/\/blog.bedandbreakfast.eu\/es\/sufres-de-la-tristeza-invernal-realiza-ya-una-reserva-en-un-bed-and-breakfast-en-mallorca\/#article","isPartOf":{"@id":"https:\/\/blog.bedandbreakfast.eu\/es\/sufres-de-la-tristeza-invernal-realiza-ya-una-reserva-en-un-bed-and-breakfast-en-mallorca\/"},"author":{"name":"Josjah Thalen","@id":"https:\/\/blog.bedandbreakfast.eu\/nl\/#\/schema\/person\/478645d2a302bc85a9ea2d3014016917"},"headline":"\u00bfSufres de la tristeza invernal? \u00a1Realiza ya una reserva en un Bed and Breakfast en Mallorca!","datePublished":"2013-02-25T12:00:41+00:00","dateModified":"2021-08-27T07:22:38+00:00","mainEntityOfPage":{"@id":"https:\/\/blog.bedandbreakfast.eu\/es\/sufres-de-la-tristeza-invernal-realiza-ya-una-reserva-en-un-bed-and-breakfast-en-mallorca\/"},"wordCount":662,"commentCount":0,"image":{"@id":"https:\/\/blog.bedandbreakfast.eu\/es\/sufres-de-la-tristeza-invernal-realiza-ya-una-reserva-en-un-bed-and-breakfast-en-mallorca\/#primaryimage"},"thumbnailUrl":"https://blog.bedandbreakfast.eu/wp-content\/uploads\/2013\/02\/seven-2.jpg","keywords":["B&amp;B","bed and breakfast"],"articleSection":["Consejos de B&amp;B","Turismo"],"inLanguage":"es-ES","potentialAction":[{"@type":"CommentAction","name":"Comment","target":["https:\/\/blog.bedandbreakfast.eu\/es\/sufres-de-la-tristeza-invernal-realiza-ya-una-reserva-en-un-bed-and-breakfast-en-mallorca\/#respond"]}]},{"@type":"WebPage","@id":"https:\/\/blog.bedandbreakfast.eu\/es\/sufres-de-la-tristeza-invernal-realiza-ya-una-reserva-en-un-bed-and-breakfast-en-mallorca\/","url":"https:\/\/blog.bedandbreakfast.eu\/es\/sufres-de-la-tristeza-invernal-realiza-ya-una-reserva-en-un-bed-and-breakfast-en-mallorca\/","name":"\u00bfSufres de la tristeza invernal? \u00a1Realiza ya una reserva en un Bed and Breakfast en Mallorca! - Bed and Breakfast Blog | Bedandbreakfast.eu","isPartOf":{"@id":"https:\/\/blog.bedandbreakfast.eu\/nl\/#website"},"primaryImageOfPage":{"@id":"https:\/\/blog.bedandbreakfast.eu\/es\/sufres-de-la-tristeza-invernal-realiza-ya-una-reserva-en-un-bed-and-breakfast-en-mallorca\/#primaryimage"},"image":{"@id":"https:\/\/blog.bedandbreakfast.eu\/es\/sufres-de-la-tristeza-invernal-realiza-ya-una-reserva-en-un-bed-and-breakfast-en-mallorca\/#primaryimage"},"thumbnailUrl":"https://blog.bedandbreakfast.eu/wp-content\/uploads\/2013\/02\/seven-2.jpg","datePublished":"2013-02-25T12:00:41+00:00","dateModified":"2021-08-27T07:22:38+00:00","author":{"@id":"https:\/\/blog.bedandbreakfast.eu\/nl\/#\/schema\/person\/478645d2a302bc85a9ea2d3014016917"},"breadcrumb":{"@id":"https:\/\/blog.bedandbreakfast.eu\/es\/sufres-de-la-tristeza-invernal-realiza-ya-una-reserva-en-un-bed-and-breakfast-en-mallorca\/#breadcrumb"},"inLanguage":"es-ES","potentialAction":[{"@type":"ReadAction","target":["https:\/\/blog.bedandbreakfast.eu\/es\/sufres-de-la-tristeza-invernal-realiza-ya-una-reserva-en-un-bed-and-breakfast-en-mallorca\/"]}]},{"@type":"ImageObject","inLanguage":"es-ES","@id":"https:\/\/blog.bedandbreakfast.eu\/es\/sufres-de-la-tristeza-invernal-realiza-ya-una-reserva-en-un-bed-and-breakfast-en-mallorca\/#primaryimage","url":"https://blog.bedandbreakfast.eu/wp-content\/uploads\/2013\/02\/seven-2.jpg","contentUrl":"https://blog.bedandbreakfast.eu/wp-content\/uploads\/2013\/02\/seven-2.jpg"},{"@type":"BreadcrumbList","@id":"https:\/\/blog.bedandbreakfast.eu\/es\/sufres-de-la-tristeza-invernal-realiza-ya-una-reserva-en-un-bed-and-breakfast-en-mallorca\/#breadcrumb","itemListElement":[{"@type":"ListItem","position":1,"name":"Home","item":"https:\/\/blog.bedandbreakfast.eu\/es\/"},{"@type":"ListItem","position":2,"name":"\u00bfSufres de la tristeza invernal? \u00a1Realiza ya una reserva en un Bed and Breakfast en Mallorca!"}]},{"@type":"WebSite","@id":"https:\/\/blog.bedandbreakfast.eu\/nl\/#website","url":"https:\/\/blog.bedandbreakfast.eu\/nl\/","name":"Bed and Breakfast Blog | Bedandbreakfast.eu","description":"Un blog sobre Bed and Breakfasts especiales, proporcionado por Bedandbreakfast.eu. \u00a1Nueva inspiraci\u00f3n para pernoctaciones y excursiones a los lugares de B&amp;B m\u00e1s hermosos del mundo!","potentialAction":[{"@type":"SearchAction","target":{"@type":"EntryPoint","urlTemplate":"https:\/\/blog.bedandbreakfast.eu\/nl\/?s={search_term_string}"},"query-input":{"@type":"PropertyValueSpecification","valueRequired":true,"valueName":"search_term_string"}}],"inLanguage":"es-ES"},{"@type":"Person","@id":"https:\/\/blog.bedandbreakfast.eu\/nl\/#\/schema\/person\/478645d2a302bc85a9ea2d3014016917","name":"Josjah Thalen","image":{"@type":"ImageObject","inLanguage":"es-ES","@id":"https:\/\/secure.gravatar.com\/avatar\/3d323b3d641ca48940632a24b66d5a8f02f80c664a198c89b40906f74c1159e4?s=96&d=mm&r=g3b17f4c9c094d19a48d6f6e85643ac95","url":"https:\/\/secure.gravatar.com\/avatar\/3d323b3d641ca48940632a24b66d5a8f02f80c664a198c89b40906f74c1159e4?s=96&d=mm&r=g","contentUrl":"https:\/\/secure.gravatar.com\/avatar\/3d323b3d641ca48940632a24b66d5a8f02f80c664a198c89b40906f74c1159e4?s=96&d=mm&r=g","caption":"Josjah Thalen"},"description":"Loves to collect memories at exquisite destinations. Passionate about traveling and visiting unique B&amp;Bs: discover his best tips on this blog.","url":"https:\/\/blog.bedandbreakfast.eu\/es\/author\/josjah\/"}]}},"jetpack_shortlink":"https:\/\/wp.me\/p9vhf3-10s","jetpack_sharing_enabled":true,"jetpack_featured_media_url":"","_links":{"self":[{"href":"https:\/\/blog.bedandbreakfast.eu\/es\/wp-json\/wp\/v2\/posts\/3872","targetHints":{"allow":["GET"]}}],"collection":[{"href":"https:\/\/blog.bedandbreakfast.eu\/es\/wp-json\/wp\/v2\/posts"}],"about":[{"href":"https:\/\/blog.bedandbreakfast.eu\/es\/wp-json\/wp\/v2\/types\/post"}],"author":[{"embeddable":true,"href":"https:\/\/blog.bedandbreakfast.eu\/es\/wp-json\/wp\/v2\/users\/10"}],"replies":[{"embeddable":true,"href":"https:\/\/blog.bedandbreakfast.eu\/es\/wp-json\/wp\/v2\/comments?post=3872"}],"version-history":[{"count":2,"href":"https:\/\/blog.bedandbreakfast.eu\/es\/wp-json\/wp\/v2\/posts\/3872\/revisions"}],"predecessor-version":[{"id":27276,"href":"https:\/\/blog.bedandbreakfast.eu\/es\/wp-json\/wp\/v2\/posts\/3872\/revisions\/27276"}],"wp:attachment":[{"href":"https:\/\/blog.bedandbreakfast.eu\/es\/wp-json\/wp\/v2\/media?parent=3872"}],"wp:term":[{"taxonomy":"category","embeddable":true,"href":"https:\/\/blog.bedandbreakfast.eu\/es\/wp-json\/wp\/v2\/categories?post=3872"},{"taxonomy":"post_tag","embeddable":true,"href":"https:\/\/blog.bedandbreakfast.eu\/es\/wp-json\/wp\/v2\/tags?post=3872"},{"taxonomy":"author","embeddable":true,"href":"https:\/\/blog.bedandbreakfast.eu\/es\/wp-json\/wp\/v2\/coauthors?post=3872"}],"curies":[{"name":"wp","href":"https:\/\/api.w.org\/{rel}","templated":true}]}}