{"id":32254,"date":"2022-06-01T08:00:04","date_gmt":"2022-06-01T08:00:04","guid":{"rendered":"https:\/\/blog.bedandbreakfast.eu\/?p=32254"},"modified":"2022-06-03T08:06:12","modified_gmt":"2022-06-03T08:06:12","slug":"vacaciones-felices-para-disfrutar-del-verano","status":"publish","type":"post","link":"https:\/\/blog.bedandbreakfast.eu\/es\/vacaciones-felices-para-disfrutar-del-verano\/","title":{"rendered":"Vacaciones Felices para Disfrutar del Verano"},"content":{"rendered":"<p><a href=\"https:\/\/www.bedandbreakfast.eu\/es\/l\/2514169\/marbella\" target=\"_blank\" rel=\"noopener noreferrer\"><img loading=\"lazy\" decoding=\"async\" class=\"alignnone wp-image-32283 size-full\" title=\"Bed and Breakfast Marbella\" src=\"https://blog.bedandbreakfast.eu/wp-content\/uploads\/2022\/04\/BB_Marbella_ES_Happy_holidays.jpg\" alt=\"Bedandbreakfast.eu; Vacaciones Felices para Disfrutar del Verano\" width=\"810\" height=\"450\" srcset=\"https:\/\/blog.bedandbreakfast.eu\/wp-content\/uploads\/2022\/04\/BB_Marbella_ES_Happy_holidays.jpg 810w, https:\/\/blog.bedandbreakfast.eu\/wp-content\/uploads\/2022\/04\/BB_Marbella_ES_Happy_holidays-300x167.jpg 300w, https:\/\/blog.bedandbreakfast.eu\/wp-content\/uploads\/2022\/04\/BB_Marbella_ES_Happy_holidays-768x427.jpg 768w\" sizes=\"auto, (max-width: 810px) 100vw, 810px\" \/><\/a><\/p>\n<h4><b>Marbella<\/b><\/h4>\n<p><span style=\"font-weight: 400;\">Si lo que estamos buscando son vacaciones felices, entonces Marbella tiene que estar sin duda en tu lista. B\u00e1\u00f1ate en las playas de arena fina bordeadas por palmeras, pasea por la Milla de Oro para ver las casas m\u00e1s lujosas de Europa y ac\u00e9rcate a Puerto Ban\u00fas para tomar algo en las terrazas m\u00e1s exclusivas y bonitas de Marbella.\u00a0<\/span><\/p>\n<p><strong><a class=\"mks_button mks_button_medium rounded\" href=\"https:\/\/www.bedandbreakfast.eu\/es\/l\/2514169\/marbella\" target=\"_blank\" style=\"color: #FFFFFF; background-color: #e3458c;\" >Bed and Breakfast Marbella<\/a><\/strong><\/p>\n<p><a href=\"https:\/\/www.bedandbreakfast.eu\/es\/i\/2514239\/mallorca\" target=\"_blank\" rel=\"noopener noreferrer\"><img loading=\"lazy\" decoding=\"async\" class=\"alignnone wp-image-32277 size-full\" title=\"Bed and Breakfast Mallorca\" src=\"https://blog.bedandbreakfast.eu/wp-content\/uploads\/2022\/04\/BB_Mallorca_ES_Happy_holidays.jpg\" alt=\"\" width=\"810\" height=\"450\" srcset=\"https:\/\/blog.bedandbreakfast.eu\/wp-content\/uploads\/2022\/04\/BB_Mallorca_ES_Happy_holidays.jpg 810w, https:\/\/blog.bedandbreakfast.eu\/wp-content\/uploads\/2022\/04\/BB_Mallorca_ES_Happy_holidays-300x167.jpg 300w, https:\/\/blog.bedandbreakfast.eu\/wp-content\/uploads\/2022\/04\/BB_Mallorca_ES_Happy_holidays-768x427.jpg 768w\" sizes=\"auto, (max-width: 810px) 100vw, 810px\" \/><\/a><\/p>\n<h4><b>Mallorca<\/b><\/h4>\n<p><span style=\"font-weight: 400;\">La bonita isla de Mallorca es unos de los destinos m\u00e1s felices para disfrutar de tus vacaciones de verano. Sus playas paradis\u00edacas, su buen clima, su gastronom\u00eda y sus ciudades y pueblos, hacen de la isla balear el lugar perfecto para reservar un B&amp;B y vivir el mejor verano de tu vida.<\/span><\/p>\n<p><strong><a class=\"mks_button mks_button_medium rounded\" href=\"https:\/\/www.bedandbreakfast.eu\/es\/i\/2514239\/mallorca\" target=\"_blank\" style=\"color: #FFFFFF; background-color: #e3458c;\" >Bed and Breakfast Mallorca<\/a><\/strong><\/p>\n<p><a href=\"https:\/\/www.bedandbreakfast.eu\/es\/l\/2520600\/cadiz\" target=\"_blank\" rel=\"noopener noreferrer\"><img loading=\"lazy\" decoding=\"async\" class=\"alignnone wp-image-32271 size-full\" title=\"Bed and Breakfast C\u00e1diz\" src=\"https://blog.bedandbreakfast.eu/wp-content\/uploads\/2022\/03\/BB_cadiz_ES_Happy_holidays.jpg\" alt=\"\" width=\"810\" height=\"450\" srcset=\"https:\/\/blog.bedandbreakfast.eu\/wp-content\/uploads\/2022\/03\/BB_cadiz_ES_Happy_holidays.jpg 810w, https:\/\/blog.bedandbreakfast.eu\/wp-content\/uploads\/2022\/03\/BB_cadiz_ES_Happy_holidays-300x167.jpg 300w, https:\/\/blog.bedandbreakfast.eu\/wp-content\/uploads\/2022\/03\/BB_cadiz_ES_Happy_holidays-768x427.jpg 768w\" sizes=\"auto, (max-width: 810px) 100vw, 810px\" \/><\/a><\/p>\n<h4><b>C\u00e1diz<\/b><\/h4>\n<p><span style=\"font-weight: 400;\">C\u00e1diz se conoce que es la ciudad m\u00e1s antigua de la Europa Occidental, fundada por marineros. Hoy en d\u00eda C\u00e1diz es un lugar donde descansar, disfrutar de las largas playas, de su buena temperatura, del surf y de todo el buen rollo que desprende la ciudad y su gente. Un B&amp;B en C\u00e1diz te ofrece lo que necesitas para un viaje feliz.<\/span><\/p>\n<p><strong><a class=\"mks_button mks_button_medium rounded\" href=\"https:\/\/www.bedandbreakfast.eu\/es\/l\/2520600\/cadiz\" target=\"_blank\" style=\"color: #FFFFFF; background-color: #e3458c;\" >Bed and Breakfast C\u00e1diz<\/a><\/strong><\/p>\n<p><a href=\"https:\/\/www.bedandbreakfast.eu\/es\/r\/3115609\/comunidad-foral-de-navarra\" target=\"_blank\" rel=\"noopener noreferrer\"><img loading=\"lazy\" decoding=\"async\" class=\"alignnone wp-image-32265 size-full\" title=\"Bed and Breakfast Navarra\" src=\"https://blog.bedandbreakfast.eu/wp-content\/uploads\/2022\/03\/BB_Navarra_Happy_Holidays.jpg\" alt=\"\" width=\"810\" height=\"450\" srcset=\"https:\/\/blog.bedandbreakfast.eu\/wp-content\/uploads\/2022\/03\/BB_Navarra_Happy_Holidays.jpg 810w, https:\/\/blog.bedandbreakfast.eu\/wp-content\/uploads\/2022\/03\/BB_Navarra_Happy_Holidays-300x167.jpg 300w, https:\/\/blog.bedandbreakfast.eu\/wp-content\/uploads\/2022\/03\/BB_Navarra_Happy_Holidays-768x427.jpg 768w\" sizes=\"auto, (max-width: 810px) 100vw, 810px\" \/><\/a><\/p>\n<h4><b>Navarra<\/b><\/h4>\n<p><span style=\"font-weight: 400;\">Respirar el aire puro de las monta\u00f1as y disfrutar de una gastronom\u00eda incre\u00edble hacen de Navarra uno de los destinos m\u00e1s felices de Espa\u00f1a para ir de vacaciones. En Navarra podr\u00e1s desconectar de tu rutina, disfrutar de bosques y pueblecitos, mientras descansas en un acogedor B&amp;B en tu lugar favorito.<\/span><\/p>\n<p><strong><a class=\"mks_button mks_button_medium rounded\" href=\"https:\/\/www.bedandbreakfast.eu\/es\/r\/3115609\/comunidad-foral-de-navarra\" target=\"_blank\" style=\"color: #FFFFFF; background-color: #e3458c;\" >Bed and Breakfast Navarra<\/a><\/strong><\/p>\n<p><a href=\"https:\/\/www.bedandbreakfast.eu\/es\/l\/2618425\/copenhague\" target=\"_blank\" rel=\"noopener noreferrer\"><img loading=\"lazy\" decoding=\"async\" class=\"alignnone wp-image-32289 size-full\" title=\"Bed and Breakfast Copenhague\" src=\"https://blog.bedandbreakfast.eu/wp-content\/uploads\/2022\/04\/BB_Copenhagen_ES_happy_holidays.jpg\" alt=\"\" width=\"810\" height=\"450\" srcset=\"https:\/\/blog.bedandbreakfast.eu\/wp-content\/uploads\/2022\/04\/BB_Copenhagen_ES_happy_holidays.jpg 810w, https:\/\/blog.bedandbreakfast.eu\/wp-content\/uploads\/2022\/04\/BB_Copenhagen_ES_happy_holidays-300x167.jpg 300w, https:\/\/blog.bedandbreakfast.eu\/wp-content\/uploads\/2022\/04\/BB_Copenhagen_ES_happy_holidays-768x427.jpg 768w\" sizes=\"auto, (max-width: 810px) 100vw, 810px\" \/><\/a><\/p>\n<h4><b>Dinamarca\u00a0<\/b><\/h4>\n<p><span style=\"font-weight: 400;\">Dinamarca es el pa\u00eds m\u00e1s feliz del mundo, por eso no pod\u00eda faltar en esta lista. Dinamarca tiene ciudades incre\u00edbles como Copenhague, paisajes verdes monta\u00f1osos e islas impresionantes, y una gastronom\u00eda n\u00f3rdica de Estrella Michelin. Adem\u00e1s, desde un B&amp;B en Dinamarca, podr\u00e1s descubrir por qu\u00e9 los daneses son los m\u00e1s felices del mundo.\u00a0<\/span><\/p>\n<ul>\n<li><a href=\"https:\/\/www.bedandbreakfast.eu\/es\/l\/2618425\/copenhague\" target=\"_blank\" rel=\"noopener noreferrer\">Copenhague<\/a><\/li>\n<li><a href=\"https:\/\/www.bedandbreakfast.eu\/es\/l\/2624652\/arhus\" target=\"_blank\" rel=\"noopener noreferrer\">Aarhus<\/a><\/li>\n<li><a href=\"https:\/\/www.bedandbreakfast.eu\/es\/r\/2615872\/odense-kommune\" target=\"_blank\" rel=\"noopener noreferrer\">Odense<\/a><\/li>\n<li><a href=\"https:\/\/www.bedandbreakfast.eu\/es\/c\/2622320\/islas-feroe\" target=\"_blank\" rel=\"noopener noreferrer\">Islas Feroe<\/a><\/li>\n<\/ul>\n<p><strong>Comparte el art\u00edculo:\u00a0<\/strong><\/p>\n","protected":false},"excerpt":{"rendered":"<p>\u00bfA\u00fan sigues pensando el destino para ir de viaje este verano? Si buscas unas vacaciones felices, llenas de buen rollo, buena comida y experiencias \u00fanicas, echa un vistazo a los 5 destinos que hemos escogido para que tengas un verano feliz.<\/p>\n","protected":false},"author":19,"featured_media":32891,"comment_status":"open","ping_status":"open","sticky":false,"template":"","format":"standard","meta":{"_monsterinsights_skip_tracking":false,"_monsterinsights_sitenote_active":false,"_monsterinsights_sitenote_note":"","_monsterinsights_sitenote_category":0,"_jetpack_newsletter_access":"","_jetpack_dont_email_post_to_subs":false,"_jetpack_newsletter_tier_id":0,"_jetpack_memberships_contains_paywalled_content":false,"_jetpack_memberships_contains_paid_content":false,"footnotes":""},"categories":[3550],"tags":[3609,2152,5156,5992,4605,6786,5553,3610,2153,661,3666,6782,6783,6784,5991,6785],"coauthors":[3669],"class_list":["post-32254","post","type-post","status-publish","format-standard","has-post-thumbnail","hentry","category-destinos-populares-es","tag-bb-es-2","tag-bb-es","tag-bb-cadiz","tag-bb-dinamarca","tag-bb-mallorca-es","tag-bb-marbella","tag-bb-navarra","tag-bed-breakfast-es-2","tag-bed-breakfast-es","tag-bed-and-breakfast-es","tag-bed-and-breakfast-es-3","tag-destinos-mas-felices","tag-destinos-mas-felices-de-espana","tag-pais-mas-feliz-del-mundo","tag-vacaciones-felices","tag-viaje-feliz"],"yoast_head":"<!-- This site is optimized with the Yoast SEO plugin v27.5 - https:\/\/yoast.com\/product\/yoast-seo-wordpress\/ -->\n<title>Vacaciones Felices para Disfrutar del Verano - Bedandbreakfast.eu<\/title>\n<meta name=\"description\" content=\"\u00bfA\u00fan sigues pensando el destino para ir de viaje este verano? Si buscas unas vacaciones felices, llenas de buen rollo, buena comida y experiencias \u00fanicas, echa un vistazo a los 5 destinos que hemos escogido para que tengas un verano feliz.\" \/>\n<meta name=\"robots\" content=\"index, follow, max-snippet:-1, max-image-preview:large, max-video-preview:-1\" \/>\n<link rel=\"canonical\" href=\"https:\/\/blog.bedandbreakfast.eu\/es\/vacaciones-felices-para-disfrutar-del-verano\/\" \/>\n<meta property=\"og:locale\" content=\"es_ES\" \/>\n<meta property=\"og:type\" content=\"article\" \/>\n<meta property=\"og:title\" content=\"Vacaciones Felices para Disfrutar del Verano - Bedandbreakfast.eu\" \/>\n<meta property=\"og:description\" content=\"\u00bfA\u00fan sigues pensando el destino para ir de viaje este verano? Si buscas unas vacaciones felices, llenas de buen rollo, buena comida y experiencias \u00fanicas, echa un vistazo a los 5 destinos que hemos escogido para que tengas un verano feliz.\" \/>\n<meta property=\"og:url\" content=\"https:\/\/blog.bedandbreakfast.eu\/es\/vacaciones-felices-para-disfrutar-del-verano\/\" \/>\n<meta property=\"og:site_name\" content=\"Bed and Breakfast Blog | Bedandbreakfast.eu\" \/>\n<meta property=\"article:published_time\" content=\"2022-06-01T08:00:04+00:00\" \/>\n<meta property=\"article:modified_time\" content=\"2022-06-03T08:06:12+00:00\" \/>\n<meta property=\"og:image\" content=\"https:\/\/blog.bedandbreakfast.eu\/wp-content\/uploads\/2022\/03\/June_happy_holidays-header.jpg\" \/>\n\t<meta property=\"og:image:width\" content=\"1140\" \/>\n\t<meta property=\"og:image:height\" content=\"453\" \/>\n\t<meta property=\"og:image:type\" content=\"image\/jpeg\" \/>\n<meta name=\"author\" content=\"Elena Ribal Ruiz\" \/>\n<meta name=\"twitter:card\" content=\"summary_large_image\" \/>\n<meta name=\"twitter:label1\" content=\"Escrito por\" \/>\n\t<meta name=\"twitter:data1\" content=\"Elena Ribal Ruiz\" \/>\n\t<meta name=\"twitter:label2\" content=\"Tiempo de lectura\" \/>\n\t<meta name=\"twitter:data2\" content=\"2 minutes\" \/>\n\t<meta name=\"twitter:label3\" content=\"Written by\" \/>\n\t<meta name=\"twitter:data3\" content=\"Elena Ribal Ruiz\" \/>\n<script type=\"application\/ld+json\" class=\"yoast-schema-graph\">{\"@context\":\"https:\\\/\\\/schema.org\",\"@graph\":[{\"@type\":\"Article\",\"@id\":\"https:\\\/\\\/blog.bedandbreakfast.eu\\\/es\\\/vacaciones-felices-para-disfrutar-del-verano\\\/#article\",\"isPartOf\":{\"@id\":\"https:\\\/\\\/blog.bedandbreakfast.eu\\\/es\\\/vacaciones-felices-para-disfrutar-del-verano\\\/\"},\"author\":{\"name\":\"Elena Ribal Ruiz\",\"@id\":\"https:\\\/\\\/blog.bedandbreakfast.eu\\\/nl\\\/#\\\/schema\\\/person\\\/67b073e29bb513e7985fafe8916b1acf\"},\"headline\":\"Vacaciones Felices para Disfrutar del Verano\",\"datePublished\":\"2022-06-01T08:00:04+00:00\",\"dateModified\":\"2022-06-03T08:06:12+00:00\",\"mainEntityOfPage\":{\"@id\":\"https:\\\/\\\/blog.bedandbreakfast.eu\\\/es\\\/vacaciones-felices-para-disfrutar-del-verano\\\/\"},\"wordCount\":459,\"commentCount\":0,\"image\":{\"@id\":\"https:\\\/\\\/blog.bedandbreakfast.eu\\\/es\\\/vacaciones-felices-para-disfrutar-del-verano\\\/#primaryimage\"},\"thumbnailUrl\":\"https:\\\/\\\/blog.bedandbreakfast.eu\\\/wp-content\\\/uploads\\\/2022\\\/03\\\/June_happy_holidays-header.jpg\",\"keywords\":[\"B&amp;B\",\"B&amp;B\",\"B&amp;B Cadiz\",\"B&amp;B Dinamarca\",\"B&amp;B Mallorca\",\"B&amp;B Marbella\",\"B&amp;B Navarra\",\"bed &amp; breakfast\",\"bed &amp; breakfast\",\"bed and breakfast\",\"bed and breakfast\",\"destinos m\u00e1s felices\",\"destinos m\u00e1s felices de espa\u00f1a\",\"pa\u00eds m\u00e1s feliz del mundo\",\"vacaciones felices\",\"viaje feliz\"],\"articleSection\":[\"Destinos Populares\"],\"inLanguage\":\"es-ES\",\"potentialAction\":[{\"@type\":\"CommentAction\",\"name\":\"Comment\",\"target\":[\"https:\\\/\\\/blog.bedandbreakfast.eu\\\/es\\\/vacaciones-felices-para-disfrutar-del-verano\\\/#respond\"]}]},{\"@type\":\"WebPage\",\"@id\":\"https:\\\/\\\/blog.bedandbreakfast.eu\\\/es\\\/vacaciones-felices-para-disfrutar-del-verano\\\/\",\"url\":\"https:\\\/\\\/blog.bedandbreakfast.eu\\\/es\\\/vacaciones-felices-para-disfrutar-del-verano\\\/\",\"name\":\"Vacaciones Felices para Disfrutar del Verano - Bedandbreakfast.eu\",\"isPartOf\":{\"@id\":\"https:\\\/\\\/blog.bedandbreakfast.eu\\\/nl\\\/#website\"},\"primaryImageOfPage\":{\"@id\":\"https:\\\/\\\/blog.bedandbreakfast.eu\\\/es\\\/vacaciones-felices-para-disfrutar-del-verano\\\/#primaryimage\"},\"image\":{\"@id\":\"https:\\\/\\\/blog.bedandbreakfast.eu\\\/es\\\/vacaciones-felices-para-disfrutar-del-verano\\\/#primaryimage\"},\"thumbnailUrl\":\"https:\\\/\\\/blog.bedandbreakfast.eu\\\/wp-content\\\/uploads\\\/2022\\\/03\\\/June_happy_holidays-header.jpg\",\"datePublished\":\"2022-06-01T08:00:04+00:00\",\"dateModified\":\"2022-06-03T08:06:12+00:00\",\"author\":{\"@id\":\"https:\\\/\\\/blog.bedandbreakfast.eu\\\/nl\\\/#\\\/schema\\\/person\\\/67b073e29bb513e7985fafe8916b1acf\"},\"description\":\"\u00bfA\u00fan sigues pensando el destino para ir de viaje este verano? Si buscas unas vacaciones felices, llenas de buen rollo, buena comida y experiencias \u00fanicas, echa un vistazo a los 5 destinos que hemos escogido para que tengas un verano feliz.\",\"breadcrumb\":{\"@id\":\"https:\\\/\\\/blog.bedandbreakfast.eu\\\/es\\\/vacaciones-felices-para-disfrutar-del-verano\\\/#breadcrumb\"},\"inLanguage\":\"es-ES\",\"potentialAction\":[{\"@type\":\"ReadAction\",\"target\":[\"https:\\\/\\\/blog.bedandbreakfast.eu\\\/es\\\/vacaciones-felices-para-disfrutar-del-verano\\\/\"]}]},{\"@type\":\"ImageObject\",\"inLanguage\":\"es-ES\",\"@id\":\"https:\\\/\\\/blog.bedandbreakfast.eu\\\/es\\\/vacaciones-felices-para-disfrutar-del-verano\\\/#primaryimage\",\"url\":\"https:\\\/\\\/blog.bedandbreakfast.eu\\\/wp-content\\\/uploads\\\/2022\\\/03\\\/June_happy_holidays-header.jpg\",\"contentUrl\":\"https:\\\/\\\/blog.bedandbreakfast.eu\\\/wp-content\\\/uploads\\\/2022\\\/03\\\/June_happy_holidays-header.jpg\",\"width\":1140,\"height\":453},{\"@type\":\"BreadcrumbList\",\"@id\":\"https:\\\/\\\/blog.bedandbreakfast.eu\\\/es\\\/vacaciones-felices-para-disfrutar-del-verano\\\/#breadcrumb\",\"itemListElement\":[{\"@type\":\"ListItem\",\"position\":1,\"name\":\"Home\",\"item\":\"https:\\\/\\\/blog.bedandbreakfast.eu\\\/es\\\/\"},{\"@type\":\"ListItem\",\"position\":2,\"name\":\"Vacaciones Felices para Disfrutar del Verano\"}]},{\"@type\":\"WebSite\",\"@id\":\"https:\\\/\\\/blog.bedandbreakfast.eu\\\/nl\\\/#website\",\"url\":\"https:\\\/\\\/blog.bedandbreakfast.eu\\\/nl\\\/\",\"name\":\"Bed and Breakfast Blog | Bedandbreakfast.eu\",\"description\":\"Un blog sobre Bed and Breakfasts especiales, proporcionado por Bedandbreakfast.eu. \u00a1Nueva inspiraci\u00f3n para pernoctaciones y excursiones a los lugares de B&amp;B m\u00e1s hermosos del mundo!\",\"potentialAction\":[{\"@type\":\"SearchAction\",\"target\":{\"@type\":\"EntryPoint\",\"urlTemplate\":\"https:\\\/\\\/blog.bedandbreakfast.eu\\\/nl\\\/?s={search_term_string}\"},\"query-input\":{\"@type\":\"PropertyValueSpecification\",\"valueRequired\":true,\"valueName\":\"search_term_string\"}}],\"inLanguage\":\"es-ES\"},{\"@type\":\"Person\",\"@id\":\"https:\\\/\\\/blog.bedandbreakfast.eu\\\/nl\\\/#\\\/schema\\\/person\\\/67b073e29bb513e7985fafe8916b1acf\",\"name\":\"Elena Ribal Ruiz\",\"image\":{\"@type\":\"ImageObject\",\"inLanguage\":\"es-ES\",\"@id\":\"https:\\\/\\\/blog.bedandbreakfast.eu\\\/wp-content\\\/uploads\\\/2022\\\/11\\\/20221018_Bed_and_Breakfast_008_2371-1-300x300.jpge674eda9806ac26c45d1a84b8bfd75f4\",\"url\":\"https:\\\/\\\/blog.bedandbreakfast.eu\\\/wp-content\\\/uploads\\\/2022\\\/11\\\/20221018_Bed_and_Breakfast_008_2371-1-300x300.jpg\",\"contentUrl\":\"https:\\\/\\\/blog.bedandbreakfast.eu\\\/wp-content\\\/uploads\\\/2022\\\/11\\\/20221018_Bed_and_Breakfast_008_2371-1-300x300.jpg\",\"caption\":\"Elena Ribal Ruiz\"},\"description\":\"De Barcelona pero viviendo en Holanda. Siempre pensando en mi pr\u00f3ximo viaje y buscando el mejor alojamiento. Viajar es la mejor manera de conocerte a ti mismo.\",\"url\":\"https:\\\/\\\/blog.bedandbreakfast.eu\\\/es\\\/author\\\/elena\\\/\"}]}<\/script>\n<!-- \/ Yoast SEO plugin. -->","yoast_head_json":{"title":"Vacaciones Felices para Disfrutar del Verano - Bedandbreakfast.eu","description":"\u00bfA\u00fan sigues pensando el destino para ir de viaje este verano? Si buscas unas vacaciones felices, llenas de buen rollo, buena comida y experiencias \u00fanicas, echa un vistazo a los 5 destinos que hemos escogido para que tengas un verano feliz.","robots":{"index":"index","follow":"follow","max-snippet":"max-snippet:-1","max-image-preview":"max-image-preview:large","max-video-preview":"max-video-preview:-1"},"canonical":"https:\/\/blog.bedandbreakfast.eu\/es\/vacaciones-felices-para-disfrutar-del-verano\/","og_locale":"es_ES","og_type":"article","og_title":"Vacaciones Felices para Disfrutar del Verano - Bedandbreakfast.eu","og_description":"\u00bfA\u00fan sigues pensando el destino para ir de viaje este verano? Si buscas unas vacaciones felices, llenas de buen rollo, buena comida y experiencias \u00fanicas, echa un vistazo a los 5 destinos que hemos escogido para que tengas un verano feliz.","og_url":"https:\/\/blog.bedandbreakfast.eu\/es\/vacaciones-felices-para-disfrutar-del-verano\/","og_site_name":"Bed and Breakfast Blog | Bedandbreakfast.eu","article_published_time":"2022-06-01T08:00:04+00:00","article_modified_time":"2022-06-03T08:06:12+00:00","og_image":[{"width":1140,"height":453,"url":"https:\/\/blog.bedandbreakfast.eu\/wp-content\/uploads\/2022\/03\/June_happy_holidays-header.jpg","type":"image\/jpeg"}],"author":"Elena Ribal Ruiz","twitter_card":"summary_large_image","twitter_misc":{"Escrito por":"Elena Ribal Ruiz","Tiempo de lectura":"2 minutes","Written by":"Elena Ribal Ruiz"},"schema":{"@context":"https:\/\/schema.org","@graph":[{"@type":"Article","@id":"https:\/\/blog.bedandbreakfast.eu\/es\/vacaciones-felices-para-disfrutar-del-verano\/#article","isPartOf":{"@id":"https:\/\/blog.bedandbreakfast.eu\/es\/vacaciones-felices-para-disfrutar-del-verano\/"},"author":{"name":"Elena Ribal Ruiz","@id":"https:\/\/blog.bedandbreakfast.eu\/nl\/#\/schema\/person\/67b073e29bb513e7985fafe8916b1acf"},"headline":"Vacaciones Felices para Disfrutar del Verano","datePublished":"2022-06-01T08:00:04+00:00","dateModified":"2022-06-03T08:06:12+00:00","mainEntityOfPage":{"@id":"https:\/\/blog.bedandbreakfast.eu\/es\/vacaciones-felices-para-disfrutar-del-verano\/"},"wordCount":459,"commentCount":0,"image":{"@id":"https:\/\/blog.bedandbreakfast.eu\/es\/vacaciones-felices-para-disfrutar-del-verano\/#primaryimage"},"thumbnailUrl":"https:\/\/blog.bedandbreakfast.eu\/wp-content\/uploads\/2022\/03\/June_happy_holidays-header.jpg","keywords":["B&amp;B","B&amp;B","B&amp;B Cadiz","B&amp;B Dinamarca","B&amp;B Mallorca","B&amp;B Marbella","B&amp;B Navarra","bed &amp; breakfast","bed &amp; breakfast","bed and breakfast","bed and breakfast","destinos m\u00e1s felices","destinos m\u00e1s felices de espa\u00f1a","pa\u00eds m\u00e1s feliz del mundo","vacaciones felices","viaje feliz"],"articleSection":["Destinos Populares"],"inLanguage":"es-ES","potentialAction":[{"@type":"CommentAction","name":"Comment","target":["https:\/\/blog.bedandbreakfast.eu\/es\/vacaciones-felices-para-disfrutar-del-verano\/#respond"]}]},{"@type":"WebPage","@id":"https:\/\/blog.bedandbreakfast.eu\/es\/vacaciones-felices-para-disfrutar-del-verano\/","url":"https:\/\/blog.bedandbreakfast.eu\/es\/vacaciones-felices-para-disfrutar-del-verano\/","name":"Vacaciones Felices para Disfrutar del Verano - Bedandbreakfast.eu","isPartOf":{"@id":"https:\/\/blog.bedandbreakfast.eu\/nl\/#website"},"primaryImageOfPage":{"@id":"https:\/\/blog.bedandbreakfast.eu\/es\/vacaciones-felices-para-disfrutar-del-verano\/#primaryimage"},"image":{"@id":"https:\/\/blog.bedandbreakfast.eu\/es\/vacaciones-felices-para-disfrutar-del-verano\/#primaryimage"},"thumbnailUrl":"https:\/\/blog.bedandbreakfast.eu\/wp-content\/uploads\/2022\/03\/June_happy_holidays-header.jpg","datePublished":"2022-06-01T08:00:04+00:00","dateModified":"2022-06-03T08:06:12+00:00","author":{"@id":"https:\/\/blog.bedandbreakfast.eu\/nl\/#\/schema\/person\/67b073e29bb513e7985fafe8916b1acf"},"description":"\u00bfA\u00fan sigues pensando el destino para ir de viaje este verano? Si buscas unas vacaciones felices, llenas de buen rollo, buena comida y experiencias \u00fanicas, echa un vistazo a los 5 destinos que hemos escogido para que tengas un verano feliz.","breadcrumb":{"@id":"https:\/\/blog.bedandbreakfast.eu\/es\/vacaciones-felices-para-disfrutar-del-verano\/#breadcrumb"},"inLanguage":"es-ES","potentialAction":[{"@type":"ReadAction","target":["https:\/\/blog.bedandbreakfast.eu\/es\/vacaciones-felices-para-disfrutar-del-verano\/"]}]},{"@type":"ImageObject","inLanguage":"es-ES","@id":"https:\/\/blog.bedandbreakfast.eu\/es\/vacaciones-felices-para-disfrutar-del-verano\/#primaryimage","url":"https:\/\/blog.bedandbreakfast.eu\/wp-content\/uploads\/2022\/03\/June_happy_holidays-header.jpg","contentUrl":"https:\/\/blog.bedandbreakfast.eu\/wp-content\/uploads\/2022\/03\/June_happy_holidays-header.jpg","width":1140,"height":453},{"@type":"BreadcrumbList","@id":"https:\/\/blog.bedandbreakfast.eu\/es\/vacaciones-felices-para-disfrutar-del-verano\/#breadcrumb","itemListElement":[{"@type":"ListItem","position":1,"name":"Home","item":"https:\/\/blog.bedandbreakfast.eu\/es\/"},{"@type":"ListItem","position":2,"name":"Vacaciones Felices para Disfrutar del Verano"}]},{"@type":"WebSite","@id":"https:\/\/blog.bedandbreakfast.eu\/nl\/#website","url":"https:\/\/blog.bedandbreakfast.eu\/nl\/","name":"Bed and Breakfast Blog | Bedandbreakfast.eu","description":"Un blog sobre Bed and Breakfasts especiales, proporcionado por Bedandbreakfast.eu. \u00a1Nueva inspiraci\u00f3n para pernoctaciones y excursiones a los lugares de B&amp;B m\u00e1s hermosos del mundo!","potentialAction":[{"@type":"SearchAction","target":{"@type":"EntryPoint","urlTemplate":"https:\/\/blog.bedandbreakfast.eu\/nl\/?s={search_term_string}"},"query-input":{"@type":"PropertyValueSpecification","valueRequired":true,"valueName":"search_term_string"}}],"inLanguage":"es-ES"},{"@type":"Person","@id":"https:\/\/blog.bedandbreakfast.eu\/nl\/#\/schema\/person\/67b073e29bb513e7985fafe8916b1acf","name":"Elena Ribal Ruiz","image":{"@type":"ImageObject","inLanguage":"es-ES","@id":"https:\/\/blog.bedandbreakfast.eu\/wp-content\/uploads\/2022\/11\/20221018_Bed_and_Breakfast_008_2371-1-300x300.jpge674eda9806ac26c45d1a84b8bfd75f4","url":"https:\/\/blog.bedandbreakfast.eu\/wp-content\/uploads\/2022\/11\/20221018_Bed_and_Breakfast_008_2371-1-300x300.jpg","contentUrl":"https:\/\/blog.bedandbreakfast.eu\/wp-content\/uploads\/2022\/11\/20221018_Bed_and_Breakfast_008_2371-1-300x300.jpg","caption":"Elena Ribal Ruiz"},"description":"De Barcelona pero viviendo en Holanda. Siempre pensando en mi pr\u00f3ximo viaje y buscando el mejor alojamiento. Viajar es la mejor manera de conocerte a ti mismo.","url":"https:\/\/blog.bedandbreakfast.eu\/es\/author\/elena\/"}]}},"jetpack_featured_media_url":"https:\/\/blog.bedandbreakfast.eu\/wp-content\/uploads\/2022\/03\/June_happy_holidays-header.jpg","jetpack_shortlink":"https:\/\/wp.me\/p9vhf3-8oe","jetpack_sharing_enabled":true,"_links":{"self":[{"href":"https:\/\/blog.bedandbreakfast.eu\/es\/wp-json\/wp\/v2\/posts\/32254","targetHints":{"allow":["GET"]}}],"collection":[{"href":"https:\/\/blog.bedandbreakfast.eu\/es\/wp-json\/wp\/v2\/posts"}],"about":[{"href":"https:\/\/blog.bedandbreakfast.eu\/es\/wp-json\/wp\/v2\/types\/post"}],"author":[{"embeddable":true,"href":"https:\/\/blog.bedandbreakfast.eu\/es\/wp-json\/wp\/v2\/users\/19"}],"replies":[{"embeddable":true,"href":"https:\/\/blog.bedandbreakfast.eu\/es\/wp-json\/wp\/v2\/comments?post=32254"}],"version-history":[{"count":4,"href":"https:\/\/blog.bedandbreakfast.eu\/es\/wp-json\/wp\/v2\/posts\/32254\/revisions"}],"predecessor-version":[{"id":33276,"href":"https:\/\/blog.bedandbreakfast.eu\/es\/wp-json\/wp\/v2\/posts\/32254\/revisions\/33276"}],"wp:featuredmedia":[{"embeddable":true,"href":"https:\/\/blog.bedandbreakfast.eu\/es\/wp-json\/wp\/v2\/media\/32891"}],"wp:attachment":[{"href":"https:\/\/blog.bedandbreakfast.eu\/es\/wp-json\/wp\/v2\/media?parent=32254"}],"wp:term":[{"taxonomy":"category","embeddable":true,"href":"https:\/\/blog.bedandbreakfast.eu\/es\/wp-json\/wp\/v2\/categories?post=32254"},{"taxonomy":"post_tag","embeddable":true,"href":"https:\/\/blog.bedandbreakfast.eu\/es\/wp-json\/wp\/v2\/tags?post=32254"},{"taxonomy":"author","embeddable":true,"href":"https:\/\/blog.bedandbreakfast.eu\/es\/wp-json\/wp\/v2\/coauthors?post=32254"}],"curies":[{"name":"wp","href":"https:\/\/api.w.org\/{rel}","templated":true}]}}