{"id":27339,"date":"2021-09-03T11:55:14","date_gmt":"2021-09-03T11:55:14","guid":{"rendered":"https:\/\/blog.bedandbreakfast.eu\/?p=27339"},"modified":"2021-09-03T11:55:14","modified_gmt":"2021-09-03T11:55:14","slug":"donde-viajar-en-septiembre-por-espana","status":"publish","type":"post","link":"https:\/\/blog.bedandbreakfast.eu\/es\/donde-viajar-en-septiembre-por-espana\/","title":{"rendered":"\u00bfD\u00f3nde viajar en Septiembre por Espa\u00f1a?"},"content":{"rendered":"<p><a href=\"https:\/\/www.bedandbreakfast.eu\/bed-and-breakfast-es\/sevilla\/espana\/c2510911\" target=\"_blank\" rel=\"noopener noreferrer\"><img loading=\"lazy\" decoding=\"async\" class=\"alignnone wp-image-27447 size-full\" title=\"Bed and Breakfast Sevilla\" src=\"https://blog.bedandbreakfast.eu/wp-content\/uploads\/2021\/09\/BB_Sevilla_Espan\u0303a.jpg\" alt=\"Bedandbreakfast.eu; \u00bfD\u00f3nde viajar en Septiembre por Espa\u00f1a?\" width=\"810\" height=\"450\" srcset=\"https:\/\/blog.bedandbreakfast.eu\/wp-content\/uploads\/2021\/09\/BB_Sevilla_Espan\u0303a.jpg 810w, https:\/\/blog.bedandbreakfast.eu\/wp-content\/uploads\/2021\/09\/BB_Sevilla_Espan\u0303a-300x167.jpg 300w, https:\/\/blog.bedandbreakfast.eu\/wp-content\/uploads\/2021\/09\/BB_Sevilla_Espan\u0303a-768x427.jpg 768w\" sizes=\"auto, (max-width: 810px) 100vw, 810px\" \/><\/a><\/p>\n<h4>Viajar en Septiembre a Sevilla<\/h4>\n<p>Viajar en septiembre a Sevilla es una muy buena idea, ya que las temperaturas ya no son tan altas como en pleno verano, y te permiten visitar la ciudad de una manera m\u00e1s tranquila y agradable. Desde la Giralda, hasta la Torre del Oro y Plaza de Espa\u00f1a. Sevilla te est\u00e1 esperando para que reserves un B&amp;B y la descubras como un local.<\/p>\n<p><strong><a class=\"mks_button mks_button_medium rounded\" href=\"https:\/\/www.bedandbreakfast.eu\/bed-and-breakfast-es\/sevilla\/espana\/c2510911\" target=\"_blank\" style=\"color: #FFFFFF; background-color: #e3458c;\" >Bed and Breakfast Sevilla<\/a><\/strong><\/p>\n<p><a href=\"https:\/\/www.bedandbreakfast.eu\/bed-and-breakfast-es\/san-sebastian\/espana\/c3110044\" target=\"_blank\" rel=\"noopener noreferrer\"><img loading=\"lazy\" decoding=\"async\" class=\"alignnone wp-image-27453 size-full\" title=\"Bed and Breakfast San Sebasti\u00e1n\" src=\"https://blog.bedandbreakfast.eu/wp-content\/uploads\/2021\/09\/BB_SanSebastian.jpg\" alt=\"\" width=\"810\" height=\"450\" srcset=\"https:\/\/blog.bedandbreakfast.eu\/wp-content\/uploads\/2021\/09\/BB_SanSebastian.jpg 810w, https:\/\/blog.bedandbreakfast.eu\/wp-content\/uploads\/2021\/09\/BB_SanSebastian-300x167.jpg 300w, https:\/\/blog.bedandbreakfast.eu\/wp-content\/uploads\/2021\/09\/BB_SanSebastian-768x427.jpg 768w\" sizes=\"auto, (max-width: 810px) 100vw, 810px\" \/><\/a><\/p>\n<h4>Cultura Vasca en San Sebasti\u00e1n<\/h4>\n<p>El mes de septiembre es uno de los mejores meses para visitar esta ciudad del norte de Espa\u00f1a. Si est\u00e1s pensando viajar en septiembre a San Sebasti\u00e1n, la ciudad estar\u00e1 llena de eventos donde conocer\u00e1s la cultura vasca y podr\u00e1s saborear la ciudad con pintxos y restaurantes que te dejar\u00e1n sin palabras.<\/p>\n<p><strong><a class=\"mks_button mks_button_medium rounded\" href=\"https:\/\/www.bedandbreakfast.eu\/bed-and-breakfast-es\/san-sebastian\/espana\/c3110044\" target=\"_blank\" style=\"color: #FFFFFF; background-color: #e3458c;\" >Bed and Breakfast San Sebasti\u00e1n<\/a><\/strong><\/p>\n<p><a href=\"https:\/\/www.bedandbreakfast.eu\/bed-and-breakfast-es\/ibiza\/espana\/i2516477\" target=\"_blank\" rel=\"noopener noreferrer\"><img loading=\"lazy\" decoding=\"async\" class=\"alignnone wp-image-27367 size-full\" title=\"Bed and Breakfast Ibiza\" src=\"https://blog.bedandbreakfast.eu/wp-content\/uploads\/2021\/08\/BB_Ibiza.jpg\" alt=\"\" width=\"810\" height=\"450\" srcset=\"https:\/\/blog.bedandbreakfast.eu\/wp-content\/uploads\/2021\/08\/BB_Ibiza.jpg 810w, https:\/\/blog.bedandbreakfast.eu\/wp-content\/uploads\/2021\/08\/BB_Ibiza-300x167.jpg 300w, https:\/\/blog.bedandbreakfast.eu\/wp-content\/uploads\/2021\/08\/BB_Ibiza-768x427.jpg 768w\" sizes=\"auto, (max-width: 810px) 100vw, 810px\" \/><\/a><\/p>\n<h4>Descubre la Ibiza tranquila<\/h4>\n<p>Si quieres conocer la parte tranquila de la isla, sus playas, beach clubs y atardeceres, lo mejor es viajar en septiembre a esta isla. A\u00fan podr\u00e1s ba\u00f1arte en sus aguas cristalinas y disfrutar del buen clima del Mediterr\u00e1neo, pero sin que est\u00e9 lleno de turistas. Reserva un B&amp;B en Ibiza y haz tu \u00faltimo viaje del verano.<\/p>\n<p><strong><a class=\"mks_button mks_button_medium rounded\" href=\"https:\/\/www.bedandbreakfast.eu\/bed-and-breakfast-es\/ibiza\/espana\/i2516477\" target=\"_blank\" style=\"color: #FFFFFF; background-color: #e3458c;\" >Bed and Breakfast Ibiza<\/a><\/strong><\/p>\n<p><a href=\"https:\/\/www.bedandbreakfast.eu\/bed-and-breakfast-es\/parque-nacional-de-ordesa-y-monte-perdido\/espana\/p3114988\" target=\"_blank\" rel=\"noopener noreferrer\"><img loading=\"lazy\" decoding=\"async\" class=\"alignnone wp-image-27459 size-full\" title=\"Bed and Breakfast Ordesa\" src=\"https://blog.bedandbreakfast.eu/wp-content\/uploads\/2021\/09\/BB_Ordesa.jpg\" alt=\"\" width=\"810\" height=\"450\" srcset=\"https:\/\/blog.bedandbreakfast.eu\/wp-content\/uploads\/2021\/09\/BB_Ordesa.jpg 810w, https:\/\/blog.bedandbreakfast.eu\/wp-content\/uploads\/2021\/09\/BB_Ordesa-300x167.jpg 300w, https:\/\/blog.bedandbreakfast.eu\/wp-content\/uploads\/2021\/09\/BB_Ordesa-768x427.jpg 768w\" sizes=\"auto, (max-width: 810px) 100vw, 810px\" \/><\/a><\/p>\n<h4>Parque Nacional de Ordesa y Monte Perdido<\/h4>\n<p>Declarado Patrimonio de la UNESCO, el Parque Nacional de Ordesa y Monte Perdido es un lugar perfecto para viajar en Septiembre. Sus cuatro valles forman un conjunto de senderos y bosques, donde podr\u00e1s disfrutar del coraz\u00f3n de los Pirineos e incluso ver su fauna m\u00e1s espectacular. \u00a1Un plan de 10!<\/p>\n<p><strong><a class=\"mks_button mks_button_medium rounded\" href=\"https:\/\/www.bedandbreakfast.eu\/bed-and-breakfast-es\/parque-nacional-de-ordesa-y-monte-perdido\/espana\/p3114988\" target=\"_blank\" style=\"color: #FFFFFF; background-color: #e3458c;\" >Bed and Breakfast Ordesa<\/a><\/strong><\/p>\n<p><a href=\"https:\/\/www.bedandbreakfast.eu\/bed-and-breakfast-es\/barcelona\/espana\/c3128760\" target=\"_blank\" rel=\"noopener noreferrer\"><img loading=\"lazy\" decoding=\"async\" class=\"alignnone wp-image-27465 size-full\" title=\"Bed and Breakfast Barcelona\" src=\"https://blog.bedandbreakfast.eu/wp-content\/uploads\/2021\/09\/BB_Barcelona.jpg\" alt=\"\" width=\"810\" height=\"450\" srcset=\"https:\/\/blog.bedandbreakfast.eu\/wp-content\/uploads\/2021\/09\/BB_Barcelona.jpg 810w, https:\/\/blog.bedandbreakfast.eu\/wp-content\/uploads\/2021\/09\/BB_Barcelona-300x167.jpg 300w, https:\/\/blog.bedandbreakfast.eu\/wp-content\/uploads\/2021\/09\/BB_Barcelona-768x427.jpg 768w\" sizes=\"auto, (max-width: 810px) 100vw, 810px\" \/><\/a><\/p>\n<h4>Barcelona en Septiembre<\/h4>\n<p>Viajar en septiembre a Barcelona es un plan que no te puedes perder. Este mes son las fiestas de la ciudad, y aunque a\u00fan no se puede celebrar como antes, la ciudad est\u00e1 llena de rincones por descubrir y restaurantes donde perder los sentidos. Descubre la ciudad condal desde un B&amp;B y disfruta del clima mediterr\u00e1neo.<\/p>\n<p><strong><a class=\"mks_button mks_button_medium rounded\" href=\"https:\/\/www.bedandbreakfast.eu\/bed-and-breakfast-es\/barcelona\/espana\/c3128760\" target=\"_blank\" style=\"color: #FFFFFF; background-color: #e3458c;\" >Bed and Breakfast Barcelona<\/a><\/strong><\/p>\n<p><strong>Comparte el art\u00edculo:<\/strong><\/p>\n","protected":false},"excerpt":{"rendered":"<p>El verano est\u00e1 acabando, y por eso te proponemos una escapada de \u00faltima hora. Viajar en septiembre te da la oportunidad de descubrir lugares como Ibiza y Sevilla sin muchos turistas, pero con un clima envidiable. \u00a1Haz las maletas y reserva un B&#038;B para embarcarte en tu \u00faltimo viaje para cargar pilas para el invierno!<\/p>\n","protected":false},"author":19,"featured_media":27104,"comment_status":"open","ping_status":"open","sticky":false,"template":"","format":"standard","meta":{"_monsterinsights_skip_tracking":false,"_monsterinsights_sitenote_active":false,"_monsterinsights_sitenote_note":"","_monsterinsights_sitenote_category":0,"_jetpack_newsletter_access":"","_jetpack_dont_email_post_to_subs":false,"_jetpack_newsletter_tier_id":0,"_jetpack_memberships_contains_paywalled_content":false,"_jetpack_memberships_contains_paid_content":false,"footnotes":""},"categories":[3550],"tags":[2152,2153,661,5593],"coauthors":[3669],"class_list":["post-27339","post","type-post","status-publish","format-standard","has-post-thumbnail","hentry","category-destinos-populares-es","tag-bb-es","tag-bed-breakfast-es","tag-bed-and-breakfast-es","tag-late-holidays-es"],"yoast_head":"<!-- This site is optimized with the Yoast SEO plugin v27.5 - https:\/\/yoast.com\/product\/yoast-seo-wordpress\/ -->\n<title>\u00bfD\u00f3nde viajar en Septiembre por Espa\u00f1a? | Bedandbreakfast.eu<\/title>\n<meta name=\"description\" content=\"El verano est\u00e1 acabando, y por eso te proponemos una escapada de \u00faltima hora. Viajar en septiembre te da la oportunidad de descubrir lugares como Ibiza y Sevilla sin muchos turistas, pero con un clima envidiable. \u00a1Haz las maletas y reserva un B&amp;B para embarcarte en tu \u00faltimo viaje para cargar pilas para el invierno!\" \/>\n<meta name=\"robots\" content=\"index, follow, max-snippet:-1, max-image-preview:large, max-video-preview:-1\" \/>\n<link rel=\"canonical\" href=\"https:\/\/blog.bedandbreakfast.eu\/es\/donde-viajar-en-septiembre-por-espana\/\" \/>\n<meta property=\"og:locale\" content=\"es_ES\" \/>\n<meta property=\"og:type\" content=\"article\" \/>\n<meta property=\"og:title\" content=\"\u00bfD\u00f3nde viajar en Septiembre por Espa\u00f1a? | Bedandbreakfast.eu\" \/>\n<meta property=\"og:description\" content=\"El verano est\u00e1 acabando, y por eso te proponemos una escapada de \u00faltima hora. Viajar en septiembre te da la oportunidad de descubrir lugares como Ibiza y Sevilla sin muchos turistas, pero con un clima envidiable. \u00a1Haz las maletas y reserva un B&amp;B para embarcarte en tu \u00faltimo viaje para cargar pilas para el invierno!\" \/>\n<meta property=\"og:url\" content=\"https:\/\/blog.bedandbreakfast.eu\/es\/donde-viajar-en-septiembre-por-espana\/\" \/>\n<meta property=\"og:site_name\" content=\"Bed and Breakfast Blog | Bedandbreakfast.eu\" \/>\n<meta property=\"article:published_time\" content=\"2021-09-03T11:55:14+00:00\" \/>\n<meta property=\"og:image\" content=\"https:\/\/blog.bedandbreakfast.eu\/wp-content\/uploads\/2021\/08\/bed-and-breakfast-europe-breakfast-sep-21-late-summer.jpg\" \/>\n\t<meta property=\"og:image:width\" content=\"1140\" \/>\n\t<meta property=\"og:image:height\" content=\"453\" \/>\n\t<meta property=\"og:image:type\" content=\"image\/jpeg\" \/>\n<meta name=\"author\" content=\"Elena Ribal Ruiz\" \/>\n<meta name=\"twitter:card\" content=\"summary_large_image\" \/>\n<meta name=\"twitter:label1\" content=\"Escrito por\" \/>\n\t<meta name=\"twitter:data1\" content=\"Elena Ribal Ruiz\" \/>\n\t<meta name=\"twitter:label2\" content=\"Tiempo de lectura\" \/>\n\t<meta name=\"twitter:data2\" content=\"2 minutes\" \/>\n\t<meta name=\"twitter:label3\" content=\"Written by\" \/>\n\t<meta name=\"twitter:data3\" content=\"Elena Ribal Ruiz\" \/>\n<script type=\"application\/ld+json\" class=\"yoast-schema-graph\">{\"@context\":\"https:\\\/\\\/schema.org\",\"@graph\":[{\"@type\":\"Article\",\"@id\":\"https:\\\/\\\/blog.bedandbreakfast.eu\\\/es\\\/donde-viajar-en-septiembre-por-espana\\\/#article\",\"isPartOf\":{\"@id\":\"https:\\\/\\\/blog.bedandbreakfast.eu\\\/es\\\/donde-viajar-en-septiembre-por-espana\\\/\"},\"author\":{\"name\":\"Elena Ribal Ruiz\",\"@id\":\"https:\\\/\\\/blog.bedandbreakfast.eu\\\/nl\\\/#\\\/schema\\\/person\\\/67b073e29bb513e7985fafe8916b1acf\"},\"headline\":\"\u00bfD\u00f3nde viajar en Septiembre por Espa\u00f1a?\",\"datePublished\":\"2021-09-03T11:55:14+00:00\",\"mainEntityOfPage\":{\"@id\":\"https:\\\/\\\/blog.bedandbreakfast.eu\\\/es\\\/donde-viajar-en-septiembre-por-espana\\\/\"},\"wordCount\":499,\"commentCount\":0,\"image\":{\"@id\":\"https:\\\/\\\/blog.bedandbreakfast.eu\\\/es\\\/donde-viajar-en-septiembre-por-espana\\\/#primaryimage\"},\"thumbnailUrl\":\"https:\\\/\\\/blog.bedandbreakfast.eu\\\/wp-content\\\/uploads\\\/2021\\\/08\\\/bed-and-breakfast-europe-breakfast-sep-21-late-summer.jpg\",\"keywords\":[\"B&amp;B\",\"bed &amp; breakfast\",\"bed and breakfast\",\"late holidays\"],\"articleSection\":[\"Destinos Populares\"],\"inLanguage\":\"es-ES\",\"potentialAction\":[{\"@type\":\"CommentAction\",\"name\":\"Comment\",\"target\":[\"https:\\\/\\\/blog.bedandbreakfast.eu\\\/es\\\/donde-viajar-en-septiembre-por-espana\\\/#respond\"]}]},{\"@type\":\"WebPage\",\"@id\":\"https:\\\/\\\/blog.bedandbreakfast.eu\\\/es\\\/donde-viajar-en-septiembre-por-espana\\\/\",\"url\":\"https:\\\/\\\/blog.bedandbreakfast.eu\\\/es\\\/donde-viajar-en-septiembre-por-espana\\\/\",\"name\":\"\u00bfD\u00f3nde viajar en Septiembre por Espa\u00f1a? | Bedandbreakfast.eu\",\"isPartOf\":{\"@id\":\"https:\\\/\\\/blog.bedandbreakfast.eu\\\/nl\\\/#website\"},\"primaryImageOfPage\":{\"@id\":\"https:\\\/\\\/blog.bedandbreakfast.eu\\\/es\\\/donde-viajar-en-septiembre-por-espana\\\/#primaryimage\"},\"image\":{\"@id\":\"https:\\\/\\\/blog.bedandbreakfast.eu\\\/es\\\/donde-viajar-en-septiembre-por-espana\\\/#primaryimage\"},\"thumbnailUrl\":\"https:\\\/\\\/blog.bedandbreakfast.eu\\\/wp-content\\\/uploads\\\/2021\\\/08\\\/bed-and-breakfast-europe-breakfast-sep-21-late-summer.jpg\",\"datePublished\":\"2021-09-03T11:55:14+00:00\",\"author\":{\"@id\":\"https:\\\/\\\/blog.bedandbreakfast.eu\\\/nl\\\/#\\\/schema\\\/person\\\/67b073e29bb513e7985fafe8916b1acf\"},\"description\":\"El verano est\u00e1 acabando, y por eso te proponemos una escapada de \u00faltima hora. Viajar en septiembre te da la oportunidad de descubrir lugares como Ibiza y Sevilla sin muchos turistas, pero con un clima envidiable. \u00a1Haz las maletas y reserva un B&B para embarcarte en tu \u00faltimo viaje para cargar pilas para el invierno!\",\"breadcrumb\":{\"@id\":\"https:\\\/\\\/blog.bedandbreakfast.eu\\\/es\\\/donde-viajar-en-septiembre-por-espana\\\/#breadcrumb\"},\"inLanguage\":\"es-ES\",\"potentialAction\":[{\"@type\":\"ReadAction\",\"target\":[\"https:\\\/\\\/blog.bedandbreakfast.eu\\\/es\\\/donde-viajar-en-septiembre-por-espana\\\/\"]}]},{\"@type\":\"ImageObject\",\"inLanguage\":\"es-ES\",\"@id\":\"https:\\\/\\\/blog.bedandbreakfast.eu\\\/es\\\/donde-viajar-en-septiembre-por-espana\\\/#primaryimage\",\"url\":\"https:\\\/\\\/blog.bedandbreakfast.eu\\\/wp-content\\\/uploads\\\/2021\\\/08\\\/bed-and-breakfast-europe-breakfast-sep-21-late-summer.jpg\",\"contentUrl\":\"https:\\\/\\\/blog.bedandbreakfast.eu\\\/wp-content\\\/uploads\\\/2021\\\/08\\\/bed-and-breakfast-europe-breakfast-sep-21-late-summer.jpg\",\"width\":1140,\"height\":453},{\"@type\":\"BreadcrumbList\",\"@id\":\"https:\\\/\\\/blog.bedandbreakfast.eu\\\/es\\\/donde-viajar-en-septiembre-por-espana\\\/#breadcrumb\",\"itemListElement\":[{\"@type\":\"ListItem\",\"position\":1,\"name\":\"Home\",\"item\":\"https:\\\/\\\/blog.bedandbreakfast.eu\\\/es\\\/\"},{\"@type\":\"ListItem\",\"position\":2,\"name\":\"\u00bfD\u00f3nde viajar en Septiembre por Espa\u00f1a?\"}]},{\"@type\":\"WebSite\",\"@id\":\"https:\\\/\\\/blog.bedandbreakfast.eu\\\/nl\\\/#website\",\"url\":\"https:\\\/\\\/blog.bedandbreakfast.eu\\\/nl\\\/\",\"name\":\"Bed and Breakfast Blog | Bedandbreakfast.eu\",\"description\":\"Un blog sobre Bed and Breakfasts especiales, proporcionado por Bedandbreakfast.eu. \u00a1Nueva inspiraci\u00f3n para pernoctaciones y excursiones a los lugares de B&amp;B m\u00e1s hermosos del mundo!\",\"potentialAction\":[{\"@type\":\"SearchAction\",\"target\":{\"@type\":\"EntryPoint\",\"urlTemplate\":\"https:\\\/\\\/blog.bedandbreakfast.eu\\\/nl\\\/?s={search_term_string}\"},\"query-input\":{\"@type\":\"PropertyValueSpecification\",\"valueRequired\":true,\"valueName\":\"search_term_string\"}}],\"inLanguage\":\"es-ES\"},{\"@type\":\"Person\",\"@id\":\"https:\\\/\\\/blog.bedandbreakfast.eu\\\/nl\\\/#\\\/schema\\\/person\\\/67b073e29bb513e7985fafe8916b1acf\",\"name\":\"Elena Ribal Ruiz\",\"image\":{\"@type\":\"ImageObject\",\"inLanguage\":\"es-ES\",\"@id\":\"https:\\\/\\\/blog.bedandbreakfast.eu\\\/wp-content\\\/uploads\\\/2022\\\/11\\\/20221018_Bed_and_Breakfast_008_2371-1-300x300.jpge674eda9806ac26c45d1a84b8bfd75f4\",\"url\":\"https:\\\/\\\/blog.bedandbreakfast.eu\\\/wp-content\\\/uploads\\\/2022\\\/11\\\/20221018_Bed_and_Breakfast_008_2371-1-300x300.jpg\",\"contentUrl\":\"https:\\\/\\\/blog.bedandbreakfast.eu\\\/wp-content\\\/uploads\\\/2022\\\/11\\\/20221018_Bed_and_Breakfast_008_2371-1-300x300.jpg\",\"caption\":\"Elena Ribal Ruiz\"},\"description\":\"De Barcelona pero viviendo en Holanda. Siempre pensando en mi pr\u00f3ximo viaje y buscando el mejor alojamiento. Viajar es la mejor manera de conocerte a ti mismo.\",\"url\":\"https:\\\/\\\/blog.bedandbreakfast.eu\\\/es\\\/author\\\/elena\\\/\"}]}<\/script>\n<!-- \/ Yoast SEO plugin. -->","yoast_head_json":{"title":"\u00bfD\u00f3nde viajar en Septiembre por Espa\u00f1a? | Bedandbreakfast.eu","description":"El verano est\u00e1 acabando, y por eso te proponemos una escapada de \u00faltima hora. Viajar en septiembre te da la oportunidad de descubrir lugares como Ibiza y Sevilla sin muchos turistas, pero con un clima envidiable. \u00a1Haz las maletas y reserva un B&B para embarcarte en tu \u00faltimo viaje para cargar pilas para el invierno!","robots":{"index":"index","follow":"follow","max-snippet":"max-snippet:-1","max-image-preview":"max-image-preview:large","max-video-preview":"max-video-preview:-1"},"canonical":"https:\/\/blog.bedandbreakfast.eu\/es\/donde-viajar-en-septiembre-por-espana\/","og_locale":"es_ES","og_type":"article","og_title":"\u00bfD\u00f3nde viajar en Septiembre por Espa\u00f1a? | Bedandbreakfast.eu","og_description":"El verano est\u00e1 acabando, y por eso te proponemos una escapada de \u00faltima hora. Viajar en septiembre te da la oportunidad de descubrir lugares como Ibiza y Sevilla sin muchos turistas, pero con un clima envidiable. \u00a1Haz las maletas y reserva un B&B para embarcarte en tu \u00faltimo viaje para cargar pilas para el invierno!","og_url":"https:\/\/blog.bedandbreakfast.eu\/es\/donde-viajar-en-septiembre-por-espana\/","og_site_name":"Bed and Breakfast Blog | Bedandbreakfast.eu","article_published_time":"2021-09-03T11:55:14+00:00","og_image":[{"width":1140,"height":453,"url":"https:\/\/blog.bedandbreakfast.eu\/wp-content\/uploads\/2021\/08\/bed-and-breakfast-europe-breakfast-sep-21-late-summer.jpg","type":"image\/jpeg"}],"author":"Elena Ribal Ruiz","twitter_card":"summary_large_image","twitter_misc":{"Escrito por":"Elena Ribal Ruiz","Tiempo de lectura":"2 minutes","Written by":"Elena Ribal Ruiz"},"schema":{"@context":"https:\/\/schema.org","@graph":[{"@type":"Article","@id":"https:\/\/blog.bedandbreakfast.eu\/es\/donde-viajar-en-septiembre-por-espana\/#article","isPartOf":{"@id":"https:\/\/blog.bedandbreakfast.eu\/es\/donde-viajar-en-septiembre-por-espana\/"},"author":{"name":"Elena Ribal Ruiz","@id":"https:\/\/blog.bedandbreakfast.eu\/nl\/#\/schema\/person\/67b073e29bb513e7985fafe8916b1acf"},"headline":"\u00bfD\u00f3nde viajar en Septiembre por Espa\u00f1a?","datePublished":"2021-09-03T11:55:14+00:00","mainEntityOfPage":{"@id":"https:\/\/blog.bedandbreakfast.eu\/es\/donde-viajar-en-septiembre-por-espana\/"},"wordCount":499,"commentCount":0,"image":{"@id":"https:\/\/blog.bedandbreakfast.eu\/es\/donde-viajar-en-septiembre-por-espana\/#primaryimage"},"thumbnailUrl":"https:\/\/blog.bedandbreakfast.eu\/wp-content\/uploads\/2021\/08\/bed-and-breakfast-europe-breakfast-sep-21-late-summer.jpg","keywords":["B&amp;B","bed &amp; breakfast","bed and breakfast","late holidays"],"articleSection":["Destinos Populares"],"inLanguage":"es-ES","potentialAction":[{"@type":"CommentAction","name":"Comment","target":["https:\/\/blog.bedandbreakfast.eu\/es\/donde-viajar-en-septiembre-por-espana\/#respond"]}]},{"@type":"WebPage","@id":"https:\/\/blog.bedandbreakfast.eu\/es\/donde-viajar-en-septiembre-por-espana\/","url":"https:\/\/blog.bedandbreakfast.eu\/es\/donde-viajar-en-septiembre-por-espana\/","name":"\u00bfD\u00f3nde viajar en Septiembre por Espa\u00f1a? | Bedandbreakfast.eu","isPartOf":{"@id":"https:\/\/blog.bedandbreakfast.eu\/nl\/#website"},"primaryImageOfPage":{"@id":"https:\/\/blog.bedandbreakfast.eu\/es\/donde-viajar-en-septiembre-por-espana\/#primaryimage"},"image":{"@id":"https:\/\/blog.bedandbreakfast.eu\/es\/donde-viajar-en-septiembre-por-espana\/#primaryimage"},"thumbnailUrl":"https:\/\/blog.bedandbreakfast.eu\/wp-content\/uploads\/2021\/08\/bed-and-breakfast-europe-breakfast-sep-21-late-summer.jpg","datePublished":"2021-09-03T11:55:14+00:00","author":{"@id":"https:\/\/blog.bedandbreakfast.eu\/nl\/#\/schema\/person\/67b073e29bb513e7985fafe8916b1acf"},"description":"El verano est\u00e1 acabando, y por eso te proponemos una escapada de \u00faltima hora. Viajar en septiembre te da la oportunidad de descubrir lugares como Ibiza y Sevilla sin muchos turistas, pero con un clima envidiable. \u00a1Haz las maletas y reserva un B&B para embarcarte en tu \u00faltimo viaje para cargar pilas para el invierno!","breadcrumb":{"@id":"https:\/\/blog.bedandbreakfast.eu\/es\/donde-viajar-en-septiembre-por-espana\/#breadcrumb"},"inLanguage":"es-ES","potentialAction":[{"@type":"ReadAction","target":["https:\/\/blog.bedandbreakfast.eu\/es\/donde-viajar-en-septiembre-por-espana\/"]}]},{"@type":"ImageObject","inLanguage":"es-ES","@id":"https:\/\/blog.bedandbreakfast.eu\/es\/donde-viajar-en-septiembre-por-espana\/#primaryimage","url":"https:\/\/blog.bedandbreakfast.eu\/wp-content\/uploads\/2021\/08\/bed-and-breakfast-europe-breakfast-sep-21-late-summer.jpg","contentUrl":"https:\/\/blog.bedandbreakfast.eu\/wp-content\/uploads\/2021\/08\/bed-and-breakfast-europe-breakfast-sep-21-late-summer.jpg","width":1140,"height":453},{"@type":"BreadcrumbList","@id":"https:\/\/blog.bedandbreakfast.eu\/es\/donde-viajar-en-septiembre-por-espana\/#breadcrumb","itemListElement":[{"@type":"ListItem","position":1,"name":"Home","item":"https:\/\/blog.bedandbreakfast.eu\/es\/"},{"@type":"ListItem","position":2,"name":"\u00bfD\u00f3nde viajar en Septiembre por Espa\u00f1a?"}]},{"@type":"WebSite","@id":"https:\/\/blog.bedandbreakfast.eu\/nl\/#website","url":"https:\/\/blog.bedandbreakfast.eu\/nl\/","name":"Bed and Breakfast Blog | Bedandbreakfast.eu","description":"Un blog sobre Bed and Breakfasts especiales, proporcionado por Bedandbreakfast.eu. \u00a1Nueva inspiraci\u00f3n para pernoctaciones y excursiones a los lugares de B&amp;B m\u00e1s hermosos del mundo!","potentialAction":[{"@type":"SearchAction","target":{"@type":"EntryPoint","urlTemplate":"https:\/\/blog.bedandbreakfast.eu\/nl\/?s={search_term_string}"},"query-input":{"@type":"PropertyValueSpecification","valueRequired":true,"valueName":"search_term_string"}}],"inLanguage":"es-ES"},{"@type":"Person","@id":"https:\/\/blog.bedandbreakfast.eu\/nl\/#\/schema\/person\/67b073e29bb513e7985fafe8916b1acf","name":"Elena Ribal Ruiz","image":{"@type":"ImageObject","inLanguage":"es-ES","@id":"https:\/\/blog.bedandbreakfast.eu\/wp-content\/uploads\/2022\/11\/20221018_Bed_and_Breakfast_008_2371-1-300x300.jpge674eda9806ac26c45d1a84b8bfd75f4","url":"https:\/\/blog.bedandbreakfast.eu\/wp-content\/uploads\/2022\/11\/20221018_Bed_and_Breakfast_008_2371-1-300x300.jpg","contentUrl":"https:\/\/blog.bedandbreakfast.eu\/wp-content\/uploads\/2022\/11\/20221018_Bed_and_Breakfast_008_2371-1-300x300.jpg","caption":"Elena Ribal Ruiz"},"description":"De Barcelona pero viviendo en Holanda. Siempre pensando en mi pr\u00f3ximo viaje y buscando el mejor alojamiento. Viajar es la mejor manera de conocerte a ti mismo.","url":"https:\/\/blog.bedandbreakfast.eu\/es\/author\/elena\/"}]}},"jetpack_featured_media_url":"https:\/\/blog.bedandbreakfast.eu\/wp-content\/uploads\/2021\/08\/bed-and-breakfast-europe-breakfast-sep-21-late-summer.jpg","jetpack_shortlink":"https:\/\/wp.me\/p9vhf3-76X","jetpack_sharing_enabled":true,"_links":{"self":[{"href":"https:\/\/blog.bedandbreakfast.eu\/es\/wp-json\/wp\/v2\/posts\/27339","targetHints":{"allow":["GET"]}}],"collection":[{"href":"https:\/\/blog.bedandbreakfast.eu\/es\/wp-json\/wp\/v2\/posts"}],"about":[{"href":"https:\/\/blog.bedandbreakfast.eu\/es\/wp-json\/wp\/v2\/types\/post"}],"author":[{"embeddable":true,"href":"https:\/\/blog.bedandbreakfast.eu\/es\/wp-json\/wp\/v2\/users\/19"}],"replies":[{"embeddable":true,"href":"https:\/\/blog.bedandbreakfast.eu\/es\/wp-json\/wp\/v2\/comments?post=27339"}],"version-history":[{"count":7,"href":"https:\/\/blog.bedandbreakfast.eu\/es\/wp-json\/wp\/v2\/posts\/27339\/revisions"}],"predecessor-version":[{"id":27472,"href":"https:\/\/blog.bedandbreakfast.eu\/es\/wp-json\/wp\/v2\/posts\/27339\/revisions\/27472"}],"wp:featuredmedia":[{"embeddable":true,"href":"https:\/\/blog.bedandbreakfast.eu\/es\/wp-json\/wp\/v2\/media\/27104"}],"wp:attachment":[{"href":"https:\/\/blog.bedandbreakfast.eu\/es\/wp-json\/wp\/v2\/media?parent=27339"}],"wp:term":[{"taxonomy":"category","embeddable":true,"href":"https:\/\/blog.bedandbreakfast.eu\/es\/wp-json\/wp\/v2\/categories?post=27339"},{"taxonomy":"post_tag","embeddable":true,"href":"https:\/\/blog.bedandbreakfast.eu\/es\/wp-json\/wp\/v2\/tags?post=27339"},{"taxonomy":"author","embeddable":true,"href":"https:\/\/blog.bedandbreakfast.eu\/es\/wp-json\/wp\/v2\/coauthors?post=27339"}],"curies":[{"name":"wp","href":"https:\/\/api.w.org\/{rel}","templated":true}]}}