{"id":24355,"date":"2021-04-30T09:00:27","date_gmt":"2021-04-30T09:00:27","guid":{"rendered":"https:\/\/blog.bedandbreakfast.eu\/?p=24355"},"modified":"2021-04-30T09:33:10","modified_gmt":"2021-04-30T09:33:10","slug":"vacaciones-en-localizaciones-de-cine-de-europa","status":"publish","type":"post","link":"https:\/\/blog.bedandbreakfast.eu\/es\/vacaciones-en-localizaciones-de-cine-de-europa\/","title":{"rendered":"Vacaciones en Localizaciones de Cine de Europa"},"content":{"rendered":"<p><a href=\"https:\/\/www.bedandbreakfast.eu\/bed-and-breakfast-es\/bermeo\/espana\/c3128174\" target=\"_blank\" rel=\"noopener noreferrer\"><img loading=\"lazy\" decoding=\"async\" class=\"alignnone wp-image-24383 size-full\" title=\"Bed and Breakfast Bermeo\" src=\"https://blog.bedandbreakfast.eu/wp-content\/uploads\/2021\/04\/BB_Bermeo.jpg\" alt=\"Bedandbreakfast.eu, Vacaciones en Localizaciones de Cine de Europa\" width=\"810\" height=\"450\" srcset=\"https:\/\/blog.bedandbreakfast.eu\/wp-content\/uploads\/2021\/04\/BB_Bermeo.jpg 810w, https:\/\/blog.bedandbreakfast.eu\/wp-content\/uploads\/2021\/04\/BB_Bermeo-300x167.jpg 300w, https:\/\/blog.bedandbreakfast.eu\/wp-content\/uploads\/2021\/04\/BB_Bermeo-768x427.jpg 768w\" sizes=\"auto, (max-width: 810px) 100vw, 810px\" \/><\/a><\/p>\n<h4><b>Ruta de Juego de Tronos por Espa\u00f1a<\/b><\/h4>\n<p><span style=\"font-weight: 400;\">Seguro que habr\u00e1s visto la serie Juego de Tronos y habr\u00e1s pensado \u201cdonde se ha grabado eso\u201d, por eso te vamos a ense\u00f1ar algunas localizaciones donde se ha grabado esta serie. Empezando por el Pa\u00eds Vasco nos encontramos San Juan de Gaztelugatxe en Bermeo (Rocadrag\u00f3n), una de las im\u00e1genes m\u00e1s emblem\u00e1ticas de Juego de Tronos. En Catalunya conocemos Girona y su catedral, que forman parte de Desembarco del Rey en la serie, y si nos vamos para el sur conoceremos Pe\u00f1\u00edscola, como Meereen o si bajamos hasta Sevilla, reconoceremos los Jardines del Agua de Dorne en el bonito Alc\u00e1zar de Sevilla.\u00a0<\/span><\/p>\n<ul>\n<li style=\"font-weight: 400;\" aria-level=\"1\"><a href=\"https:\/\/www.bedandbreakfast.eu\/bed-and-breakfast-es\/bermeo\/espana\/c3128174\" target=\"_blank\" rel=\"noopener noreferrer\"><span style=\"font-weight: 400;\">Bermeo<\/span><\/a><\/li>\n<li style=\"font-weight: 400;\" aria-level=\"1\"><a href=\"https:\/\/www.bedandbreakfast.eu\/bed-and-breakfast-es\/girona\/espana\/c3121456\" target=\"_blank\" rel=\"noopener noreferrer\"><span style=\"font-weight: 400;\">Girona<\/span><\/a><\/li>\n<li style=\"font-weight: 400;\" aria-level=\"1\"><a href=\"https:\/\/www.bedandbreakfast.eu\/bed-and-breakfast-es\/peniscola\/espana\/c3113860\" target=\"_blank\" rel=\"noopener noreferrer\"><span style=\"font-weight: 400;\">Pe\u00f1\u00edscola<\/span><\/a><\/li>\n<li style=\"font-weight: 400;\" aria-level=\"1\"><a href=\"https:\/\/www.bedandbreakfast.eu\/bed-and-breakfast-es\/sevilla\/espana\/c2510911\" target=\"_blank\" rel=\"noopener noreferrer\"><span style=\"font-weight: 400;\">Sevilla<\/span><\/a><\/li>\n<\/ul>\n<p><a href=\"https:\/\/www.bedandbreakfast.eu\/bed-and-breakfast-es\/amsterdam\/holanda\/c2759794\" target=\"_blank\" rel=\"noopener noreferrer\"><img loading=\"lazy\" decoding=\"async\" class=\"alignnone wp-image-24544 size-full\" title=\"Bed and Breakfast \u00c1msterdam\" src=\"https://blog.bedandbreakfast.eu/wp-content\/uploads\/2021\/04\/bed-and-breakfast-europe-breakfast-may-21-amsterdam.jpg\" alt=\"\" width=\"810\" height=\"450\" srcset=\"https:\/\/blog.bedandbreakfast.eu\/wp-content\/uploads\/2021\/04\/bed-and-breakfast-europe-breakfast-may-21-amsterdam.jpg 810w, https:\/\/blog.bedandbreakfast.eu\/wp-content\/uploads\/2021\/04\/bed-and-breakfast-europe-breakfast-may-21-amsterdam-300x167.jpg 300w, https:\/\/blog.bedandbreakfast.eu\/wp-content\/uploads\/2021\/04\/bed-and-breakfast-europe-breakfast-may-21-amsterdam-768x427.jpg 768w\" sizes=\"auto, (max-width: 810px) 100vw, 810px\" \/><\/a><\/p>\n<h4><b>Bajo la Misma Estrella &#8211; \u00c1msterdam<\/b><\/h4>\n<p><span style=\"font-weight: 400;\">Si has visto la pel\u00edcula Bajo la Misma Estrella, entonces seguramente has puesto las famosas localizaciones de \u00c1msterdam en tu lista de sitios que visitar. Tal y como hacen los protagonistas americanos Hazel y Augustus, puedes pasear por el centro hist\u00f3rico,\u00a0 los cuales buscan al misterioso escritor Peter van Houten en este drama rom\u00e1ntico. Puedes encontrar la casa en la ficci\u00f3n de este escritor en Vondelstraat, cerca de Vondelpark. Tomate tu tiempo y reserva un B&amp;B. Luego tambi\u00e9n puedes visitar el Rijksmuseum, el famoso banco en Leidsegracht y la Casa de Anne Frank.\u00a0<\/span><\/p>\n<p><strong><a class=\"mks_button mks_button_medium rounded\" href=\"https:\/\/www.bedandbreakfast.eu\/bed-and-breakfast-es\/amsterdam\/holanda\/c2759794\" target=\"_blank\" style=\"color: #FFFFFF; background-color: #e3458c;\" >Bed and Breakfast \u00c1msterdam<\/a><\/strong><\/p>\n<p><a href=\"https:\/\/www.bedandbreakfast.eu\/bed-and-breakfast-es\/berlin\/alemania\/c2950159\" target=\"_blank\" rel=\"noopener noreferrer\"><img loading=\"lazy\" decoding=\"async\" class=\"alignnone wp-image-24376 size-full\" title=\"Bed and Breakfast Berl\u00edn\" src=\"https://blog.bedandbreakfast.eu/wp-content\/uploads\/2021\/04\/Blog_week17_Berlin_DE.jpg\" alt=\"\" width=\"810\" height=\"450\" srcset=\"https:\/\/blog.bedandbreakfast.eu\/wp-content\/uploads\/2021\/04\/Blog_week17_Berlin_DE.jpg 810w, https:\/\/blog.bedandbreakfast.eu\/wp-content\/uploads\/2021\/04\/Blog_week17_Berlin_DE-300x167.jpg 300w, https:\/\/blog.bedandbreakfast.eu\/wp-content\/uploads\/2021\/04\/Blog_week17_Berlin_DE-768x427.jpg 768w\" sizes=\"auto, (max-width: 810px) 100vw, 810px\" \/><\/a><\/p>\n<h4><b>Babylon Berlin &#8211; Alemania<\/b><\/h4>\n<p><span style=\"font-weight: 400;\">Viaja a los a\u00f1os 20 del siglo pasado y descubre las incre\u00edbles localizaciones de la serie de cr\u00edmenes Babylon Berlin. Esta ha sido la producci\u00f3n alemana m\u00e1s cara, lo que impuls\u00f3 la vida de la capital alemana con el fascismo que estaba emergente en esa \u00e9poca. Descubre Berl\u00edn los lugares m\u00e1s famosos de esta premiada serie, as\u00ed como el Red City Hall como comisaria de la polic\u00eda, los famosos estudios Babelsberg y la Alexanderplatz.\u00a0<\/span><\/p>\n<p><strong><a class=\"mks_button mks_button_medium rounded\" href=\"https:\/\/www.bedandbreakfast.eu\/bed-and-breakfast-es\/berlin\/alemania\/c2950159\" target=\"_blank\" style=\"color: #FFFFFF; background-color: #e3458c;\" >Bed and Breakfast Berl\u00edn<\/a><\/strong><\/p>\n<p><a href=\"https:\/\/www.bedandbreakfast.eu\/bed-and-breakfast-es\/roma\/italia\/c3169070\" target=\"_blank\" rel=\"noopener noreferrer\"><img loading=\"lazy\" decoding=\"async\" class=\"alignnone wp-image-24702 size-full\" title=\"Bed and Breakfast Roma\" src=\"https://blog.bedandbreakfast.eu/wp-content\/uploads\/2021\/04\/vaticano.jpg\" alt=\"\" width=\"810\" height=\"450\" srcset=\"https:\/\/blog.bedandbreakfast.eu\/wp-content\/uploads\/2021\/04\/vaticano.jpg 810w, https:\/\/blog.bedandbreakfast.eu\/wp-content\/uploads\/2021\/04\/vaticano-300x167.jpg 300w, https:\/\/blog.bedandbreakfast.eu\/wp-content\/uploads\/2021\/04\/vaticano-768x427.jpg 768w\" sizes=\"auto, (max-width: 810px) 100vw, 810px\" \/><\/a><\/p>\n<h4><b>\u201cThe young Pope\u201d &#8211; Roma<\/b><\/h4>\n<p><span style=\"font-weight: 400;\">Un paseo por las localizaciones de la famosa serie \u201cThe Young Pope\u201d, que te ayudar\u00e1 a descubrir la Roma Papal a trav\u00e9s de un punto de vista \u00fanico. La Capilla Sixtina y otros lugares sagrados fueron reproducidos en el gran estudio cinematogr\u00e1fico Cinecitt\u00e0, pero muchas escenas exteriores fueron grabadas en los Jardines Bot\u00e1nicos y los jardines de Villa Doria Pamphilj. Las famosas escenas de la confesi\u00f3n, fueron grabadas en la iglesia de San Anselmo en la Aventine, mientras otras fueron grabadas dentro de la Capilla de Monte di Piet\u00e0.\u00a0<\/span><\/p>\n<p><strong><a class=\"mks_button mks_button_medium rounded\" href=\"https:\/\/www.bedandbreakfast.eu\/bed-and-breakfast-es\/roma\/italia\/c3169070\" target=\"_blank\" style=\"color: #FFFFFF; background-color: #e3458c;\" >Bed and Breakfast Roma<\/a><\/strong><\/p>\n<p><a href=\"https:\/\/www.bedandbreakfast.eu\/bed-and-breakfast-es\/londres\/reino-unido\/c2643743\" target=\"_blank\" rel=\"noopener noreferrer\"><img loading=\"lazy\" decoding=\"async\" class=\"alignnone wp-image-24671 size-full\" title=\"Bed and Breakfast Greenwich\" src=\"https://blog.bedandbreakfast.eu/wp-content\/uploads\/2021\/04\/BB_Greenwich.jpg\" alt=\"\" width=\"810\" height=\"450\" srcset=\"https:\/\/blog.bedandbreakfast.eu\/wp-content\/uploads\/2021\/04\/BB_Greenwich.jpg 810w, https:\/\/blog.bedandbreakfast.eu\/wp-content\/uploads\/2021\/04\/BB_Greenwich-300x167.jpg 300w, https:\/\/blog.bedandbreakfast.eu\/wp-content\/uploads\/2021\/04\/BB_Greenwich-768x427.jpg 768w\" sizes=\"auto, (max-width: 810px) 100vw, 810px\" \/><\/a><\/p>\n<h4><b>Bridgerton &#8211; Inglaterra<\/b><\/h4>\n<p><span style=\"font-weight: 400;\">La serie brit\u00e1nica del a\u00f1o ha sido el drama Bridgerton. Nos hemos quedado impresionados con las localizaciones de la serie tanto como con sus personajes. Pasea por el paisaje del siglo XVIII de Painshill Park en Surrey como Daphne o visita la casa de la familia Bridgerton en Greenwich en Londres. Puedes estar m\u00e1s cerca del Duque que nunca en la impresionante casa Wilton en Salisbury, y luego pasear por las calles adoquinadas del centro hist\u00f3rico de Bath donde la mayor\u00eda de casa fueron grabadas. \u00a1Puede ser que incluso de cruces con Lady Whistledown!<\/span><\/p>\n<ul>\n<li style=\"font-weight: 400;\" aria-level=\"1\"><a href=\"https:\/\/www.bedandbreakfast.eu\/bed-and-breakfast-es\/surrey\/region-candado-area-de-consejo\/reino-unido\/2636512\" target=\"_blank\" rel=\"noopener noreferrer\"><span style=\"font-weight: 400;\">Surrey<\/span><\/a><\/li>\n<li style=\"font-weight: 400;\" aria-level=\"1\"><a href=\"https:\/\/www.bedandbreakfast.eu\/bed-and-breakfast-es\/londres\/reino-unido\/c2643743\" target=\"_blank\" rel=\"noopener noreferrer\"><span style=\"font-weight: 400;\">Greenwich<\/span><\/a><\/li>\n<li style=\"font-weight: 400;\" aria-level=\"1\"><a href=\"https:\/\/www.bedandbreakfast.eu\/bed-and-breakfast-es\/salisbury\/reino-unido\/c2638664\" target=\"_blank\" rel=\"noopener noreferrer\"><span style=\"font-weight: 400;\">Salisbury<\/span><\/a><\/li>\n<li style=\"font-weight: 400;\" aria-level=\"1\"><a href=\"https:\/\/www.bedandbreakfast.eu\/bed-and-breakfast-es\/bath\/reino-unido\/c2656173\" target=\"_blank\" rel=\"noopener noreferrer\"><span style=\"font-weight: 400;\">Bath<\/span><\/a><\/li>\n<\/ul>\n<p><b><a href=\"https:\/\/www.bedandbreakfast.eu\/bed-and-breakfast-es\/paris\/francia\/c2988507\" target=\"_blank\" rel=\"noopener noreferrer\"><img loading=\"lazy\" decoding=\"async\" class=\"alignnone wp-image-24416 size-full\" title=\"Bed and Breakfast Par\u00eds\" src=\"https://blog.bedandbreakfast.eu/wp-content\/uploads\/2021\/04\/montmartre.jpg\" alt=\"\" width=\"810\" height=\"450\" srcset=\"https:\/\/blog.bedandbreakfast.eu\/wp-content\/uploads\/2021\/04\/montmartre.jpg 810w, https:\/\/blog.bedandbreakfast.eu\/wp-content\/uploads\/2021\/04\/montmartre-300x167.jpg 300w, https:\/\/blog.bedandbreakfast.eu\/wp-content\/uploads\/2021\/04\/montmartre-768x427.jpg 768w\" sizes=\"auto, (max-width: 810px) 100vw, 810px\" \/><\/a><\/b><\/p>\n<h4><b>Emily in Paris, la serie m\u00e1s francesa de Netflix<\/b><\/h4>\n<p><span style=\"font-weight: 400;\">A todos nos ha gustado ver como Emily, esta encantadora y joven americana, descubre una de las capitales m\u00e1s bonitas de Europa. A trav\u00e9s de Instagram, fotograf\u00eda y ense\u00f1a los lugares m\u00e1s bonitos de Par\u00eds. No hay nada m\u00e1s franc\u00e9s que comer en una terraza en \u00cele Saint-Louis con una buena amiga, salir de fiesta en Bastille y pasear por la noche al lado del r\u00edo Sena.\u00a0 Entre el Palais-Royal y la Place de l&#8217;Estrapade, en Montmartre o por el Canal Saint-Martin, revive los episodios de esta serie en sus localizaciones originales.\u00a0<\/span><\/p>\n<p><span style=\"font-weight: 400;\"> <strong><a class=\"mks_button mks_button_medium rounded\" href=\"https:\/\/www.bedandbreakfast.eu\/bed-and-breakfast-es\/paris\/francia\/c2988507\" target=\"_blank\" style=\"color: #FFFFFF; background-color: #e3458c;\" >Bed and Breakfast Par\u00eds<\/a><\/strong><\/span><\/p>\n<p><b>Comparte el art\u00edculo:<\/b><\/p>\n","protected":false},"excerpt":{"rendered":"<p>Si eres amante de las series y pel\u00edculas y siempre te preguntas d\u00f3nde se han grabado las localizaciones de tus proyectos de cine favoritos, aqu\u00ed tienes la lista que estabas buscando. Desde los lugares de Par\u00eds por donde paseaba Emily, hasta los paisajes m\u00e1s espectaculares de Juego de tronos. \u00a1Que empiece tu viaje de cine!<\/p>\n","protected":false},"author":19,"featured_media":24681,"comment_status":"open","ping_status":"open","sticky":false,"template":"","format":"standard","meta":{"_monsterinsights_skip_tracking":false,"_monsterinsights_sitenote_active":false,"_monsterinsights_sitenote_note":"","_monsterinsights_sitenote_category":0,"_jetpack_newsletter_access":"","_jetpack_dont_email_post_to_subs":false,"_jetpack_newsletter_tier_id":0,"_jetpack_memberships_contains_paywalled_content":false,"_jetpack_memberships_contains_paid_content":false,"footnotes":""},"categories":[3550],"tags":[2152,5970,5972,2153,661,5969,5971,5967,5964,5965,5966,5968],"coauthors":[3669],"class_list":["post-24355","post","type-post","status-publish","format-standard","has-post-thumbnail","hentry","category-destinos-populares-es","tag-bb-es","tag-babylon-berlin","tag-bajo-la-misma-estrella","tag-bed-breakfast-es","tag-bed-and-breakfast-es","tag-bridgerton","tag-emily-in-paris","tag-juego-de-tronos","tag-localizaciones-de-cine","tag-localizaciones-de-peliculas","tag-localizaciones-de-series","tag-the-young-pope"],"yoast_head":"<!-- This site is optimized with the Yoast SEO plugin v27.5 - https:\/\/yoast.com\/product\/yoast-seo-wordpress\/ -->\n<title>Vacaciones en Localizaciones de Cine de Europa | Bedandbreakfast.eu<\/title>\n<meta name=\"description\" content=\"Si eres amante de las series y pel\u00edculas y siempre te preguntas d\u00f3nde se han grabado las localizaciones de tus proyectos de cine favoritos, aqu\u00ed tienes la lista que estabas buscando. Desde los lugares de Par\u00eds por donde paseaba Emily, hasta los paisajes m\u00e1s espectaculares de Juego de tronos. \u00a1Que empiece tu viaje de cine!\" \/>\n<meta name=\"robots\" content=\"index, follow, max-snippet:-1, max-image-preview:large, max-video-preview:-1\" \/>\n<link rel=\"canonical\" href=\"https:\/\/blog.bedandbreakfast.eu\/es\/vacaciones-en-localizaciones-de-cine-de-europa\/\" \/>\n<meta property=\"og:locale\" content=\"es_ES\" \/>\n<meta property=\"og:type\" content=\"article\" \/>\n<meta property=\"og:title\" content=\"Vacaciones en Localizaciones de Cine de Europa | Bedandbreakfast.eu\" \/>\n<meta property=\"og:description\" content=\"Si eres amante de las series y pel\u00edculas y siempre te preguntas d\u00f3nde se han grabado las localizaciones de tus proyectos de cine favoritos, aqu\u00ed tienes la lista que estabas buscando. Desde los lugares de Par\u00eds por donde paseaba Emily, hasta los paisajes m\u00e1s espectaculares de Juego de tronos. \u00a1Que empiece tu viaje de cine!\" \/>\n<meta property=\"og:url\" content=\"https:\/\/blog.bedandbreakfast.eu\/es\/vacaciones-en-localizaciones-de-cine-de-europa\/\" \/>\n<meta property=\"og:site_name\" content=\"Bed and Breakfast Blog | Bedandbreakfast.eu\" \/>\n<meta property=\"article:published_time\" content=\"2021-04-30T09:00:27+00:00\" \/>\n<meta property=\"article:modified_time\" content=\"2021-04-30T09:33:10+00:00\" \/>\n<meta property=\"og:image\" content=\"https:\/\/blog.bedandbreakfast.eu\/wp-content\/uploads\/2021\/04\/Header_blog_public.jpg\" \/>\n\t<meta property=\"og:image:width\" content=\"1140\" \/>\n\t<meta property=\"og:image:height\" content=\"453\" \/>\n\t<meta property=\"og:image:type\" content=\"image\/jpeg\" \/>\n<meta name=\"author\" content=\"Elena Ribal Ruiz\" \/>\n<meta name=\"twitter:card\" content=\"summary_large_image\" \/>\n<meta name=\"twitter:label1\" content=\"Escrito por\" \/>\n\t<meta name=\"twitter:data1\" content=\"Elena Ribal Ruiz\" \/>\n\t<meta name=\"twitter:label2\" content=\"Tiempo de lectura\" \/>\n\t<meta name=\"twitter:data2\" content=\"4 minutes\" \/>\n\t<meta name=\"twitter:label3\" content=\"Written by\" \/>\n\t<meta name=\"twitter:data3\" content=\"Elena Ribal Ruiz\" \/>\n<script type=\"application\/ld+json\" class=\"yoast-schema-graph\">{\"@context\":\"https:\\\/\\\/schema.org\",\"@graph\":[{\"@type\":\"Article\",\"@id\":\"https:\\\/\\\/blog.bedandbreakfast.eu\\\/es\\\/vacaciones-en-localizaciones-de-cine-de-europa\\\/#article\",\"isPartOf\":{\"@id\":\"https:\\\/\\\/blog.bedandbreakfast.eu\\\/es\\\/vacaciones-en-localizaciones-de-cine-de-europa\\\/\"},\"author\":{\"name\":\"Elena Ribal Ruiz\",\"@id\":\"https:\\\/\\\/blog.bedandbreakfast.eu\\\/nl\\\/#\\\/schema\\\/person\\\/67b073e29bb513e7985fafe8916b1acf\"},\"headline\":\"Vacaciones en Localizaciones de Cine de Europa\",\"datePublished\":\"2021-04-30T09:00:27+00:00\",\"dateModified\":\"2021-04-30T09:33:10+00:00\",\"mainEntityOfPage\":{\"@id\":\"https:\\\/\\\/blog.bedandbreakfast.eu\\\/es\\\/vacaciones-en-localizaciones-de-cine-de-europa\\\/\"},\"wordCount\":772,\"commentCount\":0,\"image\":{\"@id\":\"https:\\\/\\\/blog.bedandbreakfast.eu\\\/es\\\/vacaciones-en-localizaciones-de-cine-de-europa\\\/#primaryimage\"},\"thumbnailUrl\":\"https:\\\/\\\/blog.bedandbreakfast.eu\\\/wp-content\\\/uploads\\\/2021\\\/04\\\/Header_blog_public.jpg\",\"keywords\":[\"B&amp;B\",\"Babylon Berlin\",\"Bajo la Misma Estrella\",\"bed &amp; breakfast\",\"bed and breakfast\",\"Bridgerton\",\"Emily in Paris\",\"Juego de Tronos\",\"localizaciones de cine\",\"localizaciones de pel\u00edculas\",\"localizaciones de series\",\"The young pope\"],\"articleSection\":[\"Destinos Populares\"],\"inLanguage\":\"es-ES\",\"potentialAction\":[{\"@type\":\"CommentAction\",\"name\":\"Comment\",\"target\":[\"https:\\\/\\\/blog.bedandbreakfast.eu\\\/es\\\/vacaciones-en-localizaciones-de-cine-de-europa\\\/#respond\"]}]},{\"@type\":\"WebPage\",\"@id\":\"https:\\\/\\\/blog.bedandbreakfast.eu\\\/es\\\/vacaciones-en-localizaciones-de-cine-de-europa\\\/\",\"url\":\"https:\\\/\\\/blog.bedandbreakfast.eu\\\/es\\\/vacaciones-en-localizaciones-de-cine-de-europa\\\/\",\"name\":\"Vacaciones en Localizaciones de Cine de Europa | Bedandbreakfast.eu\",\"isPartOf\":{\"@id\":\"https:\\\/\\\/blog.bedandbreakfast.eu\\\/nl\\\/#website\"},\"primaryImageOfPage\":{\"@id\":\"https:\\\/\\\/blog.bedandbreakfast.eu\\\/es\\\/vacaciones-en-localizaciones-de-cine-de-europa\\\/#primaryimage\"},\"image\":{\"@id\":\"https:\\\/\\\/blog.bedandbreakfast.eu\\\/es\\\/vacaciones-en-localizaciones-de-cine-de-europa\\\/#primaryimage\"},\"thumbnailUrl\":\"https:\\\/\\\/blog.bedandbreakfast.eu\\\/wp-content\\\/uploads\\\/2021\\\/04\\\/Header_blog_public.jpg\",\"datePublished\":\"2021-04-30T09:00:27+00:00\",\"dateModified\":\"2021-04-30T09:33:10+00:00\",\"author\":{\"@id\":\"https:\\\/\\\/blog.bedandbreakfast.eu\\\/nl\\\/#\\\/schema\\\/person\\\/67b073e29bb513e7985fafe8916b1acf\"},\"description\":\"Si eres amante de las series y pel\u00edculas y siempre te preguntas d\u00f3nde se han grabado las localizaciones de tus proyectos de cine favoritos, aqu\u00ed tienes la lista que estabas buscando. Desde los lugares de Par\u00eds por donde paseaba Emily, hasta los paisajes m\u00e1s espectaculares de Juego de tronos. \u00a1Que empiece tu viaje de cine!\",\"breadcrumb\":{\"@id\":\"https:\\\/\\\/blog.bedandbreakfast.eu\\\/es\\\/vacaciones-en-localizaciones-de-cine-de-europa\\\/#breadcrumb\"},\"inLanguage\":\"es-ES\",\"potentialAction\":[{\"@type\":\"ReadAction\",\"target\":[\"https:\\\/\\\/blog.bedandbreakfast.eu\\\/es\\\/vacaciones-en-localizaciones-de-cine-de-europa\\\/\"]}]},{\"@type\":\"ImageObject\",\"inLanguage\":\"es-ES\",\"@id\":\"https:\\\/\\\/blog.bedandbreakfast.eu\\\/es\\\/vacaciones-en-localizaciones-de-cine-de-europa\\\/#primaryimage\",\"url\":\"https:\\\/\\\/blog.bedandbreakfast.eu\\\/wp-content\\\/uploads\\\/2021\\\/04\\\/Header_blog_public.jpg\",\"contentUrl\":\"https:\\\/\\\/blog.bedandbreakfast.eu\\\/wp-content\\\/uploads\\\/2021\\\/04\\\/Header_blog_public.jpg\",\"width\":1140,\"height\":453},{\"@type\":\"BreadcrumbList\",\"@id\":\"https:\\\/\\\/blog.bedandbreakfast.eu\\\/es\\\/vacaciones-en-localizaciones-de-cine-de-europa\\\/#breadcrumb\",\"itemListElement\":[{\"@type\":\"ListItem\",\"position\":1,\"name\":\"Home\",\"item\":\"https:\\\/\\\/blog.bedandbreakfast.eu\\\/es\\\/\"},{\"@type\":\"ListItem\",\"position\":2,\"name\":\"Vacaciones en Localizaciones de Cine de Europa\"}]},{\"@type\":\"WebSite\",\"@id\":\"https:\\\/\\\/blog.bedandbreakfast.eu\\\/nl\\\/#website\",\"url\":\"https:\\\/\\\/blog.bedandbreakfast.eu\\\/nl\\\/\",\"name\":\"Bed and Breakfast Blog | Bedandbreakfast.eu\",\"description\":\"Un blog sobre Bed and Breakfasts especiales, proporcionado por Bedandbreakfast.eu. \u00a1Nueva inspiraci\u00f3n para pernoctaciones y excursiones a los lugares de B&amp;B m\u00e1s hermosos del mundo!\",\"potentialAction\":[{\"@type\":\"SearchAction\",\"target\":{\"@type\":\"EntryPoint\",\"urlTemplate\":\"https:\\\/\\\/blog.bedandbreakfast.eu\\\/nl\\\/?s={search_term_string}\"},\"query-input\":{\"@type\":\"PropertyValueSpecification\",\"valueRequired\":true,\"valueName\":\"search_term_string\"}}],\"inLanguage\":\"es-ES\"},{\"@type\":\"Person\",\"@id\":\"https:\\\/\\\/blog.bedandbreakfast.eu\\\/nl\\\/#\\\/schema\\\/person\\\/67b073e29bb513e7985fafe8916b1acf\",\"name\":\"Elena Ribal Ruiz\",\"image\":{\"@type\":\"ImageObject\",\"inLanguage\":\"es-ES\",\"@id\":\"https:\\\/\\\/blog.bedandbreakfast.eu\\\/wp-content\\\/uploads\\\/2022\\\/11\\\/20221018_Bed_and_Breakfast_008_2371-1-300x300.jpge674eda9806ac26c45d1a84b8bfd75f4\",\"url\":\"https:\\\/\\\/blog.bedandbreakfast.eu\\\/wp-content\\\/uploads\\\/2022\\\/11\\\/20221018_Bed_and_Breakfast_008_2371-1-300x300.jpg\",\"contentUrl\":\"https:\\\/\\\/blog.bedandbreakfast.eu\\\/wp-content\\\/uploads\\\/2022\\\/11\\\/20221018_Bed_and_Breakfast_008_2371-1-300x300.jpg\",\"caption\":\"Elena Ribal Ruiz\"},\"description\":\"De Barcelona pero viviendo en Holanda. Siempre pensando en mi pr\u00f3ximo viaje y buscando el mejor alojamiento. Viajar es la mejor manera de conocerte a ti mismo.\",\"url\":\"https:\\\/\\\/blog.bedandbreakfast.eu\\\/es\\\/author\\\/elena\\\/\"}]}<\/script>\n<!-- \/ Yoast SEO plugin. -->","yoast_head_json":{"title":"Vacaciones en Localizaciones de Cine de Europa | Bedandbreakfast.eu","description":"Si eres amante de las series y pel\u00edculas y siempre te preguntas d\u00f3nde se han grabado las localizaciones de tus proyectos de cine favoritos, aqu\u00ed tienes la lista que estabas buscando. Desde los lugares de Par\u00eds por donde paseaba Emily, hasta los paisajes m\u00e1s espectaculares de Juego de tronos. \u00a1Que empiece tu viaje de cine!","robots":{"index":"index","follow":"follow","max-snippet":"max-snippet:-1","max-image-preview":"max-image-preview:large","max-video-preview":"max-video-preview:-1"},"canonical":"https:\/\/blog.bedandbreakfast.eu\/es\/vacaciones-en-localizaciones-de-cine-de-europa\/","og_locale":"es_ES","og_type":"article","og_title":"Vacaciones en Localizaciones de Cine de Europa | Bedandbreakfast.eu","og_description":"Si eres amante de las series y pel\u00edculas y siempre te preguntas d\u00f3nde se han grabado las localizaciones de tus proyectos de cine favoritos, aqu\u00ed tienes la lista que estabas buscando. Desde los lugares de Par\u00eds por donde paseaba Emily, hasta los paisajes m\u00e1s espectaculares de Juego de tronos. \u00a1Que empiece tu viaje de cine!","og_url":"https:\/\/blog.bedandbreakfast.eu\/es\/vacaciones-en-localizaciones-de-cine-de-europa\/","og_site_name":"Bed and Breakfast Blog | Bedandbreakfast.eu","article_published_time":"2021-04-30T09:00:27+00:00","article_modified_time":"2021-04-30T09:33:10+00:00","og_image":[{"width":1140,"height":453,"url":"https:\/\/blog.bedandbreakfast.eu\/wp-content\/uploads\/2021\/04\/Header_blog_public.jpg","type":"image\/jpeg"}],"author":"Elena Ribal Ruiz","twitter_card":"summary_large_image","twitter_misc":{"Escrito por":"Elena Ribal Ruiz","Tiempo de lectura":"4 minutes","Written by":"Elena Ribal Ruiz"},"schema":{"@context":"https:\/\/schema.org","@graph":[{"@type":"Article","@id":"https:\/\/blog.bedandbreakfast.eu\/es\/vacaciones-en-localizaciones-de-cine-de-europa\/#article","isPartOf":{"@id":"https:\/\/blog.bedandbreakfast.eu\/es\/vacaciones-en-localizaciones-de-cine-de-europa\/"},"author":{"name":"Elena Ribal Ruiz","@id":"https:\/\/blog.bedandbreakfast.eu\/nl\/#\/schema\/person\/67b073e29bb513e7985fafe8916b1acf"},"headline":"Vacaciones en Localizaciones de Cine de Europa","datePublished":"2021-04-30T09:00:27+00:00","dateModified":"2021-04-30T09:33:10+00:00","mainEntityOfPage":{"@id":"https:\/\/blog.bedandbreakfast.eu\/es\/vacaciones-en-localizaciones-de-cine-de-europa\/"},"wordCount":772,"commentCount":0,"image":{"@id":"https:\/\/blog.bedandbreakfast.eu\/es\/vacaciones-en-localizaciones-de-cine-de-europa\/#primaryimage"},"thumbnailUrl":"https:\/\/blog.bedandbreakfast.eu\/wp-content\/uploads\/2021\/04\/Header_blog_public.jpg","keywords":["B&amp;B","Babylon Berlin","Bajo la Misma Estrella","bed &amp; breakfast","bed and breakfast","Bridgerton","Emily in Paris","Juego de Tronos","localizaciones de cine","localizaciones de pel\u00edculas","localizaciones de series","The young pope"],"articleSection":["Destinos Populares"],"inLanguage":"es-ES","potentialAction":[{"@type":"CommentAction","name":"Comment","target":["https:\/\/blog.bedandbreakfast.eu\/es\/vacaciones-en-localizaciones-de-cine-de-europa\/#respond"]}]},{"@type":"WebPage","@id":"https:\/\/blog.bedandbreakfast.eu\/es\/vacaciones-en-localizaciones-de-cine-de-europa\/","url":"https:\/\/blog.bedandbreakfast.eu\/es\/vacaciones-en-localizaciones-de-cine-de-europa\/","name":"Vacaciones en Localizaciones de Cine de Europa | Bedandbreakfast.eu","isPartOf":{"@id":"https:\/\/blog.bedandbreakfast.eu\/nl\/#website"},"primaryImageOfPage":{"@id":"https:\/\/blog.bedandbreakfast.eu\/es\/vacaciones-en-localizaciones-de-cine-de-europa\/#primaryimage"},"image":{"@id":"https:\/\/blog.bedandbreakfast.eu\/es\/vacaciones-en-localizaciones-de-cine-de-europa\/#primaryimage"},"thumbnailUrl":"https:\/\/blog.bedandbreakfast.eu\/wp-content\/uploads\/2021\/04\/Header_blog_public.jpg","datePublished":"2021-04-30T09:00:27+00:00","dateModified":"2021-04-30T09:33:10+00:00","author":{"@id":"https:\/\/blog.bedandbreakfast.eu\/nl\/#\/schema\/person\/67b073e29bb513e7985fafe8916b1acf"},"description":"Si eres amante de las series y pel\u00edculas y siempre te preguntas d\u00f3nde se han grabado las localizaciones de tus proyectos de cine favoritos, aqu\u00ed tienes la lista que estabas buscando. Desde los lugares de Par\u00eds por donde paseaba Emily, hasta los paisajes m\u00e1s espectaculares de Juego de tronos. \u00a1Que empiece tu viaje de cine!","breadcrumb":{"@id":"https:\/\/blog.bedandbreakfast.eu\/es\/vacaciones-en-localizaciones-de-cine-de-europa\/#breadcrumb"},"inLanguage":"es-ES","potentialAction":[{"@type":"ReadAction","target":["https:\/\/blog.bedandbreakfast.eu\/es\/vacaciones-en-localizaciones-de-cine-de-europa\/"]}]},{"@type":"ImageObject","inLanguage":"es-ES","@id":"https:\/\/blog.bedandbreakfast.eu\/es\/vacaciones-en-localizaciones-de-cine-de-europa\/#primaryimage","url":"https:\/\/blog.bedandbreakfast.eu\/wp-content\/uploads\/2021\/04\/Header_blog_public.jpg","contentUrl":"https:\/\/blog.bedandbreakfast.eu\/wp-content\/uploads\/2021\/04\/Header_blog_public.jpg","width":1140,"height":453},{"@type":"BreadcrumbList","@id":"https:\/\/blog.bedandbreakfast.eu\/es\/vacaciones-en-localizaciones-de-cine-de-europa\/#breadcrumb","itemListElement":[{"@type":"ListItem","position":1,"name":"Home","item":"https:\/\/blog.bedandbreakfast.eu\/es\/"},{"@type":"ListItem","position":2,"name":"Vacaciones en Localizaciones de Cine de Europa"}]},{"@type":"WebSite","@id":"https:\/\/blog.bedandbreakfast.eu\/nl\/#website","url":"https:\/\/blog.bedandbreakfast.eu\/nl\/","name":"Bed and Breakfast Blog | Bedandbreakfast.eu","description":"Un blog sobre Bed and Breakfasts especiales, proporcionado por Bedandbreakfast.eu. \u00a1Nueva inspiraci\u00f3n para pernoctaciones y excursiones a los lugares de B&amp;B m\u00e1s hermosos del mundo!","potentialAction":[{"@type":"SearchAction","target":{"@type":"EntryPoint","urlTemplate":"https:\/\/blog.bedandbreakfast.eu\/nl\/?s={search_term_string}"},"query-input":{"@type":"PropertyValueSpecification","valueRequired":true,"valueName":"search_term_string"}}],"inLanguage":"es-ES"},{"@type":"Person","@id":"https:\/\/blog.bedandbreakfast.eu\/nl\/#\/schema\/person\/67b073e29bb513e7985fafe8916b1acf","name":"Elena Ribal Ruiz","image":{"@type":"ImageObject","inLanguage":"es-ES","@id":"https:\/\/blog.bedandbreakfast.eu\/wp-content\/uploads\/2022\/11\/20221018_Bed_and_Breakfast_008_2371-1-300x300.jpge674eda9806ac26c45d1a84b8bfd75f4","url":"https:\/\/blog.bedandbreakfast.eu\/wp-content\/uploads\/2022\/11\/20221018_Bed_and_Breakfast_008_2371-1-300x300.jpg","contentUrl":"https:\/\/blog.bedandbreakfast.eu\/wp-content\/uploads\/2022\/11\/20221018_Bed_and_Breakfast_008_2371-1-300x300.jpg","caption":"Elena Ribal Ruiz"},"description":"De Barcelona pero viviendo en Holanda. Siempre pensando en mi pr\u00f3ximo viaje y buscando el mejor alojamiento. Viajar es la mejor manera de conocerte a ti mismo.","url":"https:\/\/blog.bedandbreakfast.eu\/es\/author\/elena\/"}]}},"jetpack_featured_media_url":"https:\/\/blog.bedandbreakfast.eu\/wp-content\/uploads\/2021\/04\/Header_blog_public.jpg","jetpack_shortlink":"https:\/\/wp.me\/p9vhf3-6kP","jetpack_sharing_enabled":true,"_links":{"self":[{"href":"https:\/\/blog.bedandbreakfast.eu\/es\/wp-json\/wp\/v2\/posts\/24355","targetHints":{"allow":["GET"]}}],"collection":[{"href":"https:\/\/blog.bedandbreakfast.eu\/es\/wp-json\/wp\/v2\/posts"}],"about":[{"href":"https:\/\/blog.bedandbreakfast.eu\/es\/wp-json\/wp\/v2\/types\/post"}],"author":[{"embeddable":true,"href":"https:\/\/blog.bedandbreakfast.eu\/es\/wp-json\/wp\/v2\/users\/19"}],"replies":[{"embeddable":true,"href":"https:\/\/blog.bedandbreakfast.eu\/es\/wp-json\/wp\/v2\/comments?post=24355"}],"version-history":[{"count":12,"href":"https:\/\/blog.bedandbreakfast.eu\/es\/wp-json\/wp\/v2\/posts\/24355\/revisions"}],"predecessor-version":[{"id":24727,"href":"https:\/\/blog.bedandbreakfast.eu\/es\/wp-json\/wp\/v2\/posts\/24355\/revisions\/24727"}],"wp:featuredmedia":[{"embeddable":true,"href":"https:\/\/blog.bedandbreakfast.eu\/es\/wp-json\/wp\/v2\/media\/24681"}],"wp:attachment":[{"href":"https:\/\/blog.bedandbreakfast.eu\/es\/wp-json\/wp\/v2\/media?parent=24355"}],"wp:term":[{"taxonomy":"category","embeddable":true,"href":"https:\/\/blog.bedandbreakfast.eu\/es\/wp-json\/wp\/v2\/categories?post=24355"},{"taxonomy":"post_tag","embeddable":true,"href":"https:\/\/blog.bedandbreakfast.eu\/es\/wp-json\/wp\/v2\/tags?post=24355"},{"taxonomy":"author","embeddable":true,"href":"https:\/\/blog.bedandbreakfast.eu\/es\/wp-json\/wp\/v2\/coauthors?post=24355"}],"curies":[{"name":"wp","href":"https:\/\/api.w.org\/{rel}","templated":true}]}}