{"id":20366,"date":"2020-10-02T08:00:13","date_gmt":"2020-10-02T08:00:13","guid":{"rendered":"https:\/\/blog.bedandbreakfast.eu\/?p=20366"},"modified":"2020-10-02T08:36:13","modified_gmt":"2020-10-02T08:36:13","slug":"turismo-sostenible-slow-travel-en-espana","status":"publish","type":"post","link":"https:\/\/blog.bedandbreakfast.eu\/es\/turismo-sostenible-slow-travel-en-espana\/","title":{"rendered":"Turismo Sostenible: Slow Travel en Espa\u00f1a"},"content":{"rendered":"<p><a href=\"https:\/\/www.bedandbreakfast.eu\/bed-and-breakfast-es\/bubion\/espana\/c2520781\" target=\"_blank\" rel=\"noopener noreferrer\"><img loading=\"lazy\" decoding=\"async\" class=\"alignnone wp-image-20368 size-full\" title=\"Bed and Breakfast Bubi\u00f3n\" src=\"https://blog.bedandbreakfast.eu/wp-content\/uploads\/2020\/09\/BB_Bubion.jpg\" alt=\"Bedandbreakfast.eu; Turismo Sostenible: Slow Travel en Espa\u00f1a\" width=\"810\" height=\"450\" srcset=\"https:\/\/blog.bedandbreakfast.eu\/wp-content\/uploads\/2020\/09\/BB_Bubion.jpg 810w, https:\/\/blog.bedandbreakfast.eu\/wp-content\/uploads\/2020\/09\/BB_Bubion-300x167.jpg 300w, https:\/\/blog.bedandbreakfast.eu\/wp-content\/uploads\/2020\/09\/BB_Bubion-768x427.jpg 768w\" sizes=\"auto, (max-width: 810px) 100vw, 810px\" \/><\/a><\/p>\n<h4><b>Alpujarra de Granada<\/b><\/h4>\n<p><span style=\"font-weight: 400;\">La Alpujarra granadina es una de los destinos perfectos para practicar el slow travel. Disfrutar\u00e1s de pueblos blancos, una arquitectura y naturaleza \u00fanica en el entorno natural del Parque Nacional y Natural de Sierra Nevada. Empieza descubriendo la artesan\u00eda y la gastronom\u00eda de Bubi\u00f3n, un referente del turismo sostenible en Espa\u00f1a y Europa.\u00a0<\/span><\/p>\n<ul>\n<li style=\"font-weight: 400;\"><a href=\"https:\/\/www.bedandbreakfast.eu\/bed-and-breakfast-es\/bubion\/espana\/c2520781\" target=\"_blank\" rel=\"noopener noreferrer\"><span style=\"font-weight: 400;\">Bubi\u00f3n<\/span><\/a><\/li>\n<li style=\"font-weight: 400;\"><a href=\"https:\/\/www.bedandbreakfast.eu\/bed-and-breakfast-es\/pampaneira\/espana\/c2512948\" target=\"_blank\" rel=\"noopener noreferrer\"><span style=\"font-weight: 400;\">Pampaneira<\/span><\/a><\/li>\n<li style=\"font-weight: 400;\"><a href=\"https:\/\/www.bedandbreakfast.eu\/bed-and-breakfast-es\/capileira\/espana\/c2520194\" target=\"_blank\" rel=\"noopener noreferrer\"><span style=\"font-weight: 400;\">Capileira<\/span><\/a><\/li>\n<\/ul>\n<p><a href=\"https:\/\/www.bedandbreakfast.eu\/bed-and-breakfast-es\/lequeitio\/espana\/c3118523\" target=\"_blank\" rel=\"noopener noreferrer\"><img loading=\"lazy\" decoding=\"async\" class=\"alignnone wp-image-20376 size-full\" title=\"Bed and Breakfast Lequeitio\" src=\"https://blog.bedandbreakfast.eu/wp-content\/uploads\/2020\/09\/BB_Lequeitio.jpg\" alt=\"\" width=\"810\" height=\"450\" srcset=\"https:\/\/blog.bedandbreakfast.eu\/wp-content\/uploads\/2020\/09\/BB_Lequeitio.jpg 810w, https:\/\/blog.bedandbreakfast.eu\/wp-content\/uploads\/2020\/09\/BB_Lequeitio-300x167.jpg 300w, https:\/\/blog.bedandbreakfast.eu\/wp-content\/uploads\/2020\/09\/BB_Lequeitio-768x427.jpg 768w\" sizes=\"auto, (max-width: 810px) 100vw, 810px\" \/><\/a><\/p>\n<h4><b>Tradici\u00f3n en Lequeitio<\/b><\/h4>\n<p><span style=\"font-weight: 400;\">Otra de las ciudades que se ha ganado el sello de turismo sostenible. Esta localidad costera de la bah\u00eda de Vizcaya, donde se cocina con productos locales y se puede respirar tradici\u00f3n, es ideal para un viaje lento y sin prisa, donde detenerse, respirar y admirar la belleza de su puerto y playa mientras degustas un caf\u00e9 al lado de tu B&amp;B Lequeitio.\u00a0<\/span><\/p>\n<p><strong><a class=\"mks_button mks_button_medium rounded\" href=\"https:\/\/www.bedandbreakfast.eu\/bed-and-breakfast-es\/lequeitio\/espana\/c3118523\" target=\"_blank\" style=\"color: #FFFFFF; background-color: #e3458c;\" >Bed and Breakfast Lequeitio<\/a><\/strong><\/p>\n<p><a href=\"https:\/\/www.bedandbreakfast.eu\/bed-and-breakfast-es\/pals\/espana\/c3114479\" target=\"_blank\" rel=\"noopener noreferrer\"><img loading=\"lazy\" decoding=\"async\" class=\"alignnone wp-image-20393 size-full\" title=\"Bed and Breakfast Pals\" src=\"https://blog.bedandbreakfast.eu/wp-content\/uploads\/2020\/09\/BB_Pals.jpg\" alt=\"\" width=\"810\" height=\"450\" srcset=\"https:\/\/blog.bedandbreakfast.eu\/wp-content\/uploads\/2020\/09\/BB_Pals.jpg 810w, https:\/\/blog.bedandbreakfast.eu\/wp-content\/uploads\/2020\/09\/BB_Pals-300x167.jpg 300w, https:\/\/blog.bedandbreakfast.eu\/wp-content\/uploads\/2020\/09\/BB_Pals-768x427.jpg 768w\" sizes=\"auto, (max-width: 810px) 100vw, 810px\" \/><\/a><\/p>\n<h4><b>Pals Medieval<\/b><\/h4>\n<p><span style=\"font-weight: 400;\">Para una escapada de turismo sostenible, no hay nada como el pueblo medieval de Pals. En este lugar parece que se ha parado el tiempo, y es que cuando paseas por sus calles de adoquines, murallas y ventanas rom\u00e1nicas, te das cuenta de que est\u00e1s en el lugar que quer\u00edas. Al\u00f3jate en un B&amp;B Pals y d\u00e9jate aconsejar por el due\u00f1o donde comer un buen arroz a la cazuela y por donde hacer las mejores rutas.\u00a0<\/span><\/p>\n<p><strong><a class=\"mks_button mks_button_medium rounded\" href=\"https:\/\/www.bedandbreakfast.eu\/bed-and-breakfast-es\/pals\/espana\/c3114479\" target=\"_blank\" style=\"color: #FFFFFF; background-color: #e3458c;\" >Bed and Breakfast Pals<\/a><\/strong><\/p>\n<p><a href=\"https:\/\/www.bedandbreakfast.eu\/bed-and-breakfast-es\/astorga\/espana\/c3129231\" target=\"_blank\" rel=\"noopener noreferrer\"><img loading=\"lazy\" decoding=\"async\" class=\"alignnone wp-image-20409 size-full\" title=\"Bed and Breakfast Astorga\" src=\"https://blog.bedandbreakfast.eu/wp-content\/uploads\/2020\/09\/BB_Astorga.jpg\" alt=\"\" width=\"810\" height=\"450\" srcset=\"https:\/\/blog.bedandbreakfast.eu\/wp-content\/uploads\/2020\/09\/BB_Astorga.jpg 810w, https:\/\/blog.bedandbreakfast.eu\/wp-content\/uploads\/2020\/09\/BB_Astorga-300x167.jpg 300w, https:\/\/blog.bedandbreakfast.eu\/wp-content\/uploads\/2020\/09\/BB_Astorga-768x427.jpg 768w\" sizes=\"auto, (max-width: 810px) 100vw, 810px\" \/><\/a><\/p>\n<h4><b>El Camino de Santiago<\/b><\/h4>\n<p><span style=\"font-weight: 400;\">Esta ruta andando o en bici hasta Santiago, puede ser uno de los mejores viajes de turismo sostenible que puedes hacer. De pueblo en pueblo paseando, disfrutando de las etapas, el paisaje y conectando con la gente que conoces durante el viaje. Reserva un B&amp;B en cada uno de tus destinos y disfruta de la autenticidad del Camino de Santiago.\u00a0<\/span><\/p>\n<ul>\n<li style=\"font-weight: 400;\"><a href=\"https:\/\/www.bedandbreakfast.eu\/bed-and-breakfast-es\/puente-la-reina\/espana\/c3112732\" target=\"_blank\" rel=\"noopener noreferrer\"><span style=\"font-weight: 400;\">Puente La Reina<\/span><\/a><\/li>\n<li style=\"font-weight: 400;\"><a href=\"https:\/\/www.bedandbreakfast.eu\/bed-and-breakfast-es\/najera\/espana\/c3115780\" target=\"_blank\" rel=\"noopener noreferrer\"><span style=\"font-weight: 400;\">N\u00e1jera<\/span><\/a><\/li>\n<li style=\"font-weight: 400;\"><a href=\"https:\/\/www.bedandbreakfast.eu\/bed-and-breakfast-es\/astorga\/espana\/c3129231\" target=\"_blank\" rel=\"noopener noreferrer\"><span style=\"font-weight: 400;\">Astorga<\/span><\/a><\/li>\n<li style=\"font-weight: 400;\"><a href=\"https:\/\/www.bedandbreakfast.eu\/bed-and-breakfast-es\/cebreiro\/espana\/c3125550\" target=\"_blank\" rel=\"noopener noreferrer\"><span style=\"font-weight: 400;\">O Cebreiro<\/span><\/a><\/li>\n<\/ul>\n<p><a href=\"https:\/\/www.bedandbreakfast.eu\/bed-and-breakfast-es\/ronda\/espana\/c2511730\" target=\"_blank\" rel=\"noopener noreferrer\"><img loading=\"lazy\" decoding=\"async\" class=\"alignnone wp-image-20401 size-full\" title=\"Bed and Breakfast Ronda\" src=\"https://blog.bedandbreakfast.eu/wp-content\/uploads\/2020\/09\/BB_Ronda.jpg\" alt=\"\" width=\"810\" height=\"450\" srcset=\"https:\/\/blog.bedandbreakfast.eu\/wp-content\/uploads\/2020\/09\/BB_Ronda.jpg 810w, https:\/\/blog.bedandbreakfast.eu\/wp-content\/uploads\/2020\/09\/BB_Ronda-300x167.jpg 300w, https:\/\/blog.bedandbreakfast.eu\/wp-content\/uploads\/2020\/09\/BB_Ronda-768x427.jpg 768w\" sizes=\"auto, (max-width: 810px) 100vw, 810px\" \/><\/a><\/p>\n<h4><b>Experiencia en Ronda<\/b><\/h4>\n<p><span style=\"font-weight: 400;\">Catas de vinos, una gastronom\u00eda espectacular y gente que te har\u00e1 vivir experiencias \u00fanicas. Reserva un B&amp;B Ronda y descubre c\u00f3mo se vive en este peculiar pueblo donde todo se cocina con productos locales y puedes disfrutar de unos atardeceres mientras degustas un vino desde la terraza de tu B&amp;B Ronda.<\/span><\/p>\n<p><strong><a class=\"mks_button mks_button_medium rounded\" href=\"https:\/\/www.bedandbreakfast.eu\/bed-and-breakfast-es\/ronda\/espana\/c2511730\" target=\"_blank\" style=\"color: #FFFFFF; background-color: #e3458c;\" >Bed and Breakfast Ronda<\/a><\/strong><\/p>\n<p><strong>Comparte el art\u00edculo:<\/strong><\/p>\n","protected":false},"excerpt":{"rendered":"<p>Si eres amante del turismo sostenible, un B&#038;B regentado por una familia en uno de los destinos que hemos escogido para ti es la mejor manera de saborear tu viaje. Echa un vistazo a nuestras ideas de slow travel, para una experiencia que te har\u00e1 volver a casa con una mochila llena de emociones. <\/p>\n","protected":false},"author":19,"featured_media":20448,"comment_status":"open","ping_status":"open","sticky":false,"template":"","format":"standard","meta":{"_monsterinsights_skip_tracking":false,"_monsterinsights_sitenote_active":false,"_monsterinsights_sitenote_note":"","_monsterinsights_sitenote_category":0,"_jetpack_newsletter_access":"","_jetpack_dont_email_post_to_subs":false,"_jetpack_newsletter_tier_id":0,"_jetpack_memberships_contains_paywalled_content":false,"_jetpack_memberships_contains_paid_content":false,"footnotes":""},"categories":[3550],"tags":[2152,5621,5623,5625,5624,5622,2153,661,5627,5626,5620,5628],"coauthors":[3669],"class_list":["post-20366","post","type-post","status-publish","format-standard","has-post-thumbnail","hentry","category-destinos-populares-es","tag-bb-es","tag-bb-astorga","tag-bb-bubion","tag-bb-lequeitio","tag-bb-pals","tag-bb-ronda","tag-bed-breakfast-es","tag-bed-and-breakfast-es","tag-slow-tourism","tag-slow-travel","tag-turismo-sostenible","tag-viajar-lento"],"yoast_head":"<!-- This site is optimized with the Yoast SEO plugin v27.5 - https:\/\/yoast.com\/product\/yoast-seo-wordpress\/ -->\n<title>Turismo Sostenible: Slow Travel en Espa\u00f1a | Bedandbreakfast.eu<\/title>\n<meta name=\"description\" content=\"Si eres amante del turismo sostenible, un B&amp;B regentado por una familia en uno de los destinos que hemos escogido para ti es la mejor manera de saborear tu viaje. Echa un vistazo a nuestras ideas de slow travel, para una experiencia que te har\u00e1 volver a casa con una mochila llena de emociones.\" \/>\n<meta name=\"robots\" content=\"index, follow, max-snippet:-1, max-image-preview:large, max-video-preview:-1\" \/>\n<link rel=\"canonical\" href=\"https:\/\/blog.bedandbreakfast.eu\/es\/turismo-sostenible-slow-travel-en-espana\/\" \/>\n<meta property=\"og:locale\" content=\"es_ES\" \/>\n<meta property=\"og:type\" content=\"article\" \/>\n<meta property=\"og:title\" content=\"Turismo Sostenible: Slow Travel en Espa\u00f1a | Bedandbreakfast.eu\" \/>\n<meta property=\"og:description\" content=\"Si eres amante del turismo sostenible, un B&amp;B regentado por una familia en uno de los destinos que hemos escogido para ti es la mejor manera de saborear tu viaje. Echa un vistazo a nuestras ideas de slow travel, para una experiencia que te har\u00e1 volver a casa con una mochila llena de emociones.\" \/>\n<meta property=\"og:url\" content=\"https:\/\/blog.bedandbreakfast.eu\/es\/turismo-sostenible-slow-travel-en-espana\/\" \/>\n<meta property=\"og:site_name\" content=\"Bed and Breakfast Blog | Bedandbreakfast.eu\" \/>\n<meta property=\"article:published_time\" content=\"2020-10-02T08:00:13+00:00\" \/>\n<meta property=\"article:modified_time\" content=\"2020-10-02T08:36:13+00:00\" \/>\n<meta property=\"og:image\" content=\"https:\/\/blog.bedandbreakfast.eu\/wp-content\/uploads\/2020\/09\/Header_week_40_blog.jpg\" \/>\n\t<meta property=\"og:image:width\" content=\"1140\" \/>\n\t<meta property=\"og:image:height\" content=\"453\" \/>\n\t<meta property=\"og:image:type\" content=\"image\/jpeg\" \/>\n<meta name=\"author\" content=\"Elena Ribal Ruiz\" \/>\n<meta name=\"twitter:card\" content=\"summary_large_image\" \/>\n<meta name=\"twitter:label1\" content=\"Escrito por\" \/>\n\t<meta name=\"twitter:data1\" content=\"Elena Ribal Ruiz\" \/>\n\t<meta name=\"twitter:label2\" content=\"Tiempo de lectura\" \/>\n\t<meta name=\"twitter:data2\" content=\"2 minutes\" \/>\n\t<meta name=\"twitter:label3\" content=\"Written by\" \/>\n\t<meta name=\"twitter:data3\" content=\"Elena Ribal Ruiz\" \/>\n<script type=\"application\/ld+json\" class=\"yoast-schema-graph\">{\"@context\":\"https:\\\/\\\/schema.org\",\"@graph\":[{\"@type\":\"Article\",\"@id\":\"https:\\\/\\\/blog.bedandbreakfast.eu\\\/es\\\/turismo-sostenible-slow-travel-en-espana\\\/#article\",\"isPartOf\":{\"@id\":\"https:\\\/\\\/blog.bedandbreakfast.eu\\\/es\\\/turismo-sostenible-slow-travel-en-espana\\\/\"},\"author\":{\"name\":\"Elena Ribal Ruiz\",\"@id\":\"https:\\\/\\\/blog.bedandbreakfast.eu\\\/nl\\\/#\\\/schema\\\/person\\\/67b073e29bb513e7985fafe8916b1acf\"},\"headline\":\"Turismo Sostenible: Slow Travel en Espa\u00f1a\",\"datePublished\":\"2020-10-02T08:00:13+00:00\",\"dateModified\":\"2020-10-02T08:36:13+00:00\",\"mainEntityOfPage\":{\"@id\":\"https:\\\/\\\/blog.bedandbreakfast.eu\\\/es\\\/turismo-sostenible-slow-travel-en-espana\\\/\"},\"wordCount\":463,\"commentCount\":0,\"image\":{\"@id\":\"https:\\\/\\\/blog.bedandbreakfast.eu\\\/es\\\/turismo-sostenible-slow-travel-en-espana\\\/#primaryimage\"},\"thumbnailUrl\":\"https:\\\/\\\/blog.bedandbreakfast.eu\\\/wp-content\\\/uploads\\\/2020\\\/09\\\/Header_week_40_blog.jpg\",\"keywords\":[\"B&amp;B\",\"B&amp;B Astorga\",\"B&amp;B Bubi\u00f3n\",\"B&amp;B Lequeitio\",\"B&amp;B Pals\",\"B&amp;B Ronda\",\"bed &amp; breakfast\",\"bed and breakfast\",\"slow tourism\",\"slow travel\",\"Turismo sostenible\",\"viajar lento\"],\"articleSection\":[\"Destinos Populares\"],\"inLanguage\":\"es-ES\",\"potentialAction\":[{\"@type\":\"CommentAction\",\"name\":\"Comment\",\"target\":[\"https:\\\/\\\/blog.bedandbreakfast.eu\\\/es\\\/turismo-sostenible-slow-travel-en-espana\\\/#respond\"]}]},{\"@type\":\"WebPage\",\"@id\":\"https:\\\/\\\/blog.bedandbreakfast.eu\\\/es\\\/turismo-sostenible-slow-travel-en-espana\\\/\",\"url\":\"https:\\\/\\\/blog.bedandbreakfast.eu\\\/es\\\/turismo-sostenible-slow-travel-en-espana\\\/\",\"name\":\"Turismo Sostenible: Slow Travel en Espa\u00f1a | Bedandbreakfast.eu\",\"isPartOf\":{\"@id\":\"https:\\\/\\\/blog.bedandbreakfast.eu\\\/nl\\\/#website\"},\"primaryImageOfPage\":{\"@id\":\"https:\\\/\\\/blog.bedandbreakfast.eu\\\/es\\\/turismo-sostenible-slow-travel-en-espana\\\/#primaryimage\"},\"image\":{\"@id\":\"https:\\\/\\\/blog.bedandbreakfast.eu\\\/es\\\/turismo-sostenible-slow-travel-en-espana\\\/#primaryimage\"},\"thumbnailUrl\":\"https:\\\/\\\/blog.bedandbreakfast.eu\\\/wp-content\\\/uploads\\\/2020\\\/09\\\/Header_week_40_blog.jpg\",\"datePublished\":\"2020-10-02T08:00:13+00:00\",\"dateModified\":\"2020-10-02T08:36:13+00:00\",\"author\":{\"@id\":\"https:\\\/\\\/blog.bedandbreakfast.eu\\\/nl\\\/#\\\/schema\\\/person\\\/67b073e29bb513e7985fafe8916b1acf\"},\"description\":\"Si eres amante del turismo sostenible, un B&B regentado por una familia en uno de los destinos que hemos escogido para ti es la mejor manera de saborear tu viaje. Echa un vistazo a nuestras ideas de slow travel, para una experiencia que te har\u00e1 volver a casa con una mochila llena de emociones.\",\"breadcrumb\":{\"@id\":\"https:\\\/\\\/blog.bedandbreakfast.eu\\\/es\\\/turismo-sostenible-slow-travel-en-espana\\\/#breadcrumb\"},\"inLanguage\":\"es-ES\",\"potentialAction\":[{\"@type\":\"ReadAction\",\"target\":[\"https:\\\/\\\/blog.bedandbreakfast.eu\\\/es\\\/turismo-sostenible-slow-travel-en-espana\\\/\"]}]},{\"@type\":\"ImageObject\",\"inLanguage\":\"es-ES\",\"@id\":\"https:\\\/\\\/blog.bedandbreakfast.eu\\\/es\\\/turismo-sostenible-slow-travel-en-espana\\\/#primaryimage\",\"url\":\"https:\\\/\\\/blog.bedandbreakfast.eu\\\/wp-content\\\/uploads\\\/2020\\\/09\\\/Header_week_40_blog.jpg\",\"contentUrl\":\"https:\\\/\\\/blog.bedandbreakfast.eu\\\/wp-content\\\/uploads\\\/2020\\\/09\\\/Header_week_40_blog.jpg\",\"width\":1140,\"height\":453},{\"@type\":\"BreadcrumbList\",\"@id\":\"https:\\\/\\\/blog.bedandbreakfast.eu\\\/es\\\/turismo-sostenible-slow-travel-en-espana\\\/#breadcrumb\",\"itemListElement\":[{\"@type\":\"ListItem\",\"position\":1,\"name\":\"Home\",\"item\":\"https:\\\/\\\/blog.bedandbreakfast.eu\\\/es\\\/\"},{\"@type\":\"ListItem\",\"position\":2,\"name\":\"Turismo Sostenible: Slow Travel en Espa\u00f1a\"}]},{\"@type\":\"WebSite\",\"@id\":\"https:\\\/\\\/blog.bedandbreakfast.eu\\\/nl\\\/#website\",\"url\":\"https:\\\/\\\/blog.bedandbreakfast.eu\\\/nl\\\/\",\"name\":\"Bed and Breakfast Blog | Bedandbreakfast.eu\",\"description\":\"Un blog sobre Bed and Breakfasts especiales, proporcionado por Bedandbreakfast.eu. \u00a1Nueva inspiraci\u00f3n para pernoctaciones y excursiones a los lugares de B&amp;B m\u00e1s hermosos del mundo!\",\"potentialAction\":[{\"@type\":\"SearchAction\",\"target\":{\"@type\":\"EntryPoint\",\"urlTemplate\":\"https:\\\/\\\/blog.bedandbreakfast.eu\\\/nl\\\/?s={search_term_string}\"},\"query-input\":{\"@type\":\"PropertyValueSpecification\",\"valueRequired\":true,\"valueName\":\"search_term_string\"}}],\"inLanguage\":\"es-ES\"},{\"@type\":\"Person\",\"@id\":\"https:\\\/\\\/blog.bedandbreakfast.eu\\\/nl\\\/#\\\/schema\\\/person\\\/67b073e29bb513e7985fafe8916b1acf\",\"name\":\"Elena Ribal Ruiz\",\"image\":{\"@type\":\"ImageObject\",\"inLanguage\":\"es-ES\",\"@id\":\"https:\\\/\\\/blog.bedandbreakfast.eu\\\/wp-content\\\/uploads\\\/2022\\\/11\\\/20221018_Bed_and_Breakfast_008_2371-1-300x300.jpge674eda9806ac26c45d1a84b8bfd75f4\",\"url\":\"https:\\\/\\\/blog.bedandbreakfast.eu\\\/wp-content\\\/uploads\\\/2022\\\/11\\\/20221018_Bed_and_Breakfast_008_2371-1-300x300.jpg\",\"contentUrl\":\"https:\\\/\\\/blog.bedandbreakfast.eu\\\/wp-content\\\/uploads\\\/2022\\\/11\\\/20221018_Bed_and_Breakfast_008_2371-1-300x300.jpg\",\"caption\":\"Elena Ribal Ruiz\"},\"description\":\"De Barcelona pero viviendo en Holanda. Siempre pensando en mi pr\u00f3ximo viaje y buscando el mejor alojamiento. Viajar es la mejor manera de conocerte a ti mismo.\",\"url\":\"https:\\\/\\\/blog.bedandbreakfast.eu\\\/es\\\/author\\\/elena\\\/\"}]}<\/script>\n<!-- \/ Yoast SEO plugin. -->","yoast_head_json":{"title":"Turismo Sostenible: Slow Travel en Espa\u00f1a | Bedandbreakfast.eu","description":"Si eres amante del turismo sostenible, un B&B regentado por una familia en uno de los destinos que hemos escogido para ti es la mejor manera de saborear tu viaje. Echa un vistazo a nuestras ideas de slow travel, para una experiencia que te har\u00e1 volver a casa con una mochila llena de emociones.","robots":{"index":"index","follow":"follow","max-snippet":"max-snippet:-1","max-image-preview":"max-image-preview:large","max-video-preview":"max-video-preview:-1"},"canonical":"https:\/\/blog.bedandbreakfast.eu\/es\/turismo-sostenible-slow-travel-en-espana\/","og_locale":"es_ES","og_type":"article","og_title":"Turismo Sostenible: Slow Travel en Espa\u00f1a | Bedandbreakfast.eu","og_description":"Si eres amante del turismo sostenible, un B&B regentado por una familia en uno de los destinos que hemos escogido para ti es la mejor manera de saborear tu viaje. Echa un vistazo a nuestras ideas de slow travel, para una experiencia que te har\u00e1 volver a casa con una mochila llena de emociones.","og_url":"https:\/\/blog.bedandbreakfast.eu\/es\/turismo-sostenible-slow-travel-en-espana\/","og_site_name":"Bed and Breakfast Blog | Bedandbreakfast.eu","article_published_time":"2020-10-02T08:00:13+00:00","article_modified_time":"2020-10-02T08:36:13+00:00","og_image":[{"width":1140,"height":453,"url":"https:\/\/blog.bedandbreakfast.eu\/wp-content\/uploads\/2020\/09\/Header_week_40_blog.jpg","type":"image\/jpeg"}],"author":"Elena Ribal Ruiz","twitter_card":"summary_large_image","twitter_misc":{"Escrito por":"Elena Ribal Ruiz","Tiempo de lectura":"2 minutes","Written by":"Elena Ribal Ruiz"},"schema":{"@context":"https:\/\/schema.org","@graph":[{"@type":"Article","@id":"https:\/\/blog.bedandbreakfast.eu\/es\/turismo-sostenible-slow-travel-en-espana\/#article","isPartOf":{"@id":"https:\/\/blog.bedandbreakfast.eu\/es\/turismo-sostenible-slow-travel-en-espana\/"},"author":{"name":"Elena Ribal Ruiz","@id":"https:\/\/blog.bedandbreakfast.eu\/nl\/#\/schema\/person\/67b073e29bb513e7985fafe8916b1acf"},"headline":"Turismo Sostenible: Slow Travel en Espa\u00f1a","datePublished":"2020-10-02T08:00:13+00:00","dateModified":"2020-10-02T08:36:13+00:00","mainEntityOfPage":{"@id":"https:\/\/blog.bedandbreakfast.eu\/es\/turismo-sostenible-slow-travel-en-espana\/"},"wordCount":463,"commentCount":0,"image":{"@id":"https:\/\/blog.bedandbreakfast.eu\/es\/turismo-sostenible-slow-travel-en-espana\/#primaryimage"},"thumbnailUrl":"https:\/\/blog.bedandbreakfast.eu\/wp-content\/uploads\/2020\/09\/Header_week_40_blog.jpg","keywords":["B&amp;B","B&amp;B Astorga","B&amp;B Bubi\u00f3n","B&amp;B Lequeitio","B&amp;B Pals","B&amp;B Ronda","bed &amp; breakfast","bed and breakfast","slow tourism","slow travel","Turismo sostenible","viajar lento"],"articleSection":["Destinos Populares"],"inLanguage":"es-ES","potentialAction":[{"@type":"CommentAction","name":"Comment","target":["https:\/\/blog.bedandbreakfast.eu\/es\/turismo-sostenible-slow-travel-en-espana\/#respond"]}]},{"@type":"WebPage","@id":"https:\/\/blog.bedandbreakfast.eu\/es\/turismo-sostenible-slow-travel-en-espana\/","url":"https:\/\/blog.bedandbreakfast.eu\/es\/turismo-sostenible-slow-travel-en-espana\/","name":"Turismo Sostenible: Slow Travel en Espa\u00f1a | Bedandbreakfast.eu","isPartOf":{"@id":"https:\/\/blog.bedandbreakfast.eu\/nl\/#website"},"primaryImageOfPage":{"@id":"https:\/\/blog.bedandbreakfast.eu\/es\/turismo-sostenible-slow-travel-en-espana\/#primaryimage"},"image":{"@id":"https:\/\/blog.bedandbreakfast.eu\/es\/turismo-sostenible-slow-travel-en-espana\/#primaryimage"},"thumbnailUrl":"https:\/\/blog.bedandbreakfast.eu\/wp-content\/uploads\/2020\/09\/Header_week_40_blog.jpg","datePublished":"2020-10-02T08:00:13+00:00","dateModified":"2020-10-02T08:36:13+00:00","author":{"@id":"https:\/\/blog.bedandbreakfast.eu\/nl\/#\/schema\/person\/67b073e29bb513e7985fafe8916b1acf"},"description":"Si eres amante del turismo sostenible, un B&B regentado por una familia en uno de los destinos que hemos escogido para ti es la mejor manera de saborear tu viaje. Echa un vistazo a nuestras ideas de slow travel, para una experiencia que te har\u00e1 volver a casa con una mochila llena de emociones.","breadcrumb":{"@id":"https:\/\/blog.bedandbreakfast.eu\/es\/turismo-sostenible-slow-travel-en-espana\/#breadcrumb"},"inLanguage":"es-ES","potentialAction":[{"@type":"ReadAction","target":["https:\/\/blog.bedandbreakfast.eu\/es\/turismo-sostenible-slow-travel-en-espana\/"]}]},{"@type":"ImageObject","inLanguage":"es-ES","@id":"https:\/\/blog.bedandbreakfast.eu\/es\/turismo-sostenible-slow-travel-en-espana\/#primaryimage","url":"https:\/\/blog.bedandbreakfast.eu\/wp-content\/uploads\/2020\/09\/Header_week_40_blog.jpg","contentUrl":"https:\/\/blog.bedandbreakfast.eu\/wp-content\/uploads\/2020\/09\/Header_week_40_blog.jpg","width":1140,"height":453},{"@type":"BreadcrumbList","@id":"https:\/\/blog.bedandbreakfast.eu\/es\/turismo-sostenible-slow-travel-en-espana\/#breadcrumb","itemListElement":[{"@type":"ListItem","position":1,"name":"Home","item":"https:\/\/blog.bedandbreakfast.eu\/es\/"},{"@type":"ListItem","position":2,"name":"Turismo Sostenible: Slow Travel en Espa\u00f1a"}]},{"@type":"WebSite","@id":"https:\/\/blog.bedandbreakfast.eu\/nl\/#website","url":"https:\/\/blog.bedandbreakfast.eu\/nl\/","name":"Bed and Breakfast Blog | Bedandbreakfast.eu","description":"Un blog sobre Bed and Breakfasts especiales, proporcionado por Bedandbreakfast.eu. \u00a1Nueva inspiraci\u00f3n para pernoctaciones y excursiones a los lugares de B&amp;B m\u00e1s hermosos del mundo!","potentialAction":[{"@type":"SearchAction","target":{"@type":"EntryPoint","urlTemplate":"https:\/\/blog.bedandbreakfast.eu\/nl\/?s={search_term_string}"},"query-input":{"@type":"PropertyValueSpecification","valueRequired":true,"valueName":"search_term_string"}}],"inLanguage":"es-ES"},{"@type":"Person","@id":"https:\/\/blog.bedandbreakfast.eu\/nl\/#\/schema\/person\/67b073e29bb513e7985fafe8916b1acf","name":"Elena Ribal Ruiz","image":{"@type":"ImageObject","inLanguage":"es-ES","@id":"https:\/\/blog.bedandbreakfast.eu\/wp-content\/uploads\/2022\/11\/20221018_Bed_and_Breakfast_008_2371-1-300x300.jpge674eda9806ac26c45d1a84b8bfd75f4","url":"https:\/\/blog.bedandbreakfast.eu\/wp-content\/uploads\/2022\/11\/20221018_Bed_and_Breakfast_008_2371-1-300x300.jpg","contentUrl":"https:\/\/blog.bedandbreakfast.eu\/wp-content\/uploads\/2022\/11\/20221018_Bed_and_Breakfast_008_2371-1-300x300.jpg","caption":"Elena Ribal Ruiz"},"description":"De Barcelona pero viviendo en Holanda. Siempre pensando en mi pr\u00f3ximo viaje y buscando el mejor alojamiento. Viajar es la mejor manera de conocerte a ti mismo.","url":"https:\/\/blog.bedandbreakfast.eu\/es\/author\/elena\/"}]}},"jetpack_featured_media_url":"https:\/\/blog.bedandbreakfast.eu\/wp-content\/uploads\/2020\/09\/Header_week_40_blog.jpg","jetpack_shortlink":"https:\/\/wp.me\/p9vhf3-5iu","jetpack_sharing_enabled":true,"_links":{"self":[{"href":"https:\/\/blog.bedandbreakfast.eu\/es\/wp-json\/wp\/v2\/posts\/20366","targetHints":{"allow":["GET"]}}],"collection":[{"href":"https:\/\/blog.bedandbreakfast.eu\/es\/wp-json\/wp\/v2\/posts"}],"about":[{"href":"https:\/\/blog.bedandbreakfast.eu\/es\/wp-json\/wp\/v2\/types\/post"}],"author":[{"embeddable":true,"href":"https:\/\/blog.bedandbreakfast.eu\/es\/wp-json\/wp\/v2\/users\/19"}],"replies":[{"embeddable":true,"href":"https:\/\/blog.bedandbreakfast.eu\/es\/wp-json\/wp\/v2\/comments?post=20366"}],"version-history":[{"count":12,"href":"https:\/\/blog.bedandbreakfast.eu\/es\/wp-json\/wp\/v2\/posts\/20366\/revisions"}],"predecessor-version":[{"id":20729,"href":"https:\/\/blog.bedandbreakfast.eu\/es\/wp-json\/wp\/v2\/posts\/20366\/revisions\/20729"}],"wp:featuredmedia":[{"embeddable":true,"href":"https:\/\/blog.bedandbreakfast.eu\/es\/wp-json\/wp\/v2\/media\/20448"}],"wp:attachment":[{"href":"https:\/\/blog.bedandbreakfast.eu\/es\/wp-json\/wp\/v2\/media?parent=20366"}],"wp:term":[{"taxonomy":"category","embeddable":true,"href":"https:\/\/blog.bedandbreakfast.eu\/es\/wp-json\/wp\/v2\/categories?post=20366"},{"taxonomy":"post_tag","embeddable":true,"href":"https:\/\/blog.bedandbreakfast.eu\/es\/wp-json\/wp\/v2\/tags?post=20366"},{"taxonomy":"author","embeddable":true,"href":"https:\/\/blog.bedandbreakfast.eu\/es\/wp-json\/wp\/v2\/coauthors?post=20366"}],"curies":[{"name":"wp","href":"https:\/\/api.w.org\/{rel}","templated":true}]}}