{"id":15748,"date":"2019-07-04T07:00:52","date_gmt":"2019-07-04T07:00:52","guid":{"rendered":"https:\/\/blog.bedandbreakfast.eu\/?p=15748\/"},"modified":"2019-07-04T08:30:53","modified_gmt":"2019-07-04T08:30:53","slug":"las-mejores-fiestas-de-verano-de-espana","status":"publish","type":"post","link":"https:\/\/blog.bedandbreakfast.eu\/es\/las-mejores-fiestas-de-verano-de-espana\/","title":{"rendered":"Las Mejores Fiestas de Verano de Espa\u00f1a"},"content":{"rendered":"<h4><a href=\"https:\/\/www.bedandbreakfast.eu\/bed-and-breakfast-es\/bunol\/espana\/c2520726\" target=\"_blank\" rel=\"noopener noreferrer\">\u00a0<img loading=\"lazy\" decoding=\"async\" class=\"alignnone wp-image-15632 size-full\" title=\"Bed and Breakfast Bu\u00f1ol\" src=\"https://blog.bedandbreakfast.eu/wp-content\/uploads\/2019\/06\/BB_Tomatina_Spain.png\" alt=\"Bedandbreakfast.eu; Las Mejores Fiestas de Verano de Espa\u00f1a\" width=\"810\" height=\"450\" srcset=\"https:\/\/blog.bedandbreakfast.eu\/wp-content\/uploads\/2019\/06\/BB_Tomatina_Spain.png 810w, https:\/\/blog.bedandbreakfast.eu\/wp-content\/uploads\/2019\/06\/BB_Tomatina_Spain-300x167.png 300w, https:\/\/blog.bedandbreakfast.eu\/wp-content\/uploads\/2019\/06\/BB_Tomatina_Spain-768x427.png 768w\" sizes=\"auto, (max-width: 810px) 100vw, 810px\" \/><\/a><\/h4>\n<h4><strong>Guerra de tomates en Bu\u00f1ol<\/strong><\/h4>\n<p><span style=\"font-weight: 400;\">La Tomatina es sin duda una de las mejores fiestas de verano de Espa\u00f1a. Esta peculiar fiesta se celebra en el municipio valenciano de Bu\u00f1ol, y son cada vez m\u00e1s los interesados que se acercan a esta localidad a tirarse tomates entre ellos. Este evento tiene lugar cada a\u00f1o en el \u00faltimo mi\u00e9rcoles de agosto, una manera ideal de despedir el verano. \u00bfTe apuntas a hacer una guerra de tomates mientras te alojas en un B&amp;B \u00fanico?\u00a0<\/span><\/p>\n<p><strong><a class=\"mks_button mks_button_medium rounded\" href=\"https:\/\/www.bedandbreakfast.eu\/bed-and-breakfast-es\/bunol\/espana\/c2520726\" target=\"_blank\" style=\"color: #FFFFFF; background-color: #e3458c;\" >Bed and Breakfast Bu\u00f1ol<\/a><\/strong><\/p>\n<h4><a href=\"https:\/\/www.bedandbreakfast.eu\/bed-and-breakfast-es\/barcelona\/espana\/c3128760\" target=\"_blank\" rel=\"noopener noreferrer\"><img loading=\"lazy\" decoding=\"async\" class=\"alignnone wp-image-15768 size-full\" title=\"Bed and Breakfast Barcelona\" src=\"https://blog.bedandbreakfast.eu/wp-content\/uploads\/2019\/06\/BB_Gracia_Barcelona.png\" alt=\"\" width=\"810\" height=\"450\" srcset=\"https:\/\/blog.bedandbreakfast.eu\/wp-content\/uploads\/2019\/06\/BB_Gracia_Barcelona.png 810w, https:\/\/blog.bedandbreakfast.eu\/wp-content\/uploads\/2019\/06\/BB_Gracia_Barcelona-300x167.png 300w, https:\/\/blog.bedandbreakfast.eu\/wp-content\/uploads\/2019\/06\/BB_Gracia_Barcelona-768x427.png 768w\" sizes=\"auto, (max-width: 810px) 100vw, 810px\" \/><\/a><\/h4>\n<h4><b>Fiesta Mayor de Gracia<\/b><\/h4>\n<p><span style=\"font-weight: 400;\">Las fiestas de este barrio de la ciudad condal, son las m\u00e1s conocidas sin duda y una de las mejores fiestas de verano. Cada a\u00f1o la Fiesta Mayor de Gracia empiezan el dia 15 de agosto y duran una semana. El principal atractivo de estas fiestas es la decoraci\u00f3n y concurso de calles. Personas de toda toda Catalu\u00f1a, pero especialmente de Barcelona, se acercan a visitar esta peculiar fiesta mayor. Adem\u00e1s de la decoraci\u00f3n de calles, hay conciertos y actividades para que disfrutes de estos eventos con familia y amigos. <\/span><span style=\"font-weight: 400;\">\u00a1<\/span><span style=\"font-weight: 400;\">Reserva un B&amp;B en Barcelona para vivirlo!<\/span><\/p>\n<p><strong><a class=\"mks_button mks_button_medium rounded\" href=\"https:\/\/www.bedandbreakfast.eu\/bed-and-breakfast-es\/barcelona\/espana\/c3128760\" target=\"_blank\" style=\"color: #FFFFFF; background-color: #e3458c;\" >B&amp;B Barcelona<\/a><\/strong><\/p>\n<h4><a href=\"https:\/\/www.bedandbreakfast.eu\/bed-and-breakfast-es\/ribadesella\/espana\/c3111855\" target=\"_blank\" rel=\"noopener noreferrer\"><img loading=\"lazy\" decoding=\"async\" class=\"alignnone wp-image-15770 size-full\" title=\"Bed and Breakfast Ribadesella\" src=\"https://blog.bedandbreakfast.eu/wp-content\/uploads\/2019\/06\/BB_Ribadesella.png\" alt=\"\" width=\"810\" height=\"450\" srcset=\"https:\/\/blog.bedandbreakfast.eu\/wp-content\/uploads\/2019\/06\/BB_Ribadesella.png 810w, https:\/\/blog.bedandbreakfast.eu\/wp-content\/uploads\/2019\/06\/BB_Ribadesella-300x167.png 300w, https:\/\/blog.bedandbreakfast.eu\/wp-content\/uploads\/2019\/06\/BB_Ribadesella-768x427.png 768w\" sizes=\"auto, (max-width: 810px) 100vw, 810px\" \/><\/a><\/h4>\n<h4><b>Descenso del Sella, para los m\u00e1s deportistas<\/b><\/h4>\n<p><span style=\"font-weight: 400;\">El 3 de agosto de este a\u00f1o, se celebra el Descenso Internacional del Sella, la prueba de pirag\u00fcismo m\u00e1s famosa del pa\u00eds. Esta es una fiesta deportiva, pero es sin duda una de las fiestas de verano m\u00e1s famosas de Espa\u00f1a. Esta fiesta empieza en Arriondas y acaba en Ribadesella, donde est\u00e1 la meta a m\u00e1s de 20 km. A parte de participar, puedes ver el descenso a orillas del r\u00edo Sella, donde la fiesta est\u00e1 asegurada. <\/span><span style=\"font-weight: 400;\">\u00a1<\/span><span style=\"font-weight: 400;\">No te pierdas este evento y reserva ya un B&amp;B en Asturias!<\/span><\/p>\n<ul>\n<li style=\"font-weight: 400;\"><a href=\"https:\/\/www.bedandbreakfast.eu\/bed-and-breakfast-es\/ribadesella\/espana\/c3111855\" target=\"_blank\" rel=\"noopener noreferrer\"><span style=\"font-weight: 400;\">Ribadesella<\/span><\/a><\/li>\n<li style=\"font-weight: 400;\"><a href=\"https:\/\/www.bedandbreakfast.eu\/bed-and-breakfast-es\/arriondas\/espana\/c3129400\" target=\"_blank\" rel=\"noopener noreferrer\"><span style=\"font-weight: 400;\">Arriondas<\/span><\/a><\/li>\n<\/ul>\n<h4><a href=\"https:\/\/www.bedandbreakfast.eu\/bed-and-breakfast-es\/bilbao\/espana\/c3128026\" target=\"_blank\" rel=\"noopener noreferrer\"><img loading=\"lazy\" decoding=\"async\" class=\"alignnone wp-image-15771 size-full\" title=\"Bed and Breakfast Bilbao\" src=\"https://blog.bedandbreakfast.eu/wp-content\/uploads\/2019\/06\/Standard_blog_public.png\" alt=\"\" width=\"810\" height=\"450\" srcset=\"https:\/\/blog.bedandbreakfast.eu\/wp-content\/uploads\/2019\/06\/Standard_blog_public.png 810w, https:\/\/blog.bedandbreakfast.eu\/wp-content\/uploads\/2019\/06\/Standard_blog_public-300x167.png 300w, https:\/\/blog.bedandbreakfast.eu\/wp-content\/uploads\/2019\/06\/Standard_blog_public-768x427.png 768w\" sizes=\"auto, (max-width: 810px) 100vw, 810px\" \/><\/a><\/h4>\n<h4><b>Aste Nagusia en Bilbao<\/b><\/h4>\n<p><span style=\"font-weight: 400;\">Si est\u00e1s pensando en visitar Bilbao este verano, mejor hazlo durante la Semana Grande de Bilbao, o tambi\u00e9n conocida como Aste Nagusia. Del 17 al 25 de agosto, tendr\u00e1s diez d\u00edas de m\u00fasica, gastronom\u00eda y diversi\u00f3n por toda la ciudad. Sin duda es una de las fiestas de verano m\u00e1s especiales y donde estamos seguros que no faltar\u00e1 la fiesta. Reserva un B&amp;B en Bilbao para hacer que esta semana sea de lo m\u00e1s aut\u00e9ntica.\u00a0<\/span><\/p>\n<p><strong><a class=\"mks_button mks_button_medium rounded\" href=\"https:\/\/www.bedandbreakfast.eu\/bed-and-breakfast-es\/bilbao\/espana\/c3128026\" target=\"_blank\" style=\"color: #FFFFFF; background-color: #e3458c;\" >Bed and Breakfast Bilbao<\/a><\/strong><\/p>\n<h4><a href=\"https:\/\/www.bedandbreakfast.eu\/bed-and-breakfast-es\/malaga\/espana\/c2514256\" target=\"_blank\" rel=\"noopener noreferrer\"><img loading=\"lazy\" decoding=\"async\" class=\"alignnone wp-image-15769 size-full\" title=\"Bed and Breakfast M\u00e1laga\" src=\"https://blog.bedandbreakfast.eu/wp-content\/uploads\/2019\/06\/BB_Malaga.png\" alt=\"\" width=\"810\" height=\"450\" srcset=\"https:\/\/blog.bedandbreakfast.eu\/wp-content\/uploads\/2019\/06\/BB_Malaga.png 810w, https:\/\/blog.bedandbreakfast.eu\/wp-content\/uploads\/2019\/06\/BB_Malaga-300x167.png 300w, https:\/\/blog.bedandbreakfast.eu\/wp-content\/uploads\/2019\/06\/BB_Malaga-768x427.png 768w\" sizes=\"auto, (max-width: 810px) 100vw, 810px\" \/><\/a><\/h4>\n<h4><b>La Feria de Agosto en M\u00e1laga<\/b><\/h4>\n<p><span style=\"font-weight: 400;\">Del 15 al 24 de agosto, M\u00e1laga se convierte en la ciudad m\u00e1s animada de la Costa del Sol. Disfruta de la Feria de D\u00eda en el centro hist\u00f3rico de la ciudad y de la Feria de Noche en el Cortijo de Torres. Durante estos d\u00edas la ciudad no duerme, y lo pasar\u00e1s en grande entre conciertos, fuegos artificiales, bailes, ferias\u2026 Pero es mejor que no te lo contemos y que lo descubras por ti mismo. Reserva ya un B&amp;B y vive una de las mejores fiestas de verano en Espa\u00f1a.<\/span><\/p>\n<p><strong><a class=\"mks_button mks_button_medium rounded\" href=\"https:\/\/www.bedandbreakfast.eu\/bed-and-breakfast-es\/malaga\/espana\/c2514256\" target=\"_blank\" style=\"color: #FFFFFF; background-color: #e3458c;\" >B&amp;B M\u00e1laga<\/a><\/strong><\/p>\n<p><strong>Comparte el art\u00edculo:<\/strong><\/p>\n","protected":false},"excerpt":{"rendered":"<p>Espa\u00f1a es un pa\u00eds lleno de eventos, ferias, fiestas de verano\u2026 por lo que para estas vacaciones te recomendamos los 5 mejores eventos para que disfrutes de tradiciones y lugares del pa\u00eds de una manera diferente y divertida. Adem\u00e1s, un B&#038;B sera la guinda del pastel. <\/p>\n","protected":false},"author":19,"featured_media":15783,"comment_status":"open","ping_status":"open","sticky":false,"template":"","format":"standard","meta":{"_monsterinsights_skip_tracking":false,"_monsterinsights_sitenote_active":false,"_monsterinsights_sitenote_note":"","_monsterinsights_sitenote_category":0,"_jetpack_newsletter_access":"","_jetpack_dont_email_post_to_subs":false,"_jetpack_newsletter_tier_id":0,"_jetpack_memberships_contains_paywalled_content":false,"_jetpack_memberships_contains_paid_content":false,"footnotes":""},"categories":[3550],"tags":[2152,4770,4064,4326,4768,4767,4769,2153,661,4758,4757,4753,4754,4755,4756],"coauthors":[3669],"class_list":["post-15748","post","type-post","status-publish","format-standard","has-post-thumbnail","hentry","category-destinos-populares-es","tag-bb-es","tag-bb-arriondas","tag-bb-barcelona","tag-bb-bilbao","tag-bb-bunol","tag-bb-malaga","tag-bb-ribadesella","tag-bed-breakfast-es","tag-bed-and-breakfast-es","tag-fiesta-mayor","tag-fiestas-de-verano","tag-summer-events-es","tag-summer-weekend-es","tag-unique-place-to-visit-es","tag-unique-places-to-visit-es"],"yoast_head":"<!-- This site is optimized with the Yoast SEO plugin v27.4 - https:\/\/yoast.com\/product\/yoast-seo-wordpress\/ -->\n<title>Las Mejores Fiestas de Verano de Espa\u00f1a | Bedandbreakfast.eu<\/title>\n<meta name=\"description\" content=\"Espa\u00f1a es un pa\u00eds lleno de eventos, ferias, fiestas de verano\u2026 por lo que para estas vacaciones te recomendamos los 5 mejores eventos para que disfrutes de tradiciones y lugares del pa\u00eds de una manera diferente y divertida. Adem\u00e1s, un B&amp;B sera la guinda del pastel.\" \/>\n<meta name=\"robots\" content=\"index, follow, max-snippet:-1, max-image-preview:large, max-video-preview:-1\" \/>\n<link rel=\"canonical\" href=\"https:\/\/blog.bedandbreakfast.eu\/es\/las-mejores-fiestas-de-verano-de-espana\/\" \/>\n<meta property=\"og:locale\" content=\"es_ES\" \/>\n<meta property=\"og:type\" content=\"article\" \/>\n<meta property=\"og:title\" content=\"Las Mejores Fiestas de Verano de Espa\u00f1a | Bedandbreakfast.eu\" \/>\n<meta property=\"og:description\" content=\"Espa\u00f1a es un pa\u00eds lleno de eventos, ferias, fiestas de verano\u2026 por lo que para estas vacaciones te recomendamos los 5 mejores eventos para que disfrutes de tradiciones y lugares del pa\u00eds de una manera diferente y divertida. Adem\u00e1s, un B&amp;B sera la guinda del pastel.\" \/>\n<meta property=\"og:url\" content=\"https:\/\/blog.bedandbreakfast.eu\/es\/las-mejores-fiestas-de-verano-de-espana\/\" \/>\n<meta property=\"og:site_name\" content=\"Bed and Breakfast Blog | Bedandbreakfast.eu\" \/>\n<meta property=\"article:published_time\" content=\"2019-07-04T07:00:52+00:00\" \/>\n<meta property=\"article:modified_time\" content=\"2019-07-04T08:30:53+00:00\" \/>\n<meta property=\"og:image\" content=\"https:\/\/blog.bedandbreakfast.eu\/wp-content\/uploads\/2019\/07\/Header_summer_events.jpg\" \/>\n\t<meta property=\"og:image:width\" content=\"1140\" \/>\n\t<meta property=\"og:image:height\" content=\"453\" \/>\n\t<meta property=\"og:image:type\" content=\"image\/jpeg\" \/>\n<meta name=\"author\" content=\"Elena Ribal Ruiz\" \/>\n<meta name=\"twitter:card\" content=\"summary_large_image\" \/>\n<meta name=\"twitter:label1\" content=\"Escrito por\" \/>\n\t<meta name=\"twitter:data1\" content=\"Elena Ribal Ruiz\" \/>\n\t<meta name=\"twitter:label2\" content=\"Tiempo de lectura\" \/>\n\t<meta name=\"twitter:data2\" content=\"3 minutes\" \/>\n\t<meta name=\"twitter:label3\" content=\"Written by\" \/>\n\t<meta name=\"twitter:data3\" content=\"Elena Ribal Ruiz\" \/>\n<script type=\"application\/ld+json\" class=\"yoast-schema-graph\">{\"@context\":\"https:\\\/\\\/schema.org\",\"@graph\":[{\"@type\":\"Article\",\"@id\":\"https:\\\/\\\/blog.bedandbreakfast.eu\\\/es\\\/las-mejores-fiestas-de-verano-de-espana\\\/#article\",\"isPartOf\":{\"@id\":\"https:\\\/\\\/blog.bedandbreakfast.eu\\\/es\\\/las-mejores-fiestas-de-verano-de-espana\\\/\"},\"author\":{\"name\":\"Elena Ribal Ruiz\",\"@id\":\"https:\\\/\\\/blog.bedandbreakfast.eu\\\/nl\\\/#\\\/schema\\\/person\\\/67b073e29bb513e7985fafe8916b1acf\"},\"headline\":\"Las Mejores Fiestas de Verano de Espa\u00f1a\",\"datePublished\":\"2019-07-04T07:00:52+00:00\",\"dateModified\":\"2019-07-04T08:30:53+00:00\",\"mainEntityOfPage\":{\"@id\":\"https:\\\/\\\/blog.bedandbreakfast.eu\\\/es\\\/las-mejores-fiestas-de-verano-de-espana\\\/\"},\"wordCount\":641,\"commentCount\":0,\"image\":{\"@id\":\"https:\\\/\\\/blog.bedandbreakfast.eu\\\/es\\\/las-mejores-fiestas-de-verano-de-espana\\\/#primaryimage\"},\"thumbnailUrl\":\"https:\\\/\\\/blog.bedandbreakfast.eu\\\/wp-content\\\/uploads\\\/2019\\\/07\\\/Header_summer_events.jpg\",\"keywords\":[\"B&amp;B\",\"B&amp;B Arriondas\",\"B&amp;B Barcelona\",\"B&amp;B Bilbao\",\"B&amp;B Bu\u00f1ol\",\"B&amp;B Malaga\",\"B&amp;B ribadesella\",\"bed &amp; breakfast\",\"bed and breakfast\",\"fiesta mayor\",\"fiestas de verano\",\"summer events\",\"summer weekend\",\"unique place to visit\",\"unique places to visit\"],\"articleSection\":[\"Destinos Populares\"],\"inLanguage\":\"es-ES\",\"potentialAction\":[{\"@type\":\"CommentAction\",\"name\":\"Comment\",\"target\":[\"https:\\\/\\\/blog.bedandbreakfast.eu\\\/es\\\/las-mejores-fiestas-de-verano-de-espana\\\/#respond\"]}]},{\"@type\":\"WebPage\",\"@id\":\"https:\\\/\\\/blog.bedandbreakfast.eu\\\/es\\\/las-mejores-fiestas-de-verano-de-espana\\\/\",\"url\":\"https:\\\/\\\/blog.bedandbreakfast.eu\\\/es\\\/las-mejores-fiestas-de-verano-de-espana\\\/\",\"name\":\"Las Mejores Fiestas de Verano de Espa\u00f1a | Bedandbreakfast.eu\",\"isPartOf\":{\"@id\":\"https:\\\/\\\/blog.bedandbreakfast.eu\\\/nl\\\/#website\"},\"primaryImageOfPage\":{\"@id\":\"https:\\\/\\\/blog.bedandbreakfast.eu\\\/es\\\/las-mejores-fiestas-de-verano-de-espana\\\/#primaryimage\"},\"image\":{\"@id\":\"https:\\\/\\\/blog.bedandbreakfast.eu\\\/es\\\/las-mejores-fiestas-de-verano-de-espana\\\/#primaryimage\"},\"thumbnailUrl\":\"https:\\\/\\\/blog.bedandbreakfast.eu\\\/wp-content\\\/uploads\\\/2019\\\/07\\\/Header_summer_events.jpg\",\"datePublished\":\"2019-07-04T07:00:52+00:00\",\"dateModified\":\"2019-07-04T08:30:53+00:00\",\"author\":{\"@id\":\"https:\\\/\\\/blog.bedandbreakfast.eu\\\/nl\\\/#\\\/schema\\\/person\\\/67b073e29bb513e7985fafe8916b1acf\"},\"description\":\"Espa\u00f1a es un pa\u00eds lleno de eventos, ferias, fiestas de verano\u2026 por lo que para estas vacaciones te recomendamos los 5 mejores eventos para que disfrutes de tradiciones y lugares del pa\u00eds de una manera diferente y divertida. Adem\u00e1s, un B&B sera la guinda del pastel.\",\"breadcrumb\":{\"@id\":\"https:\\\/\\\/blog.bedandbreakfast.eu\\\/es\\\/las-mejores-fiestas-de-verano-de-espana\\\/#breadcrumb\"},\"inLanguage\":\"es-ES\",\"potentialAction\":[{\"@type\":\"ReadAction\",\"target\":[\"https:\\\/\\\/blog.bedandbreakfast.eu\\\/es\\\/las-mejores-fiestas-de-verano-de-espana\\\/\"]}]},{\"@type\":\"ImageObject\",\"inLanguage\":\"es-ES\",\"@id\":\"https:\\\/\\\/blog.bedandbreakfast.eu\\\/es\\\/las-mejores-fiestas-de-verano-de-espana\\\/#primaryimage\",\"url\":\"https:\\\/\\\/blog.bedandbreakfast.eu\\\/wp-content\\\/uploads\\\/2019\\\/07\\\/Header_summer_events.jpg\",\"contentUrl\":\"https:\\\/\\\/blog.bedandbreakfast.eu\\\/wp-content\\\/uploads\\\/2019\\\/07\\\/Header_summer_events.jpg\",\"width\":1140,\"height\":453},{\"@type\":\"BreadcrumbList\",\"@id\":\"https:\\\/\\\/blog.bedandbreakfast.eu\\\/es\\\/las-mejores-fiestas-de-verano-de-espana\\\/#breadcrumb\",\"itemListElement\":[{\"@type\":\"ListItem\",\"position\":1,\"name\":\"Home\",\"item\":\"https:\\\/\\\/blog.bedandbreakfast.eu\\\/es\\\/\"},{\"@type\":\"ListItem\",\"position\":2,\"name\":\"Las Mejores Fiestas de Verano de Espa\u00f1a\"}]},{\"@type\":\"WebSite\",\"@id\":\"https:\\\/\\\/blog.bedandbreakfast.eu\\\/nl\\\/#website\",\"url\":\"https:\\\/\\\/blog.bedandbreakfast.eu\\\/nl\\\/\",\"name\":\"Bed and Breakfast Blog | Bedandbreakfast.eu\",\"description\":\"Un blog sobre Bed and Breakfasts especiales, proporcionado por Bedandbreakfast.eu. \u00a1Nueva inspiraci\u00f3n para pernoctaciones y excursiones a los lugares de B&amp;B m\u00e1s hermosos del mundo!\",\"potentialAction\":[{\"@type\":\"SearchAction\",\"target\":{\"@type\":\"EntryPoint\",\"urlTemplate\":\"https:\\\/\\\/blog.bedandbreakfast.eu\\\/nl\\\/?s={search_term_string}\"},\"query-input\":{\"@type\":\"PropertyValueSpecification\",\"valueRequired\":true,\"valueName\":\"search_term_string\"}}],\"inLanguage\":\"es-ES\"},{\"@type\":\"Person\",\"@id\":\"https:\\\/\\\/blog.bedandbreakfast.eu\\\/nl\\\/#\\\/schema\\\/person\\\/67b073e29bb513e7985fafe8916b1acf\",\"name\":\"Elena Ribal Ruiz\",\"image\":{\"@type\":\"ImageObject\",\"inLanguage\":\"es-ES\",\"@id\":\"https:\\\/\\\/blog.bedandbreakfast.eu\\\/wp-content\\\/uploads\\\/2022\\\/11\\\/20221018_Bed_and_Breakfast_008_2371-1-300x300.jpge674eda9806ac26c45d1a84b8bfd75f4\",\"url\":\"https:\\\/\\\/blog.bedandbreakfast.eu\\\/wp-content\\\/uploads\\\/2022\\\/11\\\/20221018_Bed_and_Breakfast_008_2371-1-300x300.jpg\",\"contentUrl\":\"https:\\\/\\\/blog.bedandbreakfast.eu\\\/wp-content\\\/uploads\\\/2022\\\/11\\\/20221018_Bed_and_Breakfast_008_2371-1-300x300.jpg\",\"caption\":\"Elena Ribal Ruiz\"},\"description\":\"De Barcelona pero viviendo en Holanda. Siempre pensando en mi pr\u00f3ximo viaje y buscando el mejor alojamiento. Viajar es la mejor manera de conocerte a ti mismo.\",\"url\":\"https:\\\/\\\/blog.bedandbreakfast.eu\\\/es\\\/author\\\/elena\\\/\"}]}<\/script>\n<!-- \/ Yoast SEO plugin. -->","yoast_head_json":{"title":"Las Mejores Fiestas de Verano de Espa\u00f1a | Bedandbreakfast.eu","description":"Espa\u00f1a es un pa\u00eds lleno de eventos, ferias, fiestas de verano\u2026 por lo que para estas vacaciones te recomendamos los 5 mejores eventos para que disfrutes de tradiciones y lugares del pa\u00eds de una manera diferente y divertida. Adem\u00e1s, un B&B sera la guinda del pastel.","robots":{"index":"index","follow":"follow","max-snippet":"max-snippet:-1","max-image-preview":"max-image-preview:large","max-video-preview":"max-video-preview:-1"},"canonical":"https:\/\/blog.bedandbreakfast.eu\/es\/las-mejores-fiestas-de-verano-de-espana\/","og_locale":"es_ES","og_type":"article","og_title":"Las Mejores Fiestas de Verano de Espa\u00f1a | Bedandbreakfast.eu","og_description":"Espa\u00f1a es un pa\u00eds lleno de eventos, ferias, fiestas de verano\u2026 por lo que para estas vacaciones te recomendamos los 5 mejores eventos para que disfrutes de tradiciones y lugares del pa\u00eds de una manera diferente y divertida. Adem\u00e1s, un B&B sera la guinda del pastel.","og_url":"https:\/\/blog.bedandbreakfast.eu\/es\/las-mejores-fiestas-de-verano-de-espana\/","og_site_name":"Bed and Breakfast Blog | Bedandbreakfast.eu","article_published_time":"2019-07-04T07:00:52+00:00","article_modified_time":"2019-07-04T08:30:53+00:00","og_image":[{"width":1140,"height":453,"url":"https:\/\/blog.bedandbreakfast.eu\/wp-content\/uploads\/2019\/07\/Header_summer_events.jpg","type":"image\/jpeg"}],"author":"Elena Ribal Ruiz","twitter_card":"summary_large_image","twitter_misc":{"Escrito por":"Elena Ribal Ruiz","Tiempo de lectura":"3 minutes","Written by":"Elena Ribal Ruiz"},"schema":{"@context":"https:\/\/schema.org","@graph":[{"@type":"Article","@id":"https:\/\/blog.bedandbreakfast.eu\/es\/las-mejores-fiestas-de-verano-de-espana\/#article","isPartOf":{"@id":"https:\/\/blog.bedandbreakfast.eu\/es\/las-mejores-fiestas-de-verano-de-espana\/"},"author":{"name":"Elena Ribal Ruiz","@id":"https:\/\/blog.bedandbreakfast.eu\/nl\/#\/schema\/person\/67b073e29bb513e7985fafe8916b1acf"},"headline":"Las Mejores Fiestas de Verano de Espa\u00f1a","datePublished":"2019-07-04T07:00:52+00:00","dateModified":"2019-07-04T08:30:53+00:00","mainEntityOfPage":{"@id":"https:\/\/blog.bedandbreakfast.eu\/es\/las-mejores-fiestas-de-verano-de-espana\/"},"wordCount":641,"commentCount":0,"image":{"@id":"https:\/\/blog.bedandbreakfast.eu\/es\/las-mejores-fiestas-de-verano-de-espana\/#primaryimage"},"thumbnailUrl":"https:\/\/blog.bedandbreakfast.eu\/wp-content\/uploads\/2019\/07\/Header_summer_events.jpg","keywords":["B&amp;B","B&amp;B Arriondas","B&amp;B Barcelona","B&amp;B Bilbao","B&amp;B Bu\u00f1ol","B&amp;B Malaga","B&amp;B ribadesella","bed &amp; breakfast","bed and breakfast","fiesta mayor","fiestas de verano","summer events","summer weekend","unique place to visit","unique places to visit"],"articleSection":["Destinos Populares"],"inLanguage":"es-ES","potentialAction":[{"@type":"CommentAction","name":"Comment","target":["https:\/\/blog.bedandbreakfast.eu\/es\/las-mejores-fiestas-de-verano-de-espana\/#respond"]}]},{"@type":"WebPage","@id":"https:\/\/blog.bedandbreakfast.eu\/es\/las-mejores-fiestas-de-verano-de-espana\/","url":"https:\/\/blog.bedandbreakfast.eu\/es\/las-mejores-fiestas-de-verano-de-espana\/","name":"Las Mejores Fiestas de Verano de Espa\u00f1a | Bedandbreakfast.eu","isPartOf":{"@id":"https:\/\/blog.bedandbreakfast.eu\/nl\/#website"},"primaryImageOfPage":{"@id":"https:\/\/blog.bedandbreakfast.eu\/es\/las-mejores-fiestas-de-verano-de-espana\/#primaryimage"},"image":{"@id":"https:\/\/blog.bedandbreakfast.eu\/es\/las-mejores-fiestas-de-verano-de-espana\/#primaryimage"},"thumbnailUrl":"https:\/\/blog.bedandbreakfast.eu\/wp-content\/uploads\/2019\/07\/Header_summer_events.jpg","datePublished":"2019-07-04T07:00:52+00:00","dateModified":"2019-07-04T08:30:53+00:00","author":{"@id":"https:\/\/blog.bedandbreakfast.eu\/nl\/#\/schema\/person\/67b073e29bb513e7985fafe8916b1acf"},"description":"Espa\u00f1a es un pa\u00eds lleno de eventos, ferias, fiestas de verano\u2026 por lo que para estas vacaciones te recomendamos los 5 mejores eventos para que disfrutes de tradiciones y lugares del pa\u00eds de una manera diferente y divertida. Adem\u00e1s, un B&B sera la guinda del pastel.","breadcrumb":{"@id":"https:\/\/blog.bedandbreakfast.eu\/es\/las-mejores-fiestas-de-verano-de-espana\/#breadcrumb"},"inLanguage":"es-ES","potentialAction":[{"@type":"ReadAction","target":["https:\/\/blog.bedandbreakfast.eu\/es\/las-mejores-fiestas-de-verano-de-espana\/"]}]},{"@type":"ImageObject","inLanguage":"es-ES","@id":"https:\/\/blog.bedandbreakfast.eu\/es\/las-mejores-fiestas-de-verano-de-espana\/#primaryimage","url":"https:\/\/blog.bedandbreakfast.eu\/wp-content\/uploads\/2019\/07\/Header_summer_events.jpg","contentUrl":"https:\/\/blog.bedandbreakfast.eu\/wp-content\/uploads\/2019\/07\/Header_summer_events.jpg","width":1140,"height":453},{"@type":"BreadcrumbList","@id":"https:\/\/blog.bedandbreakfast.eu\/es\/las-mejores-fiestas-de-verano-de-espana\/#breadcrumb","itemListElement":[{"@type":"ListItem","position":1,"name":"Home","item":"https:\/\/blog.bedandbreakfast.eu\/es\/"},{"@type":"ListItem","position":2,"name":"Las Mejores Fiestas de Verano de Espa\u00f1a"}]},{"@type":"WebSite","@id":"https:\/\/blog.bedandbreakfast.eu\/nl\/#website","url":"https:\/\/blog.bedandbreakfast.eu\/nl\/","name":"Bed and Breakfast Blog | Bedandbreakfast.eu","description":"Un blog sobre Bed and Breakfasts especiales, proporcionado por Bedandbreakfast.eu. \u00a1Nueva inspiraci\u00f3n para pernoctaciones y excursiones a los lugares de B&amp;B m\u00e1s hermosos del mundo!","potentialAction":[{"@type":"SearchAction","target":{"@type":"EntryPoint","urlTemplate":"https:\/\/blog.bedandbreakfast.eu\/nl\/?s={search_term_string}"},"query-input":{"@type":"PropertyValueSpecification","valueRequired":true,"valueName":"search_term_string"}}],"inLanguage":"es-ES"},{"@type":"Person","@id":"https:\/\/blog.bedandbreakfast.eu\/nl\/#\/schema\/person\/67b073e29bb513e7985fafe8916b1acf","name":"Elena Ribal Ruiz","image":{"@type":"ImageObject","inLanguage":"es-ES","@id":"https:\/\/blog.bedandbreakfast.eu\/wp-content\/uploads\/2022\/11\/20221018_Bed_and_Breakfast_008_2371-1-300x300.jpge674eda9806ac26c45d1a84b8bfd75f4","url":"https:\/\/blog.bedandbreakfast.eu\/wp-content\/uploads\/2022\/11\/20221018_Bed_and_Breakfast_008_2371-1-300x300.jpg","contentUrl":"https:\/\/blog.bedandbreakfast.eu\/wp-content\/uploads\/2022\/11\/20221018_Bed_and_Breakfast_008_2371-1-300x300.jpg","caption":"Elena Ribal Ruiz"},"description":"De Barcelona pero viviendo en Holanda. Siempre pensando en mi pr\u00f3ximo viaje y buscando el mejor alojamiento. Viajar es la mejor manera de conocerte a ti mismo.","url":"https:\/\/blog.bedandbreakfast.eu\/es\/author\/elena\/"}]}},"jetpack_featured_media_url":"https:\/\/blog.bedandbreakfast.eu\/wp-content\/uploads\/2019\/07\/Header_summer_events.jpg","jetpack_shortlink":"https:\/\/wp.me\/p9vhf3-460","jetpack_sharing_enabled":true,"_links":{"self":[{"href":"https:\/\/blog.bedandbreakfast.eu\/es\/wp-json\/wp\/v2\/posts\/15748","targetHints":{"allow":["GET"]}}],"collection":[{"href":"https:\/\/blog.bedandbreakfast.eu\/es\/wp-json\/wp\/v2\/posts"}],"about":[{"href":"https:\/\/blog.bedandbreakfast.eu\/es\/wp-json\/wp\/v2\/types\/post"}],"author":[{"embeddable":true,"href":"https:\/\/blog.bedandbreakfast.eu\/es\/wp-json\/wp\/v2\/users\/19"}],"replies":[{"embeddable":true,"href":"https:\/\/blog.bedandbreakfast.eu\/es\/wp-json\/wp\/v2\/comments?post=15748"}],"version-history":[{"count":9,"href":"https:\/\/blog.bedandbreakfast.eu\/es\/wp-json\/wp\/v2\/posts\/15748\/revisions"}],"predecessor-version":[{"id":15793,"href":"https:\/\/blog.bedandbreakfast.eu\/es\/wp-json\/wp\/v2\/posts\/15748\/revisions\/15793"}],"wp:featuredmedia":[{"embeddable":true,"href":"https:\/\/blog.bedandbreakfast.eu\/es\/wp-json\/wp\/v2\/media\/15783"}],"wp:attachment":[{"href":"https:\/\/blog.bedandbreakfast.eu\/es\/wp-json\/wp\/v2\/media?parent=15748"}],"wp:term":[{"taxonomy":"category","embeddable":true,"href":"https:\/\/blog.bedandbreakfast.eu\/es\/wp-json\/wp\/v2\/categories?post=15748"},{"taxonomy":"post_tag","embeddable":true,"href":"https:\/\/blog.bedandbreakfast.eu\/es\/wp-json\/wp\/v2\/tags?post=15748"},{"taxonomy":"author","embeddable":true,"href":"https:\/\/blog.bedandbreakfast.eu\/es\/wp-json\/wp\/v2\/coauthors?post=15748"}],"curies":[{"name":"wp","href":"https:\/\/api.w.org\/{rel}","templated":true}]}}