{"id":3927,"date":"2013-06-10T12:00:02","date_gmt":"2013-06-10T12:00:02","guid":{"rendered":"https:\/\/blog.bedandbreakfast.eu\/2013\/06\/10\/bed-and-breakfast-unter-der-schwedischen-sonne\/"},"modified":"2016-09-20T10:19:16","modified_gmt":"2016-09-20T10:19:16","slug":"bed-and-breakfast-unter-der-schwedischen-sonne","status":"publish","type":"post","link":"https:\/\/blog.bedandbreakfast.eu\/de\/bed-and-breakfast-unter-der-schwedischen-sonne\/","title":{"rendered":"Bed and Breakfast unter der schwedischen Sonne"},"content":{"rendered":"<div id=\"attachment_2263\" style=\"width: 560px\" class=\"wp-caption alignnone\"><a href=\"https:\/\/www.bedandbreakfast.eu\/privatzimmer\/schweden\/land\/\"><img loading=\"lazy\" decoding=\"async\" aria-describedby=\"caption-attachment-2263\" class=\"size-full wp-image-2263    \" title=\"B&amp;B Sweden\" alt=\"Privatzimmer Sweden\" src=\"https://blog.bedandbreakfast.eu/wp-content\/uploads\/2013\/05\/Strand_huisje.jpg\" width=\"550\" height=\"364\" \/><\/a><p id=\"caption-attachment-2263\" class=\"wp-caption-text\">Schwedische Sommer sind f\u00fcr sportliche Aktivit\u00e4ten ideal, aber in Schweden kannst du auch am Strand wunderbar relaxen.<\/p><\/div>\n<p>Schnee, ABBA und schwedische Saunen. Jedem f\u00e4llt zu Schweden etwas anderes ein, aber sch\u00f6ne Sommer werden mit diesem Land nicht sehr h\u00e4ufig assoziiert. Zeit f\u00fcr <a title=\"Website Bedandbreakfast.eu\" href=\"http:\/\/www.bedandbreakfast.eu\">Bedandbreakfast.eu<\/a>, um das zu \u00e4ndern!<!--more--><\/p>\n<div id=\"attachment_2264\" style=\"width: 310px\" class=\"wp-caption alignright\"><a href=\"https:\/\/www.bedandbreakfast.eu\/privatzimmer\/schweden\/land\/\"><img loading=\"lazy\" decoding=\"async\" aria-describedby=\"caption-attachment-2264\" class=\"size-medium wp-image-2264    \" title=\"Privatzimmers Sweden\" alt=\"Bed and breakfast  Scandinavia\" src=\"https://blog.bedandbreakfast.eu/wp-content\/uploads\/2013\/05\/huisje_bos-300x224.jpg\" width=\"300\" height=\"224\" \/><\/a><p id=\"caption-attachment-2264\" class=\"wp-caption-text\">\u00dcbernachte nach einer langen Wanderung in einem typischen schwedischen B&amp;B.<\/p><\/div>\n<p><strong>Schwedische Sommerferien<\/strong><br \/>\nViele Menschen denken, dass das Sommerklima in Schweden kalt und nass ist, aber nichts ist weniger wahr. Im Juli betr\u00e4gt die durchschnittliche Temperatur in Nordosten ca. 20 \u00b0C und 22 \u00b0C im S\u00fcden. Ideales Wetter also f\u00fcr eine Wanderroute, beispielsweise durch den Nationalpark Fulufj\u00e4llet in der Provinz <a title=\"B&amp;B Dalarnas L\u00e4n\" href=\"https:\/\/www.bedandbreakfast.eu\/privatzimmer\/dalarna\/provinz\/schweden\/2699767\">Dalarnas L\u00e4n<\/a>. Klettere hier durch Schluchten und \u00fcber Felsen und schie\u00dfe ein Foto von Old Tjikko, dem \u00e4ltesten Baum der Welt. Oder erlebe die schwedische Natur auf einem Mountainbike und \u00fcbernachte abends in einem <a title=\"B&amp;B Sweden\" href=\"https:\/\/www.bedandbreakfast.eu\/privatzimmer\/schweden\/land\/\">B&amp;B<\/a>, das auf deiner Route liegt.<\/p>\n<p><strong>B&amp;B am wei\u00dfen Strand<\/strong><br \/>\nAn der schwedischen S\u00fcdk\u00fcste findest du viele wei\u00dfe Sandstr\u00e4nde. Das Meer ist mit 15\u00b0 bis 17 \u00b0C zwar etwas frisch, aber bei sonnigem Wetter l\u00e4sst es sich hier bestens verweilen. Du kannst auch einen Sprung in einen der vielen schwedischen Seen wagen, hier kann die Wassertemperatur leicht 20 \u00b0C oder mehr betragen. Popul\u00e4re Str\u00e4nde sind unter anderem <a title=\"B&amp;B Mellbystrand\" href=\"https:\/\/www.bedandbreakfast.eu\/privatzimmer\/keyword\/mellbystrand\">Mellbystrand<\/a>, <a title=\"B&amp;B Varberg\" href=\"https:\/\/www.bedandbreakfast.eu\/privatzimmer\/varbergs-kommun\/kreis\/schweden\/2664994\">Varberg<\/a> und <a title=\"B&amp;B Laholm\" href=\"https:\/\/www.bedandbreakfast.eu\/privatzimmer\/laholms-kommun\/kreis\/schweden\/2697859\">Laholm<\/a> in der Provinz <a title=\"B&amp;B Halland L\u00e4n\" href=\"https:\/\/www.bedandbreakfast.eu\/privatzimmer\/halland\/provinz\/schweden\/2708794\">Halland L\u00e4n<\/a>. In der Region <a title=\"B&amp;B Sk\u00e5ne L\u00e4n\" href=\"https:\/\/www.bedandbreakfast.eu\/privatzimmer\/skane-lan\/provinz\/schweden\/3337385\">Sk\u00e5ne L\u00e4n<\/a> ziehen die Str\u00e4nde von <a title=\"B&amp;B Skan\u00f6r\" href=\"https:\/\/www.bedandbreakfast.eu\/privatzimmer\/skanor\/schweden\/c2678264\">Skan\u00f6r<\/a>, <a title=\"B&amp;B Sandhammaren\" href=\"https:\/\/www.bedandbreakfast.eu\/privatzimmer\/keyword\/sandhammaren\">Sandhammaren<\/a> und <a title=\"B&amp;B \u00c5hus\" href=\"https:\/\/www.bedandbreakfast.eu\/privatzimmer\/ahus\/schweden\/c2727363\">\u00c5hus<\/a> viele Besucher an.<\/p>\n<div id=\"attachment_2265\" style=\"width: 208px\" class=\"wp-caption alignleft\"><a href=\"https:\/\/www.bedandbreakfast.eu\/privatzimmer\/stockholms-kommun\/kreis\/schweden\/2673723\"><img loading=\"lazy\" decoding=\"async\" aria-describedby=\"caption-attachment-2265\" class=\"size-medium wp-image-2265     \" title=\"Privatzimmer Stockholm\" alt=\"Bed and breakfast Stockholm\" src=\"https://blog.bedandbreakfast.eu/wp-content\/uploads\/2013\/05\/stockholm-streets-198x300.jpg\" width=\"198\" height=\"300\" \/><\/a><p id=\"caption-attachment-2265\" class=\"wp-caption-text\">Stockholm hat wundersch\u00f6ne verwinkelte G\u00e4sschen mit tollen B&amp;B-Adressen.<\/p><\/div>\n<p><strong>Privatzimmer und Zimmer Frei in der Stadt<\/strong><br \/>\nSchweden bietet nicht nur sensationelle Natursch\u00f6nheiten, sondern auch jahrhundertealte Kultur und moderne Architektur. In St\u00e4dten wie <a title=\"B&amp;B Malm\u00f6\" href=\"https:\/\/www.bedandbreakfast.eu\/privatzimmer\/malmo\/schweden\/c2692969\">Malm\u00f6<\/a>, <a title=\"B&amp;B G\u00f6teborg\" href=\"https:\/\/www.bedandbreakfast.eu\/privatzimmer\/goteborgs-kommun\/kreis\/schweden\/2711533\">G\u00f6teborg<\/a> und <a title=\"B&amp;B Stockholm\" href=\"https:\/\/www.bedandbreakfast.eu\/privatzimmer\/stockholms-kommun\/kreis\/schweden\/2673723\">Stockholm<\/a> kannst du Kunst und Kulturgeschichte in vollen Z\u00fcgen genie\u00dfen. \u00dcbrigens solltest du die schwedischen Kronen nicht vergessen, wenn du shoppen gehst oder dich ins Nachtleben st\u00fcrzt!<\/p>\n<p><strong>Buchen Sie eine Pension oder B&amp;B in Schweden<\/strong><br \/>\n<a title=\"B&amp;B Sweden\" href=\"https:\/\/www.bedandbreakfast.eu\/privatzimmer\/schweden\/land\/\">\u00dcberall in Schweden<\/a> sind wundervolle B&amp;Bs zu finden.\u00a0 Jedes Bed and Breakfast ist einzigartig. Erleben Sie es selbst! W\u00e4hlen Sie das ideale B&amp;B aus unserem riesigen Angebot und buchen Sie direkt.<\/p>\n","protected":false},"excerpt":{"rendered":"<p>Schnee, ABBA und schwedische Saunen. Jedem f\u00e4llt zu Schweden etwas anderes ein, aber sch\u00f6ne Sommer werden mit diesem Land nicht sehr h\u00e4ufig assoziiert. Zeit f\u00fcr Bedandbreakfast.eu, um das zu \u00e4ndern!<\/p>\n","protected":false},"author":10,"featured_media":0,"comment_status":"open","ping_status":"open","sticky":false,"template":"","format":"standard","meta":{"_monsterinsights_skip_tracking":false,"_monsterinsights_sitenote_active":false,"_monsterinsights_sitenote_note":"","_monsterinsights_sitenote_category":0,"_jetpack_newsletter_access":"","_jetpack_dont_email_post_to_subs":false,"_jetpack_newsletter_tier_id":0,"_jetpack_memberships_contains_paywalled_content":false,"_jetpack_memberships_contains_paid_content":false,"footnotes":""},"categories":[2599],"tags":[3592,3660],"coauthors":[5468],"class_list":["post-3927","post","type-post","status-publish","format-standard","hentry","category-bb-tipps-2","tag-bed-breakfast-de-2","tag-bed-and-breakfast-de-3"],"yoast_head":"<!-- This site is optimized with the Yoast SEO plugin v27.4 - https:\/\/yoast.com\/product\/yoast-seo-wordpress\/ -->\n<title>Bed and Breakfast unter der schwedischen Sonne - Bed and Breakfast Blog | Bedandbreakfast.eu<\/title>\n<meta name=\"robots\" content=\"index, follow, max-snippet:-1, max-image-preview:large, max-video-preview:-1\" \/>\n<link rel=\"canonical\" href=\"http:\/\/blog.bedandbreakfast.eu\/nederlands-bed-and-breakfast-onder-de-zweedse-zon\/\" \/>\n<meta property=\"og:locale\" content=\"de_DE\" \/>\n<meta property=\"og:type\" content=\"article\" \/>\n<meta property=\"og:title\" content=\"Bed and Breakfast unter der schwedischen Sonne - Bed and Breakfast Blog | Bedandbreakfast.eu\" \/>\n<meta property=\"og:description\" content=\"Schnee, ABBA und schwedische Saunen. Jedem f\u00e4llt zu Schweden etwas anderes ein, aber sch\u00f6ne Sommer werden mit diesem Land nicht sehr h\u00e4ufig assoziiert. Zeit f\u00fcr Bedandbreakfast.eu, um das zu \u00e4ndern!\" \/>\n<meta property=\"og:url\" content=\"http:\/\/blog.bedandbreakfast.eu\/nederlands-bed-and-breakfast-onder-de-zweedse-zon\/\" \/>\n<meta property=\"og:site_name\" content=\"Bed and Breakfast Blog | Bedandbreakfast.eu\" \/>\n<meta property=\"article:published_time\" content=\"2013-06-10T12:00:02+00:00\" \/>\n<meta property=\"article:modified_time\" content=\"2016-09-20T10:19:16+00:00\" \/>\n<meta property=\"og:image\" content=\"https://blog.bedandbreakfast.eu/wp-content\/uploads\/2013\/05\/Strand_huisje.jpg\" \/>\n<meta name=\"author\" content=\"Josjah Thalen\" \/>\n<meta name=\"twitter:card\" content=\"summary_large_image\" \/>\n<meta name=\"twitter:label1\" content=\"Verfasst von\" \/>\n\t<meta name=\"twitter:data1\" content=\"Josjah Thalen\" \/>\n\t<meta name=\"twitter:label2\" content=\"Gesch\u00e4tzte Lesezeit\" \/>\n\t<meta name=\"twitter:data2\" content=\"2\u00a0Minuten\" \/>\n<script type=\"application\/ld+json\" class=\"yoast-schema-graph\">{\"@context\":\"https:\\\/\\\/schema.org\",\"@graph\":[{\"@type\":\"Article\",\"@id\":\"http:\\\/\\\/blog.bedandbreakfast.eu\\\/nederlands-bed-and-breakfast-onder-de-zweedse-zon\\\/#article\",\"isPartOf\":{\"@id\":\"http:\\\/\\\/blog.bedandbreakfast.eu\\\/nederlands-bed-and-breakfast-onder-de-zweedse-zon\\\/\"},\"author\":{\"name\":\"Josjah Thalen\",\"@id\":\"https:\\\/\\\/blog.bedandbreakfast.eu\\\/nl\\\/#\\\/schema\\\/person\\\/478645d2a302bc85a9ea2d3014016917\"},\"headline\":\"Bed and Breakfast unter der schwedischen Sonne\",\"datePublished\":\"2013-06-10T12:00:02+00:00\",\"dateModified\":\"2016-09-20T10:19:16+00:00\",\"mainEntityOfPage\":{\"@id\":\"http:\\\/\\\/blog.bedandbreakfast.eu\\\/nederlands-bed-and-breakfast-onder-de-zweedse-zon\\\/\"},\"wordCount\":404,\"commentCount\":0,\"image\":{\"@id\":\"http:\\\/\\\/blog.bedandbreakfast.eu\\\/nederlands-bed-and-breakfast-onder-de-zweedse-zon\\\/#primaryimage\"},\"thumbnailUrl\":\"https:\\\/\\\/www.bedandbreakfast.eu\\\/blog\\\/wp-content\\\/uploads\\\/2013\\\/05\\\/Strand_huisje.jpg\",\"keywords\":[\"bed &amp; breakfast\",\"bed and breakfast\"],\"articleSection\":[\"B&amp;B-Tipps\"],\"inLanguage\":\"de\",\"potentialAction\":[{\"@type\":\"CommentAction\",\"name\":\"Comment\",\"target\":[\"http:\\\/\\\/blog.bedandbreakfast.eu\\\/nederlands-bed-and-breakfast-onder-de-zweedse-zon\\\/#respond\"]}]},{\"@type\":\"WebPage\",\"@id\":\"http:\\\/\\\/blog.bedandbreakfast.eu\\\/nederlands-bed-and-breakfast-onder-de-zweedse-zon\\\/\",\"url\":\"http:\\\/\\\/blog.bedandbreakfast.eu\\\/nederlands-bed-and-breakfast-onder-de-zweedse-zon\\\/\",\"name\":\"Bed and Breakfast unter der schwedischen Sonne - Bed and Breakfast Blog | Bedandbreakfast.eu\",\"isPartOf\":{\"@id\":\"https:\\\/\\\/blog.bedandbreakfast.eu\\\/nl\\\/#website\"},\"primaryImageOfPage\":{\"@id\":\"http:\\\/\\\/blog.bedandbreakfast.eu\\\/nederlands-bed-and-breakfast-onder-de-zweedse-zon\\\/#primaryimage\"},\"image\":{\"@id\":\"http:\\\/\\\/blog.bedandbreakfast.eu\\\/nederlands-bed-and-breakfast-onder-de-zweedse-zon\\\/#primaryimage\"},\"thumbnailUrl\":\"https:\\\/\\\/www.bedandbreakfast.eu\\\/blog\\\/wp-content\\\/uploads\\\/2013\\\/05\\\/Strand_huisje.jpg\",\"datePublished\":\"2013-06-10T12:00:02+00:00\",\"dateModified\":\"2016-09-20T10:19:16+00:00\",\"author\":{\"@id\":\"https:\\\/\\\/blog.bedandbreakfast.eu\\\/nl\\\/#\\\/schema\\\/person\\\/478645d2a302bc85a9ea2d3014016917\"},\"breadcrumb\":{\"@id\":\"http:\\\/\\\/blog.bedandbreakfast.eu\\\/nederlands-bed-and-breakfast-onder-de-zweedse-zon\\\/#breadcrumb\"},\"inLanguage\":\"de\",\"potentialAction\":[{\"@type\":\"ReadAction\",\"target\":[\"http:\\\/\\\/blog.bedandbreakfast.eu\\\/nederlands-bed-and-breakfast-onder-de-zweedse-zon\\\/\"]}]},{\"@type\":\"ImageObject\",\"inLanguage\":\"de\",\"@id\":\"http:\\\/\\\/blog.bedandbreakfast.eu\\\/nederlands-bed-and-breakfast-onder-de-zweedse-zon\\\/#primaryimage\",\"url\":\"https:\\\/\\\/www.bedandbreakfast.eu\\\/blog\\\/wp-content\\\/uploads\\\/2013\\\/05\\\/Strand_huisje.jpg\",\"contentUrl\":\"https:\\\/\\\/www.bedandbreakfast.eu\\\/blog\\\/wp-content\\\/uploads\\\/2013\\\/05\\\/Strand_huisje.jpg\"},{\"@type\":\"BreadcrumbList\",\"@id\":\"http:\\\/\\\/blog.bedandbreakfast.eu\\\/nederlands-bed-and-breakfast-onder-de-zweedse-zon\\\/#breadcrumb\",\"itemListElement\":[{\"@type\":\"ListItem\",\"position\":1,\"name\":\"Home\",\"item\":\"https:\\\/\\\/blog.bedandbreakfast.eu\\\/de\\\/\"},{\"@type\":\"ListItem\",\"position\":2,\"name\":\"Bed and Breakfast unter der schwedischen Sonne\"}]},{\"@type\":\"WebSite\",\"@id\":\"https:\\\/\\\/blog.bedandbreakfast.eu\\\/nl\\\/#website\",\"url\":\"https:\\\/\\\/blog.bedandbreakfast.eu\\\/nl\\\/\",\"name\":\"Bed and Breakfast Blog | Bedandbreakfast.eu\",\"description\":\"Ein Blog von Bedandbreakfast.eu \u00fcber ganz besondere Bed &amp; Breakfasts. Neue Inspirationen und Tipps f\u00fcr \u00dcbernachtungen und Kurztrips in Europas sch\u00f6nsten B&amp;Bs. \",\"potentialAction\":[{\"@type\":\"SearchAction\",\"target\":{\"@type\":\"EntryPoint\",\"urlTemplate\":\"https:\\\/\\\/blog.bedandbreakfast.eu\\\/nl\\\/?s={search_term_string}\"},\"query-input\":{\"@type\":\"PropertyValueSpecification\",\"valueRequired\":true,\"valueName\":\"search_term_string\"}}],\"inLanguage\":\"de\"},{\"@type\":\"Person\",\"@id\":\"https:\\\/\\\/blog.bedandbreakfast.eu\\\/nl\\\/#\\\/schema\\\/person\\\/478645d2a302bc85a9ea2d3014016917\",\"name\":\"Josjah Thalen\",\"image\":{\"@type\":\"ImageObject\",\"inLanguage\":\"de\",\"@id\":\"https:\\\/\\\/secure.gravatar.com\\\/avatar\\\/3d323b3d641ca48940632a24b66d5a8f02f80c664a198c89b40906f74c1159e4?s=96&d=mm&r=g3b17f4c9c094d19a48d6f6e85643ac95\",\"url\":\"https:\\\/\\\/secure.gravatar.com\\\/avatar\\\/3d323b3d641ca48940632a24b66d5a8f02f80c664a198c89b40906f74c1159e4?s=96&d=mm&r=g\",\"contentUrl\":\"https:\\\/\\\/secure.gravatar.com\\\/avatar\\\/3d323b3d641ca48940632a24b66d5a8f02f80c664a198c89b40906f74c1159e4?s=96&d=mm&r=g\",\"caption\":\"Josjah Thalen\"},\"description\":\"Loves to collect memories at exquisite destinations. Passionate about traveling and visiting unique B&amp;Bs: discover his best tips on this blog.\",\"url\":\"https:\\\/\\\/blog.bedandbreakfast.eu\\\/de\\\/author\\\/josjah\\\/\"}]}<\/script>\n<!-- \/ Yoast SEO plugin. -->","yoast_head_json":{"title":"Bed and Breakfast unter der schwedischen Sonne - Bed and Breakfast Blog | Bedandbreakfast.eu","robots":{"index":"index","follow":"follow","max-snippet":"max-snippet:-1","max-image-preview":"max-image-preview:large","max-video-preview":"max-video-preview:-1"},"canonical":"http:\/\/blog.bedandbreakfast.eu\/nederlands-bed-and-breakfast-onder-de-zweedse-zon\/","og_locale":"de_DE","og_type":"article","og_title":"Bed and Breakfast unter der schwedischen Sonne - Bed and Breakfast Blog | Bedandbreakfast.eu","og_description":"Schnee, ABBA und schwedische Saunen. Jedem f\u00e4llt zu Schweden etwas anderes ein, aber sch\u00f6ne Sommer werden mit diesem Land nicht sehr h\u00e4ufig assoziiert. Zeit f\u00fcr Bedandbreakfast.eu, um das zu \u00e4ndern!","og_url":"http:\/\/blog.bedandbreakfast.eu\/nederlands-bed-and-breakfast-onder-de-zweedse-zon\/","og_site_name":"Bed and Breakfast Blog | Bedandbreakfast.eu","article_published_time":"2013-06-10T12:00:02+00:00","article_modified_time":"2016-09-20T10:19:16+00:00","og_image":[{"url":"https://blog.bedandbreakfast.eu/wp-content\/uploads\/2013\/05\/Strand_huisje.jpg","type":"","width":"","height":""}],"author":"Josjah Thalen","twitter_card":"summary_large_image","twitter_misc":{"Verfasst von":"Josjah Thalen","Gesch\u00e4tzte Lesezeit":"2\u00a0Minuten"},"schema":{"@context":"https:\/\/schema.org","@graph":[{"@type":"Article","@id":"http:\/\/blog.bedandbreakfast.eu\/nederlands-bed-and-breakfast-onder-de-zweedse-zon\/#article","isPartOf":{"@id":"http:\/\/blog.bedandbreakfast.eu\/nederlands-bed-and-breakfast-onder-de-zweedse-zon\/"},"author":{"name":"Josjah Thalen","@id":"https:\/\/blog.bedandbreakfast.eu\/nl\/#\/schema\/person\/478645d2a302bc85a9ea2d3014016917"},"headline":"Bed and Breakfast unter der schwedischen Sonne","datePublished":"2013-06-10T12:00:02+00:00","dateModified":"2016-09-20T10:19:16+00:00","mainEntityOfPage":{"@id":"http:\/\/blog.bedandbreakfast.eu\/nederlands-bed-and-breakfast-onder-de-zweedse-zon\/"},"wordCount":404,"commentCount":0,"image":{"@id":"http:\/\/blog.bedandbreakfast.eu\/nederlands-bed-and-breakfast-onder-de-zweedse-zon\/#primaryimage"},"thumbnailUrl":"https://blog.bedandbreakfast.eu/wp-content\/uploads\/2013\/05\/Strand_huisje.jpg","keywords":["bed &amp; breakfast","bed and breakfast"],"articleSection":["B&amp;B-Tipps"],"inLanguage":"de","potentialAction":[{"@type":"CommentAction","name":"Comment","target":["http:\/\/blog.bedandbreakfast.eu\/nederlands-bed-and-breakfast-onder-de-zweedse-zon\/#respond"]}]},{"@type":"WebPage","@id":"http:\/\/blog.bedandbreakfast.eu\/nederlands-bed-and-breakfast-onder-de-zweedse-zon\/","url":"http:\/\/blog.bedandbreakfast.eu\/nederlands-bed-and-breakfast-onder-de-zweedse-zon\/","name":"Bed and Breakfast unter der schwedischen Sonne - Bed and Breakfast Blog | Bedandbreakfast.eu","isPartOf":{"@id":"https:\/\/blog.bedandbreakfast.eu\/nl\/#website"},"primaryImageOfPage":{"@id":"http:\/\/blog.bedandbreakfast.eu\/nederlands-bed-and-breakfast-onder-de-zweedse-zon\/#primaryimage"},"image":{"@id":"http:\/\/blog.bedandbreakfast.eu\/nederlands-bed-and-breakfast-onder-de-zweedse-zon\/#primaryimage"},"thumbnailUrl":"https://blog.bedandbreakfast.eu/wp-content\/uploads\/2013\/05\/Strand_huisje.jpg","datePublished":"2013-06-10T12:00:02+00:00","dateModified":"2016-09-20T10:19:16+00:00","author":{"@id":"https:\/\/blog.bedandbreakfast.eu\/nl\/#\/schema\/person\/478645d2a302bc85a9ea2d3014016917"},"breadcrumb":{"@id":"http:\/\/blog.bedandbreakfast.eu\/nederlands-bed-and-breakfast-onder-de-zweedse-zon\/#breadcrumb"},"inLanguage":"de","potentialAction":[{"@type":"ReadAction","target":["http:\/\/blog.bedandbreakfast.eu\/nederlands-bed-and-breakfast-onder-de-zweedse-zon\/"]}]},{"@type":"ImageObject","inLanguage":"de","@id":"http:\/\/blog.bedandbreakfast.eu\/nederlands-bed-and-breakfast-onder-de-zweedse-zon\/#primaryimage","url":"https://blog.bedandbreakfast.eu/wp-content\/uploads\/2013\/05\/Strand_huisje.jpg","contentUrl":"https://blog.bedandbreakfast.eu/wp-content\/uploads\/2013\/05\/Strand_huisje.jpg"},{"@type":"BreadcrumbList","@id":"http:\/\/blog.bedandbreakfast.eu\/nederlands-bed-and-breakfast-onder-de-zweedse-zon\/#breadcrumb","itemListElement":[{"@type":"ListItem","position":1,"name":"Home","item":"https:\/\/blog.bedandbreakfast.eu\/de\/"},{"@type":"ListItem","position":2,"name":"Bed and Breakfast unter der schwedischen Sonne"}]},{"@type":"WebSite","@id":"https:\/\/blog.bedandbreakfast.eu\/nl\/#website","url":"https:\/\/blog.bedandbreakfast.eu\/nl\/","name":"Bed and Breakfast Blog | Bedandbreakfast.eu","description":"Ein Blog von Bedandbreakfast.eu \u00fcber ganz besondere Bed &amp; Breakfasts. Neue Inspirationen und Tipps f\u00fcr \u00dcbernachtungen und Kurztrips in Europas sch\u00f6nsten B&amp;Bs. ","potentialAction":[{"@type":"SearchAction","target":{"@type":"EntryPoint","urlTemplate":"https:\/\/blog.bedandbreakfast.eu\/nl\/?s={search_term_string}"},"query-input":{"@type":"PropertyValueSpecification","valueRequired":true,"valueName":"search_term_string"}}],"inLanguage":"de"},{"@type":"Person","@id":"https:\/\/blog.bedandbreakfast.eu\/nl\/#\/schema\/person\/478645d2a302bc85a9ea2d3014016917","name":"Josjah Thalen","image":{"@type":"ImageObject","inLanguage":"de","@id":"https:\/\/secure.gravatar.com\/avatar\/3d323b3d641ca48940632a24b66d5a8f02f80c664a198c89b40906f74c1159e4?s=96&d=mm&r=g3b17f4c9c094d19a48d6f6e85643ac95","url":"https:\/\/secure.gravatar.com\/avatar\/3d323b3d641ca48940632a24b66d5a8f02f80c664a198c89b40906f74c1159e4?s=96&d=mm&r=g","contentUrl":"https:\/\/secure.gravatar.com\/avatar\/3d323b3d641ca48940632a24b66d5a8f02f80c664a198c89b40906f74c1159e4?s=96&d=mm&r=g","caption":"Josjah Thalen"},"description":"Loves to collect memories at exquisite destinations. Passionate about traveling and visiting unique B&amp;Bs: discover his best tips on this blog.","url":"https:\/\/blog.bedandbreakfast.eu\/de\/author\/josjah\/"}]}},"jetpack_featured_media_url":"","jetpack_shortlink":"https:\/\/wp.me\/p9vhf3-11l","jetpack_sharing_enabled":true,"_links":{"self":[{"href":"https:\/\/blog.bedandbreakfast.eu\/de\/wp-json\/wp\/v2\/posts\/3927","targetHints":{"allow":["GET"]}}],"collection":[{"href":"https:\/\/blog.bedandbreakfast.eu\/de\/wp-json\/wp\/v2\/posts"}],"about":[{"href":"https:\/\/blog.bedandbreakfast.eu\/de\/wp-json\/wp\/v2\/types\/post"}],"author":[{"embeddable":true,"href":"https:\/\/blog.bedandbreakfast.eu\/de\/wp-json\/wp\/v2\/users\/10"}],"replies":[{"embeddable":true,"href":"https:\/\/blog.bedandbreakfast.eu\/de\/wp-json\/wp\/v2\/comments?post=3927"}],"version-history":[{"count":0,"href":"https:\/\/blog.bedandbreakfast.eu\/de\/wp-json\/wp\/v2\/posts\/3927\/revisions"}],"wp:attachment":[{"href":"https:\/\/blog.bedandbreakfast.eu\/de\/wp-json\/wp\/v2\/media?parent=3927"}],"wp:term":[{"taxonomy":"category","embeddable":true,"href":"https:\/\/blog.bedandbreakfast.eu\/de\/wp-json\/wp\/v2\/categories?post=3927"},{"taxonomy":"post_tag","embeddable":true,"href":"https:\/\/blog.bedandbreakfast.eu\/de\/wp-json\/wp\/v2\/tags?post=3927"},{"taxonomy":"author","embeddable":true,"href":"https:\/\/blog.bedandbreakfast.eu\/de\/wp-json\/wp\/v2\/coauthors?post=3927"}],"curies":[{"name":"wp","href":"https:\/\/api.w.org\/{rel}","templated":true}]}}