{"id":3921,"date":"2013-05-31T08:51:12","date_gmt":"2013-05-31T08:51:12","guid":{"rendered":"https:\/\/blog.bedandbreakfast.eu\/2013\/05\/31\/bed-breakfasts-an-der-cote-dazur-wander-und-fahrradurlaub\/"},"modified":"2016-09-20T10:07:04","modified_gmt":"2016-09-20T10:07:04","slug":"bed-breakfasts-an-der-cote-dazur-wander-und-fahrradurlaub","status":"publish","type":"post","link":"https:\/\/blog.bedandbreakfast.eu\/de\/bed-breakfasts-an-der-cote-dazur-wander-und-fahrradurlaub\/","title":{"rendered":"Bed &amp; Breakfasts an der C\u00f4te d&#8217;Azur: Wander- und Fahrradurlaub"},"content":{"rendered":"<div id=\"attachment_2199\" style=\"width: 510px\" class=\"wp-caption alignnone\"><a href=\"https:\/\/www.bedandbreakfast.eu\/privatzimmer\/provence-alpes-cote-d-azur\/region\/frankreich\/2985244\"><img loading=\"lazy\" decoding=\"async\" aria-describedby=\"caption-attachment-2199\" class=\"size-full wp-image-2199\" title=\"B&#038;B Cote d'Azur\" alt=\"Bed and breakfast Sudfrankreich\" src=\"https://blog.bedandbreakfast.eu/wp-content\/uploads\/2013\/05\/CoteDazur.png\" width=\"500\" height=\"332\" \/><\/a><p id=\"caption-attachment-2199\" class=\"wp-caption-text\">Die C\u00f4te d&#8217;Azur: ein perfektes, sehr abwechslungsreiches Wandergebiet.<\/p><\/div>\n<p><a title=\"Bed and breakfast Sudfrankreich\" href=\"https:\/\/www.bedandbreakfast.eu\/privatzimmer\/keyword\/zuid-frankrijk\">S\u00fcdfrankreich<\/a> und die <a title=\"B&amp;B Cote d&#039;Azur\" href=\"https:\/\/www.bedandbreakfast.eu\/privatzimmer\/provence-alpes-cote-d-azur\/region\/frankreich\/2985244\">C\u00f4te d&#8217;Azur<\/a> sind mittlerweile Synonyme f\u00fcr Sonne, Meer und Entspannung. Du kannst hier herrlich wandern und Fahrrad fahren. \u00dcbernachten ist kein Problem, denn an der C\u00f4te d&#8217;Azur findest du \u00fcberall h\u00fcbsche Bed &#038; Breakfasts, G\u00eetes und Chambres d&#8217;H\u00f4tes.<!--more--><\/p>\n<p><b>B&#038;B an der C\u00f4te d&#8217;Azur<br \/>\n<\/b>Die C\u00f4te d&#8217;Azur: ein perfektes, sehr abwechslungsreiches Wandergebiet. Es gibt raue K\u00fcstenpfade, pittoreske D\u00f6rfchen und K\u00fcstenst\u00e4dte mit Flair, in denen es sich herrlich shoppen und flanieren l\u00e4sst. Lasse dich von den atemberaubenden Panoramen der C\u00f4te d&#8217;Azur bezaubern, w\u00e4hrend du ber\u00fchmte St\u00e4dte wie <a title=\"Bed and breakfast Nizza\" href=\"https:\/\/www.bedandbreakfast.eu\/privatzimmer\/nizza\/frankreich\/c2990440\">Nizza<\/a>, <a title=\"bed and breakfast menton\" href=\"https:\/\/www.bedandbreakfast.eu\/privatzimmer\/menton\/frankreich\/c2994497\">Menton<\/a>, <a title=\"Bed and breakfast St.Jean-Cap-Ferrat\" href=\"https:\/\/www.bedandbreakfast.eu\/privatzimmer\/menton\/frankreich\/c2994497\">St.Jean-Cap-Ferrat<\/a> oder <a title=\"Bed and breakfast Beaulieu\" href=\"https:\/\/www.bedandbreakfast.eu\/privatzimmer\/keyword\/beaulieu\">Beaulieu<\/a> besuchst.<\/p>\n<p><b>Chambres d&#8217;H\u00f4tes in franz\u00f6sischen Bergd\u00f6rfern<br \/>\n<\/b>Die kleinen malerischen Bergd\u00f6rfchen d\u00fcrfen ganz sicher nicht fehlen! Um nur einige zu nennen: <a title=\"Bed and breakfast Roquebrune \" href=\"https:\/\/www.bedandbreakfast.eu\/privatzimmer\/roquebrune-sur-argens\/frankreich\/c2982875\">Roquebrune-sur-Argens<\/a>, <a title=\"Bed and breakfast in Castellar\" href=\"https:\/\/www.bedandbreakfast.eu\/privatzimmer\/castellar\/frankreich\/c3028380\">Castellar<\/a>, <a title=\"Bed and breakfast Eze\" href=\"https:\/\/www.bedandbreakfast.eu\/privatzimmer\/eze\/frankreich\/c3019174\">Eze<\/a>, <a title=\"Bed and breakfast Sainte Agn\u00e8s\" href=\"https:\/\/www.bedandbreakfast.eu\/privatzimmer\/sainte-agnes\/frankreich\/c2980789\">Sainte Agn\u00e8s<\/a> und La Turbie. Egal, wie klein das Dorf auch ist, es gibt mit Sicherheit immer ein oder zwei B&#038;Bs, in denen du \u00fcbernachten kannst.<\/p>\n<div id=\"attachment_2200\" style=\"width: 510px\" class=\"wp-caption alignnone\"><a href=\"https:\/\/www.bedandbreakfast.eu\/privatzimmer\/provence-alpes-cote-d-azur\/region\/frankreich\/2985244\"><img loading=\"lazy\" decoding=\"async\" aria-describedby=\"caption-attachment-2200\" class=\"size-full wp-image-2200 \" title=\"Bed and breakfast Cote d'Azur\" alt=\"B&#038;B Sudfrankreich\" src=\"https://blog.bedandbreakfast.eu/wp-content\/uploads\/2013\/05\/Frankrijk2.png\" width=\"500\" height=\"332\" \/><\/a><p id=\"caption-attachment-2200\" class=\"wp-caption-text\">Mache aus deinem Fahrradurlaub ein unvergessliches Abenteuer: Kombiniere die sch\u00f6nsten Routen zu einer mehrt\u00e4gigen Rundreise in Sudfrankreich.<\/p><\/div>\n<p><b>Fahrradroute V\u00e9lodyss\u00e9e<br \/>\n<\/b>Ein Fahrradurlaub ist ideal, wenn du aktiv sein und gleichzeitig entspannen willst. Die Fahrradroute <a title=\"V\u00e9lodys\u00e9e Fahrradroute\" href=\"http:\/\/www.velodyssey.com\/\">V\u00e9lodyss\u00e9e<\/a>\u00a0ist im Ganzen 1200 km lang und kann auch in Etappen gefahren werden. Ein Beispiel ist die Etappe durch <a title=\"Bed and breakfast Aquitanie, chambre d&#039;hotes\" href=\"https:\/\/www.bedandbreakfast.eu\/privatzimmer\/aquitanien\/region\/frankreich\/3037350\">Aquitanien<\/a> (388 km), eine herrliche und abwechslungsreiche Tour f\u00fcr sowohl sportliches als auch entspanntes Fahrradfahren.<\/p>\n<p><b>Bretagne und Baskenland<br \/>\n<\/b>Die V\u00e9lodyss\u00e9e-Route f\u00fchrt erst durch die <a title=\"Bed and breakfast Bretagne, B&amp;B\" href=\"https:\/\/www.bedandbreakfast.eu\/privatzimmer\/bretagne\/region\/frankreich\/3030293\">Bretagne<\/a>, dem <a title=\"Bed and breakfast Vend\u00e9e, chambre d&#039;hotes\" href=\"https:\/\/www.bedandbreakfast.eu\/privatzimmer\/vendee\/departement\/frankreich\/2970140\">Vend\u00e9e<\/a> und <a title=\"Charente-Maritime bed and breakfast\" href=\"https:\/\/www.bedandbreakfast.eu\/privatzimmer\/charente-maritime\/departement\/frankreich\/3026644\">Charente-Maritime<\/a> und folgt dann der nat\u00fcrlichen K\u00fcstenlinie von <a title=\"Bed and breakfast Aquitanie, chambre d&#039;hotes\" href=\"https:\/\/www.bedandbreakfast.eu\/privatzimmer\/aquitanien\/region\/frankreich\/3037350\">Aquitanien<\/a>. Zwischen <a title=\"Bed and breakfast Royan, chambre d&#039;hotes\" href=\"https:\/\/www.bedandbreakfast.eu\/privatzimmer\/royan\/frankreich\/c2982343\">Royan<\/a> und Pointe de Grave radelst du an der M\u00fcndung der <a title=\"chambre d&#039;hotes Gironde, bed and breakfast\" href=\"https:\/\/www.bedandbreakfast.eu\/privatzimmer\/gironde\/departement\/frankreich\/3015948\">Garonne<\/a> vorbei. In dieser Region gibt es charakteristische K\u00fcsten\u00f6rtchen zu entdecken: <a title=\"Bed &amp; breakfast Soulac-sur-Mer, chambre d&#039;hotes\" href=\"https:\/\/www.bedandbreakfast.eu\/privatzimmer\/soulac-sur-mer\/frankreich\/c2974056\">Soulac-sur-Mer<\/a>, <a title=\"Bed and breakfast Hourtin, chambre d&#039;hotes\" href=\"https:\/\/www.bedandbreakfast.eu\/privatzimmer\/keyword\/hourtin\">Hourtin<\/a>, <a title=\"bed and breakfast Carcans, chambre d&#039;hotes\" href=\"https:\/\/www.bedandbreakfast.eu\/privatzimmer\/keyword\/carcans\">Carcans<\/a> und <a title=\"Bed and breakfast Lacanau, chambre d&#039;hotes\" href=\"https:\/\/www.bedandbreakfast.eu\/privatzimmer\/keyword\/lacanau\">Lacanau<\/a>.<\/p>\n<p>Etwas weiter s\u00fcdlich liegt das <a title=\"Bassin d&#039;Archachon, bed &amp; breakfast\" href=\"https:\/\/www.bedandbreakfast.eu\/privatzimmer\/arcachon\/frankreich\/c3037253\">Bassin d&#8217;Arcachon<\/a> mit seinen ber\u00fchmten Austernh\u00e4fen und der Wald von <a title=\"Bed and breakfast Les Landes de Gascogne\" href=\"https:\/\/www.bedandbreakfast.eu\/privatzimmer\/landes\/departement\/frankreich\/3007866\">Les Landes de Gascogne<\/a>. Du f\u00e4hrst au\u00dferdem an den gro\u00dfen Seen von <a title=\"Bed and breakfast Biscarosse\" href=\"https:\/\/www.bedandbreakfast.eu\/privatzimmer\/biscarosse\/frankreich\/c3032556\">Biscarosse<\/a> und <a title=\"Bed and breakfast Aureilhan, chambre d&#039;hotes\" href=\"https:\/\/www.bedandbreakfast.eu\/privatzimmer\/keyword\/aureilhan\">Aureilhan<\/a> vorbei. Entspannen kannst du im schicken K\u00fcstenort <a title=\"Hossegor, bed &amp; breakfast\" href=\"https:\/\/www.bedandbreakfast.eu\/privatzimmer\/hossegor\/frankreich\/c3013139\">Hossegor<\/a> und beim Hafen von Capbreton. Die Route beinhaltet auch ein St\u00fcckchen <a title=\"Bed and breakfast Baskenland\" href=\"https:\/\/www.bedandbreakfast.eu\/privatzimmer\/baskenland\/autonome-gemeinschaft\/spanien\/3336903\">Baskenland<\/a>, deine Wadenmuskeln bekommen also noch etwas zu tun! Hier f\u00e4hrst du durch kleine K\u00fcstenst\u00e4dtchen wie <a title=\"Bed and breakfast Bidart, chambre d&#039;hotes\" href=\"https:\/\/www.bedandbreakfast.eu\/privatzimmer\/bidart\/frankreich\/c3032767\">Bidart<\/a> und kannst der Bucht von <a title=\"Chambre d&#039;Hotes in Saint-Jean-de-Luz\" href=\"https:\/\/www.bedandbreakfast.eu\/privatzimmer\/saint-jean-de-luz\/frankreich\/c2979309\">Saint-Jean-de-Luz<\/a> einen Besuch abstatten.<\/p>\n<p><b>Chambres d&#8217;H\u00f4tes in Frankreich<br \/>\n<\/b>Mache aus deinem Wander-, Fahrrad- oder Reiturlaub ein unvergessliches Abenteuer: Kombiniere die sch\u00f6nsten Routen zu einer mehrt\u00e4gigen Rundreise. An der C\u00f4te d&#8217;Azur kannst du \u00fcberall in gem\u00fctlichen und bezahlbaren Bed &#038; Breakfasts \u00fcbernachten. <a title=\"Bed &amp; breakfast Cote d&#039;Azur, chambre d&#039;hotes\" href=\"https:\/\/www.bedandbreakfast.eu\/privatzimmer\/provence-alpes-cote-d-azur\/region\/frankreich\/2985244\">Schau dir alle B&#038;Bs an der C\u00f4te d&#8217;Azur auf Bedandbreakfast.eu an >><\/a><\/p>\n<p><em id=\"__mceDel\"><\/em><\/p>\n","protected":false},"excerpt":{"rendered":"<p>S\u00fcdfrankreich und die C\u00f4te d&#8217;Azur sind mittlerweile Synonyme f\u00fcr Sonne, Meer und Entspannung. Du kannst hier herrlich wandern und Fahrrad fahren. \u00dcbernachten ist kein Problem, denn an der C\u00f4te d&#8217;Azur findest du \u00fcberall h\u00fcbsche Bed &#038; Breakfasts, G\u00eetes und Chambres d&#8217;H\u00f4tes.<\/p>\n","protected":false},"author":2,"featured_media":0,"comment_status":"open","ping_status":"open","sticky":false,"template":"","format":"standard","meta":{"_monsterinsights_skip_tracking":false,"_monsterinsights_sitenote_active":false,"_monsterinsights_sitenote_note":"","_monsterinsights_sitenote_category":0,"_jetpack_newsletter_access":"","_jetpack_dont_email_post_to_subs":false,"_jetpack_newsletter_tier_id":0,"_jetpack_memberships_contains_paywalled_content":false,"_jetpack_memberships_contains_paid_content":false,"footnotes":""},"categories":[],"tags":[3591,3660,2672],"coauthors":[3259],"class_list":["post-3921","post","type-post","status-publish","format-standard","hentry","tag-bb-de-2","tag-bed-and-breakfast-de-3","tag-bedandbreakfast-eu-de-3"],"yoast_head":"<!-- This site is optimized with the Yoast SEO plugin v27.4 - https:\/\/yoast.com\/product\/yoast-seo-wordpress\/ -->\n<title>Bed &amp; Breakfasts an der C\u00f4te d&#039;Azur: Wander- und Fahrradurlaub - Bed and Breakfast Blog | Bedandbreakfast.eu<\/title>\n<meta name=\"robots\" content=\"index, follow, max-snippet:-1, max-image-preview:large, max-video-preview:-1\" \/>\n<link rel=\"canonical\" href=\"https:\/\/blog.bedandbreakfast.eu\/de\/bed-breakfasts-an-der-cote-dazur-wander-und-fahrradurlaub\/\" \/>\n<meta property=\"og:locale\" content=\"de_DE\" \/>\n<meta property=\"og:type\" content=\"article\" \/>\n<meta property=\"og:title\" content=\"Bed &amp; Breakfasts an der C\u00f4te d&#039;Azur: Wander- und Fahrradurlaub - Bed and Breakfast Blog | Bedandbreakfast.eu\" \/>\n<meta property=\"og:description\" content=\"S\u00fcdfrankreich und die C\u00f4te d&#8217;Azur sind mittlerweile Synonyme f\u00fcr Sonne, Meer und Entspannung. Du kannst hier herrlich wandern und Fahrrad fahren. \u00dcbernachten ist kein Problem, denn an der C\u00f4te d&#8217;Azur findest du \u00fcberall h\u00fcbsche Bed &#038; Breakfasts, G\u00eetes und Chambres d&#8217;H\u00f4tes.\" \/>\n<meta property=\"og:url\" content=\"https:\/\/blog.bedandbreakfast.eu\/de\/bed-breakfasts-an-der-cote-dazur-wander-und-fahrradurlaub\/\" \/>\n<meta property=\"og:site_name\" content=\"Bed and Breakfast Blog | Bedandbreakfast.eu\" \/>\n<meta property=\"article:published_time\" content=\"2013-05-31T08:51:12+00:00\" \/>\n<meta property=\"article:modified_time\" content=\"2016-09-20T10:07:04+00:00\" \/>\n<meta property=\"og:image\" content=\"https://blog.bedandbreakfast.eu/wp-content\/uploads\/2013\/05\/CoteDazur.png\" \/>\n<meta name=\"author\" content=\"Janneke Scheepers\" \/>\n<meta name=\"twitter:card\" content=\"summary_large_image\" \/>\n<meta name=\"twitter:label1\" content=\"Verfasst von\" \/>\n\t<meta name=\"twitter:data1\" content=\"Janneke Scheepers\" \/>\n\t<meta name=\"twitter:label2\" content=\"Gesch\u00e4tzte Lesezeit\" \/>\n\t<meta name=\"twitter:data2\" content=\"2\u00a0Minuten\" \/>\n<script type=\"application\/ld+json\" class=\"yoast-schema-graph\">{\"@context\":\"https:\\\/\\\/schema.org\",\"@graph\":[{\"@type\":\"Article\",\"@id\":\"https:\\\/\\\/blog.bedandbreakfast.eu\\\/de\\\/bed-breakfasts-an-der-cote-dazur-wander-und-fahrradurlaub\\\/#article\",\"isPartOf\":{\"@id\":\"https:\\\/\\\/blog.bedandbreakfast.eu\\\/de\\\/bed-breakfasts-an-der-cote-dazur-wander-und-fahrradurlaub\\\/\"},\"author\":{\"name\":\"Janneke Scheepers\",\"@id\":\"https:\\\/\\\/blog.bedandbreakfast.eu\\\/nl\\\/#\\\/schema\\\/person\\\/6c322c2e9b99617fab4a8a7ddbcb840a\"},\"headline\":\"Bed &amp; Breakfasts an der C\u00f4te d&#8217;Azur: Wander- und Fahrradurlaub\",\"datePublished\":\"2013-05-31T08:51:12+00:00\",\"dateModified\":\"2016-09-20T10:07:04+00:00\",\"mainEntityOfPage\":{\"@id\":\"https:\\\/\\\/blog.bedandbreakfast.eu\\\/de\\\/bed-breakfasts-an-der-cote-dazur-wander-und-fahrradurlaub\\\/\"},\"wordCount\":488,\"commentCount\":0,\"image\":{\"@id\":\"https:\\\/\\\/blog.bedandbreakfast.eu\\\/de\\\/bed-breakfasts-an-der-cote-dazur-wander-und-fahrradurlaub\\\/#primaryimage\"},\"thumbnailUrl\":\"https:\\\/\\\/www.bedandbreakfast.eu\\\/blog\\\/wp-content\\\/uploads\\\/2013\\\/05\\\/CoteDazur.png\",\"keywords\":[\"B&amp;B\",\"bed and breakfast\",\"Bedandbreakfast.eu\"],\"inLanguage\":\"de\",\"potentialAction\":[{\"@type\":\"CommentAction\",\"name\":\"Comment\",\"target\":[\"https:\\\/\\\/blog.bedandbreakfast.eu\\\/de\\\/bed-breakfasts-an-der-cote-dazur-wander-und-fahrradurlaub\\\/#respond\"]}]},{\"@type\":\"WebPage\",\"@id\":\"https:\\\/\\\/blog.bedandbreakfast.eu\\\/de\\\/bed-breakfasts-an-der-cote-dazur-wander-und-fahrradurlaub\\\/\",\"url\":\"https:\\\/\\\/blog.bedandbreakfast.eu\\\/de\\\/bed-breakfasts-an-der-cote-dazur-wander-und-fahrradurlaub\\\/\",\"name\":\"Bed &amp; Breakfasts an der C\u00f4te d'Azur: Wander- und Fahrradurlaub - Bed and Breakfast Blog | Bedandbreakfast.eu\",\"isPartOf\":{\"@id\":\"https:\\\/\\\/blog.bedandbreakfast.eu\\\/nl\\\/#website\"},\"primaryImageOfPage\":{\"@id\":\"https:\\\/\\\/blog.bedandbreakfast.eu\\\/de\\\/bed-breakfasts-an-der-cote-dazur-wander-und-fahrradurlaub\\\/#primaryimage\"},\"image\":{\"@id\":\"https:\\\/\\\/blog.bedandbreakfast.eu\\\/de\\\/bed-breakfasts-an-der-cote-dazur-wander-und-fahrradurlaub\\\/#primaryimage\"},\"thumbnailUrl\":\"https:\\\/\\\/www.bedandbreakfast.eu\\\/blog\\\/wp-content\\\/uploads\\\/2013\\\/05\\\/CoteDazur.png\",\"datePublished\":\"2013-05-31T08:51:12+00:00\",\"dateModified\":\"2016-09-20T10:07:04+00:00\",\"author\":{\"@id\":\"https:\\\/\\\/blog.bedandbreakfast.eu\\\/nl\\\/#\\\/schema\\\/person\\\/6c322c2e9b99617fab4a8a7ddbcb840a\"},\"breadcrumb\":{\"@id\":\"https:\\\/\\\/blog.bedandbreakfast.eu\\\/de\\\/bed-breakfasts-an-der-cote-dazur-wander-und-fahrradurlaub\\\/#breadcrumb\"},\"inLanguage\":\"de\",\"potentialAction\":[{\"@type\":\"ReadAction\",\"target\":[\"https:\\\/\\\/blog.bedandbreakfast.eu\\\/de\\\/bed-breakfasts-an-der-cote-dazur-wander-und-fahrradurlaub\\\/\"]}]},{\"@type\":\"ImageObject\",\"inLanguage\":\"de\",\"@id\":\"https:\\\/\\\/blog.bedandbreakfast.eu\\\/de\\\/bed-breakfasts-an-der-cote-dazur-wander-und-fahrradurlaub\\\/#primaryimage\",\"url\":\"https:\\\/\\\/www.bedandbreakfast.eu\\\/blog\\\/wp-content\\\/uploads\\\/2013\\\/05\\\/CoteDazur.png\",\"contentUrl\":\"https:\\\/\\\/www.bedandbreakfast.eu\\\/blog\\\/wp-content\\\/uploads\\\/2013\\\/05\\\/CoteDazur.png\"},{\"@type\":\"BreadcrumbList\",\"@id\":\"https:\\\/\\\/blog.bedandbreakfast.eu\\\/de\\\/bed-breakfasts-an-der-cote-dazur-wander-und-fahrradurlaub\\\/#breadcrumb\",\"itemListElement\":[{\"@type\":\"ListItem\",\"position\":1,\"name\":\"Home\",\"item\":\"https:\\\/\\\/blog.bedandbreakfast.eu\\\/de\\\/\"},{\"@type\":\"ListItem\",\"position\":2,\"name\":\"Bed &amp; Breakfasts an der C\u00f4te d&#8217;Azur: Wander- und Fahrradurlaub\"}]},{\"@type\":\"WebSite\",\"@id\":\"https:\\\/\\\/blog.bedandbreakfast.eu\\\/nl\\\/#website\",\"url\":\"https:\\\/\\\/blog.bedandbreakfast.eu\\\/nl\\\/\",\"name\":\"Bed and Breakfast Blog | Bedandbreakfast.eu\",\"description\":\"Ein Blog von Bedandbreakfast.eu \u00fcber ganz besondere Bed &amp; Breakfasts. Neue Inspirationen und Tipps f\u00fcr \u00dcbernachtungen und Kurztrips in Europas sch\u00f6nsten B&amp;Bs. \",\"potentialAction\":[{\"@type\":\"SearchAction\",\"target\":{\"@type\":\"EntryPoint\",\"urlTemplate\":\"https:\\\/\\\/blog.bedandbreakfast.eu\\\/nl\\\/?s={search_term_string}\"},\"query-input\":{\"@type\":\"PropertyValueSpecification\",\"valueRequired\":true,\"valueName\":\"search_term_string\"}}],\"inLanguage\":\"de\"},{\"@type\":\"Person\",\"@id\":\"https:\\\/\\\/blog.bedandbreakfast.eu\\\/nl\\\/#\\\/schema\\\/person\\\/6c322c2e9b99617fab4a8a7ddbcb840a\",\"name\":\"Janneke Scheepers\",\"image\":{\"@type\":\"ImageObject\",\"inLanguage\":\"de\",\"@id\":\"https:\\\/\\\/secure.gravatar.com\\\/avatar\\\/0a6bacb5ed0777a84a2ec3cba709a9567f86b37d14036cca6a43feafe40d1900?s=96&d=mm&r=gde1005f89ab6c864f13b4d63395faf79\",\"url\":\"https:\\\/\\\/secure.gravatar.com\\\/avatar\\\/0a6bacb5ed0777a84a2ec3cba709a9567f86b37d14036cca6a43feafe40d1900?s=96&d=mm&r=g\",\"contentUrl\":\"https:\\\/\\\/secure.gravatar.com\\\/avatar\\\/0a6bacb5ed0777a84a2ec3cba709a9567f86b37d14036cca6a43feafe40d1900?s=96&d=mm&r=g\",\"caption\":\"Janneke Scheepers\"},\"sameAs\":[\"http:\\\/\\\/www.bedandbreakfast.eu\"],\"url\":\"https:\\\/\\\/blog.bedandbreakfast.eu\\\/de\\\/author\\\/janneke\\\/\"}]}<\/script>\n<!-- \/ Yoast SEO plugin. -->","yoast_head_json":{"title":"Bed &amp; Breakfasts an der C\u00f4te d'Azur: Wander- und Fahrradurlaub - Bed and Breakfast Blog | Bedandbreakfast.eu","robots":{"index":"index","follow":"follow","max-snippet":"max-snippet:-1","max-image-preview":"max-image-preview:large","max-video-preview":"max-video-preview:-1"},"canonical":"https:\/\/blog.bedandbreakfast.eu\/de\/bed-breakfasts-an-der-cote-dazur-wander-und-fahrradurlaub\/","og_locale":"de_DE","og_type":"article","og_title":"Bed &amp; Breakfasts an der C\u00f4te d'Azur: Wander- und Fahrradurlaub - Bed and Breakfast Blog | Bedandbreakfast.eu","og_description":"S\u00fcdfrankreich und die C\u00f4te d&#8217;Azur sind mittlerweile Synonyme f\u00fcr Sonne, Meer und Entspannung. Du kannst hier herrlich wandern und Fahrrad fahren. \u00dcbernachten ist kein Problem, denn an der C\u00f4te d&#8217;Azur findest du \u00fcberall h\u00fcbsche Bed &#038; Breakfasts, G\u00eetes und Chambres d&#8217;H\u00f4tes.","og_url":"https:\/\/blog.bedandbreakfast.eu\/de\/bed-breakfasts-an-der-cote-dazur-wander-und-fahrradurlaub\/","og_site_name":"Bed and Breakfast Blog | Bedandbreakfast.eu","article_published_time":"2013-05-31T08:51:12+00:00","article_modified_time":"2016-09-20T10:07:04+00:00","og_image":[{"url":"https://blog.bedandbreakfast.eu/wp-content\/uploads\/2013\/05\/CoteDazur.png","type":"","width":"","height":""}],"author":"Janneke Scheepers","twitter_card":"summary_large_image","twitter_misc":{"Verfasst von":"Janneke Scheepers","Gesch\u00e4tzte Lesezeit":"2\u00a0Minuten"},"schema":{"@context":"https:\/\/schema.org","@graph":[{"@type":"Article","@id":"https:\/\/blog.bedandbreakfast.eu\/de\/bed-breakfasts-an-der-cote-dazur-wander-und-fahrradurlaub\/#article","isPartOf":{"@id":"https:\/\/blog.bedandbreakfast.eu\/de\/bed-breakfasts-an-der-cote-dazur-wander-und-fahrradurlaub\/"},"author":{"name":"Janneke Scheepers","@id":"https:\/\/blog.bedandbreakfast.eu\/nl\/#\/schema\/person\/6c322c2e9b99617fab4a8a7ddbcb840a"},"headline":"Bed &amp; Breakfasts an der C\u00f4te d&#8217;Azur: Wander- und Fahrradurlaub","datePublished":"2013-05-31T08:51:12+00:00","dateModified":"2016-09-20T10:07:04+00:00","mainEntityOfPage":{"@id":"https:\/\/blog.bedandbreakfast.eu\/de\/bed-breakfasts-an-der-cote-dazur-wander-und-fahrradurlaub\/"},"wordCount":488,"commentCount":0,"image":{"@id":"https:\/\/blog.bedandbreakfast.eu\/de\/bed-breakfasts-an-der-cote-dazur-wander-und-fahrradurlaub\/#primaryimage"},"thumbnailUrl":"https://blog.bedandbreakfast.eu/wp-content\/uploads\/2013\/05\/CoteDazur.png","keywords":["B&amp;B","bed and breakfast","Bedandbreakfast.eu"],"inLanguage":"de","potentialAction":[{"@type":"CommentAction","name":"Comment","target":["https:\/\/blog.bedandbreakfast.eu\/de\/bed-breakfasts-an-der-cote-dazur-wander-und-fahrradurlaub\/#respond"]}]},{"@type":"WebPage","@id":"https:\/\/blog.bedandbreakfast.eu\/de\/bed-breakfasts-an-der-cote-dazur-wander-und-fahrradurlaub\/","url":"https:\/\/blog.bedandbreakfast.eu\/de\/bed-breakfasts-an-der-cote-dazur-wander-und-fahrradurlaub\/","name":"Bed &amp; Breakfasts an der C\u00f4te d'Azur: Wander- und Fahrradurlaub - Bed and Breakfast Blog | Bedandbreakfast.eu","isPartOf":{"@id":"https:\/\/blog.bedandbreakfast.eu\/nl\/#website"},"primaryImageOfPage":{"@id":"https:\/\/blog.bedandbreakfast.eu\/de\/bed-breakfasts-an-der-cote-dazur-wander-und-fahrradurlaub\/#primaryimage"},"image":{"@id":"https:\/\/blog.bedandbreakfast.eu\/de\/bed-breakfasts-an-der-cote-dazur-wander-und-fahrradurlaub\/#primaryimage"},"thumbnailUrl":"https://blog.bedandbreakfast.eu/wp-content\/uploads\/2013\/05\/CoteDazur.png","datePublished":"2013-05-31T08:51:12+00:00","dateModified":"2016-09-20T10:07:04+00:00","author":{"@id":"https:\/\/blog.bedandbreakfast.eu\/nl\/#\/schema\/person\/6c322c2e9b99617fab4a8a7ddbcb840a"},"breadcrumb":{"@id":"https:\/\/blog.bedandbreakfast.eu\/de\/bed-breakfasts-an-der-cote-dazur-wander-und-fahrradurlaub\/#breadcrumb"},"inLanguage":"de","potentialAction":[{"@type":"ReadAction","target":["https:\/\/blog.bedandbreakfast.eu\/de\/bed-breakfasts-an-der-cote-dazur-wander-und-fahrradurlaub\/"]}]},{"@type":"ImageObject","inLanguage":"de","@id":"https:\/\/blog.bedandbreakfast.eu\/de\/bed-breakfasts-an-der-cote-dazur-wander-und-fahrradurlaub\/#primaryimage","url":"https://blog.bedandbreakfast.eu/wp-content\/uploads\/2013\/05\/CoteDazur.png","contentUrl":"https://blog.bedandbreakfast.eu/wp-content\/uploads\/2013\/05\/CoteDazur.png"},{"@type":"BreadcrumbList","@id":"https:\/\/blog.bedandbreakfast.eu\/de\/bed-breakfasts-an-der-cote-dazur-wander-und-fahrradurlaub\/#breadcrumb","itemListElement":[{"@type":"ListItem","position":1,"name":"Home","item":"https:\/\/blog.bedandbreakfast.eu\/de\/"},{"@type":"ListItem","position":2,"name":"Bed &amp; Breakfasts an der C\u00f4te d&#8217;Azur: Wander- und Fahrradurlaub"}]},{"@type":"WebSite","@id":"https:\/\/blog.bedandbreakfast.eu\/nl\/#website","url":"https:\/\/blog.bedandbreakfast.eu\/nl\/","name":"Bed and Breakfast Blog | Bedandbreakfast.eu","description":"Ein Blog von Bedandbreakfast.eu \u00fcber ganz besondere Bed &amp; Breakfasts. Neue Inspirationen und Tipps f\u00fcr \u00dcbernachtungen und Kurztrips in Europas sch\u00f6nsten B&amp;Bs. ","potentialAction":[{"@type":"SearchAction","target":{"@type":"EntryPoint","urlTemplate":"https:\/\/blog.bedandbreakfast.eu\/nl\/?s={search_term_string}"},"query-input":{"@type":"PropertyValueSpecification","valueRequired":true,"valueName":"search_term_string"}}],"inLanguage":"de"},{"@type":"Person","@id":"https:\/\/blog.bedandbreakfast.eu\/nl\/#\/schema\/person\/6c322c2e9b99617fab4a8a7ddbcb840a","name":"Janneke Scheepers","image":{"@type":"ImageObject","inLanguage":"de","@id":"https:\/\/secure.gravatar.com\/avatar\/0a6bacb5ed0777a84a2ec3cba709a9567f86b37d14036cca6a43feafe40d1900?s=96&d=mm&r=gde1005f89ab6c864f13b4d63395faf79","url":"https:\/\/secure.gravatar.com\/avatar\/0a6bacb5ed0777a84a2ec3cba709a9567f86b37d14036cca6a43feafe40d1900?s=96&d=mm&r=g","contentUrl":"https:\/\/secure.gravatar.com\/avatar\/0a6bacb5ed0777a84a2ec3cba709a9567f86b37d14036cca6a43feafe40d1900?s=96&d=mm&r=g","caption":"Janneke Scheepers"},"sameAs":["http:\/\/www.bedandbreakfast.eu"],"url":"https:\/\/blog.bedandbreakfast.eu\/de\/author\/janneke\/"}]}},"jetpack_featured_media_url":"","jetpack_shortlink":"https:\/\/wp.me\/p9vhf3-11f","jetpack_sharing_enabled":true,"_links":{"self":[{"href":"https:\/\/blog.bedandbreakfast.eu\/de\/wp-json\/wp\/v2\/posts\/3921","targetHints":{"allow":["GET"]}}],"collection":[{"href":"https:\/\/blog.bedandbreakfast.eu\/de\/wp-json\/wp\/v2\/posts"}],"about":[{"href":"https:\/\/blog.bedandbreakfast.eu\/de\/wp-json\/wp\/v2\/types\/post"}],"author":[{"embeddable":true,"href":"https:\/\/blog.bedandbreakfast.eu\/de\/wp-json\/wp\/v2\/users\/2"}],"replies":[{"embeddable":true,"href":"https:\/\/blog.bedandbreakfast.eu\/de\/wp-json\/wp\/v2\/comments?post=3921"}],"version-history":[{"count":0,"href":"https:\/\/blog.bedandbreakfast.eu\/de\/wp-json\/wp\/v2\/posts\/3921\/revisions"}],"wp:attachment":[{"href":"https:\/\/blog.bedandbreakfast.eu\/de\/wp-json\/wp\/v2\/media?parent=3921"}],"wp:term":[{"taxonomy":"category","embeddable":true,"href":"https:\/\/blog.bedandbreakfast.eu\/de\/wp-json\/wp\/v2\/categories?post=3921"},{"taxonomy":"post_tag","embeddable":true,"href":"https:\/\/blog.bedandbreakfast.eu\/de\/wp-json\/wp\/v2\/tags?post=3921"},{"taxonomy":"author","embeddable":true,"href":"https:\/\/blog.bedandbreakfast.eu\/de\/wp-json\/wp\/v2\/coauthors?post=3921"}],"curies":[{"name":"wp","href":"https:\/\/api.w.org\/{rel}","templated":true}]}}