{"id":31002,"date":"2022-03-03T09:00:06","date_gmt":"2022-03-03T09:00:06","guid":{"rendered":"https:\/\/blog.bedandbreakfast.eu\/?p=31002"},"modified":"2022-03-04T08:53:29","modified_gmt":"2022-03-04T08:53:29","slug":"5-schoene-reisetipps-fuer-einen-urlaub-im-fruehling","status":"publish","type":"post","link":"https:\/\/blog.bedandbreakfast.eu\/de\/5-schoene-reisetipps-fuer-einen-urlaub-im-fruehling\/","title":{"rendered":"5 sch\u00f6ne Reisetipps f\u00fcr einen Urlaub im Fr\u00fchling"},"content":{"rendered":"<p><a href=\"https:\/\/www.bedandbreakfast.eu\/de\/l\/2650225\/edinburgh\" target=\"_blank\" rel=\"noopener noreferrer\"><img loading=\"lazy\" decoding=\"async\" class=\"alignnone wp-image-31011 size-full\" title=\"Bed and Breakfast Edinburgh\" src=\"https://blog.bedandbreakfast.eu/wp-content\/uploads\/2022\/02\/DE_springdestinations_Edinburgh_March22.jpg\" alt=\"Bedandbreakfast.eu; 5 sch\u00f6ne Reisetipps f\u00fcr einen Urlaub im Fr\u00fchling\" width=\"810\" height=\"450\" srcset=\"https:\/\/blog.bedandbreakfast.eu\/wp-content\/uploads\/2022\/02\/DE_springdestinations_Edinburgh_March22.jpg 810w, https:\/\/blog.bedandbreakfast.eu\/wp-content\/uploads\/2022\/02\/DE_springdestinations_Edinburgh_March22-300x167.jpg 300w, https:\/\/blog.bedandbreakfast.eu\/wp-content\/uploads\/2022\/02\/DE_springdestinations_Edinburgh_March22-768x427.jpg 768w\" sizes=\"auto, (max-width: 810px) 100vw, 810px\" \/><\/a><\/p>\n<h4>Edinburgh &#8211; Schottland<\/h4>\n<p>Die Hauptstadt Schottlands eignet sich wunderbar f\u00fcr eine St\u00e4dtereise im Fr\u00fchling, ohne langes Anstehen und mit den sonnenreichsten Monaten des Jahres. Das Edinburgh Castle ist das bekannteste Wahrzeichen der Stadt. Empfehlenswert ist das National Museum, das sich neben London zu den meistbesuchten Sehensw\u00fcrdigkeiten Gro\u00dfbritanniens z\u00e4hlen darf. Vom Calton Hill hat man garantiert die beste Aussicht, auch bei Dunkelheit, wenn die Stadt im Glanz der Lichter erstrahlt. Es lohnt sich, die Royal Mile entlang zu spazieren, eine Whisky Tour zu besuchen oder sich in den Untergrund entf\u00fchren zu lassen.<\/p>\n<p><strong><a class=\"mks_button mks_button_medium rounded\" href=\"https:\/\/www.bedandbreakfast.eu\/de\/l\/2650225\/edinburgh\" target=\"_blank\" style=\"color: #FFFFFF; background-color: #e3458c;\" >Bed and Breakfast Edinburgh<\/a><\/strong><\/p>\n<p><a href=\"https:\/\/www.bedandbreakfast.eu\/de\/l\/3174710\/limone-sul-garda\" target=\"_blank\" rel=\"noopener noreferrer\"><img loading=\"lazy\" decoding=\"async\" class=\"alignnone wp-image-31029 size-full\" title=\"Bed and Breakfast Limone\" src=\"https://blog.bedandbreakfast.eu/wp-content\/uploads\/2022\/02\/DE_springdestinations_Lago-di-Garda_March22.jpg\" alt=\"\" width=\"810\" height=\"450\" srcset=\"https:\/\/blog.bedandbreakfast.eu\/wp-content\/uploads\/2022\/02\/DE_springdestinations_Lago-di-Garda_March22.jpg 810w, https:\/\/blog.bedandbreakfast.eu\/wp-content\/uploads\/2022\/02\/DE_springdestinations_Lago-di-Garda_March22-300x167.jpg 300w, https:\/\/blog.bedandbreakfast.eu\/wp-content\/uploads\/2022\/02\/DE_springdestinations_Lago-di-Garda_March22-768x427.jpg 768w\" sizes=\"auto, (max-width: 810px) 100vw, 810px\" \/><\/a><\/p>\n<h4>Gardasee &#8211; Italien<\/h4>\n<p>Die Sch\u00f6nheit Norditaliens k\u00f6nnen Sie bei diesem Reiseziel im Fr\u00fchling besonders gut erleben. Der Gardasee wird im Norden von dem bis zu 3000 m hohen Monte-Baldo Massiv umgeben, das sich zum S\u00fcdufer hin abflacht. Genie\u00dfen Sie Spazierg\u00e4nge oder Radtouren durch die mediterrane Landschaft mit ausgedehnten Olivenhainen, erhabenen Zypressen und Limonaien. In den pr\u00e4chtigen Weinanbaugebieten rund um den Gardasee k\u00f6nnen Sie bekannten Weine wie den Bardolino oder Valpolicella probieren. Besuchen Sie auch das nahe gelegene Verona, die Heimat des Shakespeare Dramas \u201cRomeo und Julia\u201d.<\/p>\n<ul>\n<li><a href=\"https:\/\/www.bedandbreakfast.eu\/de\/l\/3182364\/bardolino\" target=\"_blank\" rel=\"noopener noreferrer\">Bardolino<\/a><\/li>\n<li><a href=\"https:\/\/www.bedandbreakfast.eu\/de\/l\/6534598\/brenzone\" target=\"_blank\" rel=\"noopener noreferrer\">Brenzone<\/a><\/li>\n<li><a href=\"https:\/\/www.bedandbreakfast.eu\/de\/l\/3174710\/limone-sul-garda\" target=\"_blank\" rel=\"noopener noreferrer\">Limone<\/a><\/li>\n<li><a href=\"https:\/\/www.bedandbreakfast.eu\/de\/l\/3168392\/san-felice-del-benaco\" target=\"_blank\" rel=\"noopener noreferrer\">San Felice de Benaco<\/a><\/li>\n<\/ul>\n<p><a href=\"https:\/\/www.bedandbreakfast.eu\/de\/l\/3054643\/budapest\" target=\"_blank\" rel=\"noopener noreferrer\"><img loading=\"lazy\" decoding=\"async\" class=\"alignnone wp-image-31005 size-full\" title=\"Bed and Breakfast Budapest\" src=\"https://blog.bedandbreakfast.eu/wp-content\/uploads\/2022\/02\/DE_springdestinations_Budapest_March22.jpg\" alt=\"\" width=\"810\" height=\"450\" srcset=\"https:\/\/blog.bedandbreakfast.eu\/wp-content\/uploads\/2022\/02\/DE_springdestinations_Budapest_March22.jpg 810w, https:\/\/blog.bedandbreakfast.eu\/wp-content\/uploads\/2022\/02\/DE_springdestinations_Budapest_March22-300x167.jpg 300w, https:\/\/blog.bedandbreakfast.eu\/wp-content\/uploads\/2022\/02\/DE_springdestinations_Budapest_March22-768x427.jpg 768w\" sizes=\"auto, (max-width: 810px) 100vw, 810px\" \/><\/a><\/p>\n<h4>Budapest &#8211; Ungarn<\/h4>\n<p>Die Metropole an der Donau, die auch liebevoll \u201cParis des Ostens\u201d genannt wird, geh\u00f6rt zu den beliebtesten St\u00e4dten in Europa. Die milden und regenarme Monate April und Mai machen Budapest zu einem optimalen Reiseziel f\u00fcr Ihren Urlaub im Fr\u00fchling. Von der Buda Seite, auf der sich der sehenswerte K\u00f6nigspalast, die Fischerbastei und die Matthiaskirche befinden, hat man einen atemberaubenden Blick auf die Pest Seite und die ber\u00fchmte Kettenbr\u00fccke. Nachdem Sie die historische Markthalle besucht haben, k\u00f6nnen Sie in einem der vielen Thermalb\u00e4der entspannen.<\/p>\n<p><strong><a class=\"mks_button mks_button_medium rounded\" href=\"https:\/\/www.bedandbreakfast.eu\/de\/l\/3054643\/budapest\" target=\"_blank\" style=\"color: #FFFFFF; background-color: #e3458c;\" >Bed and Breakfast Budapest<\/a><\/strong><\/p>\n<p><a href=\"https:\/\/www.bedandbreakfast.eu\/de\/l\/2264412\/porto-moniz\" target=\"_blank\" rel=\"noopener noreferrer\"><img loading=\"lazy\" decoding=\"async\" class=\"alignnone wp-image-31045 size-full\" title=\"Bed and Breakfast Porto Moniz\" src=\"https://blog.bedandbreakfast.eu/wp-content\/uploads\/2022\/02\/DE_springdestinations_Madeira_March22.jpg\" alt=\"\" width=\"810\" height=\"450\" srcset=\"https:\/\/blog.bedandbreakfast.eu\/wp-content\/uploads\/2022\/02\/DE_springdestinations_Madeira_March22.jpg 810w, https:\/\/blog.bedandbreakfast.eu\/wp-content\/uploads\/2022\/02\/DE_springdestinations_Madeira_March22-300x167.jpg 300w, https:\/\/blog.bedandbreakfast.eu\/wp-content\/uploads\/2022\/02\/DE_springdestinations_Madeira_March22-768x427.jpg 768w\" sizes=\"auto, (max-width: 810px) 100vw, 810px\" \/><\/a><\/p>\n<h4>Madeira &#8211; Portugal<\/h4>\n<p>Die milden Temperaturen und vielen Sonnenstunden machen Madeira zu einem optimalen Reiseziel f\u00fcr April und Mai. Die Hauptinsel des Archipels, auch Blumeninsel oder Insel des Ewigen Fr\u00fchlings genannt, hat viel zu bieten. Ganzj\u00e4hrig k\u00f6nnen Sie rund um die Insel an einer Delfine oder Wal Watching-Tour teilnehmen, sich in einem Korbschlitten durch enge Gassen des Stadtteils Monte fahren lassen oder von einem Miradouro spektakul\u00e4re Ausblicke \u00fcber Steilklippen genie\u00dfen. Wer Nervenkitzel liebt, besucht den Skywalk Cabo Gir\u00e3o, einer Aussichtsplattform mit Glasboden an der s\u00fcdlichen K\u00fcste der Insel.<\/p>\n<ul>\n<li><a href=\"https:\/\/www.bedandbreakfast.eu\/de\/l\/2267827\/funchal\" target=\"_blank\" rel=\"noopener noreferrer\">Funchal<\/a><\/li>\n<li><a href=\"https:\/\/www.bedandbreakfast.eu\/de\/l\/2266895\/machico\" target=\"_blank\" rel=\"noopener noreferrer\">Machico<\/a><\/li>\n<li><a href=\"https:\/\/www.bedandbreakfast.eu\/de\/l\/2264412\/porto-moniz\" target=\"_blank\" rel=\"noopener noreferrer\">Porto Moniz<\/a><\/li>\n<li><a href=\"https:\/\/www.bedandbreakfast.eu\/de\/l\/2263905\/ribeira-brava\" target=\"_blank\" rel=\"noopener noreferrer\">Ribeira Brava<\/a><\/li>\n<\/ul>\n<p><a href=\"https:\/\/www.bedandbreakfast.eu\/de\/l\/2509929\/valldemossa\" target=\"_blank\" rel=\"noopener noreferrer\"><img loading=\"lazy\" decoding=\"async\" class=\"alignnone wp-image-31023 size-full\" title=\"Bed and Breakfast Valldemossa\" src=\"https://blog.bedandbreakfast.eu/wp-content\/uploads\/2022\/02\/DE_springdestinations_Mallorca_March22.jpg\" alt=\"\" width=\"810\" height=\"450\" srcset=\"https:\/\/blog.bedandbreakfast.eu\/wp-content\/uploads\/2022\/02\/DE_springdestinations_Mallorca_March22.jpg 810w, https:\/\/blog.bedandbreakfast.eu\/wp-content\/uploads\/2022\/02\/DE_springdestinations_Mallorca_March22-300x167.jpg 300w, https:\/\/blog.bedandbreakfast.eu\/wp-content\/uploads\/2022\/02\/DE_springdestinations_Mallorca_March22-768x427.jpg 768w\" sizes=\"auto, (max-width: 810px) 100vw, 810px\" \/><\/a><\/p>\n<h4>Mallorca &#8211; Spanien<\/h4>\n<p>Laut den Mallorquinern ist der Fr\u00fchling die sch\u00f6nste Jahreszeit auf der Insel. Mit vielen Sonnenstunden bewegen sich die Tagestemperaturen zwischen angenehmen 17 und 23 Grad. Die Zeit eignet sich f\u00fcr entspannte Ausfl\u00fcge und sportliche Aktivit\u00e4ten wie Radfahren und Wandern. Wundersch\u00f6ne Wanderrouten f\u00fchren Sie durch die beeindruckenden Landschaften der Sierra de Tramuntana. Besuchen Sie einen der regelm\u00e4\u00dfig stattfindenden Wochenm\u00e4rkte oder planen Sie eine Segwaytour durch die historischen Gassen von Palma. Die mallorquinische Lebensart und K\u00fcche wird Sie verzaubern!<\/p>\n<ul>\n<li><a href=\"https:\/\/www.bedandbreakfast.eu\/de\/l\/2522091\/alcudia\" target=\"_blank\" rel=\"noopener noreferrer\">Alc\u00fadia<\/a><\/li>\n<li><a href=\"https:\/\/www.bedandbreakfast.eu\/de\/l\/2513406\/muro\" target=\"_blank\" rel=\"noopener noreferrer\">Muro<\/a><\/li>\n<li><a href=\"https:\/\/www.bedandbreakfast.eu\/de\/l\/2512989\/palma-de-mallorca\" target=\"_blank\" rel=\"noopener noreferrer\">Palma<\/a><\/li>\n<li><a href=\"https:\/\/www.bedandbreakfast.eu\/de\/l\/2509929\/valldemossa\" target=\"_blank\" rel=\"noopener noreferrer\">Valldemossa<\/a><\/li>\n<\/ul>\n<p><b>Diesen Artikel teilen:<\/b><\/p>\n","protected":false},"excerpt":{"rendered":"<p>Die Tage werden l\u00e4nger, die Temperaturen steigen und die Natur erwacht zu neuem Leben &#8211; endlich ist er da, der Fr\u00fchling! Die Reisezeit ist optimal f\u00fcr alle, die sich gerne abseits der Massen bewegen. Ob  Naturhighlights oder verschiedenste Aktivit\u00e4ten &#8211; lassen Sie sich von 5 Ideen f\u00fcr Ihren Urlaub im Fr\u00fchling inspirieren. <\/p>\n","protected":false},"author":39,"featured_media":31320,"comment_status":"open","ping_status":"open","sticky":false,"template":"","format":"standard","meta":{"_monsterinsights_skip_tracking":false,"_monsterinsights_sitenote_active":false,"_monsterinsights_sitenote_note":"","_monsterinsights_sitenote_category":0,"_jetpack_newsletter_access":"","_jetpack_dont_email_post_to_subs":false,"_jetpack_newsletter_tier_id":0,"_jetpack_memberships_contains_paywalled_content":false,"_jetpack_memberships_contains_paid_content":false,"footnotes":""},"categories":[3549],"tags":[3591,2140,6677,6675,6676,4878,6678,3592,2141,658,3660,6713],"coauthors":[6034],"class_list":["post-31002","post","type-post","status-publish","format-standard","has-post-thumbnail","hentry","category-beliebte-ziele-de","tag-bb-de-2","tag-bb-de","tag-bb-budapest-de","tag-bb-edinburgh","tag-bb-gardasee","tag-bb-madeira-de","tag-bb-mallorca-de","tag-bed-breakfast-de-2","tag-bed-breakfast-de","tag-bed-and-breakfast-de","tag-bed-and-breakfast-de-3","tag-urlaub-im-fruehling"],"yoast_head":"<!-- This site is optimized with the Yoast SEO plugin v27.5 - https:\/\/yoast.com\/product\/yoast-seo-wordpress\/ -->\n<title>5 sch\u00f6ne Reisetipps f\u00fcr einen Urlaub im Fr\u00fchling | Bedandbreakfast.eu<\/title>\n<meta name=\"description\" content=\"Die Tage werden l\u00e4nger, die Temperaturen steigen und die Natur erwacht zu neuem Leben - endlich ist er da, der Fr\u00fchling! Die Reisezeit ist optimal f\u00fcr alle, die sich gerne abseits der Massen bewegen. Ob Naturhighlights oder verschiedenste Aktivit\u00e4ten - lassen Sie sich von 5 Ideen f\u00fcr Ihren Urlaub im Fr\u00fchling inspirieren.\" \/>\n<meta name=\"robots\" content=\"index, follow, max-snippet:-1, max-image-preview:large, max-video-preview:-1\" \/>\n<link rel=\"canonical\" href=\"https:\/\/blog.bedandbreakfast.eu\/de\/5-schoene-reisetipps-fuer-einen-urlaub-im-fruehling\/\" \/>\n<meta property=\"og:locale\" content=\"de_DE\" \/>\n<meta property=\"og:type\" content=\"article\" \/>\n<meta property=\"og:title\" content=\"5 sch\u00f6ne Reisetipps f\u00fcr einen Urlaub im Fr\u00fchling | Bedandbreakfast.eu\" \/>\n<meta property=\"og:description\" content=\"Die Tage werden l\u00e4nger, die Temperaturen steigen und die Natur erwacht zu neuem Leben - endlich ist er da, der Fr\u00fchling! Die Reisezeit ist optimal f\u00fcr alle, die sich gerne abseits der Massen bewegen. Ob Naturhighlights oder verschiedenste Aktivit\u00e4ten - lassen Sie sich von 5 Ideen f\u00fcr Ihren Urlaub im Fr\u00fchling inspirieren.\" \/>\n<meta property=\"og:url\" content=\"https:\/\/blog.bedandbreakfast.eu\/de\/5-schoene-reisetipps-fuer-einen-urlaub-im-fruehling\/\" \/>\n<meta property=\"og:site_name\" content=\"Bed and Breakfast Blog | Bedandbreakfast.eu\" \/>\n<meta property=\"article:published_time\" content=\"2022-03-03T09:00:06+00:00\" \/>\n<meta property=\"article:modified_time\" content=\"2022-03-04T08:53:29+00:00\" \/>\n<meta property=\"og:image\" content=\"https:\/\/blog.bedandbreakfast.eu\/wp-content\/uploads\/2022\/02\/Header_springdestinations_March22.jpg\" \/>\n\t<meta property=\"og:image:width\" content=\"1140\" \/>\n\t<meta property=\"og:image:height\" content=\"453\" \/>\n\t<meta property=\"og:image:type\" content=\"image\/jpeg\" \/>\n<meta name=\"author\" content=\"Ruth Elsaesser\" \/>\n<meta name=\"twitter:card\" content=\"summary_large_image\" \/>\n<meta name=\"twitter:label1\" content=\"Verfasst von\" \/>\n\t<meta name=\"twitter:data1\" content=\"Ruth Elsaesser\" \/>\n\t<meta name=\"twitter:label2\" content=\"Gesch\u00e4tzte Lesezeit\" \/>\n\t<meta name=\"twitter:data2\" content=\"3\u00a0Minuten\" \/>\n\t<meta name=\"twitter:label3\" content=\"Written by\" \/>\n\t<meta name=\"twitter:data3\" content=\"Ruth Elsaesser\" \/>\n<script type=\"application\/ld+json\" class=\"yoast-schema-graph\">{\"@context\":\"https:\\\/\\\/schema.org\",\"@graph\":[{\"@type\":\"Article\",\"@id\":\"https:\\\/\\\/blog.bedandbreakfast.eu\\\/de\\\/5-schoene-reisetipps-fuer-einen-urlaub-im-fruehling\\\/#article\",\"isPartOf\":{\"@id\":\"https:\\\/\\\/blog.bedandbreakfast.eu\\\/de\\\/5-schoene-reisetipps-fuer-einen-urlaub-im-fruehling\\\/\"},\"author\":{\"name\":\"Ruth Elsaesser\",\"@id\":\"https:\\\/\\\/blog.bedandbreakfast.eu\\\/nl\\\/#\\\/schema\\\/person\\\/65c5a13fb210fcf876bcbf7790473f47\"},\"headline\":\"5 sch\u00f6ne Reisetipps f\u00fcr einen Urlaub im Fr\u00fchling\",\"datePublished\":\"2022-03-03T09:00:06+00:00\",\"dateModified\":\"2022-03-04T08:53:29+00:00\",\"mainEntityOfPage\":{\"@id\":\"https:\\\/\\\/blog.bedandbreakfast.eu\\\/de\\\/5-schoene-reisetipps-fuer-einen-urlaub-im-fruehling\\\/\"},\"wordCount\":564,\"commentCount\":0,\"image\":{\"@id\":\"https:\\\/\\\/blog.bedandbreakfast.eu\\\/de\\\/5-schoene-reisetipps-fuer-einen-urlaub-im-fruehling\\\/#primaryimage\"},\"thumbnailUrl\":\"https:\\\/\\\/blog.bedandbreakfast.eu\\\/wp-content\\\/uploads\\\/2022\\\/02\\\/Header_springdestinations_March22.jpg\",\"keywords\":[\"B&amp;B\",\"B&amp;B\",\"B&amp;B Budapest\",\"B&amp;B Edinburgh\",\"B&amp;B Gardasee\",\"B&amp;B madeira\",\"B&amp;B Mallorca\",\"bed &amp; breakfast\",\"bed &amp; breakfast\",\"bed and breakfast\",\"bed and breakfast\",\"Urlaub im Fr\u00fchling\"],\"articleSection\":[\"Beliebte Ziele\"],\"inLanguage\":\"de\",\"potentialAction\":[{\"@type\":\"CommentAction\",\"name\":\"Comment\",\"target\":[\"https:\\\/\\\/blog.bedandbreakfast.eu\\\/de\\\/5-schoene-reisetipps-fuer-einen-urlaub-im-fruehling\\\/#respond\"]}]},{\"@type\":\"WebPage\",\"@id\":\"https:\\\/\\\/blog.bedandbreakfast.eu\\\/de\\\/5-schoene-reisetipps-fuer-einen-urlaub-im-fruehling\\\/\",\"url\":\"https:\\\/\\\/blog.bedandbreakfast.eu\\\/de\\\/5-schoene-reisetipps-fuer-einen-urlaub-im-fruehling\\\/\",\"name\":\"5 sch\u00f6ne Reisetipps f\u00fcr einen Urlaub im Fr\u00fchling | Bedandbreakfast.eu\",\"isPartOf\":{\"@id\":\"https:\\\/\\\/blog.bedandbreakfast.eu\\\/nl\\\/#website\"},\"primaryImageOfPage\":{\"@id\":\"https:\\\/\\\/blog.bedandbreakfast.eu\\\/de\\\/5-schoene-reisetipps-fuer-einen-urlaub-im-fruehling\\\/#primaryimage\"},\"image\":{\"@id\":\"https:\\\/\\\/blog.bedandbreakfast.eu\\\/de\\\/5-schoene-reisetipps-fuer-einen-urlaub-im-fruehling\\\/#primaryimage\"},\"thumbnailUrl\":\"https:\\\/\\\/blog.bedandbreakfast.eu\\\/wp-content\\\/uploads\\\/2022\\\/02\\\/Header_springdestinations_March22.jpg\",\"datePublished\":\"2022-03-03T09:00:06+00:00\",\"dateModified\":\"2022-03-04T08:53:29+00:00\",\"author\":{\"@id\":\"https:\\\/\\\/blog.bedandbreakfast.eu\\\/nl\\\/#\\\/schema\\\/person\\\/65c5a13fb210fcf876bcbf7790473f47\"},\"description\":\"Die Tage werden l\u00e4nger, die Temperaturen steigen und die Natur erwacht zu neuem Leben - endlich ist er da, der Fr\u00fchling! Die Reisezeit ist optimal f\u00fcr alle, die sich gerne abseits der Massen bewegen. Ob Naturhighlights oder verschiedenste Aktivit\u00e4ten - lassen Sie sich von 5 Ideen f\u00fcr Ihren Urlaub im Fr\u00fchling inspirieren.\",\"breadcrumb\":{\"@id\":\"https:\\\/\\\/blog.bedandbreakfast.eu\\\/de\\\/5-schoene-reisetipps-fuer-einen-urlaub-im-fruehling\\\/#breadcrumb\"},\"inLanguage\":\"de\",\"potentialAction\":[{\"@type\":\"ReadAction\",\"target\":[\"https:\\\/\\\/blog.bedandbreakfast.eu\\\/de\\\/5-schoene-reisetipps-fuer-einen-urlaub-im-fruehling\\\/\"]}]},{\"@type\":\"ImageObject\",\"inLanguage\":\"de\",\"@id\":\"https:\\\/\\\/blog.bedandbreakfast.eu\\\/de\\\/5-schoene-reisetipps-fuer-einen-urlaub-im-fruehling\\\/#primaryimage\",\"url\":\"https:\\\/\\\/blog.bedandbreakfast.eu\\\/wp-content\\\/uploads\\\/2022\\\/02\\\/Header_springdestinations_March22.jpg\",\"contentUrl\":\"https:\\\/\\\/blog.bedandbreakfast.eu\\\/wp-content\\\/uploads\\\/2022\\\/02\\\/Header_springdestinations_March22.jpg\",\"width\":1140,\"height\":453},{\"@type\":\"BreadcrumbList\",\"@id\":\"https:\\\/\\\/blog.bedandbreakfast.eu\\\/de\\\/5-schoene-reisetipps-fuer-einen-urlaub-im-fruehling\\\/#breadcrumb\",\"itemListElement\":[{\"@type\":\"ListItem\",\"position\":1,\"name\":\"Home\",\"item\":\"https:\\\/\\\/blog.bedandbreakfast.eu\\\/de\\\/\"},{\"@type\":\"ListItem\",\"position\":2,\"name\":\"5 sch\u00f6ne Reisetipps f\u00fcr einen Urlaub im Fr\u00fchling\"}]},{\"@type\":\"WebSite\",\"@id\":\"https:\\\/\\\/blog.bedandbreakfast.eu\\\/nl\\\/#website\",\"url\":\"https:\\\/\\\/blog.bedandbreakfast.eu\\\/nl\\\/\",\"name\":\"Bed and Breakfast Blog | Bedandbreakfast.eu\",\"description\":\"Ein Blog von Bedandbreakfast.eu \u00fcber ganz besondere Bed &amp; Breakfasts. Neue Inspirationen und Tipps f\u00fcr \u00dcbernachtungen und Kurztrips in Europas sch\u00f6nsten B&amp;Bs. \",\"potentialAction\":[{\"@type\":\"SearchAction\",\"target\":{\"@type\":\"EntryPoint\",\"urlTemplate\":\"https:\\\/\\\/blog.bedandbreakfast.eu\\\/nl\\\/?s={search_term_string}\"},\"query-input\":{\"@type\":\"PropertyValueSpecification\",\"valueRequired\":true,\"valueName\":\"search_term_string\"}}],\"inLanguage\":\"de\"},{\"@type\":\"Person\",\"@id\":\"https:\\\/\\\/blog.bedandbreakfast.eu\\\/nl\\\/#\\\/schema\\\/person\\\/65c5a13fb210fcf876bcbf7790473f47\",\"name\":\"Ruth Elsaesser\",\"image\":{\"@type\":\"ImageObject\",\"inLanguage\":\"de\",\"@id\":\"https:\\\/\\\/blog.bedandbreakfast.eu\\\/wp-content\\\/uploads\\\/2021\\\/07\\\/Ruth-300x300.jpg69c84bfce8f70ccba9dde017742cf43c\",\"url\":\"https:\\\/\\\/blog.bedandbreakfast.eu\\\/wp-content\\\/uploads\\\/2021\\\/07\\\/Ruth-300x300.jpg\",\"contentUrl\":\"https:\\\/\\\/blog.bedandbreakfast.eu\\\/wp-content\\\/uploads\\\/2021\\\/07\\\/Ruth-300x300.jpg\",\"caption\":\"Ruth Elsaesser\"},\"description\":\"Im Schwarzwald aufgewachsen, mehrere Jahre in China gelebt und einen Neuanfang in den Niederlanden gewagt. Ruth liebt es, ihren eigenen Horizont zu erweitern und neue Kulturen kennenzulernen und zu erleben.\",\"url\":\"https:\\\/\\\/blog.bedandbreakfast.eu\\\/de\\\/author\\\/ruth-elsaesser\\\/\"}]}<\/script>\n<!-- \/ Yoast SEO plugin. -->","yoast_head_json":{"title":"5 sch\u00f6ne Reisetipps f\u00fcr einen Urlaub im Fr\u00fchling | Bedandbreakfast.eu","description":"Die Tage werden l\u00e4nger, die Temperaturen steigen und die Natur erwacht zu neuem Leben - endlich ist er da, der Fr\u00fchling! Die Reisezeit ist optimal f\u00fcr alle, die sich gerne abseits der Massen bewegen. Ob Naturhighlights oder verschiedenste Aktivit\u00e4ten - lassen Sie sich von 5 Ideen f\u00fcr Ihren Urlaub im Fr\u00fchling inspirieren.","robots":{"index":"index","follow":"follow","max-snippet":"max-snippet:-1","max-image-preview":"max-image-preview:large","max-video-preview":"max-video-preview:-1"},"canonical":"https:\/\/blog.bedandbreakfast.eu\/de\/5-schoene-reisetipps-fuer-einen-urlaub-im-fruehling\/","og_locale":"de_DE","og_type":"article","og_title":"5 sch\u00f6ne Reisetipps f\u00fcr einen Urlaub im Fr\u00fchling | Bedandbreakfast.eu","og_description":"Die Tage werden l\u00e4nger, die Temperaturen steigen und die Natur erwacht zu neuem Leben - endlich ist er da, der Fr\u00fchling! Die Reisezeit ist optimal f\u00fcr alle, die sich gerne abseits der Massen bewegen. Ob Naturhighlights oder verschiedenste Aktivit\u00e4ten - lassen Sie sich von 5 Ideen f\u00fcr Ihren Urlaub im Fr\u00fchling inspirieren.","og_url":"https:\/\/blog.bedandbreakfast.eu\/de\/5-schoene-reisetipps-fuer-einen-urlaub-im-fruehling\/","og_site_name":"Bed and Breakfast Blog | Bedandbreakfast.eu","article_published_time":"2022-03-03T09:00:06+00:00","article_modified_time":"2022-03-04T08:53:29+00:00","og_image":[{"width":1140,"height":453,"url":"https:\/\/blog.bedandbreakfast.eu\/wp-content\/uploads\/2022\/02\/Header_springdestinations_March22.jpg","type":"image\/jpeg"}],"author":"Ruth Elsaesser","twitter_card":"summary_large_image","twitter_misc":{"Verfasst von":"Ruth Elsaesser","Gesch\u00e4tzte Lesezeit":"3\u00a0Minuten","Written by":"Ruth Elsaesser"},"schema":{"@context":"https:\/\/schema.org","@graph":[{"@type":"Article","@id":"https:\/\/blog.bedandbreakfast.eu\/de\/5-schoene-reisetipps-fuer-einen-urlaub-im-fruehling\/#article","isPartOf":{"@id":"https:\/\/blog.bedandbreakfast.eu\/de\/5-schoene-reisetipps-fuer-einen-urlaub-im-fruehling\/"},"author":{"name":"Ruth Elsaesser","@id":"https:\/\/blog.bedandbreakfast.eu\/nl\/#\/schema\/person\/65c5a13fb210fcf876bcbf7790473f47"},"headline":"5 sch\u00f6ne Reisetipps f\u00fcr einen Urlaub im Fr\u00fchling","datePublished":"2022-03-03T09:00:06+00:00","dateModified":"2022-03-04T08:53:29+00:00","mainEntityOfPage":{"@id":"https:\/\/blog.bedandbreakfast.eu\/de\/5-schoene-reisetipps-fuer-einen-urlaub-im-fruehling\/"},"wordCount":564,"commentCount":0,"image":{"@id":"https:\/\/blog.bedandbreakfast.eu\/de\/5-schoene-reisetipps-fuer-einen-urlaub-im-fruehling\/#primaryimage"},"thumbnailUrl":"https:\/\/blog.bedandbreakfast.eu\/wp-content\/uploads\/2022\/02\/Header_springdestinations_March22.jpg","keywords":["B&amp;B","B&amp;B","B&amp;B Budapest","B&amp;B Edinburgh","B&amp;B Gardasee","B&amp;B madeira","B&amp;B Mallorca","bed &amp; breakfast","bed &amp; breakfast","bed and breakfast","bed and breakfast","Urlaub im Fr\u00fchling"],"articleSection":["Beliebte Ziele"],"inLanguage":"de","potentialAction":[{"@type":"CommentAction","name":"Comment","target":["https:\/\/blog.bedandbreakfast.eu\/de\/5-schoene-reisetipps-fuer-einen-urlaub-im-fruehling\/#respond"]}]},{"@type":"WebPage","@id":"https:\/\/blog.bedandbreakfast.eu\/de\/5-schoene-reisetipps-fuer-einen-urlaub-im-fruehling\/","url":"https:\/\/blog.bedandbreakfast.eu\/de\/5-schoene-reisetipps-fuer-einen-urlaub-im-fruehling\/","name":"5 sch\u00f6ne Reisetipps f\u00fcr einen Urlaub im Fr\u00fchling | Bedandbreakfast.eu","isPartOf":{"@id":"https:\/\/blog.bedandbreakfast.eu\/nl\/#website"},"primaryImageOfPage":{"@id":"https:\/\/blog.bedandbreakfast.eu\/de\/5-schoene-reisetipps-fuer-einen-urlaub-im-fruehling\/#primaryimage"},"image":{"@id":"https:\/\/blog.bedandbreakfast.eu\/de\/5-schoene-reisetipps-fuer-einen-urlaub-im-fruehling\/#primaryimage"},"thumbnailUrl":"https:\/\/blog.bedandbreakfast.eu\/wp-content\/uploads\/2022\/02\/Header_springdestinations_March22.jpg","datePublished":"2022-03-03T09:00:06+00:00","dateModified":"2022-03-04T08:53:29+00:00","author":{"@id":"https:\/\/blog.bedandbreakfast.eu\/nl\/#\/schema\/person\/65c5a13fb210fcf876bcbf7790473f47"},"description":"Die Tage werden l\u00e4nger, die Temperaturen steigen und die Natur erwacht zu neuem Leben - endlich ist er da, der Fr\u00fchling! Die Reisezeit ist optimal f\u00fcr alle, die sich gerne abseits der Massen bewegen. Ob Naturhighlights oder verschiedenste Aktivit\u00e4ten - lassen Sie sich von 5 Ideen f\u00fcr Ihren Urlaub im Fr\u00fchling inspirieren.","breadcrumb":{"@id":"https:\/\/blog.bedandbreakfast.eu\/de\/5-schoene-reisetipps-fuer-einen-urlaub-im-fruehling\/#breadcrumb"},"inLanguage":"de","potentialAction":[{"@type":"ReadAction","target":["https:\/\/blog.bedandbreakfast.eu\/de\/5-schoene-reisetipps-fuer-einen-urlaub-im-fruehling\/"]}]},{"@type":"ImageObject","inLanguage":"de","@id":"https:\/\/blog.bedandbreakfast.eu\/de\/5-schoene-reisetipps-fuer-einen-urlaub-im-fruehling\/#primaryimage","url":"https:\/\/blog.bedandbreakfast.eu\/wp-content\/uploads\/2022\/02\/Header_springdestinations_March22.jpg","contentUrl":"https:\/\/blog.bedandbreakfast.eu\/wp-content\/uploads\/2022\/02\/Header_springdestinations_March22.jpg","width":1140,"height":453},{"@type":"BreadcrumbList","@id":"https:\/\/blog.bedandbreakfast.eu\/de\/5-schoene-reisetipps-fuer-einen-urlaub-im-fruehling\/#breadcrumb","itemListElement":[{"@type":"ListItem","position":1,"name":"Home","item":"https:\/\/blog.bedandbreakfast.eu\/de\/"},{"@type":"ListItem","position":2,"name":"5 sch\u00f6ne Reisetipps f\u00fcr einen Urlaub im Fr\u00fchling"}]},{"@type":"WebSite","@id":"https:\/\/blog.bedandbreakfast.eu\/nl\/#website","url":"https:\/\/blog.bedandbreakfast.eu\/nl\/","name":"Bed and Breakfast Blog | Bedandbreakfast.eu","description":"Ein Blog von Bedandbreakfast.eu \u00fcber ganz besondere Bed &amp; Breakfasts. Neue Inspirationen und Tipps f\u00fcr \u00dcbernachtungen und Kurztrips in Europas sch\u00f6nsten B&amp;Bs. ","potentialAction":[{"@type":"SearchAction","target":{"@type":"EntryPoint","urlTemplate":"https:\/\/blog.bedandbreakfast.eu\/nl\/?s={search_term_string}"},"query-input":{"@type":"PropertyValueSpecification","valueRequired":true,"valueName":"search_term_string"}}],"inLanguage":"de"},{"@type":"Person","@id":"https:\/\/blog.bedandbreakfast.eu\/nl\/#\/schema\/person\/65c5a13fb210fcf876bcbf7790473f47","name":"Ruth Elsaesser","image":{"@type":"ImageObject","inLanguage":"de","@id":"https:\/\/blog.bedandbreakfast.eu\/wp-content\/uploads\/2021\/07\/Ruth-300x300.jpg69c84bfce8f70ccba9dde017742cf43c","url":"https:\/\/blog.bedandbreakfast.eu\/wp-content\/uploads\/2021\/07\/Ruth-300x300.jpg","contentUrl":"https:\/\/blog.bedandbreakfast.eu\/wp-content\/uploads\/2021\/07\/Ruth-300x300.jpg","caption":"Ruth Elsaesser"},"description":"Im Schwarzwald aufgewachsen, mehrere Jahre in China gelebt und einen Neuanfang in den Niederlanden gewagt. Ruth liebt es, ihren eigenen Horizont zu erweitern und neue Kulturen kennenzulernen und zu erleben.","url":"https:\/\/blog.bedandbreakfast.eu\/de\/author\/ruth-elsaesser\/"}]}},"jetpack_featured_media_url":"https:\/\/blog.bedandbreakfast.eu\/wp-content\/uploads\/2022\/02\/Header_springdestinations_March22.jpg","jetpack_shortlink":"https:\/\/wp.me\/p9vhf3-842","jetpack_sharing_enabled":true,"_links":{"self":[{"href":"https:\/\/blog.bedandbreakfast.eu\/de\/wp-json\/wp\/v2\/posts\/31002","targetHints":{"allow":["GET"]}}],"collection":[{"href":"https:\/\/blog.bedandbreakfast.eu\/de\/wp-json\/wp\/v2\/posts"}],"about":[{"href":"https:\/\/blog.bedandbreakfast.eu\/de\/wp-json\/wp\/v2\/types\/post"}],"author":[{"embeddable":true,"href":"https:\/\/blog.bedandbreakfast.eu\/de\/wp-json\/wp\/v2\/users\/39"}],"replies":[{"embeddable":true,"href":"https:\/\/blog.bedandbreakfast.eu\/de\/wp-json\/wp\/v2\/comments?post=31002"}],"version-history":[{"count":29,"href":"https:\/\/blog.bedandbreakfast.eu\/de\/wp-json\/wp\/v2\/posts\/31002\/revisions"}],"predecessor-version":[{"id":31633,"href":"https:\/\/blog.bedandbreakfast.eu\/de\/wp-json\/wp\/v2\/posts\/31002\/revisions\/31633"}],"wp:featuredmedia":[{"embeddable":true,"href":"https:\/\/blog.bedandbreakfast.eu\/de\/wp-json\/wp\/v2\/media\/31320"}],"wp:attachment":[{"href":"https:\/\/blog.bedandbreakfast.eu\/de\/wp-json\/wp\/v2\/media?parent=31002"}],"wp:term":[{"taxonomy":"category","embeddable":true,"href":"https:\/\/blog.bedandbreakfast.eu\/de\/wp-json\/wp\/v2\/categories?post=31002"},{"taxonomy":"post_tag","embeddable":true,"href":"https:\/\/blog.bedandbreakfast.eu\/de\/wp-json\/wp\/v2\/tags?post=31002"},{"taxonomy":"author","embeddable":true,"href":"https:\/\/blog.bedandbreakfast.eu\/de\/wp-json\/wp\/v2\/coauthors?post=31002"}],"curies":[{"name":"wp","href":"https:\/\/api.w.org\/{rel}","templated":true}]}}