{"id":29609,"date":"2021-12-27T08:00:51","date_gmt":"2021-12-27T08:00:51","guid":{"rendered":"https:\/\/blog.bedandbreakfast.eu\/?p=29609"},"modified":"2021-12-28T08:31:57","modified_gmt":"2021-12-28T08:31:57","slug":"aussergewoehnliche-uebernachtung-in-uniquen-bbs","status":"publish","type":"post","link":"https:\/\/blog.bedandbreakfast.eu\/de\/aussergewoehnliche-uebernachtung-in-uniquen-bbs\/","title":{"rendered":"Au\u00dfergew\u00f6hnliche \u00dcbernachtung in uniquen B&#038;Bs"},"content":{"rendered":"<p><a href=\"https:\/\/www.bedandbreakfast.eu\/privatzimmer\/mayrhofen\/wohlhfuhl-hotel-garni-robert\/7463780\/\" target=\"_blank\" rel=\"noopener noreferrer\"><img loading=\"lazy\" decoding=\"async\" class=\"alignnone wp-image-29623 size-full\" title=\"Wohlf\u00fchl Hotel-Garni Robert\" src=\"https://blog.bedandbreakfast.eu/wp-content\/uploads\/2021\/12\/DE_bucket-list_Jan22_Deutschland.jpg\" alt=\"Bedandbreakfast.eu; Au\u00dfergew\u00f6hnliche \u00dcbernachtung in besonderen B&amp;Bs\" width=\"810\" height=\"450\" srcset=\"https:\/\/blog.bedandbreakfast.eu\/wp-content\/uploads\/2021\/12\/DE_bucket-list_Jan22_Deutschland.jpg 810w, https:\/\/blog.bedandbreakfast.eu\/wp-content\/uploads\/2021\/12\/DE_bucket-list_Jan22_Deutschland-300x167.jpg 300w, https:\/\/blog.bedandbreakfast.eu\/wp-content\/uploads\/2021\/12\/DE_bucket-list_Jan22_Deutschland-768x427.jpg 768w\" sizes=\"auto, (max-width: 810px) 100vw, 810px\" \/><\/a><\/p>\n<h4>Wohlf\u00fchl Hotel-Garni Robert &#8211; \u00d6sterreich<\/h4>\n<p>Wenn Sie den Alltag hinter sich lassen und eine au\u00dfergew\u00f6hnliche \u00dcbernachtung erleben m\u00f6chten, sind Sie in diesem kleinen und feinen Wohlf\u00fchlhotel in Mayrhofen im Zillertal genau richtig. Genie\u00dfen Sie den hauseigenen Saunabereich, bevor Sie sich in das hochwertige Schlafsystem der Firma Elastica einkuscheln und mal wieder so richtig ausschlafen. Nachdem Sie das gem\u00fctliche und leckere Fr\u00fchst\u00fcck genossen haben, lockt das Zillertal mit seiner einzigartigen Natur und deren grenzenlosen Freiheit.<\/p>\n<p><strong><a class=\"mks_button mks_button_medium rounded\" href=\"https:\/\/www.bedandbreakfast.eu\/privatzimmer\/mayrhofen\/wohlhfuhl-hotel-garni-robert\/7463780\/br%20\/\" target=\"_blank\" style=\"color: #FFFFFF; background-color: #e3458c;\" >Wohlf\u00fchl Hotel-Garni Robert<\/a><\/strong><\/p>\n<p><a href=\"https:\/\/www.bedandbreakfast.eu\/privatzimmer\/brussel\/druum\/1711457\/\" target=\"_blank\" rel=\"noopener noreferrer\"><img loading=\"lazy\" decoding=\"async\" class=\"alignnone wp-image-29473 size-full\" title=\"DRUUM\" src=\"https://blog.bedandbreakfast.eu/wp-content\/uploads\/2021\/12\/bed-and-breakfast-europe-jan-22-unique-bbs-druum.jpg\" alt=\"\" width=\"810\" height=\"450\" srcset=\"https:\/\/blog.bedandbreakfast.eu\/wp-content\/uploads\/2021\/12\/bed-and-breakfast-europe-jan-22-unique-bbs-druum.jpg 810w, https:\/\/blog.bedandbreakfast.eu\/wp-content\/uploads\/2021\/12\/bed-and-breakfast-europe-jan-22-unique-bbs-druum-300x167.jpg 300w, https:\/\/blog.bedandbreakfast.eu\/wp-content\/uploads\/2021\/12\/bed-and-breakfast-europe-jan-22-unique-bbs-druum-768x427.jpg 768w\" sizes=\"auto, (max-width: 810px) 100vw, 810px\" \/><\/a><\/p>\n<h4>DRUUM &#8211; Belgien<\/h4>\n<p>Nur zehn Gehminuten vom Grand Place in Br\u00fcssel entfernt, k\u00f6nnen Sie im DRUUM in ein wahres Kunsterlebnis eintauchen. Dieses besondere B&amp;B ist in einem historischen Geb\u00e4ude aus dem 19. Jahrhundert untergebracht und bietet f\u00fcnf ger\u00e4umige G\u00e4stezimmer, die mit zeitgen\u00f6ssischer Kunst ausgestattet sind. Jedes Zimmer wurde von einem anderen K\u00fcnstler oder K\u00fcnstlerkollektiv gestaltet. \u00dcberraschen Sie sich mit einer au\u00dfergew\u00f6hnlichen \u00dcbernachtung in diesem B&amp;B mit internationalem Charme!<\/p>\n<p><strong><a class=\"mks_button mks_button_medium rounded\" href=\"https:\/\/www.bedandbreakfast.eu\/privatzimmer\/brussel\/druum\/1711457\/\" target=\"_blank\" style=\"color: #FFFFFF; background-color: #e3458c;\" >DRUUM<\/a><\/strong><\/p>\n<p><a href=\"https:\/\/www.bedandbreakfast.eu\/privatzimmer\/nocera-umbra\/borgo-castello-panicaglia\/7845657\" target=\"_blank\" rel=\"noopener noreferrer\"><img loading=\"lazy\" decoding=\"async\" class=\"alignnone wp-image-29527 size-full\" title=\"Borgo Castello Panicaglia\" src=\"https://blog.bedandbreakfast.eu/wp-content\/uploads\/2021\/12\/Borgo-Castello-Panicaglia.jpg\" alt=\"\" width=\"810\" height=\"450\" srcset=\"https:\/\/blog.bedandbreakfast.eu\/wp-content\/uploads\/2021\/12\/Borgo-Castello-Panicaglia.jpg 810w, https:\/\/blog.bedandbreakfast.eu\/wp-content\/uploads\/2021\/12\/Borgo-Castello-Panicaglia-300x167.jpg 300w, https:\/\/blog.bedandbreakfast.eu\/wp-content\/uploads\/2021\/12\/Borgo-Castello-Panicaglia-768x427.jpg 768w\" sizes=\"auto, (max-width: 810px) 100vw, 810px\" \/><\/a><\/p>\n<h4>Borgo Castello Panicaglia &#8211; Italien<\/h4>\n<p>Eine Oase der Ruhe und Entspannung inmitten der wundersch\u00f6nen umbrischen Landschaft: Das wunderbare Borgo Castello Panicaglia bietet mit viel Liebe zum Detail k\u00fcrzlich renovierte Zimmer und zahlreiche Aktivit\u00e4ten f\u00fcr Jung und Alt, um das italienische Landleben zu entdecken. Buchen Sie einen Kochkurs oder eine Weinverkostung zusammen mit Ihrer au\u00dfergew\u00f6hnlichen \u00dcbernachtung in diesem B&amp;B! In dem sch\u00f6nen Garten mit Olivenb\u00e4umen finden Sie auch einen Swimmingpool mit Liegest\u00fchlen.<\/p>\n<p><strong><a class=\"mks_button mks_button_medium rounded\" href=\"https:\/\/www.bedandbreakfast.eu\/privatzimmer\/nocera-umbra\/borgo-castello-panicaglia\/7845657\/br%20\/\" target=\"_blank\" style=\"color: #FFFFFF; background-color: #e3458c;\" >Borgo Castello Panicaglia<\/a><\/strong><\/p>\n<p><a href=\"https:\/\/www.bedandbreakfast.eu\/privatzimmer\/priego-de-cordoba\/hacienda-el-tarajal\/7653093\/\" target=\"_blank\" rel=\"noopener noreferrer\"><img loading=\"lazy\" decoding=\"async\" class=\"alignnone wp-image-29572 size-full\" title=\"Hacienda el Tarajal\" src=\"https://blog.bedandbreakfast.eu/wp-content\/uploads\/2021\/12\/BB_Hacienda_el_Tarajal.jpg\" alt=\"\" width=\"810\" height=\"450\" srcset=\"https:\/\/blog.bedandbreakfast.eu\/wp-content\/uploads\/2021\/12\/BB_Hacienda_el_Tarajal.jpg 810w, https:\/\/blog.bedandbreakfast.eu\/wp-content\/uploads\/2021\/12\/BB_Hacienda_el_Tarajal-300x167.jpg 300w, https:\/\/blog.bedandbreakfast.eu\/wp-content\/uploads\/2021\/12\/BB_Hacienda_el_Tarajal-768x427.jpg 768w\" sizes=\"auto, (max-width: 810px) 100vw, 810px\" \/><\/a><\/p>\n<h4>Hacienda el Tarajal &#8211; Spanien<\/h4>\n<p>Wenn Sie auf der Suche nach einer anderen besonderen Art von Unterkunft und au\u00dfergew\u00f6hnlichen \u00dcbernachtung sind, ist Priego de C\u00f3rdoba der ideale Ort f\u00fcr Sie. Das B&amp;B ist in einem rustikalen, aber modernen Stil eingerichtet und verf\u00fcgt \u00fcber einen Swimmingpool, an dem Sie sich an sonnigen Tagen entspannen k\u00f6nnen, und liegt inmitten der Natur des Geoparks Subb\u00e8ticas. Buchen Sie diese Unterkunft f\u00fcr Ihren Urlaub 2022 im sch\u00f6nen Spanien.<\/p>\n<p><strong><a class=\"mks_button mks_button_medium rounded\" href=\"https:\/\/www.bedandbreakfast.eu\/privatzimmer\/priego-de-cordoba\/hacienda-el-tarajal\/7653093\/\" target=\"_blank\" style=\"color: #FFFFFF; background-color: #e3458c;\" >Hacienda el Tarajal<\/a><\/strong><\/p>\n<p><a href=\"https:\/\/www.bedandbreakfast.eu\/privatzimmer\/tarare\/un-manoir-a-tarare\/6151458\/\" target=\"_blank\" rel=\"noopener noreferrer\"><img loading=\"lazy\" decoding=\"async\" class=\"alignnone wp-image-29753 size-full\" title=\"Un Manoir \u00e0 Tarare\" src=\"https://blog.bedandbreakfast.eu/wp-content\/uploads\/2021\/12\/tarare-6151458-blog.jpg\" alt=\"\" width=\"810\" height=\"450\" srcset=\"https:\/\/blog.bedandbreakfast.eu\/wp-content\/uploads\/2021\/12\/tarare-6151458-blog.jpg 810w, https:\/\/blog.bedandbreakfast.eu\/wp-content\/uploads\/2021\/12\/tarare-6151458-blog-300x167.jpg 300w, https:\/\/blog.bedandbreakfast.eu\/wp-content\/uploads\/2021\/12\/tarare-6151458-blog-768x427.jpg 768w\" sizes=\"auto, (max-width: 810px) 100vw, 810px\" \/><\/a><\/p>\n<h4>Un Manoir \u00e0 Tarare &#8211; Frankreich<\/h4>\n<p>Jedes der 4 Zimmer dieses wundersch\u00f6nen Herrenhauses erz\u00e4hlt eine Geschichte. Sie werden von ihren m\u00e4rchenhaft klingenden Namen und der besonderen Atmosph\u00e4re verzaubert. Das Geb\u00e4ude blickt von seinen H\u00f6hen auf die Stadt Tarare und ist von einem majest\u00e4tischen Park mit hundertj\u00e4hrigen B\u00e4umen umgeben. Nach einer au\u00dfergew\u00f6hnlichen \u00dcbernachtung und einem k\u00f6stlichen Fr\u00fchst\u00fcck in diesem besonderen B&amp;B k\u00f6nnen Sie den Ententeich besuchen und hinter dem Steinbrunnen einen Kobold entdecken.<\/p>\n<p><strong><a class=\"mks_button mks_button_medium rounded\" href=\"https:\/\/www.bedandbreakfast.eu\/privatzimmer\/tarare\/un-manoir-a-tarare\/6151458\/br%20\/\" target=\"_blank\" style=\"color: #FFFFFF; background-color: #e3458c;\" >Un Manoir \u00e0 Tarare<\/a><\/strong><\/p>\n<p><b>Diesen Artikel teilen:<\/b><\/p>\n","protected":false},"excerpt":{"rendered":"<p>Einige Unterk\u00fcnfte sind so einzigartig, dass sie definitiv einen Platz auf Ihrer Bucket List verdient haben. Von einem Wohlf\u00fchl-B&#038;B im Zillertal bis zu einem luxuri\u00f6sen Haus in Frankreich. In welchem besonderen B&#038;B erleben Sie eine au\u00dfergew\u00f6hnliche \u00dcbernachtung?<\/p>\n","protected":false},"author":39,"featured_media":29768,"comment_status":"open","ping_status":"open","sticky":false,"template":"","format":"standard","meta":{"_monsterinsights_skip_tracking":false,"_monsterinsights_sitenote_active":false,"_monsterinsights_sitenote_note":"","_monsterinsights_sitenote_category":0,"_jetpack_newsletter_access":"","_jetpack_dont_email_post_to_subs":false,"_jetpack_newsletter_tier_id":0,"_jetpack_memberships_contains_paywalled_content":false,"_jetpack_memberships_contains_paid_content":false,"footnotes":""},"categories":[3568],"tags":[2140,5881,5525,5150,5186,5602,2141,658,3901],"coauthors":[6034],"class_list":["post-29609","post","type-post","status-publish","format-standard","has-post-thumbnail","hentry","category-einzigartige-bb-de","tag-bb-de","tag-bb-belgien","tag-bb-deutschland","tag-bb-frankreich","tag-bb-italien","tag-bb-spanien","tag-bed-breakfast-de","tag-bed-and-breakfast-de","tag-einzigartige-bbs"],"yoast_head":"<!-- This site is optimized with the Yoast SEO plugin v27.4 - https:\/\/yoast.com\/product\/yoast-seo-wordpress\/ -->\n<title>Au\u00dfergew\u00f6hnliche \u00dcbernachtung in uniquen B&amp;Bs | Bedandbreakfast.eu<\/title>\n<meta name=\"description\" content=\"Einige Unterk\u00fcnfte sind so einzigartig, dass sie definitiv einen Platz auf Ihrer Bucket List verdient haben. Von einem Wohlf\u00fchl-B&amp;B im Zillertal bis zu einem luxuri\u00f6sen Haus in Frankreich. In welchem besonderen B&amp;B erleben Sie eine au\u00dfergew\u00f6hnliche \u00dcbernachtung?\" \/>\n<meta name=\"robots\" content=\"index, follow, max-snippet:-1, max-image-preview:large, max-video-preview:-1\" \/>\n<link rel=\"canonical\" href=\"https:\/\/blog.bedandbreakfast.eu\/de\/aussergewoehnliche-uebernachtung-in-uniquen-bbs\/\" \/>\n<meta property=\"og:locale\" content=\"de_DE\" \/>\n<meta property=\"og:type\" content=\"article\" \/>\n<meta property=\"og:title\" content=\"Au\u00dfergew\u00f6hnliche \u00dcbernachtung in uniquen B&amp;Bs | Bedandbreakfast.eu\" \/>\n<meta property=\"og:description\" content=\"Einige Unterk\u00fcnfte sind so einzigartig, dass sie definitiv einen Platz auf Ihrer Bucket List verdient haben. Von einem Wohlf\u00fchl-B&amp;B im Zillertal bis zu einem luxuri\u00f6sen Haus in Frankreich. In welchem besonderen B&amp;B erleben Sie eine au\u00dfergew\u00f6hnliche \u00dcbernachtung?\" \/>\n<meta property=\"og:url\" content=\"https:\/\/blog.bedandbreakfast.eu\/de\/aussergewoehnliche-uebernachtung-in-uniquen-bbs\/\" \/>\n<meta property=\"og:site_name\" content=\"Bed and Breakfast Blog | Bedandbreakfast.eu\" \/>\n<meta property=\"article:published_time\" content=\"2021-12-27T08:00:51+00:00\" \/>\n<meta property=\"article:modified_time\" content=\"2021-12-28T08:31:57+00:00\" \/>\n<meta property=\"og:image\" content=\"https:\/\/blog.bedandbreakfast.eu\/wp-content\/uploads\/2021\/12\/bed-and-breakfast-europe-jan-22-unique-bbs.jpg\" \/>\n\t<meta property=\"og:image:width\" content=\"1140\" \/>\n\t<meta property=\"og:image:height\" content=\"453\" \/>\n\t<meta property=\"og:image:type\" content=\"image\/jpeg\" \/>\n<meta name=\"author\" content=\"Ruth Elsaesser\" \/>\n<meta name=\"twitter:card\" content=\"summary_large_image\" \/>\n<meta name=\"twitter:label1\" content=\"Verfasst von\" \/>\n\t<meta name=\"twitter:data1\" content=\"Ruth Elsaesser\" \/>\n\t<meta name=\"twitter:label2\" content=\"Gesch\u00e4tzte Lesezeit\" \/>\n\t<meta name=\"twitter:data2\" content=\"3\u00a0Minuten\" \/>\n\t<meta name=\"twitter:label3\" content=\"Written by\" \/>\n\t<meta name=\"twitter:data3\" content=\"Ruth Elsaesser\" \/>\n<script type=\"application\/ld+json\" class=\"yoast-schema-graph\">{\"@context\":\"https:\\\/\\\/schema.org\",\"@graph\":[{\"@type\":\"Article\",\"@id\":\"https:\\\/\\\/blog.bedandbreakfast.eu\\\/de\\\/aussergewoehnliche-uebernachtung-in-uniquen-bbs\\\/#article\",\"isPartOf\":{\"@id\":\"https:\\\/\\\/blog.bedandbreakfast.eu\\\/de\\\/aussergewoehnliche-uebernachtung-in-uniquen-bbs\\\/\"},\"author\":{\"name\":\"Ruth Elsaesser\",\"@id\":\"https:\\\/\\\/blog.bedandbreakfast.eu\\\/nl\\\/#\\\/schema\\\/person\\\/65c5a13fb210fcf876bcbf7790473f47\"},\"headline\":\"Au\u00dfergew\u00f6hnliche \u00dcbernachtung in uniquen B&#038;Bs\",\"datePublished\":\"2021-12-27T08:00:51+00:00\",\"dateModified\":\"2021-12-28T08:31:57+00:00\",\"mainEntityOfPage\":{\"@id\":\"https:\\\/\\\/blog.bedandbreakfast.eu\\\/de\\\/aussergewoehnliche-uebernachtung-in-uniquen-bbs\\\/\"},\"wordCount\":577,\"commentCount\":0,\"image\":{\"@id\":\"https:\\\/\\\/blog.bedandbreakfast.eu\\\/de\\\/aussergewoehnliche-uebernachtung-in-uniquen-bbs\\\/#primaryimage\"},\"thumbnailUrl\":\"https:\\\/\\\/blog.bedandbreakfast.eu\\\/wp-content\\\/uploads\\\/2021\\\/12\\\/bed-and-breakfast-europe-jan-22-unique-bbs.jpg\",\"keywords\":[\"B&amp;B\",\"B&amp;B Belgien\",\"B&amp;B Deutschland\",\"B&amp;B Frankreich\",\"B&amp;B Italien\",\"B&amp;B Spanien\",\"bed &amp; breakfast\",\"bed and breakfast\",\"Einzigartige B&amp;Bs\"],\"articleSection\":[\"Einzigartige B&amp;Bs\"],\"inLanguage\":\"de\",\"potentialAction\":[{\"@type\":\"CommentAction\",\"name\":\"Comment\",\"target\":[\"https:\\\/\\\/blog.bedandbreakfast.eu\\\/de\\\/aussergewoehnliche-uebernachtung-in-uniquen-bbs\\\/#respond\"]}]},{\"@type\":\"WebPage\",\"@id\":\"https:\\\/\\\/blog.bedandbreakfast.eu\\\/de\\\/aussergewoehnliche-uebernachtung-in-uniquen-bbs\\\/\",\"url\":\"https:\\\/\\\/blog.bedandbreakfast.eu\\\/de\\\/aussergewoehnliche-uebernachtung-in-uniquen-bbs\\\/\",\"name\":\"Au\u00dfergew\u00f6hnliche \u00dcbernachtung in uniquen B&Bs | Bedandbreakfast.eu\",\"isPartOf\":{\"@id\":\"https:\\\/\\\/blog.bedandbreakfast.eu\\\/nl\\\/#website\"},\"primaryImageOfPage\":{\"@id\":\"https:\\\/\\\/blog.bedandbreakfast.eu\\\/de\\\/aussergewoehnliche-uebernachtung-in-uniquen-bbs\\\/#primaryimage\"},\"image\":{\"@id\":\"https:\\\/\\\/blog.bedandbreakfast.eu\\\/de\\\/aussergewoehnliche-uebernachtung-in-uniquen-bbs\\\/#primaryimage\"},\"thumbnailUrl\":\"https:\\\/\\\/blog.bedandbreakfast.eu\\\/wp-content\\\/uploads\\\/2021\\\/12\\\/bed-and-breakfast-europe-jan-22-unique-bbs.jpg\",\"datePublished\":\"2021-12-27T08:00:51+00:00\",\"dateModified\":\"2021-12-28T08:31:57+00:00\",\"author\":{\"@id\":\"https:\\\/\\\/blog.bedandbreakfast.eu\\\/nl\\\/#\\\/schema\\\/person\\\/65c5a13fb210fcf876bcbf7790473f47\"},\"description\":\"Einige Unterk\u00fcnfte sind so einzigartig, dass sie definitiv einen Platz auf Ihrer Bucket List verdient haben. Von einem Wohlf\u00fchl-B&B im Zillertal bis zu einem luxuri\u00f6sen Haus in Frankreich. In welchem besonderen B&B erleben Sie eine au\u00dfergew\u00f6hnliche \u00dcbernachtung?\",\"breadcrumb\":{\"@id\":\"https:\\\/\\\/blog.bedandbreakfast.eu\\\/de\\\/aussergewoehnliche-uebernachtung-in-uniquen-bbs\\\/#breadcrumb\"},\"inLanguage\":\"de\",\"potentialAction\":[{\"@type\":\"ReadAction\",\"target\":[\"https:\\\/\\\/blog.bedandbreakfast.eu\\\/de\\\/aussergewoehnliche-uebernachtung-in-uniquen-bbs\\\/\"]}]},{\"@type\":\"ImageObject\",\"inLanguage\":\"de\",\"@id\":\"https:\\\/\\\/blog.bedandbreakfast.eu\\\/de\\\/aussergewoehnliche-uebernachtung-in-uniquen-bbs\\\/#primaryimage\",\"url\":\"https:\\\/\\\/blog.bedandbreakfast.eu\\\/wp-content\\\/uploads\\\/2021\\\/12\\\/bed-and-breakfast-europe-jan-22-unique-bbs.jpg\",\"contentUrl\":\"https:\\\/\\\/blog.bedandbreakfast.eu\\\/wp-content\\\/uploads\\\/2021\\\/12\\\/bed-and-breakfast-europe-jan-22-unique-bbs.jpg\",\"width\":1140,\"height\":453},{\"@type\":\"BreadcrumbList\",\"@id\":\"https:\\\/\\\/blog.bedandbreakfast.eu\\\/de\\\/aussergewoehnliche-uebernachtung-in-uniquen-bbs\\\/#breadcrumb\",\"itemListElement\":[{\"@type\":\"ListItem\",\"position\":1,\"name\":\"Home\",\"item\":\"https:\\\/\\\/blog.bedandbreakfast.eu\\\/de\\\/\"},{\"@type\":\"ListItem\",\"position\":2,\"name\":\"Au\u00dfergew\u00f6hnliche \u00dcbernachtung in uniquen B&#038;Bs\"}]},{\"@type\":\"WebSite\",\"@id\":\"https:\\\/\\\/blog.bedandbreakfast.eu\\\/nl\\\/#website\",\"url\":\"https:\\\/\\\/blog.bedandbreakfast.eu\\\/nl\\\/\",\"name\":\"Bed and Breakfast Blog | Bedandbreakfast.eu\",\"description\":\"Ein Blog von Bedandbreakfast.eu \u00fcber ganz besondere Bed &amp; Breakfasts. Neue Inspirationen und Tipps f\u00fcr \u00dcbernachtungen und Kurztrips in Europas sch\u00f6nsten B&amp;Bs. \",\"potentialAction\":[{\"@type\":\"SearchAction\",\"target\":{\"@type\":\"EntryPoint\",\"urlTemplate\":\"https:\\\/\\\/blog.bedandbreakfast.eu\\\/nl\\\/?s={search_term_string}\"},\"query-input\":{\"@type\":\"PropertyValueSpecification\",\"valueRequired\":true,\"valueName\":\"search_term_string\"}}],\"inLanguage\":\"de\"},{\"@type\":\"Person\",\"@id\":\"https:\\\/\\\/blog.bedandbreakfast.eu\\\/nl\\\/#\\\/schema\\\/person\\\/65c5a13fb210fcf876bcbf7790473f47\",\"name\":\"Ruth Elsaesser\",\"image\":{\"@type\":\"ImageObject\",\"inLanguage\":\"de\",\"@id\":\"https:\\\/\\\/blog.bedandbreakfast.eu\\\/wp-content\\\/uploads\\\/2021\\\/07\\\/Ruth-300x300.jpg69c84bfce8f70ccba9dde017742cf43c\",\"url\":\"https:\\\/\\\/blog.bedandbreakfast.eu\\\/wp-content\\\/uploads\\\/2021\\\/07\\\/Ruth-300x300.jpg\",\"contentUrl\":\"https:\\\/\\\/blog.bedandbreakfast.eu\\\/wp-content\\\/uploads\\\/2021\\\/07\\\/Ruth-300x300.jpg\",\"caption\":\"Ruth Elsaesser\"},\"description\":\"Im Schwarzwald aufgewachsen, mehrere Jahre in China gelebt und einen Neuanfang in den Niederlanden gewagt. Ruth liebt es, ihren eigenen Horizont zu erweitern und neue Kulturen kennenzulernen und zu erleben.\",\"url\":\"https:\\\/\\\/blog.bedandbreakfast.eu\\\/de\\\/author\\\/ruth-elsaesser\\\/\"}]}<\/script>\n<!-- \/ Yoast SEO plugin. -->","yoast_head_json":{"title":"Au\u00dfergew\u00f6hnliche \u00dcbernachtung in uniquen B&Bs | Bedandbreakfast.eu","description":"Einige Unterk\u00fcnfte sind so einzigartig, dass sie definitiv einen Platz auf Ihrer Bucket List verdient haben. Von einem Wohlf\u00fchl-B&B im Zillertal bis zu einem luxuri\u00f6sen Haus in Frankreich. In welchem besonderen B&B erleben Sie eine au\u00dfergew\u00f6hnliche \u00dcbernachtung?","robots":{"index":"index","follow":"follow","max-snippet":"max-snippet:-1","max-image-preview":"max-image-preview:large","max-video-preview":"max-video-preview:-1"},"canonical":"https:\/\/blog.bedandbreakfast.eu\/de\/aussergewoehnliche-uebernachtung-in-uniquen-bbs\/","og_locale":"de_DE","og_type":"article","og_title":"Au\u00dfergew\u00f6hnliche \u00dcbernachtung in uniquen B&Bs | Bedandbreakfast.eu","og_description":"Einige Unterk\u00fcnfte sind so einzigartig, dass sie definitiv einen Platz auf Ihrer Bucket List verdient haben. Von einem Wohlf\u00fchl-B&B im Zillertal bis zu einem luxuri\u00f6sen Haus in Frankreich. In welchem besonderen B&B erleben Sie eine au\u00dfergew\u00f6hnliche \u00dcbernachtung?","og_url":"https:\/\/blog.bedandbreakfast.eu\/de\/aussergewoehnliche-uebernachtung-in-uniquen-bbs\/","og_site_name":"Bed and Breakfast Blog | Bedandbreakfast.eu","article_published_time":"2021-12-27T08:00:51+00:00","article_modified_time":"2021-12-28T08:31:57+00:00","og_image":[{"width":1140,"height":453,"url":"https:\/\/blog.bedandbreakfast.eu\/wp-content\/uploads\/2021\/12\/bed-and-breakfast-europe-jan-22-unique-bbs.jpg","type":"image\/jpeg"}],"author":"Ruth Elsaesser","twitter_card":"summary_large_image","twitter_misc":{"Verfasst von":"Ruth Elsaesser","Gesch\u00e4tzte Lesezeit":"3\u00a0Minuten","Written by":"Ruth Elsaesser"},"schema":{"@context":"https:\/\/schema.org","@graph":[{"@type":"Article","@id":"https:\/\/blog.bedandbreakfast.eu\/de\/aussergewoehnliche-uebernachtung-in-uniquen-bbs\/#article","isPartOf":{"@id":"https:\/\/blog.bedandbreakfast.eu\/de\/aussergewoehnliche-uebernachtung-in-uniquen-bbs\/"},"author":{"name":"Ruth Elsaesser","@id":"https:\/\/blog.bedandbreakfast.eu\/nl\/#\/schema\/person\/65c5a13fb210fcf876bcbf7790473f47"},"headline":"Au\u00dfergew\u00f6hnliche \u00dcbernachtung in uniquen B&#038;Bs","datePublished":"2021-12-27T08:00:51+00:00","dateModified":"2021-12-28T08:31:57+00:00","mainEntityOfPage":{"@id":"https:\/\/blog.bedandbreakfast.eu\/de\/aussergewoehnliche-uebernachtung-in-uniquen-bbs\/"},"wordCount":577,"commentCount":0,"image":{"@id":"https:\/\/blog.bedandbreakfast.eu\/de\/aussergewoehnliche-uebernachtung-in-uniquen-bbs\/#primaryimage"},"thumbnailUrl":"https:\/\/blog.bedandbreakfast.eu\/wp-content\/uploads\/2021\/12\/bed-and-breakfast-europe-jan-22-unique-bbs.jpg","keywords":["B&amp;B","B&amp;B Belgien","B&amp;B Deutschland","B&amp;B Frankreich","B&amp;B Italien","B&amp;B Spanien","bed &amp; breakfast","bed and breakfast","Einzigartige B&amp;Bs"],"articleSection":["Einzigartige B&amp;Bs"],"inLanguage":"de","potentialAction":[{"@type":"CommentAction","name":"Comment","target":["https:\/\/blog.bedandbreakfast.eu\/de\/aussergewoehnliche-uebernachtung-in-uniquen-bbs\/#respond"]}]},{"@type":"WebPage","@id":"https:\/\/blog.bedandbreakfast.eu\/de\/aussergewoehnliche-uebernachtung-in-uniquen-bbs\/","url":"https:\/\/blog.bedandbreakfast.eu\/de\/aussergewoehnliche-uebernachtung-in-uniquen-bbs\/","name":"Au\u00dfergew\u00f6hnliche \u00dcbernachtung in uniquen B&Bs | Bedandbreakfast.eu","isPartOf":{"@id":"https:\/\/blog.bedandbreakfast.eu\/nl\/#website"},"primaryImageOfPage":{"@id":"https:\/\/blog.bedandbreakfast.eu\/de\/aussergewoehnliche-uebernachtung-in-uniquen-bbs\/#primaryimage"},"image":{"@id":"https:\/\/blog.bedandbreakfast.eu\/de\/aussergewoehnliche-uebernachtung-in-uniquen-bbs\/#primaryimage"},"thumbnailUrl":"https:\/\/blog.bedandbreakfast.eu\/wp-content\/uploads\/2021\/12\/bed-and-breakfast-europe-jan-22-unique-bbs.jpg","datePublished":"2021-12-27T08:00:51+00:00","dateModified":"2021-12-28T08:31:57+00:00","author":{"@id":"https:\/\/blog.bedandbreakfast.eu\/nl\/#\/schema\/person\/65c5a13fb210fcf876bcbf7790473f47"},"description":"Einige Unterk\u00fcnfte sind so einzigartig, dass sie definitiv einen Platz auf Ihrer Bucket List verdient haben. Von einem Wohlf\u00fchl-B&B im Zillertal bis zu einem luxuri\u00f6sen Haus in Frankreich. In welchem besonderen B&B erleben Sie eine au\u00dfergew\u00f6hnliche \u00dcbernachtung?","breadcrumb":{"@id":"https:\/\/blog.bedandbreakfast.eu\/de\/aussergewoehnliche-uebernachtung-in-uniquen-bbs\/#breadcrumb"},"inLanguage":"de","potentialAction":[{"@type":"ReadAction","target":["https:\/\/blog.bedandbreakfast.eu\/de\/aussergewoehnliche-uebernachtung-in-uniquen-bbs\/"]}]},{"@type":"ImageObject","inLanguage":"de","@id":"https:\/\/blog.bedandbreakfast.eu\/de\/aussergewoehnliche-uebernachtung-in-uniquen-bbs\/#primaryimage","url":"https:\/\/blog.bedandbreakfast.eu\/wp-content\/uploads\/2021\/12\/bed-and-breakfast-europe-jan-22-unique-bbs.jpg","contentUrl":"https:\/\/blog.bedandbreakfast.eu\/wp-content\/uploads\/2021\/12\/bed-and-breakfast-europe-jan-22-unique-bbs.jpg","width":1140,"height":453},{"@type":"BreadcrumbList","@id":"https:\/\/blog.bedandbreakfast.eu\/de\/aussergewoehnliche-uebernachtung-in-uniquen-bbs\/#breadcrumb","itemListElement":[{"@type":"ListItem","position":1,"name":"Home","item":"https:\/\/blog.bedandbreakfast.eu\/de\/"},{"@type":"ListItem","position":2,"name":"Au\u00dfergew\u00f6hnliche \u00dcbernachtung in uniquen B&#038;Bs"}]},{"@type":"WebSite","@id":"https:\/\/blog.bedandbreakfast.eu\/nl\/#website","url":"https:\/\/blog.bedandbreakfast.eu\/nl\/","name":"Bed and Breakfast Blog | Bedandbreakfast.eu","description":"Ein Blog von Bedandbreakfast.eu \u00fcber ganz besondere Bed &amp; Breakfasts. Neue Inspirationen und Tipps f\u00fcr \u00dcbernachtungen und Kurztrips in Europas sch\u00f6nsten B&amp;Bs. ","potentialAction":[{"@type":"SearchAction","target":{"@type":"EntryPoint","urlTemplate":"https:\/\/blog.bedandbreakfast.eu\/nl\/?s={search_term_string}"},"query-input":{"@type":"PropertyValueSpecification","valueRequired":true,"valueName":"search_term_string"}}],"inLanguage":"de"},{"@type":"Person","@id":"https:\/\/blog.bedandbreakfast.eu\/nl\/#\/schema\/person\/65c5a13fb210fcf876bcbf7790473f47","name":"Ruth Elsaesser","image":{"@type":"ImageObject","inLanguage":"de","@id":"https:\/\/blog.bedandbreakfast.eu\/wp-content\/uploads\/2021\/07\/Ruth-300x300.jpg69c84bfce8f70ccba9dde017742cf43c","url":"https:\/\/blog.bedandbreakfast.eu\/wp-content\/uploads\/2021\/07\/Ruth-300x300.jpg","contentUrl":"https:\/\/blog.bedandbreakfast.eu\/wp-content\/uploads\/2021\/07\/Ruth-300x300.jpg","caption":"Ruth Elsaesser"},"description":"Im Schwarzwald aufgewachsen, mehrere Jahre in China gelebt und einen Neuanfang in den Niederlanden gewagt. Ruth liebt es, ihren eigenen Horizont zu erweitern und neue Kulturen kennenzulernen und zu erleben.","url":"https:\/\/blog.bedandbreakfast.eu\/de\/author\/ruth-elsaesser\/"}]}},"jetpack_featured_media_url":"https:\/\/blog.bedandbreakfast.eu\/wp-content\/uploads\/2021\/12\/bed-and-breakfast-europe-jan-22-unique-bbs.jpg","jetpack_shortlink":"https:\/\/wp.me\/p9vhf3-7Hz","jetpack_sharing_enabled":true,"_links":{"self":[{"href":"https:\/\/blog.bedandbreakfast.eu\/de\/wp-json\/wp\/v2\/posts\/29609","targetHints":{"allow":["GET"]}}],"collection":[{"href":"https:\/\/blog.bedandbreakfast.eu\/de\/wp-json\/wp\/v2\/posts"}],"about":[{"href":"https:\/\/blog.bedandbreakfast.eu\/de\/wp-json\/wp\/v2\/types\/post"}],"author":[{"embeddable":true,"href":"https:\/\/blog.bedandbreakfast.eu\/de\/wp-json\/wp\/v2\/users\/39"}],"replies":[{"embeddable":true,"href":"https:\/\/blog.bedandbreakfast.eu\/de\/wp-json\/wp\/v2\/comments?post=29609"}],"version-history":[{"count":27,"href":"https:\/\/blog.bedandbreakfast.eu\/de\/wp-json\/wp\/v2\/posts\/29609\/revisions"}],"predecessor-version":[{"id":30005,"href":"https:\/\/blog.bedandbreakfast.eu\/de\/wp-json\/wp\/v2\/posts\/29609\/revisions\/30005"}],"wp:featuredmedia":[{"embeddable":true,"href":"https:\/\/blog.bedandbreakfast.eu\/de\/wp-json\/wp\/v2\/media\/29768"}],"wp:attachment":[{"href":"https:\/\/blog.bedandbreakfast.eu\/de\/wp-json\/wp\/v2\/media?parent=29609"}],"wp:term":[{"taxonomy":"category","embeddable":true,"href":"https:\/\/blog.bedandbreakfast.eu\/de\/wp-json\/wp\/v2\/categories?post=29609"},{"taxonomy":"post_tag","embeddable":true,"href":"https:\/\/blog.bedandbreakfast.eu\/de\/wp-json\/wp\/v2\/tags?post=29609"},{"taxonomy":"author","embeddable":true,"href":"https:\/\/blog.bedandbreakfast.eu\/de\/wp-json\/wp\/v2\/coauthors?post=29609"}],"curies":[{"name":"wp","href":"https:\/\/api.w.org\/{rel}","templated":true}]}}