{"id":26964,"date":"2021-07-23T15:23:03","date_gmt":"2021-07-23T15:23:03","guid":{"rendered":"https:\/\/blog.bedandbreakfast.eu\/?p=26964"},"modified":"2021-07-27T15:23:24","modified_gmt":"2021-07-27T15:23:24","slug":"einzigartige-ziele-fuer-ihren-urlaub-am-see","status":"publish","type":"post","link":"https:\/\/blog.bedandbreakfast.eu\/de\/einzigartige-ziele-fuer-ihren-urlaub-am-see\/","title":{"rendered":"Einzigartige Ziele f\u00fcr Ihren Urlaub am See"},"content":{"rendered":"<p><a href=\"https:\/\/www.bedandbreakfast.eu\/privatzimmer\/malchow\/bundesrepublik-deutschland\/c2874122\" target=\"_blank\" rel=\"noopener noreferrer\"><img loading=\"lazy\" decoding=\"async\" class=\"alignnone wp-image-26225 size-full\" title=\"Bed and Breakfast Malchow\" src=\"https://blog.bedandbreakfast.eu/wp-content\/uploads\/2021\/07\/Blog_week30_Germany_Seenplatte_DE.jpg\" alt=\"Bedandbreakfast.eu; Einzigartige Ziele f\u00fcr Ihren Urlaub am See\" width=\"810\" height=\"450\" srcset=\"https:\/\/blog.bedandbreakfast.eu\/wp-content\/uploads\/2021\/07\/Blog_week30_Germany_Seenplatte_DE.jpg 810w, https:\/\/blog.bedandbreakfast.eu\/wp-content\/uploads\/2021\/07\/Blog_week30_Germany_Seenplatte_DE-300x167.jpg 300w, https:\/\/blog.bedandbreakfast.eu\/wp-content\/uploads\/2021\/07\/Blog_week30_Germany_Seenplatte_DE-768x427.jpg 768w\" sizes=\"auto, (max-width: 810px) 100vw, 810px\" \/><\/a><\/p>\n<h4>Die Mecklenburgische Seenplatte<\/h4>\n<p>Wasser, soweit das Auge reicht. Mit \u00fcber 1000 Seen ist die Mecklenburgische Seenplatte das gr\u00f6\u00dfte zusammenh\u00e4ngende Seengebiet Deutschlands und ein wahres Eldorado f\u00fcr Ihren Urlaub am See. Erkunden Sie die von Seen, Kan\u00e4len und Wald gepr\u00e4gte Region mit dem Boot, zu Fu\u00df oder mit dem Fahrrad. Zwischen der urspr\u00fcnglichen Natur liegen vertr\u00e4umte D\u00f6rfer, stilvolle Schl\u00f6sser und reizvolle B&amp;Bs, die Ihren Urlaub unvergesslich erscheinen lassen.<\/p>\n<ul>\n<li><a href=\"https:\/\/www.bedandbreakfast.eu\/privatzimmer\/seeheilbad-graal-muritz\/bundesrepublik-deutschland\/c2856194\" target=\"_blank\" rel=\"noopener noreferrer\"><span style=\"font-weight: 400;\">Graal-M\u00fcritz<\/span><\/a><\/li>\n<li><a href=\"https:\/\/www.bedandbreakfast.eu\/privatzimmer\/malchow\/bundesrepublik-deutschland\/c2874122\" target=\"_blank\" rel=\"noopener noreferrer\"><span style=\"font-weight: 400;\">Malchow<\/span><\/a><\/li>\n<li><a href=\"https:\/\/www.bedandbreakfast.eu\/privatzimmer\/neubrandenburg\/bundesrepublik-deutschland\/c2866135\" target=\"_blank\" rel=\"noopener noreferrer\"><span style=\"font-weight: 400;\">Neubrandenburg<\/span><\/a><\/li>\n<li><a href=\"https:\/\/www.bedandbreakfast.eu\/privatzimmer\/plau-am-see\/bundesrepublik-deutschland\/c2853297\" target=\"_blank\" rel=\"noopener noreferrer\"><span style=\"font-weight: 400;\">Plau am See<\/span><\/a><\/li>\n<li><a href=\"https:\/\/www.bedandbreakfast.eu\/privatzimmer\/teterow\/bundesrepublik-deutschland\/c2823398\" target=\"_blank\" rel=\"noopener noreferrer\"><span style=\"font-weight: 400;\">Teterow<\/span><\/a><\/li>\n<\/ul>\n<p><a href=\"https:\/\/www.bedandbreakfast.eu\/privatzimmer\/diessen-am-ammersee\/bundesrepublik-deutschland\/c2937217\" target=\"_blank\" rel=\"noopener noreferrer\"><img loading=\"lazy\" decoding=\"async\" class=\"alignnone wp-image-26231 size-full\" title=\"Bed and Breakfast Die\u00dfen\" src=\"https://blog.bedandbreakfast.eu/wp-content\/uploads\/2021\/07\/Blog_week30_Munich_DE.jpg\" alt=\"\" width=\"810\" height=\"450\" srcset=\"https:\/\/blog.bedandbreakfast.eu\/wp-content\/uploads\/2021\/07\/Blog_week30_Munich_DE.jpg 810w, https:\/\/blog.bedandbreakfast.eu\/wp-content\/uploads\/2021\/07\/Blog_week30_Munich_DE-300x167.jpg 300w, https:\/\/blog.bedandbreakfast.eu\/wp-content\/uploads\/2021\/07\/Blog_week30_Munich_DE-768x427.jpg 768w\" sizes=\"auto, (max-width: 810px) 100vw, 810px\" \/><\/a><\/p>\n<h4>Umland M\u00fcnchen<\/h4>\n<p>M\u00fcnchen selbst hat viele Attraktionen zu bieten. Neben einem Bummel \u00fcber den Viktualienmarkt und einem ausgedehnten Spaziergang im Englischen Garten, kommen auch Kulturliebhaber und Kunstfreunde auf ihre Kosten. Verbinden Sie das spannende Erlebnis der Gro\u00dfstadt mit einem Urlaub am See. Die idyllische Natur des Alpenvorlandes mit dem Starnberger See und dem Ammersee bietet hierf\u00fcr optimale Bedingungen.<\/p>\n<ul>\n<li><a href=\"https:\/\/www.bedandbreakfast.eu\/privatzimmer\/diessen-am-ammersee\/bundesrepublik-deutschland\/c2937217\" target=\"_blank\" rel=\"noopener noreferrer\"><span style=\"font-weight: 400;\">Die\u00dfen<\/span><\/a><\/li>\n<li><a href=\"https:\/\/www.bedandbreakfast.eu\/privatzimmer\/herrsching-am-ammersee\/bundesrepublik-deutschland\/c2905604\" target=\"_blank\" rel=\"noopener noreferrer\"><span style=\"font-weight: 400;\">Herrsching<\/span><\/a><\/li>\n<li><a href=\"https:\/\/www.bedandbreakfast.eu\/privatzimmer\/munchen\/bundesrepublik-deutschland\/c2867714\" target=\"_blank\" rel=\"noopener noreferrer\"><span style=\"font-weight: 400;\">M\u00fcnchen<\/span><\/a><\/li>\n<li><a href=\"https:\/\/www.bedandbreakfast.eu\/privatzimmer\/pocking\/bundesrepublik-deutschland\/c2853066\" target=\"_blank\" rel=\"noopener noreferrer\"><span style=\"font-weight: 400;\">P\u00f6cking<\/span><\/a><\/li>\n<li><a href=\"https:\/\/www.bedandbreakfast.eu\/privatzimmer\/starnberg\/bundesrepublik-deutschland\/c2829457\" target=\"_blank\" rel=\"noopener noreferrer\"><span style=\"font-weight: 400;\">Starnberg<\/span><\/a><\/li>\n<\/ul>\n<p><a href=\"https:\/\/www.bedandbreakfast.eu\/privatzimmer\/velden\/osterreich\/c2762453\" target=\"_blank\" rel=\"noopener noreferrer\"><img loading=\"lazy\" decoding=\"async\" class=\"alignnone wp-image-26213 size-full\" title=\"Bed and Breakfast Velden\" src=\"https://blog.bedandbreakfast.eu/wp-content\/uploads\/2021\/07\/Blog_week30_Austria_Woerthersee_DE.jpg\" alt=\"\" width=\"810\" height=\"450\" srcset=\"https:\/\/blog.bedandbreakfast.eu\/wp-content\/uploads\/2021\/07\/Blog_week30_Austria_Woerthersee_DE.jpg 810w, https:\/\/blog.bedandbreakfast.eu\/wp-content\/uploads\/2021\/07\/Blog_week30_Austria_Woerthersee_DE-300x167.jpg 300w, https:\/\/blog.bedandbreakfast.eu\/wp-content\/uploads\/2021\/07\/Blog_week30_Austria_Woerthersee_DE-768x427.jpg 768w\" sizes=\"auto, (max-width: 810px) 100vw, 810px\" \/><\/a><\/p>\n<h4>Seeurlaub in K\u00e4rnten<\/h4>\n<p>\u00d6sterreichischer Charme trifft auf s\u00fcdliche Lebensfreude &#8211; wer das facettenreiche K\u00e4rnten besucht, wird von der gel\u00f6sten Lebensart und den vielf\u00e4ltigen Ausflugszielen fasziniert sein. Neben den beeindruckenden Burgen auf steilen Felsformationen bieten die Seenlandschaften alle Zutaten f\u00fcr einen gro\u00dfartigen Urlaub am See. An der s\u00fcdlichen Seite des Alpenbogens gelegen, spiegeln sich die leuchtenden Sonnenstrahlen in kristallklarem und wohltemperiertem Wasser.<\/p>\n<ul>\n<li><a href=\"https:\/\/www.bedandbreakfast.eu\/privatzimmer\/annenheim-am-ossiachersee\/osterreich\/c2782485\" target=\"_blank\" rel=\"noopener noreferrer\"><span style=\"font-weight: 400;\">Annenheim<\/span><\/a><\/li>\n<li><a href=\"https:\/\/www.bedandbreakfast.eu\/privatzimmer\/faak-am-see\/osterreich\/c2779868\" target=\"_blank\" rel=\"noopener noreferrer\"><span style=\"font-weight: 400;\">Faak am See<\/span><\/a><\/li>\n<li><a href=\"https:\/\/www.bedandbreakfast.eu\/privatzimmer\/millstatt\/osterreich\/c2760380\" target=\"_blank\" rel=\"noopener noreferrer\"><span style=\"font-weight: 400;\">Millstatt<\/span><\/a><\/li>\n<li><a href=\"https:\/\/www.bedandbreakfast.eu\/privatzimmer\/techendorf\/osterreich\/c2763830\" target=\"_blank\" rel=\"noopener noreferrer\"><span style=\"font-weight: 400;\">Techendorf<\/span><\/a><\/li>\n<li><a href=\"https:\/\/www.bedandbreakfast.eu\/privatzimmer\/velden\/osterreich\/c2762453\" target=\"_blank\" rel=\"noopener noreferrer\"><span style=\"font-weight: 400;\">Velden<\/span><\/a><\/li>\n<\/ul>\n<p><a href=\"https:\/\/www.bedandbreakfast.eu\/privatzimmer\/lausanne-district\/distrikt\/schweiz\/6458866\" target=\"_blank\" rel=\"noopener noreferrer\"><img loading=\"lazy\" decoding=\"async\" class=\"alignnone wp-image-26219 size-full\" title=\"Bed and Breakfast Lausanne\" src=\"https://blog.bedandbreakfast.eu/wp-content\/uploads\/2021\/07\/Blog_week30_Geneva_DE.jpg\" alt=\"\" width=\"810\" height=\"450\" srcset=\"https:\/\/blog.bedandbreakfast.eu\/wp-content\/uploads\/2021\/07\/Blog_week30_Geneva_DE.jpg 810w, https:\/\/blog.bedandbreakfast.eu\/wp-content\/uploads\/2021\/07\/Blog_week30_Geneva_DE-300x167.jpg 300w, https:\/\/blog.bedandbreakfast.eu\/wp-content\/uploads\/2021\/07\/Blog_week30_Geneva_DE-768x427.jpg 768w\" sizes=\"auto, (max-width: 810px) 100vw, 810px\" \/><\/a><\/p>\n<h4>Genfer See<\/h4>\n<p>Wie ein blauer Halbmond liegt der zweitgr\u00f6\u00dfte See Mitteleuropas, eingerahmt von schneebedeckten Gipfeln der Alpen und den UNESCO-gesch\u00fctzten Weinterrassen, auf der franz\u00f6sischen und schweizer Grenze. Mit reichhaltigen Angeboten an attraktiven Sehensw\u00fcrdigkeiten, Kultur und Outdooraktivit\u00e4ten, oder nahe gelegenen Zielen wie dem Mont Blanc, ist der See ein ganzj\u00e4hriges Reiseziel f\u00fcr einen Urlaub am See. \u00dcbernachten Sie in einem stilechten B&amp;B in den weltbekannten und historischen St\u00e4dten:<\/p>\n<ul>\n<li><a href=\"https:\/\/www.bedandbreakfast.eu\/privatzimmer\/genf\/distrikt\/schweiz\/6458783\" target=\"_blank\" rel=\"noopener noreferrer\"><span style=\"font-weight: 400;\">Genf<\/span><\/a><\/li>\n<li><a href=\"https:\/\/www.bedandbreakfast.eu\/privatzimmer\/lausanne-district\/distrikt\/schweiz\/6458866\" target=\"_blank\" rel=\"noopener noreferrer\"><span style=\"font-weight: 400;\">Lausanne<\/span><\/a><\/li>\n<li><a href=\"https:\/\/www.bedandbreakfast.eu\/privatzimmer\/montreux\/schweiz\/c2659601\" target=\"_blank\" rel=\"noopener noreferrer\"><span style=\"font-weight: 400;\">Montreux<\/span><\/a><\/li>\n<li><a href=\"https:\/\/www.bedandbreakfast.eu\/privatzimmer\/thonon-les-bains\/frankreich\/c2972742\" target=\"_blank\" rel=\"noopener noreferrer\"><span style=\"font-weight: 400;\">Thonon-les-Bains<\/span><\/a><\/li>\n<li><a href=\"https:\/\/www.bedandbreakfast.eu\/privatzimmer\/vevey\/schweiz\/c2658145\" target=\"_blank\" rel=\"noopener noreferrer\"><span style=\"font-weight: 400;\">Vevey<\/span><\/a><\/li>\n<\/ul>\n<p><a href=\"https:\/\/www.bedandbreakfast.eu\/privatzimmer\/locarno\/schweiz\/c2659869\" target=\"_blank\" rel=\"noopener noreferrer\"><img loading=\"lazy\" decoding=\"async\" class=\"alignnone wp-image-26242 size-full\" title=\"Bed and Breakfast Locarno\" src=\"https://blog.bedandbreakfast.eu/wp-content\/uploads\/2021\/07\/Blog_week30_LagoMaggiore_DE.jpg\" alt=\"\" width=\"810\" height=\"450\" srcset=\"https:\/\/blog.bedandbreakfast.eu\/wp-content\/uploads\/2021\/07\/Blog_week30_LagoMaggiore_DE.jpg 810w, https:\/\/blog.bedandbreakfast.eu\/wp-content\/uploads\/2021\/07\/Blog_week30_LagoMaggiore_DE-300x167.jpg 300w, https:\/\/blog.bedandbreakfast.eu\/wp-content\/uploads\/2021\/07\/Blog_week30_LagoMaggiore_DE-768x427.jpg 768w\" sizes=\"auto, (max-width: 810px) 100vw, 810px\" \/><\/a><\/p>\n<h4>Zwei L\u00e4nder, zwei Seen<\/h4>\n<p>Sind Sie auf der Suche nach mediterranem Dolce Vita gepaart mit schweizer Gem\u00fctlichkeit? Dann sind Sie im Tessin genau richtig! Der angeblich sch\u00f6nste Kanton der Schweiz mit eisigen Gletschern, hohen Gipfeln, Olivenhainen, botanischen G\u00e4rten und subtropischen Palmen an den Seepromenaden, erscheint wie ein Postkartenparadies. Erleben Sie die Gastfreundlichkeit der Tessiner und verbringen Sie einen unvergesslichen Urlaub am See in einem B&amp;B am Lago Maggiore oder Lago di Lugano.<\/p>\n<ul>\n<li><a href=\"https:\/\/www.bedandbreakfast.eu\/privatzimmer\/ascona\/schweiz\/c2661698\" target=\"_blank\" rel=\"noopener noreferrer\"><span style=\"font-weight: 400;\">Ascona<\/span><\/a><\/li>\n<li><a href=\"https:\/\/www.bedandbreakfast.eu\/privatzimmer\/caslano\/schweiz\/c2661260\" target=\"_blank\" rel=\"noopener noreferrer\"><span style=\"font-weight: 400;\">Caslano<\/span><\/a><\/li>\n<li><a href=\"https:\/\/www.bedandbreakfast.eu\/privatzimmer\/locarno\/schweiz\/c2659869\" target=\"_blank\" rel=\"noopener noreferrer\"><span style=\"font-weight: 400;\">Locarno<\/span><\/a><\/li>\n<li><a href=\"https:\/\/www.bedandbreakfast.eu\/privatzimmer\/lugano\/schweiz\/c2659836\" target=\"_blank\" rel=\"noopener noreferrer\"><span style=\"font-weight: 400;\">Lugano<\/span><\/a><\/li>\n<li><a href=\"https:\/\/www.bedandbreakfast.eu\/privatzimmer\/morcote\/schweiz\/c2659592\" target=\"_blank\" rel=\"noopener noreferrer\"><span style=\"font-weight: 400;\">Morcote<\/span><\/a><\/li>\n<\/ul>\n<p><b>Diesen Artikel teilen:<\/b><\/p>\n","protected":false},"excerpt":{"rendered":"<p>Urlaub am See, was gibt es Sch\u00f6neres? Ob Aktivurlaub oder Entspannen, die beeindruckenden Seen in Deutschland, \u00d6sterreich und der Schweiz bieten vielf\u00e4ltige M\u00f6glichkeiten. W\u00e4hlen Sie ein B&#038;B ganz nach Ihrem Geschmack.<\/p>\n","protected":false},"author":39,"featured_media":26656,"comment_status":"open","ping_status":"open","sticky":false,"template":"","format":"standard","meta":{"_monsterinsights_skip_tracking":false,"_monsterinsights_sitenote_active":false,"_monsterinsights_sitenote_note":"","_monsterinsights_sitenote_category":0,"_jetpack_newsletter_access":"","_jetpack_dont_email_post_to_subs":false,"_jetpack_newsletter_tier_id":0,"_jetpack_memberships_contains_paywalled_content":false,"_jetpack_memberships_contains_paid_content":false,"footnotes":""},"categories":[3549],"tags":[2140,2141,658],"coauthors":[6034],"class_list":["post-26964","post","type-post","status-publish","format-standard","has-post-thumbnail","hentry","category-beliebte-ziele-de","tag-bb-de","tag-bed-breakfast-de","tag-bed-and-breakfast-de"],"yoast_head":"<!-- This site is optimized with the Yoast SEO plugin v27.5 - https:\/\/yoast.com\/product\/yoast-seo-wordpress\/ -->\n<title>Einzigartige Ziele f\u00fcr Ihren Urlaub am See | Bedandbreakfast.eu<\/title>\n<meta name=\"description\" content=\"Urlaub am See, was gibt es Sch\u00f6neres? Ob Aktivurlaub oder Entspannen, die beeindruckenden Seen in Deutschland, \u00d6sterreich und der Schweiz bieten vielf\u00e4ltige M\u00f6glichkeiten. W\u00e4hlen Sie ein B&amp;B ganz nach Ihrem Geschmack.\" \/>\n<meta name=\"robots\" content=\"index, follow, max-snippet:-1, max-image-preview:large, max-video-preview:-1\" \/>\n<link rel=\"canonical\" href=\"https:\/\/blog.bedandbreakfast.eu\/de\/einzigartige-ziele-fuer-ihren-urlaub-am-see\/\" \/>\n<meta property=\"og:locale\" content=\"de_DE\" \/>\n<meta property=\"og:type\" content=\"article\" \/>\n<meta property=\"og:title\" content=\"Einzigartige Ziele f\u00fcr Ihren Urlaub am See | Bedandbreakfast.eu\" \/>\n<meta property=\"og:description\" content=\"Urlaub am See, was gibt es Sch\u00f6neres? Ob Aktivurlaub oder Entspannen, die beeindruckenden Seen in Deutschland, \u00d6sterreich und der Schweiz bieten vielf\u00e4ltige M\u00f6glichkeiten. W\u00e4hlen Sie ein B&amp;B ganz nach Ihrem Geschmack.\" \/>\n<meta property=\"og:url\" content=\"https:\/\/blog.bedandbreakfast.eu\/de\/einzigartige-ziele-fuer-ihren-urlaub-am-see\/\" \/>\n<meta property=\"og:site_name\" content=\"Bed and Breakfast Blog | Bedandbreakfast.eu\" \/>\n<meta property=\"article:published_time\" content=\"2021-07-23T15:23:03+00:00\" \/>\n<meta property=\"article:modified_time\" content=\"2021-07-27T15:23:24+00:00\" \/>\n<meta property=\"og:image\" content=\"https:\/\/blog.bedandbreakfast.eu\/wp-content\/uploads\/2021\/07\/Blog_HEADER_August_21_last-minute-holidays.jpg\" \/>\n\t<meta property=\"og:image:width\" content=\"1140\" \/>\n\t<meta property=\"og:image:height\" content=\"453\" \/>\n\t<meta property=\"og:image:type\" content=\"image\/jpeg\" \/>\n<meta name=\"author\" content=\"Ruth Elsaesser\" \/>\n<meta name=\"twitter:card\" content=\"summary_large_image\" \/>\n<meta name=\"twitter:label1\" content=\"Verfasst von\" \/>\n\t<meta name=\"twitter:data1\" content=\"Ruth Elsaesser\" \/>\n\t<meta name=\"twitter:label2\" content=\"Gesch\u00e4tzte Lesezeit\" \/>\n\t<meta name=\"twitter:data2\" content=\"2\u00a0Minuten\" \/>\n\t<meta name=\"twitter:label3\" content=\"Written by\" \/>\n\t<meta name=\"twitter:data3\" content=\"Ruth Elsaesser\" \/>\n<script type=\"application\/ld+json\" class=\"yoast-schema-graph\">{\"@context\":\"https:\\\/\\\/schema.org\",\"@graph\":[{\"@type\":\"Article\",\"@id\":\"https:\\\/\\\/blog.bedandbreakfast.eu\\\/de\\\/einzigartige-ziele-fuer-ihren-urlaub-am-see\\\/#article\",\"isPartOf\":{\"@id\":\"https:\\\/\\\/blog.bedandbreakfast.eu\\\/de\\\/einzigartige-ziele-fuer-ihren-urlaub-am-see\\\/\"},\"author\":{\"name\":\"Ruth Elsaesser\",\"@id\":\"https:\\\/\\\/blog.bedandbreakfast.eu\\\/nl\\\/#\\\/schema\\\/person\\\/65c5a13fb210fcf876bcbf7790473f47\"},\"headline\":\"Einzigartige Ziele f\u00fcr Ihren Urlaub am See\",\"datePublished\":\"2021-07-23T15:23:03+00:00\",\"dateModified\":\"2021-07-27T15:23:24+00:00\",\"mainEntityOfPage\":{\"@id\":\"https:\\\/\\\/blog.bedandbreakfast.eu\\\/de\\\/einzigartige-ziele-fuer-ihren-urlaub-am-see\\\/\"},\"wordCount\":407,\"commentCount\":0,\"image\":{\"@id\":\"https:\\\/\\\/blog.bedandbreakfast.eu\\\/de\\\/einzigartige-ziele-fuer-ihren-urlaub-am-see\\\/#primaryimage\"},\"thumbnailUrl\":\"https:\\\/\\\/blog.bedandbreakfast.eu\\\/wp-content\\\/uploads\\\/2021\\\/07\\\/Blog_HEADER_August_21_last-minute-holidays.jpg\",\"keywords\":[\"B&amp;B\",\"bed &amp; breakfast\",\"bed and breakfast\"],\"articleSection\":[\"Beliebte Ziele\"],\"inLanguage\":\"de\",\"potentialAction\":[{\"@type\":\"CommentAction\",\"name\":\"Comment\",\"target\":[\"https:\\\/\\\/blog.bedandbreakfast.eu\\\/de\\\/einzigartige-ziele-fuer-ihren-urlaub-am-see\\\/#respond\"]}]},{\"@type\":\"WebPage\",\"@id\":\"https:\\\/\\\/blog.bedandbreakfast.eu\\\/de\\\/einzigartige-ziele-fuer-ihren-urlaub-am-see\\\/\",\"url\":\"https:\\\/\\\/blog.bedandbreakfast.eu\\\/de\\\/einzigartige-ziele-fuer-ihren-urlaub-am-see\\\/\",\"name\":\"Einzigartige Ziele f\u00fcr Ihren Urlaub am See | Bedandbreakfast.eu\",\"isPartOf\":{\"@id\":\"https:\\\/\\\/blog.bedandbreakfast.eu\\\/nl\\\/#website\"},\"primaryImageOfPage\":{\"@id\":\"https:\\\/\\\/blog.bedandbreakfast.eu\\\/de\\\/einzigartige-ziele-fuer-ihren-urlaub-am-see\\\/#primaryimage\"},\"image\":{\"@id\":\"https:\\\/\\\/blog.bedandbreakfast.eu\\\/de\\\/einzigartige-ziele-fuer-ihren-urlaub-am-see\\\/#primaryimage\"},\"thumbnailUrl\":\"https:\\\/\\\/blog.bedandbreakfast.eu\\\/wp-content\\\/uploads\\\/2021\\\/07\\\/Blog_HEADER_August_21_last-minute-holidays.jpg\",\"datePublished\":\"2021-07-23T15:23:03+00:00\",\"dateModified\":\"2021-07-27T15:23:24+00:00\",\"author\":{\"@id\":\"https:\\\/\\\/blog.bedandbreakfast.eu\\\/nl\\\/#\\\/schema\\\/person\\\/65c5a13fb210fcf876bcbf7790473f47\"},\"description\":\"Urlaub am See, was gibt es Sch\u00f6neres? Ob Aktivurlaub oder Entspannen, die beeindruckenden Seen in Deutschland, \u00d6sterreich und der Schweiz bieten vielf\u00e4ltige M\u00f6glichkeiten. W\u00e4hlen Sie ein B&B ganz nach Ihrem Geschmack.\",\"breadcrumb\":{\"@id\":\"https:\\\/\\\/blog.bedandbreakfast.eu\\\/de\\\/einzigartige-ziele-fuer-ihren-urlaub-am-see\\\/#breadcrumb\"},\"inLanguage\":\"de\",\"potentialAction\":[{\"@type\":\"ReadAction\",\"target\":[\"https:\\\/\\\/blog.bedandbreakfast.eu\\\/de\\\/einzigartige-ziele-fuer-ihren-urlaub-am-see\\\/\"]}]},{\"@type\":\"ImageObject\",\"inLanguage\":\"de\",\"@id\":\"https:\\\/\\\/blog.bedandbreakfast.eu\\\/de\\\/einzigartige-ziele-fuer-ihren-urlaub-am-see\\\/#primaryimage\",\"url\":\"https:\\\/\\\/blog.bedandbreakfast.eu\\\/wp-content\\\/uploads\\\/2021\\\/07\\\/Blog_HEADER_August_21_last-minute-holidays.jpg\",\"contentUrl\":\"https:\\\/\\\/blog.bedandbreakfast.eu\\\/wp-content\\\/uploads\\\/2021\\\/07\\\/Blog_HEADER_August_21_last-minute-holidays.jpg\",\"width\":1140,\"height\":453},{\"@type\":\"BreadcrumbList\",\"@id\":\"https:\\\/\\\/blog.bedandbreakfast.eu\\\/de\\\/einzigartige-ziele-fuer-ihren-urlaub-am-see\\\/#breadcrumb\",\"itemListElement\":[{\"@type\":\"ListItem\",\"position\":1,\"name\":\"Home\",\"item\":\"https:\\\/\\\/blog.bedandbreakfast.eu\\\/de\\\/\"},{\"@type\":\"ListItem\",\"position\":2,\"name\":\"Einzigartige Ziele f\u00fcr Ihren Urlaub am See\"}]},{\"@type\":\"WebSite\",\"@id\":\"https:\\\/\\\/blog.bedandbreakfast.eu\\\/nl\\\/#website\",\"url\":\"https:\\\/\\\/blog.bedandbreakfast.eu\\\/nl\\\/\",\"name\":\"Bed and Breakfast Blog | Bedandbreakfast.eu\",\"description\":\"Ein Blog von Bedandbreakfast.eu \u00fcber ganz besondere Bed &amp; Breakfasts. Neue Inspirationen und Tipps f\u00fcr \u00dcbernachtungen und Kurztrips in Europas sch\u00f6nsten B&amp;Bs. \",\"potentialAction\":[{\"@type\":\"SearchAction\",\"target\":{\"@type\":\"EntryPoint\",\"urlTemplate\":\"https:\\\/\\\/blog.bedandbreakfast.eu\\\/nl\\\/?s={search_term_string}\"},\"query-input\":{\"@type\":\"PropertyValueSpecification\",\"valueRequired\":true,\"valueName\":\"search_term_string\"}}],\"inLanguage\":\"de\"},{\"@type\":\"Person\",\"@id\":\"https:\\\/\\\/blog.bedandbreakfast.eu\\\/nl\\\/#\\\/schema\\\/person\\\/65c5a13fb210fcf876bcbf7790473f47\",\"name\":\"Ruth Elsaesser\",\"image\":{\"@type\":\"ImageObject\",\"inLanguage\":\"de\",\"@id\":\"https:\\\/\\\/blog.bedandbreakfast.eu\\\/wp-content\\\/uploads\\\/2021\\\/07\\\/Ruth-300x300.jpg69c84bfce8f70ccba9dde017742cf43c\",\"url\":\"https:\\\/\\\/blog.bedandbreakfast.eu\\\/wp-content\\\/uploads\\\/2021\\\/07\\\/Ruth-300x300.jpg\",\"contentUrl\":\"https:\\\/\\\/blog.bedandbreakfast.eu\\\/wp-content\\\/uploads\\\/2021\\\/07\\\/Ruth-300x300.jpg\",\"caption\":\"Ruth Elsaesser\"},\"description\":\"Im Schwarzwald aufgewachsen, mehrere Jahre in China gelebt und einen Neuanfang in den Niederlanden gewagt. Ruth liebt es, ihren eigenen Horizont zu erweitern und neue Kulturen kennenzulernen und zu erleben.\",\"url\":\"https:\\\/\\\/blog.bedandbreakfast.eu\\\/de\\\/author\\\/ruth-elsaesser\\\/\"}]}<\/script>\n<!-- \/ Yoast SEO plugin. -->","yoast_head_json":{"title":"Einzigartige Ziele f\u00fcr Ihren Urlaub am See | Bedandbreakfast.eu","description":"Urlaub am See, was gibt es Sch\u00f6neres? Ob Aktivurlaub oder Entspannen, die beeindruckenden Seen in Deutschland, \u00d6sterreich und der Schweiz bieten vielf\u00e4ltige M\u00f6glichkeiten. W\u00e4hlen Sie ein B&B ganz nach Ihrem Geschmack.","robots":{"index":"index","follow":"follow","max-snippet":"max-snippet:-1","max-image-preview":"max-image-preview:large","max-video-preview":"max-video-preview:-1"},"canonical":"https:\/\/blog.bedandbreakfast.eu\/de\/einzigartige-ziele-fuer-ihren-urlaub-am-see\/","og_locale":"de_DE","og_type":"article","og_title":"Einzigartige Ziele f\u00fcr Ihren Urlaub am See | Bedandbreakfast.eu","og_description":"Urlaub am See, was gibt es Sch\u00f6neres? Ob Aktivurlaub oder Entspannen, die beeindruckenden Seen in Deutschland, \u00d6sterreich und der Schweiz bieten vielf\u00e4ltige M\u00f6glichkeiten. W\u00e4hlen Sie ein B&B ganz nach Ihrem Geschmack.","og_url":"https:\/\/blog.bedandbreakfast.eu\/de\/einzigartige-ziele-fuer-ihren-urlaub-am-see\/","og_site_name":"Bed and Breakfast Blog | Bedandbreakfast.eu","article_published_time":"2021-07-23T15:23:03+00:00","article_modified_time":"2021-07-27T15:23:24+00:00","og_image":[{"width":1140,"height":453,"url":"https:\/\/blog.bedandbreakfast.eu\/wp-content\/uploads\/2021\/07\/Blog_HEADER_August_21_last-minute-holidays.jpg","type":"image\/jpeg"}],"author":"Ruth Elsaesser","twitter_card":"summary_large_image","twitter_misc":{"Verfasst von":"Ruth Elsaesser","Gesch\u00e4tzte Lesezeit":"2\u00a0Minuten","Written by":"Ruth Elsaesser"},"schema":{"@context":"https:\/\/schema.org","@graph":[{"@type":"Article","@id":"https:\/\/blog.bedandbreakfast.eu\/de\/einzigartige-ziele-fuer-ihren-urlaub-am-see\/#article","isPartOf":{"@id":"https:\/\/blog.bedandbreakfast.eu\/de\/einzigartige-ziele-fuer-ihren-urlaub-am-see\/"},"author":{"name":"Ruth Elsaesser","@id":"https:\/\/blog.bedandbreakfast.eu\/nl\/#\/schema\/person\/65c5a13fb210fcf876bcbf7790473f47"},"headline":"Einzigartige Ziele f\u00fcr Ihren Urlaub am See","datePublished":"2021-07-23T15:23:03+00:00","dateModified":"2021-07-27T15:23:24+00:00","mainEntityOfPage":{"@id":"https:\/\/blog.bedandbreakfast.eu\/de\/einzigartige-ziele-fuer-ihren-urlaub-am-see\/"},"wordCount":407,"commentCount":0,"image":{"@id":"https:\/\/blog.bedandbreakfast.eu\/de\/einzigartige-ziele-fuer-ihren-urlaub-am-see\/#primaryimage"},"thumbnailUrl":"https:\/\/blog.bedandbreakfast.eu\/wp-content\/uploads\/2021\/07\/Blog_HEADER_August_21_last-minute-holidays.jpg","keywords":["B&amp;B","bed &amp; breakfast","bed and breakfast"],"articleSection":["Beliebte Ziele"],"inLanguage":"de","potentialAction":[{"@type":"CommentAction","name":"Comment","target":["https:\/\/blog.bedandbreakfast.eu\/de\/einzigartige-ziele-fuer-ihren-urlaub-am-see\/#respond"]}]},{"@type":"WebPage","@id":"https:\/\/blog.bedandbreakfast.eu\/de\/einzigartige-ziele-fuer-ihren-urlaub-am-see\/","url":"https:\/\/blog.bedandbreakfast.eu\/de\/einzigartige-ziele-fuer-ihren-urlaub-am-see\/","name":"Einzigartige Ziele f\u00fcr Ihren Urlaub am See | Bedandbreakfast.eu","isPartOf":{"@id":"https:\/\/blog.bedandbreakfast.eu\/nl\/#website"},"primaryImageOfPage":{"@id":"https:\/\/blog.bedandbreakfast.eu\/de\/einzigartige-ziele-fuer-ihren-urlaub-am-see\/#primaryimage"},"image":{"@id":"https:\/\/blog.bedandbreakfast.eu\/de\/einzigartige-ziele-fuer-ihren-urlaub-am-see\/#primaryimage"},"thumbnailUrl":"https:\/\/blog.bedandbreakfast.eu\/wp-content\/uploads\/2021\/07\/Blog_HEADER_August_21_last-minute-holidays.jpg","datePublished":"2021-07-23T15:23:03+00:00","dateModified":"2021-07-27T15:23:24+00:00","author":{"@id":"https:\/\/blog.bedandbreakfast.eu\/nl\/#\/schema\/person\/65c5a13fb210fcf876bcbf7790473f47"},"description":"Urlaub am See, was gibt es Sch\u00f6neres? Ob Aktivurlaub oder Entspannen, die beeindruckenden Seen in Deutschland, \u00d6sterreich und der Schweiz bieten vielf\u00e4ltige M\u00f6glichkeiten. W\u00e4hlen Sie ein B&B ganz nach Ihrem Geschmack.","breadcrumb":{"@id":"https:\/\/blog.bedandbreakfast.eu\/de\/einzigartige-ziele-fuer-ihren-urlaub-am-see\/#breadcrumb"},"inLanguage":"de","potentialAction":[{"@type":"ReadAction","target":["https:\/\/blog.bedandbreakfast.eu\/de\/einzigartige-ziele-fuer-ihren-urlaub-am-see\/"]}]},{"@type":"ImageObject","inLanguage":"de","@id":"https:\/\/blog.bedandbreakfast.eu\/de\/einzigartige-ziele-fuer-ihren-urlaub-am-see\/#primaryimage","url":"https:\/\/blog.bedandbreakfast.eu\/wp-content\/uploads\/2021\/07\/Blog_HEADER_August_21_last-minute-holidays.jpg","contentUrl":"https:\/\/blog.bedandbreakfast.eu\/wp-content\/uploads\/2021\/07\/Blog_HEADER_August_21_last-minute-holidays.jpg","width":1140,"height":453},{"@type":"BreadcrumbList","@id":"https:\/\/blog.bedandbreakfast.eu\/de\/einzigartige-ziele-fuer-ihren-urlaub-am-see\/#breadcrumb","itemListElement":[{"@type":"ListItem","position":1,"name":"Home","item":"https:\/\/blog.bedandbreakfast.eu\/de\/"},{"@type":"ListItem","position":2,"name":"Einzigartige Ziele f\u00fcr Ihren Urlaub am See"}]},{"@type":"WebSite","@id":"https:\/\/blog.bedandbreakfast.eu\/nl\/#website","url":"https:\/\/blog.bedandbreakfast.eu\/nl\/","name":"Bed and Breakfast Blog | Bedandbreakfast.eu","description":"Ein Blog von Bedandbreakfast.eu \u00fcber ganz besondere Bed &amp; Breakfasts. Neue Inspirationen und Tipps f\u00fcr \u00dcbernachtungen und Kurztrips in Europas sch\u00f6nsten B&amp;Bs. ","potentialAction":[{"@type":"SearchAction","target":{"@type":"EntryPoint","urlTemplate":"https:\/\/blog.bedandbreakfast.eu\/nl\/?s={search_term_string}"},"query-input":{"@type":"PropertyValueSpecification","valueRequired":true,"valueName":"search_term_string"}}],"inLanguage":"de"},{"@type":"Person","@id":"https:\/\/blog.bedandbreakfast.eu\/nl\/#\/schema\/person\/65c5a13fb210fcf876bcbf7790473f47","name":"Ruth Elsaesser","image":{"@type":"ImageObject","inLanguage":"de","@id":"https:\/\/blog.bedandbreakfast.eu\/wp-content\/uploads\/2021\/07\/Ruth-300x300.jpg69c84bfce8f70ccba9dde017742cf43c","url":"https:\/\/blog.bedandbreakfast.eu\/wp-content\/uploads\/2021\/07\/Ruth-300x300.jpg","contentUrl":"https:\/\/blog.bedandbreakfast.eu\/wp-content\/uploads\/2021\/07\/Ruth-300x300.jpg","caption":"Ruth Elsaesser"},"description":"Im Schwarzwald aufgewachsen, mehrere Jahre in China gelebt und einen Neuanfang in den Niederlanden gewagt. Ruth liebt es, ihren eigenen Horizont zu erweitern und neue Kulturen kennenzulernen und zu erleben.","url":"https:\/\/blog.bedandbreakfast.eu\/de\/author\/ruth-elsaesser\/"}]}},"jetpack_featured_media_url":"https:\/\/blog.bedandbreakfast.eu\/wp-content\/uploads\/2021\/07\/Blog_HEADER_August_21_last-minute-holidays.jpg","jetpack_shortlink":"https:\/\/wp.me\/p9vhf3-70U","jetpack_sharing_enabled":true,"_links":{"self":[{"href":"https:\/\/blog.bedandbreakfast.eu\/de\/wp-json\/wp\/v2\/posts\/26964","targetHints":{"allow":["GET"]}}],"collection":[{"href":"https:\/\/blog.bedandbreakfast.eu\/de\/wp-json\/wp\/v2\/posts"}],"about":[{"href":"https:\/\/blog.bedandbreakfast.eu\/de\/wp-json\/wp\/v2\/types\/post"}],"author":[{"embeddable":true,"href":"https:\/\/blog.bedandbreakfast.eu\/de\/wp-json\/wp\/v2\/users\/39"}],"replies":[{"embeddable":true,"href":"https:\/\/blog.bedandbreakfast.eu\/de\/wp-json\/wp\/v2\/comments?post=26964"}],"version-history":[{"count":3,"href":"https:\/\/blog.bedandbreakfast.eu\/de\/wp-json\/wp\/v2\/posts\/26964\/revisions"}],"predecessor-version":[{"id":26988,"href":"https:\/\/blog.bedandbreakfast.eu\/de\/wp-json\/wp\/v2\/posts\/26964\/revisions\/26988"}],"wp:featuredmedia":[{"embeddable":true,"href":"https:\/\/blog.bedandbreakfast.eu\/de\/wp-json\/wp\/v2\/media\/26656"}],"wp:attachment":[{"href":"https:\/\/blog.bedandbreakfast.eu\/de\/wp-json\/wp\/v2\/media?parent=26964"}],"wp:term":[{"taxonomy":"category","embeddable":true,"href":"https:\/\/blog.bedandbreakfast.eu\/de\/wp-json\/wp\/v2\/categories?post=26964"},{"taxonomy":"post_tag","embeddable":true,"href":"https:\/\/blog.bedandbreakfast.eu\/de\/wp-json\/wp\/v2\/tags?post=26964"},{"taxonomy":"author","embeddable":true,"href":"https:\/\/blog.bedandbreakfast.eu\/de\/wp-json\/wp\/v2\/coauthors?post=26964"}],"curies":[{"name":"wp","href":"https:\/\/api.w.org\/{rel}","templated":true}]}}