{"id":25686,"date":"2021-06-29T09:00:15","date_gmt":"2021-06-29T09:00:15","guid":{"rendered":"https:\/\/blog.bedandbreakfast.eu\/?p=25686"},"modified":"2021-07-02T09:24:01","modified_gmt":"2021-07-02T09:24:01","slug":"die-schoensten-ziele-fuer-einen-urlaub-in-den-bergen","status":"publish","type":"post","link":"https:\/\/blog.bedandbreakfast.eu\/de\/die-schoensten-ziele-fuer-einen-urlaub-in-den-bergen\/","title":{"rendered":"Die sch\u00f6nsten Ziele f\u00fcr einen Urlaub in den Bergen"},"content":{"rendered":"<p><a href=\"https:\/\/www.bedandbreakfast.eu\/privatzimmer\/garmisch-partenkirchen\/bundesrepublik-deutschland\/c2922530\" target=\"_blank\" rel=\"noopener noreferrer\"><img loading=\"lazy\" decoding=\"async\" class=\"alignnone wp-image-25735 size-full\" title=\"Bed and Breakfast Garmisch-Partenkirchen\" src=\"https://blog.bedandbreakfast.eu/wp-content\/uploads\/2021\/06\/Blog_week26_Garmisch_DE.jpg\" alt=\"Bedandbreakfast.eu; The most beautiful destinations for a vacation in the mountains\" width=\"810\" height=\"450\" srcset=\"https:\/\/blog.bedandbreakfast.eu\/wp-content\/uploads\/2021\/06\/Blog_week26_Garmisch_DE.jpg 810w, https:\/\/blog.bedandbreakfast.eu\/wp-content\/uploads\/2021\/06\/Blog_week26_Garmisch_DE-300x167.jpg 300w, https:\/\/blog.bedandbreakfast.eu\/wp-content\/uploads\/2021\/06\/Blog_week26_Garmisch_DE-768x427.jpg 768w\" sizes=\"auto, (max-width: 810px) 100vw, 810px\" \/><\/a><\/p>\n<h4><span style=\"vertical-align: inherit;\"><span style=\"vertical-align: inherit;\">Urlaub im Werdenfelser Land &#8211; Deutschland<\/span><\/span><\/h4>\n<p><span style=\"vertical-align: inherit;\"><span style=\"vertical-align: inherit;\">Packen Sie Ihre Wanderschuhe ein und entdecken Sie in Ihrem Urlaub in den Bergen die sch\u00f6nsten Flecken des Werdenfelser Landes. Beginnen Sie Ihre Tour in Mittenwald mit einer Umrundung des Ferchensees, im Anschluss geht es weiter zum Schloss Elmau in Kr\u00fcn. Als kr\u00f6nender Abschluss sollte Garmisch-Partenkirchen auf Ihrer Reiseagenda stehen. Hier k\u00f6nnen Sie den h\u00f6chsten Berg Deutschlands, die Zugspitze, erleben. Erholen Sie sich am Abend in einem stilecht bayerischen B&amp;B in:<br \/>\n<\/span><\/span><\/p>\n<ul>\n<li><a href=\"https:\/\/www.bedandbreakfast.eu\/privatzimmer\/mittenwald\/bundesrepublik-deutschland\/c2870482\" target=\"_blank\" rel=\"noopener noreferrer\"><span style=\"font-weight: 400;\"><span style=\"vertical-align: inherit;\"><span style=\"vertical-align: inherit;\">Mittenwald<\/span><\/span><\/span><\/a><\/li>\n<li><a href=\"https:\/\/www.bedandbreakfast.eu\/privatzimmer\/krun\/bundesrepublik-deutschland\/c2883236\" target=\"_blank\" rel=\"noopener noreferrer\"><span style=\"font-weight: 400;\"><span style=\"vertical-align: inherit;\"><span style=\"vertical-align: inherit;\">Kr\u00fcn<\/span><\/span><\/span><\/a><\/li>\n<li><a href=\"https:\/\/www.bedandbreakfast.eu\/privatzimmer\/garmisch-partenkirchen\/bundesrepublik-deutschland\/c2922530\" target=\"_blank\" rel=\"noopener noreferrer\"><span style=\"font-weight: 400;\"><span style=\"vertical-align: inherit;\"><span style=\"vertical-align: inherit;\">Garmisch-Partenkirchen <\/span><\/span><\/span><\/a><\/li>\n<li><a href=\"https:\/\/www.bedandbreakfast.eu\/privatzimmer\/grainau\/bundesrepublik-deutschland\/c2918204\" target=\"_blank\" rel=\"noopener noreferrer\"><span style=\"font-weight: 400;\"><span style=\"vertical-align: inherit;\"><span style=\"vertical-align: inherit;\">Grainau<\/span><\/span><\/span><\/a><\/li>\n<\/ul>\n<p><a href=\"https:\/\/www.bedandbreakfast.eu\/privatzimmer\/tirol\/bundesland\/osterreich\/2763586\" target=\"_blank\" rel=\"noopener noreferrer\"><img loading=\"lazy\" decoding=\"async\" class=\"alignnone wp-image-25741 size-full\" title=\"Bed and Breakfast Tirol\" src=\"https:\/\/blog.bedandbreakfast.eu\/wp-content\/uploads\/2021\/06\/Blog_week26_Austria_DE.jpg\" alt=\"\" width=\"810\" height=\"450\" srcset=\"https:\/\/blog.bedandbreakfast.eu\/wp-content\/uploads\/2021\/06\/Blog_week26_Austria_DE.jpg 810w, https:\/\/blog.bedandbreakfast.eu\/wp-content\/uploads\/2021\/06\/Blog_week26_Austria_DE-300x167.jpg 300w, https:\/\/blog.bedandbreakfast.eu\/wp-content\/uploads\/2021\/06\/Blog_week26_Austria_DE-768x427.jpg 768w\" sizes=\"auto, (max-width: 810px) 100vw, 810px\" \/><\/a><\/p>\n<h4><span style=\"vertical-align: inherit;\"><span style=\"vertical-align: inherit;\">Faszinierende Bergwelt &#8211; \u00d6sterreich<\/span><\/span><\/h4>\n<p><span style=\"vertical-align: inherit;\"><span style=\"vertical-align: inherit;\">Das Nachbarland \u00d6sterreich ist eine perfekte Wahl f\u00fcr Ihren Urlaub in den Bergen. Ob Wandern, Mountainbiken oder Klettern, die Ferienregionen bieten ganzj\u00e4hrig abwechslungsreiche M\u00f6glichkeiten f\u00fcr ein naturnahes und erholsames Bergerlebnis. Im Sommer laden malerische Seen zum Verweilen und Genie\u00dfen ein. Lassen Sie sich von wundersch\u00f6nen B&amp;Bs in den Top Regionen von \u00d6sterreich inspirieren: <\/span><\/span><\/p>\n<ul>\n<li><a href=\"https:\/\/www.bedandbreakfast.eu\/privatzimmer\/karnten\/bundesland\/osterreich\/2774686\" target=\"_blank\" rel=\"noopener noreferrer\"><span style=\"font-weight: 400;\"><span style=\"vertical-align: inherit;\"><span style=\"vertical-align: inherit;\">K\u00e4rnten<\/span><\/span><\/span><\/a><\/li>\n<li><a href=\"https:\/\/www.bedandbreakfast.eu\/privatzimmer\/salzburg-umgebung\/distrikt\/osterreich\/2766817\" target=\"_blank\" rel=\"noopener noreferrer\"><span style=\"font-weight: 400;\"><span style=\"vertical-align: inherit;\"><span style=\"vertical-align: inherit;\">Salzburger Land<\/span><\/span><\/span><\/a><\/li>\n<li><a href=\"https:\/\/www.bedandbreakfast.eu\/privatzimmer\/steiermark\/bundesland\/osterreich\/2764581\" target=\"_blank\" rel=\"noopener noreferrer\"><span style=\"font-weight: 400;\"><span style=\"vertical-align: inherit;\"><span style=\"vertical-align: inherit;\">Steiermark<\/span><\/span><\/span><\/a><\/li>\n<li><a href=\"https:\/\/www.bedandbreakfast.eu\/privatzimmer\/tirol\/bundesland\/osterreich\/2763586\" target=\"_blank\" rel=\"noopener noreferrer\"><span style=\"font-weight: 400;\"><span style=\"vertical-align: inherit;\"><span style=\"vertical-align: inherit;\">Tirol<\/span><\/span><\/span><\/a><\/li>\n<li><a href=\"https:\/\/www.bedandbreakfast.eu\/privatzimmer\/vorarlberg\/bundesland\/osterreich\/2762300\" target=\"_blank\" rel=\"noopener noreferrer\"><span style=\"font-weight: 400;\"><span style=\"vertical-align: inherit;\"><span style=\"vertical-align: inherit;\">Vorarlberg<\/span><\/span><\/span><\/a><\/li>\n<\/ul>\n<p><a href=\"https:\/\/www.bedandbreakfast.eu\/privatzimmer\/covadonga\/spanien\/c3124319\" target=\"_blank\" rel=\"noopener noreferrer\"><img loading=\"lazy\" decoding=\"async\" class=\"alignnone wp-image-25881 size-full\" title=\"Bed and Breakfast Covadogna\" src=\"https://blog.bedandbreakfast.eu/wp-content\/uploads\/2021\/06\/Picos_de_europa_week_26_ES.jpg\" alt=\"\" width=\"810\" height=\"450\" srcset=\"https:\/\/blog.bedandbreakfast.eu\/wp-content\/uploads\/2021\/06\/Picos_de_europa_week_26_ES.jpg 810w, https:\/\/blog.bedandbreakfast.eu\/wp-content\/uploads\/2021\/06\/Picos_de_europa_week_26_ES-300x167.jpg 300w, https:\/\/blog.bedandbreakfast.eu\/wp-content\/uploads\/2021\/06\/Picos_de_europa_week_26_ES-768x427.jpg 768w\" sizes=\"auto, (max-width: 810px) 100vw, 810px\" \/><\/a><\/p>\n<h4><span style=\"vertical-align: inherit;\"><span style=\"vertical-align: inherit;\">Picos de Europa &#8211; Spanien<\/span><\/span><\/h4>\n<p><span style=\"vertical-align: inherit;\"><span style=\"vertical-align: inherit;\">F\u00fcr einen atemberaubenden Urlaub in den Bergen sind die Picos de Europa in Asturien der beste Ort. Hier k\u00f6nnen Sie auf dem beeindruckenden Wanderweg Ruta del Cares die Bergwelt Asturiens entdecken, die wundersch\u00f6nen Seen von Covadonga besuchen, mit dem Kajak den Fluss Sella hinunter nach Ribadesella fahren oder einfach nur die gr\u00fcne Aussicht von den atemberaubenden Aussichtspunkten von Cabrales genie\u00dfen:<\/span><\/span><\/p>\n<ul>\n<li><a href=\"https:\/\/www.bedandbreakfast.eu\/privatzimmer\/covadonga\/spanien\/c3124319\" target=\"_blank\" rel=\"noopener noreferrer\"><span style=\"font-weight: 400;\"><span style=\"vertical-align: inherit;\"><span style=\"vertical-align: inherit;\">Covadonga<\/span><\/span><\/span><\/a><\/li>\n<li><a href=\"https:\/\/www.bedandbreakfast.eu\/privatzimmer\/ribadesella\/spanien\/c3111855\" target=\"_blank\" rel=\"noopener noreferrer\"><span style=\"font-weight: 400;\"><span style=\"vertical-align: inherit;\"><span style=\"vertical-align: inherit;\">Ribadesella<\/span><\/span><\/span><\/a><\/li>\n<li><a href=\"https:\/\/www.bedandbreakfast.eu\/privatzimmer\/las-arenas-de-cabrales\/spanien\/c3119030\" target=\"_blank\" rel=\"noopener noreferrer\"><span style=\"font-weight: 400;\"><span style=\"vertical-align: inherit;\"><span style=\"vertical-align: inherit;\">Cabrales<\/span><\/span><\/span><\/a><\/li>\n<\/ul>\n<p><a href=\"https:\/\/www.bedandbreakfast.eu\/privatzimmer\/isere\/departement\/frankreich\/3012715\" target=\"_blank\" rel=\"noopener noreferrer\"><img loading=\"lazy\" decoding=\"async\" class=\"alignnone wp-image-25496 size-full\" title=\"Bed and Breakfast Is\u00e8re\" src=\"https://blog.bedandbreakfast.eu/wp-content\/uploads\/2021\/06\/mont-aiguille-vercors.jpg\" alt=\"\" width=\"810\" height=\"450\" srcset=\"https:\/\/blog.bedandbreakfast.eu\/wp-content\/uploads\/2021\/06\/mont-aiguille-vercors.jpg 810w, https:\/\/blog.bedandbreakfast.eu\/wp-content\/uploads\/2021\/06\/mont-aiguille-vercors-300x167.jpg 300w, https:\/\/blog.bedandbreakfast.eu\/wp-content\/uploads\/2021\/06\/mont-aiguille-vercors-768x427.jpg 768w\" sizes=\"auto, (max-width: 810px) 100vw, 810px\" \/><\/a><\/p>\n<h4><span style=\"vertical-align: inherit;\"><span style=\"vertical-align: inherit;\">Sportliche Ferien im Vercors-Massiv &#8211; Frankreich<\/span><\/span><\/h4>\n<p><span style=\"vertical-align: inherit;\"><span style=\"vertical-align: inherit;\">Auch in den Sommermonaten ist das Vercors-Massiv ein beliebtes Ziel f\u00fcr einen erholsamen Urlaub in den Bergen. W\u00e4hlen Sie eine nette, freundliche und gut gelegene Fr\u00fchst\u00fcckspension und schon sind Sie bereit f\u00fcr eine Wanderung im sch\u00f6nen Park des Vercors. Ob Sie ein Wanderer, ein Mountainbiker, oder einfach nur ein Liebhaber der hochgelegenen Gebirgslandschaften sind, f\u00fcr jeden Geschmack ist etwas dabei. Entdecken Sie den facettenreichen Mont Aiguille und beobachten Sie die Geier auf dem Archiane-Pfad: <\/span><\/span><\/p>\n<ul>\n<li><a href=\"https:\/\/www.bedandbreakfast.eu\/privatzimmer\/isere\/departement\/frankreich\/3012715\" target=\"_blank\" rel=\"noopener noreferrer\"><span style=\"font-weight: 400;\"><span style=\"vertical-align: inherit;\"><span style=\"vertical-align: inherit;\">Is\u00e8re<\/span><\/span><\/span><\/a><\/li>\n<li><a href=\"https:\/\/www.bedandbreakfast.eu\/privatzimmer\/drome\/departement\/frankreich\/3020781\" target=\"_blank\" rel=\"noopener noreferrer\"><span style=\"font-weight: 400;\"><span style=\"vertical-align: inherit;\"><span style=\"vertical-align: inherit;\">Dr\u00f4me<\/span><\/span><\/span><\/a><\/li>\n<li><a href=\"https:\/\/www.bedandbreakfast.eu\/privatzimmer\/vercors\/frankreich\/p2970000\" target=\"_blank\" rel=\"noopener noreferrer\"><span style=\"font-weight: 400;\"><span style=\"vertical-align: inherit;\"><span style=\"vertical-align: inherit;\">Vercors<\/span><\/span><\/span><\/a><\/li>\n<\/ul>\n<p><a href=\"https:\/\/www.bedandbreakfast.eu\/privatzimmer\/courmayeur\/italien\/c3177872\" target=\"_blank\" rel=\"noopener noreferrer\"><img loading=\"lazy\" decoding=\"async\" class=\"alignnone wp-image-26019 size-full\" title=\"Bed and Breakfast Courmayeur\" src=\"https:\/\/blog.bedandbreakfast.eu\/wp-content\/uploads\/2021\/06\/bb-cOURMAYEOUR.jpg\" alt=\"\" width=\"810\" height=\"450\" srcset=\"https:\/\/blog.bedandbreakfast.eu\/wp-content\/uploads\/2021\/06\/bb-cOURMAYEOUR.jpg 810w, https:\/\/blog.bedandbreakfast.eu\/wp-content\/uploads\/2021\/06\/bb-cOURMAYEOUR-300x167.jpg 300w, https:\/\/blog.bedandbreakfast.eu\/wp-content\/uploads\/2021\/06\/bb-cOURMAYEOUR-768x427.jpg 768w\" sizes=\"auto, (max-width: 810px) 100vw, 810px\" \/><\/a><\/p>\n<h4><span style=\"vertical-align: inherit;\"><span style=\"vertical-align: inherit;\">Italienische Alpen<\/span><\/span><\/h4>\n<p><span style=\"vertical-align: inherit;\"><span style=\"vertical-align: inherit;\">Die italienischen Alpen bieten im Sommer eine Menge Spa\u00df. Sommer-Skifahren, Trekking und Allround-Sport sind das, was Sie brauchen, wenn Sie aktiven Urlaub lieben. Die Ruhe des Bergmassivs und die M\u00f6glichkeit, im Einklang mit der Natur zu sein, halten Sie fern vom Massentourismus und \u00fcberf\u00fcllten Str\u00e4nden. Die saubere und klare Luft der Alpengipfel sind ein Allheilmittel f\u00fcr Ihre Gesundheit, deren Vorz\u00fcge Sie f\u00fcr den Rest des Jahres genie\u00dfen k\u00f6nnen! Buchen Sie jetzt ein B&amp;B in einem der besten Reiseziele f\u00fcr Ihren Urlaub in den Bergen:<\/span><\/span><\/p>\n<ul>\n<li><a href=\"https:\/\/www.bedandbreakfast.eu\/privatzimmer\/canazei\/italien\/c3180883\" target=\"_blank\" rel=\"noopener noreferrer\"><span style=\"font-weight: 400;\"><span style=\"vertical-align: inherit;\"><span style=\"vertical-align: inherit;\">Canazei &#8211; Val di Fassa<\/span><\/span><\/span><\/a><\/li>\n<li><a href=\"https:\/\/www.bedandbreakfast.eu\/privatzimmer\/auronzo\/italien\/c3182671\" target=\"_blank\" rel=\"noopener noreferrer\"><span style=\"font-weight: 400;\"><span style=\"vertical-align: inherit;\"><span style=\"vertical-align: inherit;\">Auronzo di Cadore<\/span><\/span><\/span><\/a><\/li>\n<li><a href=\"https:\/\/www.bedandbreakfast.eu\/privatzimmer\/meran\/italien\/c3173577\" target=\"_blank\" rel=\"noopener noreferrer\"><span style=\"font-weight: 400;\"><span style=\"vertical-align: inherit;\"><span style=\"vertical-align: inherit;\">Meran<\/span><\/span><\/span><\/a><\/li>\n<li><a href=\"https:\/\/www.bedandbreakfast.eu\/privatzimmer\/courmayeur\/italien\/c3177872\" target=\"_blank\" rel=\"noopener noreferrer\"><span style=\"font-weight: 400;\"><span style=\"vertical-align: inherit;\"><span style=\"vertical-align: inherit;\">Courmayeur<\/span><\/span><\/span><\/a><\/li>\n<li><a href=\"https:\/\/www.bedandbreakfast.eu\/privatzimmer\/bormio\/italien\/c3181730\" target=\"_blank\" rel=\"noopener noreferrer\"><span style=\"font-weight: 400;\"><span style=\"vertical-align: inherit;\"><span style=\"vertical-align: inherit;\">Bormio &#8211; Valtellina<\/span><\/span><br \/>\n<\/span><\/a><\/li>\n<\/ul>\n<p><a href=\"https:\/\/www.bedandbreakfast.eu\/privatzimmer\/windermere\/vereinigtes-konigreich\/c2633851\" target=\"_blank\" rel=\"noopener noreferrer\"><img loading=\"lazy\" decoding=\"async\" class=\"alignnone wp-image-25797 size-full\" title=\"Bed and Breakfast Windermere\" src=\"https://blog.bedandbreakfast.eu/wp-content\/uploads\/2021\/06\/bed-and-breakfast-europe-mountains-21-lake-district.jpg\" alt=\"Bedandbreakfast.eu; Topbestemmingen voor a vacantie in the mountains\" width=\"810\" height=\"450\" srcset=\"https:\/\/blog.bedandbreakfast.eu\/wp-content\/uploads\/2021\/06\/bed-and-breakfast-europe-mountains-21-lake-district.jpg 810w, https:\/\/blog.bedandbreakfast.eu\/wp-content\/uploads\/2021\/06\/bed-and-breakfast-europe-mountains-21-lake-district-300x167.jpg 300w, https:\/\/blog.bedandbreakfast.eu\/wp-content\/uploads\/2021\/06\/bed-and-breakfast-europe-mountains-21-lake-district-768x427.jpg 768w\" sizes=\"auto, (max-width: 810px) 100vw, 810px\" \/><\/a><\/p>\n<h4><span style=\"vertical-align: inherit;\"><span style=\"vertical-align: inherit;\">Lake District &#8211; England<\/span><\/span><\/h4>\n<p><span style=\"vertical-align: inherit;\"><span style=\"vertical-align: inherit;\">Verspiegelte Seen, schroffe Berge und gr\u00fcne T\u00e4ler: Der Lake District bietet alles f\u00fcr einen erlebnisreichen Urlaub in den Bergen. Dieser Nationalpark bietet unz\u00e4hlige Rad- und Wanderwege, und die zw\u00f6lf Seen sind perfekt f\u00fcr eine Kanutour oder ein erfrischendes Bad. Oder steigen Sie ins Auto und machen Sie eine Fahrt \u00fcber spektakul\u00e4re Bergp\u00e4sse wie den Wrynose Pass und den Hardnott Pass. Unterwegs kommen Sie an mehreren sch\u00f6nen Orten mit gastfreundlichen B&amp;Bs und typischen Teestuben vorbei: <\/span><\/span><\/p>\n<ul>\n<li><a href=\"https:\/\/www.bedandbreakfast.eu\/privatzimmer\/ambleside\/vereinigtes-konigreich\/c2657360\" target=\"_blank\" rel=\"noopener noreferrer\"><span style=\"font-weight: 400;\"><span style=\"vertical-align: inherit;\"><span style=\"vertical-align: inherit;\">Ambleside<\/span><\/span><\/span><\/a><\/li>\n<li><a href=\"https:\/\/www.bedandbreakfast.eu\/privatzimmer\/keswick\/vereinigtes-konigreich\/c2645756\" target=\"_blank\" rel=\"noopener noreferrer\"><span style=\"font-weight: 400;\"><span style=\"vertical-align: inherit;\"><span style=\"vertical-align: inherit;\">Keswick<\/span><\/span><\/span><\/a><\/li>\n<li><a href=\"https:\/\/www.bedandbreakfast.eu\/privatzimmer\/grasmere\/vereinigtes-konigreich\/c2648201\" target=\"_blank\" rel=\"noopener noreferrer\"><span style=\"font-weight: 400;\"><span style=\"vertical-align: inherit;\"><span style=\"vertical-align: inherit;\">Grasmere<\/span><\/span><\/span><\/a><\/li>\n<li><a href=\"https:\/\/www.bedandbreakfast.eu\/privatzimmer\/windermere\/vereinigtes-konigreich\/c2633851\" target=\"_blank\" rel=\"noopener noreferrer\"><span style=\"font-weight: 400;\"><span style=\"vertical-align: inherit;\"><span style=\"vertical-align: inherit;\">Windermere<\/span><\/span><\/span><\/a><\/li>\n<li><a href=\"https:\/\/www.bedandbreakfast.eu\/privatzimmer\/hawkshead\/vereinigtes-konigreich\/c2647285\" target=\"_blank\" rel=\"noopener noreferrer\"><span style=\"font-weight: 400;\"><span style=\"vertical-align: inherit;\"><span style=\"vertical-align: inherit;\">Hawkshead<\/span><\/span><br \/>\n<\/span><\/a><\/li>\n<\/ul>\n<p><b>Diesen Artikel teilen:<\/b><\/p>\n","protected":false},"excerpt":{"rendered":"<p>Lassen Sie sich f\u00fcr Ihren Urlaub in den Bergen Europas inspirieren. Die Vielfalt der Landschaften und der Artenreichtum der Natur bieten optimale Bedingungen f\u00fcr einen Urlaub fernab der Touristenstr\u00f6me. Von urig bis exclusiv &#8211; entdecken Sie wundersch\u00f6ne B&#038;Bs.<\/p>\n","protected":false},"author":39,"featured_media":26035,"comment_status":"open","ping_status":"open","sticky":false,"template":"","format":"standard","meta":{"_monsterinsights_skip_tracking":false,"_monsterinsights_sitenote_active":false,"_monsterinsights_sitenote_note":"","_monsterinsights_sitenote_category":0,"_jetpack_newsletter_access":"","_jetpack_dont_email_post_to_subs":false,"_jetpack_newsletter_tier_id":0,"_jetpack_memberships_contains_paywalled_content":false,"_jetpack_memberships_contains_paid_content":false,"footnotes":""},"categories":[3549],"tags":[2140,5525,5603,5150,5186,5578,5602,658],"coauthors":[6034],"class_list":["post-25686","post","type-post","status-publish","format-standard","has-post-thumbnail","hentry","category-beliebte-ziele-de","tag-bb-de","tag-bb-deutschland","tag-bb-england","tag-bb-frankreich","tag-bb-italien","tag-bb-oesterreich","tag-bb-spanien","tag-bed-and-breakfast-de"],"yoast_head":"<!-- This site is optimized with the Yoast SEO plugin v27.5 - https:\/\/yoast.com\/product\/yoast-seo-wordpress\/ -->\n<title>Die sch\u00f6nsten Ziele f\u00fcr einen Urlaub in den Bergen<\/title>\n<meta name=\"description\" content=\"Lassen Sie sich f\u00fcr Ihren Urlaub in den Bergen Europas inspirieren. Die Vielfalt der Landschaften und der Artenreichtum der Natur bieten optimale Bedingungen f\u00fcr einen Urlaub fernab der Touristenstr\u00f6me. Von urig bis exclusiv - entdecken Sie wundersch\u00f6ne B&amp;Bs.\" \/>\n<meta name=\"robots\" content=\"index, follow, max-snippet:-1, max-image-preview:large, max-video-preview:-1\" \/>\n<link rel=\"canonical\" href=\"https:\/\/blog.bedandbreakfast.eu\/de\/die-schoensten-ziele-fuer-einen-urlaub-in-den-bergen\/\" \/>\n<meta property=\"og:locale\" content=\"de_DE\" \/>\n<meta property=\"og:type\" content=\"article\" \/>\n<meta property=\"og:title\" content=\"Die sch\u00f6nsten Ziele f\u00fcr einen Urlaub in den Bergen\" \/>\n<meta property=\"og:description\" content=\"Lassen Sie sich f\u00fcr Ihren Urlaub in den Bergen Europas inspirieren. Die Vielfalt der Landschaften und der Artenreichtum der Natur bieten optimale Bedingungen f\u00fcr einen Urlaub fernab der Touristenstr\u00f6me. Von urig bis exclusiv - entdecken Sie wundersch\u00f6ne B&amp;Bs.\" \/>\n<meta property=\"og:url\" content=\"https:\/\/blog.bedandbreakfast.eu\/de\/die-schoensten-ziele-fuer-einen-urlaub-in-den-bergen\/\" \/>\n<meta property=\"og:site_name\" content=\"Bed and Breakfast Blog | Bedandbreakfast.eu\" \/>\n<meta property=\"article:published_time\" content=\"2021-06-29T09:00:15+00:00\" \/>\n<meta property=\"article:modified_time\" content=\"2021-07-02T09:24:01+00:00\" \/>\n<meta property=\"og:image\" content=\"https:\/\/blog.bedandbreakfast.eu\/wp-content\/uploads\/2021\/06\/Lakes-and-Mountains-Holidays.jpg\" \/>\n\t<meta property=\"og:image:width\" content=\"1140\" \/>\n\t<meta property=\"og:image:height\" content=\"453\" \/>\n\t<meta property=\"og:image:type\" content=\"image\/jpeg\" \/>\n<meta name=\"author\" content=\"Ruth Elsaesser\" \/>\n<meta name=\"twitter:card\" content=\"summary_large_image\" \/>\n<meta name=\"twitter:label1\" content=\"Verfasst von\" \/>\n\t<meta name=\"twitter:data1\" content=\"Ruth Elsaesser\" \/>\n\t<meta name=\"twitter:label2\" content=\"Gesch\u00e4tzte Lesezeit\" \/>\n\t<meta name=\"twitter:data2\" content=\"3\u00a0Minuten\" \/>\n\t<meta name=\"twitter:label3\" content=\"Written by\" \/>\n\t<meta name=\"twitter:data3\" content=\"Ruth Elsaesser\" \/>\n<script type=\"application\/ld+json\" class=\"yoast-schema-graph\">{\"@context\":\"https:\\\/\\\/schema.org\",\"@graph\":[{\"@type\":\"Article\",\"@id\":\"https:\\\/\\\/blog.bedandbreakfast.eu\\\/de\\\/die-schoensten-ziele-fuer-einen-urlaub-in-den-bergen\\\/#article\",\"isPartOf\":{\"@id\":\"https:\\\/\\\/blog.bedandbreakfast.eu\\\/de\\\/die-schoensten-ziele-fuer-einen-urlaub-in-den-bergen\\\/\"},\"author\":{\"name\":\"Ruth Elsaesser\",\"@id\":\"https:\\\/\\\/blog.bedandbreakfast.eu\\\/nl\\\/#\\\/schema\\\/person\\\/65c5a13fb210fcf876bcbf7790473f47\"},\"headline\":\"Die sch\u00f6nsten Ziele f\u00fcr einen Urlaub in den Bergen\",\"datePublished\":\"2021-06-29T09:00:15+00:00\",\"dateModified\":\"2021-07-02T09:24:01+00:00\",\"mainEntityOfPage\":{\"@id\":\"https:\\\/\\\/blog.bedandbreakfast.eu\\\/de\\\/die-schoensten-ziele-fuer-einen-urlaub-in-den-bergen\\\/\"},\"wordCount\":544,\"commentCount\":0,\"image\":{\"@id\":\"https:\\\/\\\/blog.bedandbreakfast.eu\\\/de\\\/die-schoensten-ziele-fuer-einen-urlaub-in-den-bergen\\\/#primaryimage\"},\"thumbnailUrl\":\"https:\\\/\\\/blog.bedandbreakfast.eu\\\/wp-content\\\/uploads\\\/2021\\\/06\\\/Lakes-and-Mountains-Holidays.jpg\",\"keywords\":[\"B&amp;B\",\"B&amp;B Deutschland\",\"B&amp;B England\",\"B&amp;B Frankreich\",\"B&amp;B Italien\",\"B&amp;B \u00d6sterreich\",\"B&amp;B Spanien\",\"bed and breakfast\"],\"articleSection\":[\"Beliebte Ziele\"],\"inLanguage\":\"de\",\"potentialAction\":[{\"@type\":\"CommentAction\",\"name\":\"Comment\",\"target\":[\"https:\\\/\\\/blog.bedandbreakfast.eu\\\/de\\\/die-schoensten-ziele-fuer-einen-urlaub-in-den-bergen\\\/#respond\"]}]},{\"@type\":\"WebPage\",\"@id\":\"https:\\\/\\\/blog.bedandbreakfast.eu\\\/de\\\/die-schoensten-ziele-fuer-einen-urlaub-in-den-bergen\\\/\",\"url\":\"https:\\\/\\\/blog.bedandbreakfast.eu\\\/de\\\/die-schoensten-ziele-fuer-einen-urlaub-in-den-bergen\\\/\",\"name\":\"Die sch\u00f6nsten Ziele f\u00fcr einen Urlaub in den Bergen\",\"isPartOf\":{\"@id\":\"https:\\\/\\\/blog.bedandbreakfast.eu\\\/nl\\\/#website\"},\"primaryImageOfPage\":{\"@id\":\"https:\\\/\\\/blog.bedandbreakfast.eu\\\/de\\\/die-schoensten-ziele-fuer-einen-urlaub-in-den-bergen\\\/#primaryimage\"},\"image\":{\"@id\":\"https:\\\/\\\/blog.bedandbreakfast.eu\\\/de\\\/die-schoensten-ziele-fuer-einen-urlaub-in-den-bergen\\\/#primaryimage\"},\"thumbnailUrl\":\"https:\\\/\\\/blog.bedandbreakfast.eu\\\/wp-content\\\/uploads\\\/2021\\\/06\\\/Lakes-and-Mountains-Holidays.jpg\",\"datePublished\":\"2021-06-29T09:00:15+00:00\",\"dateModified\":\"2021-07-02T09:24:01+00:00\",\"author\":{\"@id\":\"https:\\\/\\\/blog.bedandbreakfast.eu\\\/nl\\\/#\\\/schema\\\/person\\\/65c5a13fb210fcf876bcbf7790473f47\"},\"description\":\"Lassen Sie sich f\u00fcr Ihren Urlaub in den Bergen Europas inspirieren. Die Vielfalt der Landschaften und der Artenreichtum der Natur bieten optimale Bedingungen f\u00fcr einen Urlaub fernab der Touristenstr\u00f6me. Von urig bis exclusiv - entdecken Sie wundersch\u00f6ne B&Bs.\",\"breadcrumb\":{\"@id\":\"https:\\\/\\\/blog.bedandbreakfast.eu\\\/de\\\/die-schoensten-ziele-fuer-einen-urlaub-in-den-bergen\\\/#breadcrumb\"},\"inLanguage\":\"de\",\"potentialAction\":[{\"@type\":\"ReadAction\",\"target\":[\"https:\\\/\\\/blog.bedandbreakfast.eu\\\/de\\\/die-schoensten-ziele-fuer-einen-urlaub-in-den-bergen\\\/\"]}]},{\"@type\":\"ImageObject\",\"inLanguage\":\"de\",\"@id\":\"https:\\\/\\\/blog.bedandbreakfast.eu\\\/de\\\/die-schoensten-ziele-fuer-einen-urlaub-in-den-bergen\\\/#primaryimage\",\"url\":\"https:\\\/\\\/blog.bedandbreakfast.eu\\\/wp-content\\\/uploads\\\/2021\\\/06\\\/Lakes-and-Mountains-Holidays.jpg\",\"contentUrl\":\"https:\\\/\\\/blog.bedandbreakfast.eu\\\/wp-content\\\/uploads\\\/2021\\\/06\\\/Lakes-and-Mountains-Holidays.jpg\",\"width\":1140,\"height\":453},{\"@type\":\"BreadcrumbList\",\"@id\":\"https:\\\/\\\/blog.bedandbreakfast.eu\\\/de\\\/die-schoensten-ziele-fuer-einen-urlaub-in-den-bergen\\\/#breadcrumb\",\"itemListElement\":[{\"@type\":\"ListItem\",\"position\":1,\"name\":\"Home\",\"item\":\"https:\\\/\\\/blog.bedandbreakfast.eu\\\/de\\\/\"},{\"@type\":\"ListItem\",\"position\":2,\"name\":\"Die sch\u00f6nsten Ziele f\u00fcr einen Urlaub in den Bergen\"}]},{\"@type\":\"WebSite\",\"@id\":\"https:\\\/\\\/blog.bedandbreakfast.eu\\\/nl\\\/#website\",\"url\":\"https:\\\/\\\/blog.bedandbreakfast.eu\\\/nl\\\/\",\"name\":\"Bed and Breakfast Blog | Bedandbreakfast.eu\",\"description\":\"Ein Blog von Bedandbreakfast.eu \u00fcber ganz besondere Bed &amp; Breakfasts. Neue Inspirationen und Tipps f\u00fcr \u00dcbernachtungen und Kurztrips in Europas sch\u00f6nsten B&amp;Bs. \",\"potentialAction\":[{\"@type\":\"SearchAction\",\"target\":{\"@type\":\"EntryPoint\",\"urlTemplate\":\"https:\\\/\\\/blog.bedandbreakfast.eu\\\/nl\\\/?s={search_term_string}\"},\"query-input\":{\"@type\":\"PropertyValueSpecification\",\"valueRequired\":true,\"valueName\":\"search_term_string\"}}],\"inLanguage\":\"de\"},{\"@type\":\"Person\",\"@id\":\"https:\\\/\\\/blog.bedandbreakfast.eu\\\/nl\\\/#\\\/schema\\\/person\\\/65c5a13fb210fcf876bcbf7790473f47\",\"name\":\"Ruth Elsaesser\",\"image\":{\"@type\":\"ImageObject\",\"inLanguage\":\"de\",\"@id\":\"https:\\\/\\\/blog.bedandbreakfast.eu\\\/wp-content\\\/uploads\\\/2021\\\/07\\\/Ruth-300x300.jpg69c84bfce8f70ccba9dde017742cf43c\",\"url\":\"https:\\\/\\\/blog.bedandbreakfast.eu\\\/wp-content\\\/uploads\\\/2021\\\/07\\\/Ruth-300x300.jpg\",\"contentUrl\":\"https:\\\/\\\/blog.bedandbreakfast.eu\\\/wp-content\\\/uploads\\\/2021\\\/07\\\/Ruth-300x300.jpg\",\"caption\":\"Ruth Elsaesser\"},\"description\":\"Im Schwarzwald aufgewachsen, mehrere Jahre in China gelebt und einen Neuanfang in den Niederlanden gewagt. Ruth liebt es, ihren eigenen Horizont zu erweitern und neue Kulturen kennenzulernen und zu erleben.\",\"url\":\"https:\\\/\\\/blog.bedandbreakfast.eu\\\/de\\\/author\\\/ruth-elsaesser\\\/\"}]}<\/script>\n<!-- \/ Yoast SEO plugin. -->","yoast_head_json":{"title":"Die sch\u00f6nsten Ziele f\u00fcr einen Urlaub in den Bergen","description":"Lassen Sie sich f\u00fcr Ihren Urlaub in den Bergen Europas inspirieren. Die Vielfalt der Landschaften und der Artenreichtum der Natur bieten optimale Bedingungen f\u00fcr einen Urlaub fernab der Touristenstr\u00f6me. Von urig bis exclusiv - entdecken Sie wundersch\u00f6ne B&Bs.","robots":{"index":"index","follow":"follow","max-snippet":"max-snippet:-1","max-image-preview":"max-image-preview:large","max-video-preview":"max-video-preview:-1"},"canonical":"https:\/\/blog.bedandbreakfast.eu\/de\/die-schoensten-ziele-fuer-einen-urlaub-in-den-bergen\/","og_locale":"de_DE","og_type":"article","og_title":"Die sch\u00f6nsten Ziele f\u00fcr einen Urlaub in den Bergen","og_description":"Lassen Sie sich f\u00fcr Ihren Urlaub in den Bergen Europas inspirieren. Die Vielfalt der Landschaften und der Artenreichtum der Natur bieten optimale Bedingungen f\u00fcr einen Urlaub fernab der Touristenstr\u00f6me. Von urig bis exclusiv - entdecken Sie wundersch\u00f6ne B&Bs.","og_url":"https:\/\/blog.bedandbreakfast.eu\/de\/die-schoensten-ziele-fuer-einen-urlaub-in-den-bergen\/","og_site_name":"Bed and Breakfast Blog | Bedandbreakfast.eu","article_published_time":"2021-06-29T09:00:15+00:00","article_modified_time":"2021-07-02T09:24:01+00:00","og_image":[{"width":1140,"height":453,"url":"https:\/\/blog.bedandbreakfast.eu\/wp-content\/uploads\/2021\/06\/Lakes-and-Mountains-Holidays.jpg","type":"image\/jpeg"}],"author":"Ruth Elsaesser","twitter_card":"summary_large_image","twitter_misc":{"Verfasst von":"Ruth Elsaesser","Gesch\u00e4tzte Lesezeit":"3\u00a0Minuten","Written by":"Ruth Elsaesser"},"schema":{"@context":"https:\/\/schema.org","@graph":[{"@type":"Article","@id":"https:\/\/blog.bedandbreakfast.eu\/de\/die-schoensten-ziele-fuer-einen-urlaub-in-den-bergen\/#article","isPartOf":{"@id":"https:\/\/blog.bedandbreakfast.eu\/de\/die-schoensten-ziele-fuer-einen-urlaub-in-den-bergen\/"},"author":{"name":"Ruth Elsaesser","@id":"https:\/\/blog.bedandbreakfast.eu\/nl\/#\/schema\/person\/65c5a13fb210fcf876bcbf7790473f47"},"headline":"Die sch\u00f6nsten Ziele f\u00fcr einen Urlaub in den Bergen","datePublished":"2021-06-29T09:00:15+00:00","dateModified":"2021-07-02T09:24:01+00:00","mainEntityOfPage":{"@id":"https:\/\/blog.bedandbreakfast.eu\/de\/die-schoensten-ziele-fuer-einen-urlaub-in-den-bergen\/"},"wordCount":544,"commentCount":0,"image":{"@id":"https:\/\/blog.bedandbreakfast.eu\/de\/die-schoensten-ziele-fuer-einen-urlaub-in-den-bergen\/#primaryimage"},"thumbnailUrl":"https:\/\/blog.bedandbreakfast.eu\/wp-content\/uploads\/2021\/06\/Lakes-and-Mountains-Holidays.jpg","keywords":["B&amp;B","B&amp;B Deutschland","B&amp;B England","B&amp;B Frankreich","B&amp;B Italien","B&amp;B \u00d6sterreich","B&amp;B Spanien","bed and breakfast"],"articleSection":["Beliebte Ziele"],"inLanguage":"de","potentialAction":[{"@type":"CommentAction","name":"Comment","target":["https:\/\/blog.bedandbreakfast.eu\/de\/die-schoensten-ziele-fuer-einen-urlaub-in-den-bergen\/#respond"]}]},{"@type":"WebPage","@id":"https:\/\/blog.bedandbreakfast.eu\/de\/die-schoensten-ziele-fuer-einen-urlaub-in-den-bergen\/","url":"https:\/\/blog.bedandbreakfast.eu\/de\/die-schoensten-ziele-fuer-einen-urlaub-in-den-bergen\/","name":"Die sch\u00f6nsten Ziele f\u00fcr einen Urlaub in den Bergen","isPartOf":{"@id":"https:\/\/blog.bedandbreakfast.eu\/nl\/#website"},"primaryImageOfPage":{"@id":"https:\/\/blog.bedandbreakfast.eu\/de\/die-schoensten-ziele-fuer-einen-urlaub-in-den-bergen\/#primaryimage"},"image":{"@id":"https:\/\/blog.bedandbreakfast.eu\/de\/die-schoensten-ziele-fuer-einen-urlaub-in-den-bergen\/#primaryimage"},"thumbnailUrl":"https:\/\/blog.bedandbreakfast.eu\/wp-content\/uploads\/2021\/06\/Lakes-and-Mountains-Holidays.jpg","datePublished":"2021-06-29T09:00:15+00:00","dateModified":"2021-07-02T09:24:01+00:00","author":{"@id":"https:\/\/blog.bedandbreakfast.eu\/nl\/#\/schema\/person\/65c5a13fb210fcf876bcbf7790473f47"},"description":"Lassen Sie sich f\u00fcr Ihren Urlaub in den Bergen Europas inspirieren. Die Vielfalt der Landschaften und der Artenreichtum der Natur bieten optimale Bedingungen f\u00fcr einen Urlaub fernab der Touristenstr\u00f6me. Von urig bis exclusiv - entdecken Sie wundersch\u00f6ne B&Bs.","breadcrumb":{"@id":"https:\/\/blog.bedandbreakfast.eu\/de\/die-schoensten-ziele-fuer-einen-urlaub-in-den-bergen\/#breadcrumb"},"inLanguage":"de","potentialAction":[{"@type":"ReadAction","target":["https:\/\/blog.bedandbreakfast.eu\/de\/die-schoensten-ziele-fuer-einen-urlaub-in-den-bergen\/"]}]},{"@type":"ImageObject","inLanguage":"de","@id":"https:\/\/blog.bedandbreakfast.eu\/de\/die-schoensten-ziele-fuer-einen-urlaub-in-den-bergen\/#primaryimage","url":"https:\/\/blog.bedandbreakfast.eu\/wp-content\/uploads\/2021\/06\/Lakes-and-Mountains-Holidays.jpg","contentUrl":"https:\/\/blog.bedandbreakfast.eu\/wp-content\/uploads\/2021\/06\/Lakes-and-Mountains-Holidays.jpg","width":1140,"height":453},{"@type":"BreadcrumbList","@id":"https:\/\/blog.bedandbreakfast.eu\/de\/die-schoensten-ziele-fuer-einen-urlaub-in-den-bergen\/#breadcrumb","itemListElement":[{"@type":"ListItem","position":1,"name":"Home","item":"https:\/\/blog.bedandbreakfast.eu\/de\/"},{"@type":"ListItem","position":2,"name":"Die sch\u00f6nsten Ziele f\u00fcr einen Urlaub in den Bergen"}]},{"@type":"WebSite","@id":"https:\/\/blog.bedandbreakfast.eu\/nl\/#website","url":"https:\/\/blog.bedandbreakfast.eu\/nl\/","name":"Bed and Breakfast Blog | Bedandbreakfast.eu","description":"Ein Blog von Bedandbreakfast.eu \u00fcber ganz besondere Bed &amp; Breakfasts. Neue Inspirationen und Tipps f\u00fcr \u00dcbernachtungen und Kurztrips in Europas sch\u00f6nsten B&amp;Bs. ","potentialAction":[{"@type":"SearchAction","target":{"@type":"EntryPoint","urlTemplate":"https:\/\/blog.bedandbreakfast.eu\/nl\/?s={search_term_string}"},"query-input":{"@type":"PropertyValueSpecification","valueRequired":true,"valueName":"search_term_string"}}],"inLanguage":"de"},{"@type":"Person","@id":"https:\/\/blog.bedandbreakfast.eu\/nl\/#\/schema\/person\/65c5a13fb210fcf876bcbf7790473f47","name":"Ruth Elsaesser","image":{"@type":"ImageObject","inLanguage":"de","@id":"https:\/\/blog.bedandbreakfast.eu\/wp-content\/uploads\/2021\/07\/Ruth-300x300.jpg69c84bfce8f70ccba9dde017742cf43c","url":"https:\/\/blog.bedandbreakfast.eu\/wp-content\/uploads\/2021\/07\/Ruth-300x300.jpg","contentUrl":"https:\/\/blog.bedandbreakfast.eu\/wp-content\/uploads\/2021\/07\/Ruth-300x300.jpg","caption":"Ruth Elsaesser"},"description":"Im Schwarzwald aufgewachsen, mehrere Jahre in China gelebt und einen Neuanfang in den Niederlanden gewagt. Ruth liebt es, ihren eigenen Horizont zu erweitern und neue Kulturen kennenzulernen und zu erleben.","url":"https:\/\/blog.bedandbreakfast.eu\/de\/author\/ruth-elsaesser\/"}]}},"jetpack_featured_media_url":"https:\/\/blog.bedandbreakfast.eu\/wp-content\/uploads\/2021\/06\/Lakes-and-Mountains-Holidays.jpg","jetpack_shortlink":"https:\/\/wp.me\/p9vhf3-6Gi","jetpack_sharing_enabled":true,"_links":{"self":[{"href":"https:\/\/blog.bedandbreakfast.eu\/de\/wp-json\/wp\/v2\/posts\/25686","targetHints":{"allow":["GET"]}}],"collection":[{"href":"https:\/\/blog.bedandbreakfast.eu\/de\/wp-json\/wp\/v2\/posts"}],"about":[{"href":"https:\/\/blog.bedandbreakfast.eu\/de\/wp-json\/wp\/v2\/types\/post"}],"author":[{"embeddable":true,"href":"https:\/\/blog.bedandbreakfast.eu\/de\/wp-json\/wp\/v2\/users\/39"}],"replies":[{"embeddable":true,"href":"https:\/\/blog.bedandbreakfast.eu\/de\/wp-json\/wp\/v2\/comments?post=25686"}],"version-history":[{"count":48,"href":"https:\/\/blog.bedandbreakfast.eu\/de\/wp-json\/wp\/v2\/posts\/25686\/revisions"}],"predecessor-version":[{"id":26120,"href":"https:\/\/blog.bedandbreakfast.eu\/de\/wp-json\/wp\/v2\/posts\/25686\/revisions\/26120"}],"wp:featuredmedia":[{"embeddable":true,"href":"https:\/\/blog.bedandbreakfast.eu\/de\/wp-json\/wp\/v2\/media\/26035"}],"wp:attachment":[{"href":"https:\/\/blog.bedandbreakfast.eu\/de\/wp-json\/wp\/v2\/media?parent=25686"}],"wp:term":[{"taxonomy":"category","embeddable":true,"href":"https:\/\/blog.bedandbreakfast.eu\/de\/wp-json\/wp\/v2\/categories?post=25686"},{"taxonomy":"post_tag","embeddable":true,"href":"https:\/\/blog.bedandbreakfast.eu\/de\/wp-json\/wp\/v2\/tags?post=25686"},{"taxonomy":"author","embeddable":true,"href":"https:\/\/blog.bedandbreakfast.eu\/de\/wp-json\/wp\/v2\/coauthors?post=25686"}],"curies":[{"name":"wp","href":"https:\/\/api.w.org\/{rel}","templated":true}]}}