{"id":25212,"date":"2021-06-01T13:23:34","date_gmt":"2021-06-01T13:23:34","guid":{"rendered":"https:\/\/blog.bedandbreakfast.eu\/?p=25212"},"modified":"2021-06-03T13:26:56","modified_gmt":"2021-06-03T13:26:56","slug":"reiseziele-fuer-ihren-sommerurlaub-2021","status":"publish","type":"post","link":"https:\/\/blog.bedandbreakfast.eu\/de\/reiseziele-fuer-ihren-sommerurlaub-2021\/","title":{"rendered":"Reiseziele f\u00fcr Ihren Sommerurlaub 2021"},"content":{"rendered":"<p><a href=\"https:\/\/www.bedandbreakfast.eu\/privatzimmer\/sankt-peter-ording\/bundesrepublik-deutschland\/c2841484\" target=\"_blank\" rel=\"noopener noreferrer\"><img loading=\"lazy\" decoding=\"async\" class=\"alignnone wp-image-25312 size-full\" title=\"Bed and Breakfast Sankt Peter-Ording\" src=\"https://blog.bedandbreakfast.eu/wp-content\/uploads\/2021\/06\/Blog_week21_SanktPeter-Ording_DE.jpg\" alt=\"Bedandbreakfast.eu; Fantastische Ziele f\u00fcr Ihren Sommerurlaub 2021\" width=\"810\" height=\"450\" srcset=\"https:\/\/blog.bedandbreakfast.eu\/wp-content\/uploads\/2021\/06\/Blog_week21_SanktPeter-Ording_DE.jpg 810w, https:\/\/blog.bedandbreakfast.eu\/wp-content\/uploads\/2021\/06\/Blog_week21_SanktPeter-Ording_DE-300x167.jpg 300w, https:\/\/blog.bedandbreakfast.eu\/wp-content\/uploads\/2021\/06\/Blog_week21_SanktPeter-Ording_DE-768x427.jpg 768w\" sizes=\"auto, (max-width: 810px) 100vw, 810px\" \/><\/a><\/p>\n<h4>Am Meer in Deutschland<\/h4>\n<p>F\u00fcr eine unvergessliche Zeit am Meer m\u00fcssen Sie in Ihrem Sommerurlaub 2021 nicht weit reisen. Mit \u00fcber 2000 km an K\u00fcste bietet Deutschland an Nord- und Ostsee zahlreiche Ziele f\u00fcr einen sch\u00f6nen Strandurlaub. Entdecken Sie den breiten Sandstrand von Sankt Peter-Ording und erleben Sie dort die perfekten Bedingungen zum Windsurfen. Entfliehen Sie dem Alltag auf einer der Ostfriesischen Inseln oder bestaunen Sie die Kreidefelsen von R\u00fcgen.<\/p>\n<ul>\n<li><a href=\"https:\/\/www.bedandbreakfast.eu\/privatzimmer\/rugen\/bundesrepublik-deutschland\/i2843325\" target=\"_blank\" rel=\"noopener noreferrer\"><span style=\"font-weight: 400;\">R\u00fcgen<\/span><\/a><\/li>\n<li><a href=\"https:\/\/www.bedandbreakfast.eu\/privatzimmer\/sylt\/bundesrepublik-deutschland\/i2824454\" target=\"_blank\" rel=\"noopener noreferrer\"><span style=\"font-weight: 400;\">Sylt<\/span><\/a><\/li>\n<li><a href=\"https:\/\/www.bedandbreakfast.eu\/privatzimmer\/sankt-peter-ording\/bundesrepublik-deutschland\/c2841484\" target=\"_blank\" rel=\"noopener noreferrer\"><span style=\"font-weight: 400;\">Sankt Peter-Ording<\/span><\/a><\/li>\n<li><a href=\"https:\/\/www.bedandbreakfast.eu\/privatzimmer\/borkum\/bundesrepublik-deutschland\/c2946206\" target=\"_blank\" rel=\"noopener noreferrer\"><span style=\"font-weight: 400;\">Borkum<\/span><\/a><\/li>\n<li><a href=\"https:\/\/www.bedandbreakfast.eu\/privatzimmer\/insel-wangerooge\/bundesrepublik-deutschland\/i2814265\" target=\"_blank\" rel=\"noopener noreferrer\"><span style=\"font-weight: 400;\">Wangerooge<\/span><\/a><\/li>\n<\/ul>\n<p><a href=\"https:\/\/www.bedandbreakfast.eu\/privatzimmer\/ibiza\/spanien\/i2516477\" target=\"_blank\" rel=\"noopener noreferrer\"><img loading=\"lazy\" decoding=\"async\" class=\"alignnone wp-image-25168 size-full\" title=\"Bed and Breakfast Ibiza\" src=\"https://blog.bedandbreakfast.eu/wp-content\/uploads\/2021\/06\/bed-and-breakfast-europe-ibiza.jpg\" alt=\"\" width=\"810\" height=\"450\" srcset=\"https:\/\/blog.bedandbreakfast.eu\/wp-content\/uploads\/2021\/06\/bed-and-breakfast-europe-ibiza.jpg 810w, https:\/\/blog.bedandbreakfast.eu\/wp-content\/uploads\/2021\/06\/bed-and-breakfast-europe-ibiza-300x167.jpg 300w, https:\/\/blog.bedandbreakfast.eu\/wp-content\/uploads\/2021\/06\/bed-and-breakfast-europe-ibiza-768x427.jpg 768w\" sizes=\"auto, (max-width: 810px) 100vw, 810px\" \/><\/a><\/p>\n<h4>Entspannen in Spanien<\/h4>\n<p>Paella, Sangria, Tapas, Sonne, Meer und Strand. Haben wir Sie schon \u00fcberzeugt? Spanien ist und bleibt ein wunderbares Land f\u00fcr Ihren Sommerurlaub 2021. Denken Sie an die sch\u00f6nen St\u00e4dte, die traumhaften Str\u00e4nde und eine Party auf Ibiza. Oder was halten Sie von einer Inselrundfahrt mit dem Auto auf einer der Kanarischen Inseln? W\u00e4hlen Sie ein B&amp;B mit flexiblen Stornobedingungen f\u00fcr einen unbeschwerten Sommer.<\/p>\n<ul>\n<li><a href=\"https:\/\/www.bedandbreakfast.eu\/privatzimmer\/ibiza\/spanien\/i2516477\" target=\"_blank\" rel=\"noopener noreferrer\"><span style=\"font-weight: 400;\">Ibiza<\/span><\/a><\/li>\n<li><a href=\"https:\/\/www.bedandbreakfast.eu\/privatzimmer\/mallorca\/spanien\/i2514239\" target=\"_blank\" rel=\"noopener noreferrer\"><span style=\"font-weight: 400;\">Mallorca<\/span><\/a><\/li>\n<li><a href=\"https:\/\/www.bedandbreakfast.eu\/privatzimmer\/teneriffa\/spanien\/i2510529\" target=\"_blank\" rel=\"noopener noreferrer\"><span style=\"font-weight: 400;\">Teneriffa<\/span><\/a><\/li>\n<li><a href=\"https:\/\/www.bedandbreakfast.eu\/privatzimmer\/gran-canaria\/spanien\/i2517107\" target=\"_blank\" rel=\"noopener noreferrer\"><span style=\"font-weight: 400;\">Gran Canaria<\/span><\/a><\/li>\n<li><a href=\"https:\/\/www.bedandbreakfast.eu\/privatzimmer\/andalusien\/autonome-gemeinschaft\/spanien\/2593109\" target=\"_blank\" rel=\"noopener noreferrer\"><span style=\"font-weight: 400;\">Andalusien<\/span><\/a><\/li>\n<\/ul>\n<p><a href=\"https:\/\/www.bedandbreakfast.eu\/privatzimmer\/sardinien\/region\/italien\/2523228\" target=\"_blank\" rel=\"noopener noreferrer\"><img loading=\"lazy\" decoding=\"async\" class=\"alignnone wp-image-25186 size-full\" title=\"Bed and Breakfast Sardinien\" src=\"https://blog.bedandbreakfast.eu/wp-content\/uploads\/2021\/06\/bed-and-breakfast-europe-sardinie.jpg\" alt=\"\" width=\"810\" height=\"450\" srcset=\"https:\/\/blog.bedandbreakfast.eu\/wp-content\/uploads\/2021\/06\/bed-and-breakfast-europe-sardinie.jpg 810w, https:\/\/blog.bedandbreakfast.eu\/wp-content\/uploads\/2021\/06\/bed-and-breakfast-europe-sardinie-300x167.jpg 300w, https:\/\/blog.bedandbreakfast.eu\/wp-content\/uploads\/2021\/06\/bed-and-breakfast-europe-sardinie-768x427.jpg 768w\" sizes=\"auto, (max-width: 810px) 100vw, 810px\" \/><\/a><\/p>\n<h4>Strandurlaub in Italien<\/h4>\n<p>Beeindruckende Kultur, wunderbare Str\u00e4nde und garantierter Sonnenschein! Italien ist zu Recht ein beliebtes Ziel f\u00fcr einen Strandurlaub. In Italien gibt es f\u00fcr Jung und Alt viel zu erleben. W\u00e4hlen Sie die Insel Sizilien f\u00fcr Ihren Sommerurlaub 2021, besuchen Sie den ber\u00fchmten Badeorte Rimini oder entdecken Sie das authentische italienische Leben auf Sardinien. Buchen Sie ein sch\u00f6nes B&amp;B und genie\u00dfen Sie einen wunderbaren Urlaub in Bella Italia.<\/p>\n<ul>\n<li><a href=\"https:\/\/www.bedandbreakfast.eu\/privatzimmer\/sizilien\/region\/italien\/2523119\" target=\"_blank\" rel=\"noopener noreferrer\"><span style=\"font-weight: 400;\">Sizilien<\/span><\/a><\/li>\n<li><a href=\"https:\/\/www.bedandbreakfast.eu\/privatzimmer\/provincia-di-rimini\/provinz\/italien\/6457404\" target=\"_blank\" rel=\"noopener noreferrer\"><span style=\"font-weight: 400;\">Rimini<\/span><\/a><\/li>\n<li><a href=\"https:\/\/www.bedandbreakfast.eu\/privatzimmer\/sardinien\/region\/italien\/2523228\" target=\"_blank\" rel=\"noopener noreferrer\"><span style=\"font-weight: 400;\">Sardinien<\/span><\/a><\/li>\n<li><a href=\"https:\/\/www.bedandbreakfast.eu\/privatzimmer\/amalfi\/italien\/c3183130\" target=\"_blank\" rel=\"noopener noreferrer\"><span style=\"font-weight: 400;\">Amalfi<\/span><\/a><\/li>\n<li><a href=\"https:\/\/www.bedandbreakfast.eu\/privatzimmer\/bibione\/italien\/c3182057\" target=\"_blank\" rel=\"noopener noreferrer\"><span style=\"font-weight: 400;\">Bibione<\/span><\/a><\/li>\n<\/ul>\n<p><a href=\"https:\/\/www.bedandbreakfast.eu\/privatzimmer\/kreta\/periferie\/griechenland\/6697802\" target=\"_blank\" rel=\"noopener noreferrer\"><img loading=\"lazy\" decoding=\"async\" class=\"alignnone wp-image-25174 size-full\" title=\"Bed and Breakfast Kreta\" src=\"https://blog.bedandbreakfast.eu/wp-content\/uploads\/2021\/06\/bed-and-breakfast-europe-kreta.jpg\" alt=\"\" width=\"810\" height=\"450\" srcset=\"https:\/\/blog.bedandbreakfast.eu\/wp-content\/uploads\/2021\/06\/bed-and-breakfast-europe-kreta.jpg 810w, https:\/\/blog.bedandbreakfast.eu\/wp-content\/uploads\/2021\/06\/bed-and-breakfast-europe-kreta-300x167.jpg 300w, https:\/\/blog.bedandbreakfast.eu\/wp-content\/uploads\/2021\/06\/bed-and-breakfast-europe-kreta-768x427.jpg 768w\" sizes=\"auto, (max-width: 810px) 100vw, 810px\" \/><\/a><\/p>\n<h4>Griechische Inseln<\/h4>\n<p>Die griechischen Inseln sind ein begehrtes Ziel f\u00fcr einen Sommerurlaub 2021. Kreta ist die bekannteste und gr\u00f6\u00dfte Insel Griechenlands, aber auch die kleineren sind eine Reise wert. Entdecken Sie die wundersch\u00f6ne Natur und die atemberaubenden Str\u00e4nde, aber genie\u00dfen Sie auch das k\u00f6stliche griechische Essen und tauchen Sie in die reiche Geschichte des Landes ein.<\/p>\n<ul>\n<li><a href=\"https:\/\/www.bedandbreakfast.eu\/privatzimmer\/kreta\/periferie\/griechenland\/6697802\" target=\"_blank\" rel=\"noopener noreferrer\"><span style=\"font-weight: 400;\">Kreta<\/span><\/a><\/li>\n<li><a href=\"https:\/\/www.bedandbreakfast.eu\/privatzimmer\/kos\/griechenland\/i259244\" target=\"_blank\" rel=\"noopener noreferrer\"><span style=\"font-weight: 400;\">Kos<\/span><\/a><\/li>\n<li><a href=\"https:\/\/www.bedandbreakfast.eu\/privatzimmer\/korfu\/griechenland\/i2463678\" target=\"_blank\" rel=\"noopener noreferrer\"><span style=\"font-weight: 400;\">Korfu<\/span><\/a><\/li>\n<li><a href=\"https:\/\/www.bedandbreakfast.eu\/privatzimmer\/samos\/prafektur\/griechenland\/254112\" target=\"_blank\" rel=\"noopener noreferrer\"><span style=\"font-weight: 400;\">Samos<\/span><\/a><\/li>\n<li><a href=\"https:\/\/www.bedandbreakfast.eu\/privatzimmer\/mykonos\/griechenland\/i257055\" target=\"_blank\" rel=\"noopener noreferrer\"><span style=\"font-weight: 400;\">Mykonos<\/span><\/a><\/li>\n<\/ul>\n<p><a href=\"https:\/\/www.bedandbreakfast.eu\/privatzimmer\/cascais\/portugal\/c2269594\" target=\"_blank\" rel=\"noopener noreferrer\"><img loading=\"lazy\" decoding=\"async\" class=\"alignnone wp-image-25162 size-full\" title=\"Bed and Breakfast Cascais\" src=\"https://blog.bedandbreakfast.eu/wp-content\/uploads\/2021\/06\/bed-and-breakfast-europe-cascais.jpg\" alt=\"\" width=\"810\" height=\"450\" srcset=\"https:\/\/blog.bedandbreakfast.eu\/wp-content\/uploads\/2021\/06\/bed-and-breakfast-europe-cascais.jpg 810w, https:\/\/blog.bedandbreakfast.eu\/wp-content\/uploads\/2021\/06\/bed-and-breakfast-europe-cascais-300x167.jpg 300w, https:\/\/blog.bedandbreakfast.eu\/wp-content\/uploads\/2021\/06\/bed-and-breakfast-europe-cascais-768x427.jpg 768w\" sizes=\"auto, (max-width: 810px) 100vw, 810px\" \/><\/a><\/p>\n<h4>Meer und Kultur in Portugal<\/h4>\n<p>Das wundersch\u00f6ne Portugal hat mehrere atemberaubende Str\u00e4nde, an denen Sie in Ihrem Sommerurlaub 2021 vollkommen entspannen k\u00f6nnen. Die Algarve ist eine beliebte Region mit zahlreichen Badeorten, aber auch Estoril und Cascais an der Westk\u00fcste sind definitiv einen Besuch wert. Zum Sightseeing sollten Sie neben Lissabon unbedingt noch nach Porto reisen. Werfen Sie einen Blick auf die Auswahl an B&amp;Bs in Portugal:<\/p>\n<ul>\n<li><a href=\"https:\/\/www.bedandbreakfast.eu\/privatzimmer\/porto\/portugal\/c2735943\" target=\"_blank\" rel=\"noopener noreferrer\"><span style=\"font-weight: 400;\">Porto<\/span><\/a><\/li>\n<li><a href=\"https:\/\/www.bedandbreakfast.eu\/privatzimmer\/lissabon\/portugal\/c2267057\" target=\"_blank\" rel=\"noopener noreferrer\"><span style=\"font-weight: 400;\">Lissabon<\/span><\/a><\/li>\n<li><a href=\"https:\/\/www.bedandbreakfast.eu\/privatzimmer\/tavira\/portugal\/c2262744\" target=\"_blank\" rel=\"noopener noreferrer\"><span style=\"font-weight: 400;\">Tavira<\/span><\/a><\/li>\n<li><a href=\"https:\/\/www.bedandbreakfast.eu\/privatzimmer\/cascais\/portugal\/c2269594\" target=\"_blank\" rel=\"noopener noreferrer\"><span style=\"font-weight: 400;\">Cascais<\/span><\/a><\/li>\n<li><a href=\"https:\/\/www.bedandbreakfast.eu\/privatzimmer\/estoril\/portugal\/c2268436\" target=\"_blank\" rel=\"noopener noreferrer\"><span style=\"font-weight: 400;\">Estoril<\/span><\/a><\/li>\n<\/ul>\n<p><b>Diesen Artikel teilen:<\/b><\/p>\n","protected":false},"excerpt":{"rendered":"<p>Tr\u00e4umen Sie bereits von Ihrem Sommerurlaub 2021? Zur Inspiration haben wir die sonnigsten Urlaubsziele ausgesucht, an denen Sie abschalten, Spa\u00df haben und die Freiheit des Reisens wieder sp\u00fcren k\u00f6nnen. Genie\u00dfen Sie bald Ihren Urlaub in den sch\u00f6nsten B&#038;Bs!<\/p>\n","protected":false},"author":30,"featured_media":25007,"comment_status":"open","ping_status":"open","sticky":false,"template":"","format":"standard","meta":{"_monsterinsights_skip_tracking":false,"_monsterinsights_sitenote_active":false,"_monsterinsights_sitenote_note":"","_monsterinsights_sitenote_category":0,"_jetpack_newsletter_access":"","_jetpack_dont_email_post_to_subs":false,"_jetpack_newsletter_tier_id":0,"_jetpack_memberships_contains_paywalled_content":false,"_jetpack_memberships_contains_paid_content":false,"footnotes":""},"categories":[3549],"tags":[2140,5525,6008,5186,5859,5602,2141,658,6027],"coauthors":[5261],"class_list":["post-25212","post","type-post","status-publish","format-standard","has-post-thumbnail","hentry","category-beliebte-ziele-de","tag-bb-de","tag-bb-deutschland","tag-bb-griechenland","tag-bb-italien","tag-bb-portugal-de","tag-bb-spanien","tag-bed-breakfast-de","tag-bed-and-breakfast-de","tag-sommerurlaub-2021"],"yoast_head":"<!-- This site is optimized with the Yoast SEO plugin v27.4 - https:\/\/yoast.com\/product\/yoast-seo-wordpress\/ -->\n<title>Reiseziele f\u00fcr Ihren Sommerurlaub 2021<\/title>\n<meta name=\"description\" content=\"Tr\u00e4umen Sie bereits von Ihrem Sommerurlaub 2021? Zur Inspiration haben wir die sonnigsten Urlaubsziele ausgesucht, an denen Sie abschalten, Spa\u00df haben und die Freiheit des Reisens wieder sp\u00fcren k\u00f6nnen. Genie\u00dfen Sie bald Ihren Urlaub in den sch\u00f6nsten B&amp;Bs!\" \/>\n<meta name=\"robots\" content=\"index, follow, max-snippet:-1, max-image-preview:large, max-video-preview:-1\" \/>\n<link rel=\"canonical\" href=\"https:\/\/blog.bedandbreakfast.eu\/de\/reiseziele-fuer-ihren-sommerurlaub-2021\/\" \/>\n<meta property=\"og:locale\" content=\"de_DE\" \/>\n<meta property=\"og:type\" content=\"article\" \/>\n<meta property=\"og:title\" content=\"Reiseziele f\u00fcr Ihren Sommerurlaub 2021\" \/>\n<meta property=\"og:description\" content=\"Tr\u00e4umen Sie bereits von Ihrem Sommerurlaub 2021? Zur Inspiration haben wir die sonnigsten Urlaubsziele ausgesucht, an denen Sie abschalten, Spa\u00df haben und die Freiheit des Reisens wieder sp\u00fcren k\u00f6nnen. Genie\u00dfen Sie bald Ihren Urlaub in den sch\u00f6nsten B&amp;Bs!\" \/>\n<meta property=\"og:url\" content=\"https:\/\/blog.bedandbreakfast.eu\/de\/reiseziele-fuer-ihren-sommerurlaub-2021\/\" \/>\n<meta property=\"og:site_name\" content=\"Bed and Breakfast Blog | Bedandbreakfast.eu\" \/>\n<meta property=\"article:published_time\" content=\"2021-06-01T13:23:34+00:00\" \/>\n<meta property=\"article:modified_time\" content=\"2021-06-03T13:26:56+00:00\" \/>\n<meta property=\"og:image\" content=\"https:\/\/blog.bedandbreakfast.eu\/wp-content\/uploads\/2021\/05\/Blog_HEADER_-Summer-holidays-2021.jpg\" \/>\n\t<meta property=\"og:image:width\" content=\"1140\" \/>\n\t<meta property=\"og:image:height\" content=\"453\" \/>\n\t<meta property=\"og:image:type\" content=\"image\/jpeg\" \/>\n<meta name=\"author\" content=\"Julia Ceglarek\" \/>\n<meta name=\"twitter:card\" content=\"summary_large_image\" \/>\n<meta name=\"twitter:label1\" content=\"Verfasst von\" \/>\n\t<meta name=\"twitter:data1\" content=\"Julia Ceglarek\" \/>\n\t<meta name=\"twitter:label2\" content=\"Gesch\u00e4tzte Lesezeit\" \/>\n\t<meta name=\"twitter:data2\" content=\"2\u00a0Minuten\" \/>\n\t<meta name=\"twitter:label3\" content=\"Written by\" \/>\n\t<meta name=\"twitter:data3\" content=\"Julia Ceglarek\" \/>\n<script type=\"application\/ld+json\" class=\"yoast-schema-graph\">{\"@context\":\"https:\\\/\\\/schema.org\",\"@graph\":[{\"@type\":\"Article\",\"@id\":\"https:\\\/\\\/blog.bedandbreakfast.eu\\\/de\\\/reiseziele-fuer-ihren-sommerurlaub-2021\\\/#article\",\"isPartOf\":{\"@id\":\"https:\\\/\\\/blog.bedandbreakfast.eu\\\/de\\\/reiseziele-fuer-ihren-sommerurlaub-2021\\\/\"},\"author\":{\"name\":\"Julia Ceglarek\",\"@id\":\"https:\\\/\\\/blog.bedandbreakfast.eu\\\/nl\\\/#\\\/schema\\\/person\\\/ee6bd3c02975a4375a3664e772a918e5\"},\"headline\":\"Reiseziele f\u00fcr Ihren Sommerurlaub 2021\",\"datePublished\":\"2021-06-01T13:23:34+00:00\",\"dateModified\":\"2021-06-03T13:26:56+00:00\",\"mainEntityOfPage\":{\"@id\":\"https:\\\/\\\/blog.bedandbreakfast.eu\\\/de\\\/reiseziele-fuer-ihren-sommerurlaub-2021\\\/\"},\"wordCount\":393,\"commentCount\":0,\"image\":{\"@id\":\"https:\\\/\\\/blog.bedandbreakfast.eu\\\/de\\\/reiseziele-fuer-ihren-sommerurlaub-2021\\\/#primaryimage\"},\"thumbnailUrl\":\"https:\\\/\\\/blog.bedandbreakfast.eu\\\/wp-content\\\/uploads\\\/2021\\\/05\\\/Blog_HEADER_-Summer-holidays-2021.jpg\",\"keywords\":[\"B&amp;B\",\"B&amp;B Deutschland\",\"B&amp;B Griechenland\",\"B&amp;B Italien\",\"B&amp;B Portugal\",\"B&amp;B Spanien\",\"bed &amp; breakfast\",\"bed and breakfast\",\"Sommerurlaub 2021\"],\"articleSection\":[\"Beliebte Ziele\"],\"inLanguage\":\"de\",\"potentialAction\":[{\"@type\":\"CommentAction\",\"name\":\"Comment\",\"target\":[\"https:\\\/\\\/blog.bedandbreakfast.eu\\\/de\\\/reiseziele-fuer-ihren-sommerurlaub-2021\\\/#respond\"]}]},{\"@type\":\"WebPage\",\"@id\":\"https:\\\/\\\/blog.bedandbreakfast.eu\\\/de\\\/reiseziele-fuer-ihren-sommerurlaub-2021\\\/\",\"url\":\"https:\\\/\\\/blog.bedandbreakfast.eu\\\/de\\\/reiseziele-fuer-ihren-sommerurlaub-2021\\\/\",\"name\":\"Reiseziele f\u00fcr Ihren Sommerurlaub 2021\",\"isPartOf\":{\"@id\":\"https:\\\/\\\/blog.bedandbreakfast.eu\\\/nl\\\/#website\"},\"primaryImageOfPage\":{\"@id\":\"https:\\\/\\\/blog.bedandbreakfast.eu\\\/de\\\/reiseziele-fuer-ihren-sommerurlaub-2021\\\/#primaryimage\"},\"image\":{\"@id\":\"https:\\\/\\\/blog.bedandbreakfast.eu\\\/de\\\/reiseziele-fuer-ihren-sommerurlaub-2021\\\/#primaryimage\"},\"thumbnailUrl\":\"https:\\\/\\\/blog.bedandbreakfast.eu\\\/wp-content\\\/uploads\\\/2021\\\/05\\\/Blog_HEADER_-Summer-holidays-2021.jpg\",\"datePublished\":\"2021-06-01T13:23:34+00:00\",\"dateModified\":\"2021-06-03T13:26:56+00:00\",\"author\":{\"@id\":\"https:\\\/\\\/blog.bedandbreakfast.eu\\\/nl\\\/#\\\/schema\\\/person\\\/ee6bd3c02975a4375a3664e772a918e5\"},\"description\":\"Tr\u00e4umen Sie bereits von Ihrem Sommerurlaub 2021? Zur Inspiration haben wir die sonnigsten Urlaubsziele ausgesucht, an denen Sie abschalten, Spa\u00df haben und die Freiheit des Reisens wieder sp\u00fcren k\u00f6nnen. Genie\u00dfen Sie bald Ihren Urlaub in den sch\u00f6nsten B&Bs!\",\"breadcrumb\":{\"@id\":\"https:\\\/\\\/blog.bedandbreakfast.eu\\\/de\\\/reiseziele-fuer-ihren-sommerurlaub-2021\\\/#breadcrumb\"},\"inLanguage\":\"de\",\"potentialAction\":[{\"@type\":\"ReadAction\",\"target\":[\"https:\\\/\\\/blog.bedandbreakfast.eu\\\/de\\\/reiseziele-fuer-ihren-sommerurlaub-2021\\\/\"]}]},{\"@type\":\"ImageObject\",\"inLanguage\":\"de\",\"@id\":\"https:\\\/\\\/blog.bedandbreakfast.eu\\\/de\\\/reiseziele-fuer-ihren-sommerurlaub-2021\\\/#primaryimage\",\"url\":\"https:\\\/\\\/blog.bedandbreakfast.eu\\\/wp-content\\\/uploads\\\/2021\\\/05\\\/Blog_HEADER_-Summer-holidays-2021.jpg\",\"contentUrl\":\"https:\\\/\\\/blog.bedandbreakfast.eu\\\/wp-content\\\/uploads\\\/2021\\\/05\\\/Blog_HEADER_-Summer-holidays-2021.jpg\",\"width\":1140,\"height\":453},{\"@type\":\"BreadcrumbList\",\"@id\":\"https:\\\/\\\/blog.bedandbreakfast.eu\\\/de\\\/reiseziele-fuer-ihren-sommerurlaub-2021\\\/#breadcrumb\",\"itemListElement\":[{\"@type\":\"ListItem\",\"position\":1,\"name\":\"Home\",\"item\":\"https:\\\/\\\/blog.bedandbreakfast.eu\\\/de\\\/\"},{\"@type\":\"ListItem\",\"position\":2,\"name\":\"Reiseziele f\u00fcr Ihren Sommerurlaub 2021\"}]},{\"@type\":\"WebSite\",\"@id\":\"https:\\\/\\\/blog.bedandbreakfast.eu\\\/nl\\\/#website\",\"url\":\"https:\\\/\\\/blog.bedandbreakfast.eu\\\/nl\\\/\",\"name\":\"Bed and Breakfast Blog | Bedandbreakfast.eu\",\"description\":\"Ein Blog von Bedandbreakfast.eu \u00fcber ganz besondere Bed &amp; Breakfasts. Neue Inspirationen und Tipps f\u00fcr \u00dcbernachtungen und Kurztrips in Europas sch\u00f6nsten B&amp;Bs. \",\"potentialAction\":[{\"@type\":\"SearchAction\",\"target\":{\"@type\":\"EntryPoint\",\"urlTemplate\":\"https:\\\/\\\/blog.bedandbreakfast.eu\\\/nl\\\/?s={search_term_string}\"},\"query-input\":{\"@type\":\"PropertyValueSpecification\",\"valueRequired\":true,\"valueName\":\"search_term_string\"}}],\"inLanguage\":\"de\"},{\"@type\":\"Person\",\"@id\":\"https:\\\/\\\/blog.bedandbreakfast.eu\\\/nl\\\/#\\\/schema\\\/person\\\/ee6bd3c02975a4375a3664e772a918e5\",\"name\":\"Julia Ceglarek\",\"image\":{\"@type\":\"ImageObject\",\"inLanguage\":\"de\",\"@id\":\"https:\\\/\\\/blog.bedandbreakfast.eu\\\/wp-content\\\/uploads\\\/2021\\\/07\\\/Julia-C-300x300.jpgd9df3347053795a8dbbfb701288a8ffd\",\"url\":\"https:\\\/\\\/blog.bedandbreakfast.eu\\\/wp-content\\\/uploads\\\/2021\\\/07\\\/Julia-C-300x300.jpg\",\"contentUrl\":\"https:\\\/\\\/blog.bedandbreakfast.eu\\\/wp-content\\\/uploads\\\/2021\\\/07\\\/Julia-C-300x300.jpg\",\"caption\":\"Julia Ceglarek\"},\"description\":\"Julia Ceglarek Blogger bei Bedandbreakfast.eu B.V. bis August 2021.\",\"url\":\"https:\\\/\\\/blog.bedandbreakfast.eu\\\/de\\\/author\\\/julia-ceglarek\\\/\"}]}<\/script>\n<!-- \/ Yoast SEO plugin. -->","yoast_head_json":{"title":"Reiseziele f\u00fcr Ihren Sommerurlaub 2021","description":"Tr\u00e4umen Sie bereits von Ihrem Sommerurlaub 2021? Zur Inspiration haben wir die sonnigsten Urlaubsziele ausgesucht, an denen Sie abschalten, Spa\u00df haben und die Freiheit des Reisens wieder sp\u00fcren k\u00f6nnen. Genie\u00dfen Sie bald Ihren Urlaub in den sch\u00f6nsten B&Bs!","robots":{"index":"index","follow":"follow","max-snippet":"max-snippet:-1","max-image-preview":"max-image-preview:large","max-video-preview":"max-video-preview:-1"},"canonical":"https:\/\/blog.bedandbreakfast.eu\/de\/reiseziele-fuer-ihren-sommerurlaub-2021\/","og_locale":"de_DE","og_type":"article","og_title":"Reiseziele f\u00fcr Ihren Sommerurlaub 2021","og_description":"Tr\u00e4umen Sie bereits von Ihrem Sommerurlaub 2021? Zur Inspiration haben wir die sonnigsten Urlaubsziele ausgesucht, an denen Sie abschalten, Spa\u00df haben und die Freiheit des Reisens wieder sp\u00fcren k\u00f6nnen. Genie\u00dfen Sie bald Ihren Urlaub in den sch\u00f6nsten B&Bs!","og_url":"https:\/\/blog.bedandbreakfast.eu\/de\/reiseziele-fuer-ihren-sommerurlaub-2021\/","og_site_name":"Bed and Breakfast Blog | Bedandbreakfast.eu","article_published_time":"2021-06-01T13:23:34+00:00","article_modified_time":"2021-06-03T13:26:56+00:00","og_image":[{"width":1140,"height":453,"url":"https:\/\/blog.bedandbreakfast.eu\/wp-content\/uploads\/2021\/05\/Blog_HEADER_-Summer-holidays-2021.jpg","type":"image\/jpeg"}],"author":"Julia Ceglarek","twitter_card":"summary_large_image","twitter_misc":{"Verfasst von":"Julia Ceglarek","Gesch\u00e4tzte Lesezeit":"2\u00a0Minuten","Written by":"Julia Ceglarek"},"schema":{"@context":"https:\/\/schema.org","@graph":[{"@type":"Article","@id":"https:\/\/blog.bedandbreakfast.eu\/de\/reiseziele-fuer-ihren-sommerurlaub-2021\/#article","isPartOf":{"@id":"https:\/\/blog.bedandbreakfast.eu\/de\/reiseziele-fuer-ihren-sommerurlaub-2021\/"},"author":{"name":"Julia Ceglarek","@id":"https:\/\/blog.bedandbreakfast.eu\/nl\/#\/schema\/person\/ee6bd3c02975a4375a3664e772a918e5"},"headline":"Reiseziele f\u00fcr Ihren Sommerurlaub 2021","datePublished":"2021-06-01T13:23:34+00:00","dateModified":"2021-06-03T13:26:56+00:00","mainEntityOfPage":{"@id":"https:\/\/blog.bedandbreakfast.eu\/de\/reiseziele-fuer-ihren-sommerurlaub-2021\/"},"wordCount":393,"commentCount":0,"image":{"@id":"https:\/\/blog.bedandbreakfast.eu\/de\/reiseziele-fuer-ihren-sommerurlaub-2021\/#primaryimage"},"thumbnailUrl":"https:\/\/blog.bedandbreakfast.eu\/wp-content\/uploads\/2021\/05\/Blog_HEADER_-Summer-holidays-2021.jpg","keywords":["B&amp;B","B&amp;B Deutschland","B&amp;B Griechenland","B&amp;B Italien","B&amp;B Portugal","B&amp;B Spanien","bed &amp; breakfast","bed and breakfast","Sommerurlaub 2021"],"articleSection":["Beliebte Ziele"],"inLanguage":"de","potentialAction":[{"@type":"CommentAction","name":"Comment","target":["https:\/\/blog.bedandbreakfast.eu\/de\/reiseziele-fuer-ihren-sommerurlaub-2021\/#respond"]}]},{"@type":"WebPage","@id":"https:\/\/blog.bedandbreakfast.eu\/de\/reiseziele-fuer-ihren-sommerurlaub-2021\/","url":"https:\/\/blog.bedandbreakfast.eu\/de\/reiseziele-fuer-ihren-sommerurlaub-2021\/","name":"Reiseziele f\u00fcr Ihren Sommerurlaub 2021","isPartOf":{"@id":"https:\/\/blog.bedandbreakfast.eu\/nl\/#website"},"primaryImageOfPage":{"@id":"https:\/\/blog.bedandbreakfast.eu\/de\/reiseziele-fuer-ihren-sommerurlaub-2021\/#primaryimage"},"image":{"@id":"https:\/\/blog.bedandbreakfast.eu\/de\/reiseziele-fuer-ihren-sommerurlaub-2021\/#primaryimage"},"thumbnailUrl":"https:\/\/blog.bedandbreakfast.eu\/wp-content\/uploads\/2021\/05\/Blog_HEADER_-Summer-holidays-2021.jpg","datePublished":"2021-06-01T13:23:34+00:00","dateModified":"2021-06-03T13:26:56+00:00","author":{"@id":"https:\/\/blog.bedandbreakfast.eu\/nl\/#\/schema\/person\/ee6bd3c02975a4375a3664e772a918e5"},"description":"Tr\u00e4umen Sie bereits von Ihrem Sommerurlaub 2021? Zur Inspiration haben wir die sonnigsten Urlaubsziele ausgesucht, an denen Sie abschalten, Spa\u00df haben und die Freiheit des Reisens wieder sp\u00fcren k\u00f6nnen. Genie\u00dfen Sie bald Ihren Urlaub in den sch\u00f6nsten B&Bs!","breadcrumb":{"@id":"https:\/\/blog.bedandbreakfast.eu\/de\/reiseziele-fuer-ihren-sommerurlaub-2021\/#breadcrumb"},"inLanguage":"de","potentialAction":[{"@type":"ReadAction","target":["https:\/\/blog.bedandbreakfast.eu\/de\/reiseziele-fuer-ihren-sommerurlaub-2021\/"]}]},{"@type":"ImageObject","inLanguage":"de","@id":"https:\/\/blog.bedandbreakfast.eu\/de\/reiseziele-fuer-ihren-sommerurlaub-2021\/#primaryimage","url":"https:\/\/blog.bedandbreakfast.eu\/wp-content\/uploads\/2021\/05\/Blog_HEADER_-Summer-holidays-2021.jpg","contentUrl":"https:\/\/blog.bedandbreakfast.eu\/wp-content\/uploads\/2021\/05\/Blog_HEADER_-Summer-holidays-2021.jpg","width":1140,"height":453},{"@type":"BreadcrumbList","@id":"https:\/\/blog.bedandbreakfast.eu\/de\/reiseziele-fuer-ihren-sommerurlaub-2021\/#breadcrumb","itemListElement":[{"@type":"ListItem","position":1,"name":"Home","item":"https:\/\/blog.bedandbreakfast.eu\/de\/"},{"@type":"ListItem","position":2,"name":"Reiseziele f\u00fcr Ihren Sommerurlaub 2021"}]},{"@type":"WebSite","@id":"https:\/\/blog.bedandbreakfast.eu\/nl\/#website","url":"https:\/\/blog.bedandbreakfast.eu\/nl\/","name":"Bed and Breakfast Blog | Bedandbreakfast.eu","description":"Ein Blog von Bedandbreakfast.eu \u00fcber ganz besondere Bed &amp; Breakfasts. Neue Inspirationen und Tipps f\u00fcr \u00dcbernachtungen und Kurztrips in Europas sch\u00f6nsten B&amp;Bs. ","potentialAction":[{"@type":"SearchAction","target":{"@type":"EntryPoint","urlTemplate":"https:\/\/blog.bedandbreakfast.eu\/nl\/?s={search_term_string}"},"query-input":{"@type":"PropertyValueSpecification","valueRequired":true,"valueName":"search_term_string"}}],"inLanguage":"de"},{"@type":"Person","@id":"https:\/\/blog.bedandbreakfast.eu\/nl\/#\/schema\/person\/ee6bd3c02975a4375a3664e772a918e5","name":"Julia Ceglarek","image":{"@type":"ImageObject","inLanguage":"de","@id":"https:\/\/blog.bedandbreakfast.eu\/wp-content\/uploads\/2021\/07\/Julia-C-300x300.jpgd9df3347053795a8dbbfb701288a8ffd","url":"https:\/\/blog.bedandbreakfast.eu\/wp-content\/uploads\/2021\/07\/Julia-C-300x300.jpg","contentUrl":"https:\/\/blog.bedandbreakfast.eu\/wp-content\/uploads\/2021\/07\/Julia-C-300x300.jpg","caption":"Julia Ceglarek"},"description":"Julia Ceglarek Blogger bei Bedandbreakfast.eu B.V. bis August 2021.","url":"https:\/\/blog.bedandbreakfast.eu\/de\/author\/julia-ceglarek\/"}]}},"jetpack_featured_media_url":"https:\/\/blog.bedandbreakfast.eu\/wp-content\/uploads\/2021\/05\/Blog_HEADER_-Summer-holidays-2021.jpg","jetpack_shortlink":"https:\/\/wp.me\/p9vhf3-6yE","jetpack_sharing_enabled":true,"_links":{"self":[{"href":"https:\/\/blog.bedandbreakfast.eu\/de\/wp-json\/wp\/v2\/posts\/25212","targetHints":{"allow":["GET"]}}],"collection":[{"href":"https:\/\/blog.bedandbreakfast.eu\/de\/wp-json\/wp\/v2\/posts"}],"about":[{"href":"https:\/\/blog.bedandbreakfast.eu\/de\/wp-json\/wp\/v2\/types\/post"}],"author":[{"embeddable":true,"href":"https:\/\/blog.bedandbreakfast.eu\/de\/wp-json\/wp\/v2\/users\/30"}],"replies":[{"embeddable":true,"href":"https:\/\/blog.bedandbreakfast.eu\/de\/wp-json\/wp\/v2\/comments?post=25212"}],"version-history":[{"count":15,"href":"https:\/\/blog.bedandbreakfast.eu\/de\/wp-json\/wp\/v2\/posts\/25212\/revisions"}],"predecessor-version":[{"id":25366,"href":"https:\/\/blog.bedandbreakfast.eu\/de\/wp-json\/wp\/v2\/posts\/25212\/revisions\/25366"}],"wp:featuredmedia":[{"embeddable":true,"href":"https:\/\/blog.bedandbreakfast.eu\/de\/wp-json\/wp\/v2\/media\/25007"}],"wp:attachment":[{"href":"https:\/\/blog.bedandbreakfast.eu\/de\/wp-json\/wp\/v2\/media?parent=25212"}],"wp:term":[{"taxonomy":"category","embeddable":true,"href":"https:\/\/blog.bedandbreakfast.eu\/de\/wp-json\/wp\/v2\/categories?post=25212"},{"taxonomy":"post_tag","embeddable":true,"href":"https:\/\/blog.bedandbreakfast.eu\/de\/wp-json\/wp\/v2\/tags?post=25212"},{"taxonomy":"author","embeddable":true,"href":"https:\/\/blog.bedandbreakfast.eu\/de\/wp-json\/wp\/v2\/coauthors?post=25212"}],"curies":[{"name":"wp","href":"https:\/\/api.w.org\/{rel}","templated":true}]}}