{"id":17089,"date":"2019-12-19T08:00:22","date_gmt":"2019-12-19T08:00:22","guid":{"rendered":"https:\/\/blog.bedandbreakfast.eu\/?p=17089\/"},"modified":"2019-12-19T09:07:36","modified_gmt":"2019-12-19T09:07:36","slug":"5-schone-gruppenunterkunfte-fur-familien-un-freunde","status":"publish","type":"post","link":"https:\/\/blog.bedandbreakfast.eu\/de\/5-schone-gruppenunterkunfte-fur-familien-un-freunde\/","title":{"rendered":"5 Sch\u00f6ne Gruppenunterk\u00fcnfte f\u00fcr Familien und Freunde"},"content":{"rendered":"<p><a href=\"https:\/\/www.bedandbreakfast.eu\/privatzimmer\/granada\/cortijo-del-pino\/121744\/\" target=\"_blank\" rel=\"noopener noreferrer\"><img loading=\"lazy\" decoding=\"async\" class=\"alignnone wp-image-17008 size-full\" title=\"Cortijo del Pino\" src=\"https://blog.bedandbreakfast.eu/wp-content\/uploads\/2019\/12\/Cortijo-del-Pino.jpg\" alt=\"Bedandbreakfast.eu; 5 Sch\u00f6ne Gruppenunterk\u00fcnfte f\u00fcr Familien und Freunde\" width=\"810\" height=\"450\" srcset=\"https:\/\/blog.bedandbreakfast.eu\/wp-content\/uploads\/2019\/12\/Cortijo-del-Pino.jpg 810w, https:\/\/blog.bedandbreakfast.eu\/wp-content\/uploads\/2019\/12\/Cortijo-del-Pino-300x167.jpg 300w, https:\/\/blog.bedandbreakfast.eu\/wp-content\/uploads\/2019\/12\/Cortijo-del-Pino-768x427.jpg 768w\" sizes=\"auto, (max-width: 810px) 100vw, 810px\" \/><\/a><\/p>\n<h4><strong>Cortijo del Pino, Spanien<\/strong><\/h4>\n<p>Nur etwa drei Kilometer von der historischen Stadt Granada entfernt finden Sie eine der sch\u00f6nsten Gruppenunterk\u00fcnfte in der Umgebung: El Cortijo del Pino. Dieses B&amp;B befindet sich in einem traditionellen Bauernhof und verf\u00fcgt \u00fcber vier gem\u00fctliche Apartments. Insgesamt k\u00f6nnen hier vierzehn Personen \u00fcbernachten. Die G\u00e4steunterk\u00fcnfte wurden liebevoll restauriert und mit allem modernen Komfort ausgestattet. Selbstverst\u00e4ndlich gibt es auch ein wunderbares Schwimmbad sowie die M\u00f6glichkeit, Fahrr\u00e4der zu mieten.<\/p>\n<p><strong><a class=\"mks_button mks_button_medium rounded\" href=\"https:\/\/www.bedandbreakfast.eu\/privatzimmer\/granada\/cortijo-del-pino\/121744\/\" target=\"_blank\" style=\"color: #FFFFFF; background-color: #e3458c;\" >Cortijo del Pino<\/a><\/strong><\/p>\n<p><a href=\"https:\/\/www.bedandbreakfast.eu\/privatzimmer\/silves\/casa-dos-ninos-algarve-bed-and-breakfast\/4785997\/\" target=\"_blank\" rel=\"noopener noreferrer\"><img loading=\"lazy\" decoding=\"async\" class=\"alignnone wp-image-17006 size-full\" title=\"Casa dos Ninos Algarve\" src=\"https://blog.bedandbreakfast.eu/wp-content\/uploads\/2019\/12\/Casa-dos-Ninos-Algarve-.jpg\" alt=\"\" width=\"810\" height=\"450\" srcset=\"https:\/\/blog.bedandbreakfast.eu\/wp-content\/uploads\/2019\/12\/Casa-dos-Ninos-Algarve-.jpg 810w, https:\/\/blog.bedandbreakfast.eu\/wp-content\/uploads\/2019\/12\/Casa-dos-Ninos-Algarve--300x167.jpg 300w, https:\/\/blog.bedandbreakfast.eu\/wp-content\/uploads\/2019\/12\/Casa-dos-Ninos-Algarve--768x427.jpg 768w\" sizes=\"auto, (max-width: 810px) 100vw, 810px\" \/><\/a><\/p>\n<h4><strong>Casa dos Ninos, Portugal<\/strong><\/h4>\n<p><span style=\"font-weight: 400;\">Suchen Sie sch\u00f6ne Gruppenunterk\u00fcnfte in der Algarve? Casa dos Ninos bietet Ihnen ausreichend Platz f\u00fcr einen unvergesslichen Urlaub mit Ihren Freunden. Dieses einzigartige B&amp;B verf\u00fcgt \u00fcber sechs komfortable Zimmer, die an einen Patio mit Schwimmbad grenzen. G\u00e4ste d\u00fcrfen hier au\u00dferdem eine vollst\u00e4ndig eingerichtete K\u00fcche mit Esszimmer nutzen. In der direkten Umgebung gibt es jede Menge zu erleben; entdecken Sie zusammen das pulsierende Albufeira und besuchen Sie das nahgelegene Faro.<\/span><\/p>\n<p><span style=\"font-weight: 400;\"><strong><a class=\"mks_button mks_button_medium rounded\" href=\"https:\/\/www.bedandbreakfast.eu\/privatzimmer\/silves\/casa-dos-ninos-algarve-bed-and-breakfast\/4785997\/\" target=\"_blank\" style=\"color: #FFFFFF; background-color: #e3458c;\" >Casa dos Ninos<\/a><\/strong><\/span><\/p>\n<p><a href=\"https:\/\/www.bedandbreakfast.eu\/privatzimmer\/montecarotto\/casa-montale\/2651976\/\" target=\"_blank\" rel=\"noopener noreferrer\"><img loading=\"lazy\" decoding=\"async\" class=\"alignnone wp-image-17015 size-full\" title=\"Casa Montale\" src=\"https://blog.bedandbreakfast.eu/wp-content\/uploads\/2019\/12\/Casa-Montale-ok.jpg\" alt=\"\" width=\"810\" height=\"450\" srcset=\"https:\/\/blog.bedandbreakfast.eu\/wp-content\/uploads\/2019\/12\/Casa-Montale-ok.jpg 810w, https:\/\/blog.bedandbreakfast.eu\/wp-content\/uploads\/2019\/12\/Casa-Montale-ok-300x167.jpg 300w, https:\/\/blog.bedandbreakfast.eu\/wp-content\/uploads\/2019\/12\/Casa-Montale-ok-768x427.jpg 768w\" sizes=\"auto, (max-width: 810px) 100vw, 810px\" \/><\/a><\/p>\n<h4><strong>Casa Montale, Italien<\/strong><\/h4>\n<p>Die italienische Region Le Marche ist reich an prachtvollen Ferienh\u00e4usern, doch Casa Montale ist besonders f\u00fcr gro\u00dfe Gruppen geeignet. Diese sch\u00f6ne Familienunterkunft liegt zwischen den gr\u00fcnen H\u00fcgeln von Ancona und bietet in f\u00fcnf m\u00f6blierten Apartments bis f\u00fcnfundzwanzig Personen Platz. Das Haus verf\u00fcgt au\u00dferdem \u00fcber einen gro\u00dfen Garten mit zwei Schwimmb\u00e4dern, Grillplatz, Trampolin und einer Baumh\u00fctte. Kurzum: der ideale Platz f\u00fcr wunderbare Sommerferien.<\/p>\n<p><strong><a class=\"mks_button mks_button_medium rounded\" href=\"https:\/\/www.bedandbreakfast.eu\/privatzimmer\/montecarotto\/casa-montale\/2651976\/\" target=\"_blank\" style=\"color: #FFFFFF; background-color: #e3458c;\" >Casa Montale<\/a><\/strong><\/p>\n<p><span style=\"font-weight: 400;\">\u00a0<a href=\"https:\/\/www.bedandbreakfast.eu\/privatzimmer\/eygaliers\/fontaine-du-pommier\/2651989\/\" target=\"_blank\" rel=\"noopener noreferrer\"><img loading=\"lazy\" decoding=\"async\" class=\"alignnone wp-image-17005 size-full\" title=\"Fontaine du Pommier\" src=\"https://blog.bedandbreakfast.eu/wp-content\/uploads\/2019\/12\/fontainedupommier.jpg\" alt=\"\" width=\"810\" height=\"450\" srcset=\"https:\/\/blog.bedandbreakfast.eu\/wp-content\/uploads\/2019\/12\/fontainedupommier.jpg 810w, https:\/\/blog.bedandbreakfast.eu\/wp-content\/uploads\/2019\/12\/fontainedupommier-300x167.jpg 300w, https:\/\/blog.bedandbreakfast.eu\/wp-content\/uploads\/2019\/12\/fontainedupommier-768x427.jpg 768w\" sizes=\"auto, (max-width: 810px) 100vw, 810px\" \/><\/a><\/span><\/p>\n<h4><strong>Fontaine du Pommier, Frankreich<\/strong><\/h4>\n<p><span style=\"font-weight: 400;\">Gruppenunterk\u00fcnfte in Frankreich sind \u00e4u\u00dferst beliebt f\u00fcr Ferien mit Familie oder Freunden. Buchen Sie f\u00fcr Ihren Urlaub Fontaine du Pommier und erleben Sie gemeinsam eine wundervolle Zeit in der provenzialischen Umgebung. Die Luxusunterkunft liegt auf einem Landgut und bietet den Komfort eines Hotels, kombiniert mit der Gastfreundlichkeit eines B&amp;Bs. Reservieren Sie in dieser Familienunterkunft schnell Ihren Aufenthalt f\u00fcr bis zu zehn Personen und z\u00e4hlen Sie gemeinsam die Tage bis zu einem unvergesslichen Urlaub mit dem Luxus eines franz\u00f6sischen Fr\u00fchst\u00fccks!<\/span><\/p>\n<p><strong><a class=\"mks_button mks_button_medium rounded\" href=\"https:\/\/www.bedandbreakfast.eu\/privatzimmer\/eygaliers\/fontaine-du-pommier\/2651989\/\" target=\"_blank\" style=\"color: #FFFFFF; background-color: #e3458c;\" >Fontaine du Pommier<\/a><\/strong><\/p>\n<p><a href=\"https:\/\/www.bedandbreakfast.eu\/privatzimmer\/kaatsheuvel\/dreamzzz\/6089609\/\" target=\"_blank\" rel=\"noopener noreferrer\"><img loading=\"lazy\" decoding=\"async\" class=\"alignnone wp-image-17025 size-full\" title=\"DreamZzz\" src=\"https://blog.bedandbreakfast.eu/wp-content\/uploads\/2019\/12\/deamzz.jpg\" alt=\"\" width=\"810\" height=\"450\" srcset=\"https:\/\/blog.bedandbreakfast.eu\/wp-content\/uploads\/2019\/12\/deamzz.jpg 810w, https:\/\/blog.bedandbreakfast.eu\/wp-content\/uploads\/2019\/12\/deamzz-300x167.jpg 300w, https:\/\/blog.bedandbreakfast.eu\/wp-content\/uploads\/2019\/12\/deamzz-768x427.jpg 768w\" sizes=\"auto, (max-width: 810px) 100vw, 810px\" \/><\/a><\/p>\n<h4><strong>DreamZzz, Niederlande<\/strong><\/h4>\n<p><span style=\"font-weight: 400;\">DreamZzz f\u00e4llt vielleicht nicht ganz unter die Kategorie Gruppenunterk\u00fcnfte, doch dieses stilvolle B&amp;B ist perfekt f\u00fcr Familien, die den Freizeitpark Efteling besuchen m\u00f6chten. Das B&amp;B liegt n\u00e4mlich nur wenige Gehminuten entfernt. Es gibt zwei sch\u00f6ne G\u00e4stezimmer, in denen bis zu acht Personen \u00fcbernachten k\u00f6nnen. Nat\u00fcrlich inklusiv Fr\u00fchst\u00fcck und einer sch\u00f6nen Aussicht auf die denkmalgesch\u00fctzte M\u00fchle gegen\u00fcber des B&amp;Bs! Von dieser Familienunterkunft aus laufen Sie au\u00dferdem in wenigen Minuten zum Nationalpark De Loonse und den Drunense Duinen.<\/span><\/p>\n<p><strong><a class=\"mks_button mks_button_medium rounded\" href=\"https:\/\/www.bedandbreakfast.eu\/privatzimmer\/kaatsheuvel\/dreamzzz\/6089609\/\" target=\"_blank\" style=\"color: #FFFFFF; background-color: #e3458c;\" >DreamZzz<\/a><\/strong><\/p>\n<p><strong>Diesen Artikel teilen:<\/strong><\/p>\n","protected":false},"excerpt":{"rendered":"<p>Viele B&#038;Bs sind ideale Ferienh\u00e4user f\u00fcr gro\u00dfe Gruppen, perfekt f\u00fcr einen Urlaub oder ein Wochenende mit Familie oder Freunden. Entdecken Sie schnell die sch\u00f6nsten Gruppenunterk\u00fcnfte, in denen Sie zusammen die sch\u00f6nsten Erinnerungen erleben k\u00f6nnen!<\/p>\n","protected":false},"author":21,"featured_media":17028,"comment_status":"open","ping_status":"open","sticky":false,"template":"","format":"standard","meta":{"_monsterinsights_skip_tracking":false,"_monsterinsights_sitenote_active":false,"_monsterinsights_sitenote_note":"","_monsterinsights_sitenote_category":0,"_jetpack_newsletter_access":"","_jetpack_dont_email_post_to_subs":false,"_jetpack_newsletter_tier_id":0,"_jetpack_memberships_contains_paywalled_content":false,"_jetpack_memberships_contains_paid_content":false,"footnotes":""},"categories":[3568],"tags":[2140,2141,658,5194,5193,1613],"coauthors":[3785],"class_list":["post-17089","post","type-post","status-publish","format-standard","has-post-thumbnail","hentry","category-einzigartige-bb-de","tag-bb-de","tag-bed-breakfast-de","tag-bed-and-breakfast-de","tag-familienunterkuenft","tag-gruppenunterkuenfte","tag-privatzimmer-de"],"yoast_head":"<!-- This site is optimized with the Yoast SEO plugin v27.5 - https:\/\/yoast.com\/product\/yoast-seo-wordpress\/ -->\n<title>5 Sch\u00f6ne Gruppenunterk\u00fcnfte f\u00fcr Familien und Freunde - | Bedandbreakfast.eu<\/title>\n<meta name=\"description\" content=\"Viele B&amp;Bs sind ideale Ferienh\u00e4user f\u00fcr gro\u00dfe Gruppen, perfekt f\u00fcr einen Urlaub oder ein Wochenende mit Familie oder Freunden. Entdecken Sie schnell die sch\u00f6nsten Gruppenunterk\u00fcnfte, in denen Sie zusammen die sch\u00f6nsten Erinnerungen erleben k\u00f6nnen!\" \/>\n<meta name=\"robots\" content=\"index, follow, max-snippet:-1, max-image-preview:large, max-video-preview:-1\" \/>\n<link rel=\"canonical\" href=\"https:\/\/blog.bedandbreakfast.eu\/de\/5-schone-gruppenunterkunfte-fur-familien-un-freunde\/\" \/>\n<meta property=\"og:locale\" content=\"de_DE\" \/>\n<meta property=\"og:type\" content=\"article\" \/>\n<meta property=\"og:title\" content=\"5 Sch\u00f6ne Gruppenunterk\u00fcnfte f\u00fcr Familien und Freunde - | Bedandbreakfast.eu\" \/>\n<meta property=\"og:description\" content=\"Viele B&amp;Bs sind ideale Ferienh\u00e4user f\u00fcr gro\u00dfe Gruppen, perfekt f\u00fcr einen Urlaub oder ein Wochenende mit Familie oder Freunden. Entdecken Sie schnell die sch\u00f6nsten Gruppenunterk\u00fcnfte, in denen Sie zusammen die sch\u00f6nsten Erinnerungen erleben k\u00f6nnen!\" \/>\n<meta property=\"og:url\" content=\"https:\/\/blog.bedandbreakfast.eu\/de\/5-schone-gruppenunterkunfte-fur-familien-un-freunde\/\" \/>\n<meta property=\"og:site_name\" content=\"Bed and Breakfast Blog | Bedandbreakfast.eu\" \/>\n<meta property=\"article:published_time\" content=\"2019-12-19T08:00:22+00:00\" \/>\n<meta property=\"article:modified_time\" content=\"2019-12-19T09:07:36+00:00\" \/>\n<meta property=\"og:image\" content=\"https:\/\/blog.bedandbreakfast.eu\/wp-content\/uploads\/2019\/12\/Header_casa-vacanza.jpg\" \/>\n\t<meta property=\"og:image:width\" content=\"1140\" \/>\n\t<meta property=\"og:image:height\" content=\"453\" \/>\n\t<meta property=\"og:image:type\" content=\"image\/jpeg\" \/>\n<meta name=\"author\" content=\"Martina Rens\" \/>\n<meta name=\"twitter:card\" content=\"summary_large_image\" \/>\n<meta name=\"twitter:label1\" content=\"Verfasst von\" \/>\n\t<meta name=\"twitter:data1\" content=\"Martina Rens\" \/>\n\t<meta name=\"twitter:label2\" content=\"Gesch\u00e4tzte Lesezeit\" \/>\n\t<meta name=\"twitter:data2\" content=\"3\u00a0Minuten\" \/>\n\t<meta name=\"twitter:label3\" content=\"Written by\" \/>\n\t<meta name=\"twitter:data3\" content=\"Martina Rens\" \/>\n<script type=\"application\/ld+json\" class=\"yoast-schema-graph\">{\"@context\":\"https:\\\/\\\/schema.org\",\"@graph\":[{\"@type\":\"Article\",\"@id\":\"https:\\\/\\\/blog.bedandbreakfast.eu\\\/de\\\/5-schone-gruppenunterkunfte-fur-familien-un-freunde\\\/#article\",\"isPartOf\":{\"@id\":\"https:\\\/\\\/blog.bedandbreakfast.eu\\\/de\\\/5-schone-gruppenunterkunfte-fur-familien-un-freunde\\\/\"},\"author\":{\"name\":\"Martina Rens\",\"@id\":\"https:\\\/\\\/blog.bedandbreakfast.eu\\\/nl\\\/#\\\/schema\\\/person\\\/8a587c1e4a6aba802fce388a261de3ad\"},\"headline\":\"5 Sch\u00f6ne Gruppenunterk\u00fcnfte f\u00fcr Familien und Freunde\",\"datePublished\":\"2019-12-19T08:00:22+00:00\",\"dateModified\":\"2019-12-19T09:07:36+00:00\",\"mainEntityOfPage\":{\"@id\":\"https:\\\/\\\/blog.bedandbreakfast.eu\\\/de\\\/5-schone-gruppenunterkunfte-fur-familien-un-freunde\\\/\"},\"wordCount\":600,\"commentCount\":0,\"image\":{\"@id\":\"https:\\\/\\\/blog.bedandbreakfast.eu\\\/de\\\/5-schone-gruppenunterkunfte-fur-familien-un-freunde\\\/#primaryimage\"},\"thumbnailUrl\":\"https:\\\/\\\/blog.bedandbreakfast.eu\\\/wp-content\\\/uploads\\\/2019\\\/12\\\/Header_casa-vacanza.jpg\",\"keywords\":[\"B&amp;B\",\"bed &amp; breakfast\",\"bed and breakfast\",\"Familienunterk\u00fcnft\",\"Gruppenunterk\u00fcnfte\",\"Privatzimmer\"],\"articleSection\":[\"Einzigartige B&amp;Bs\"],\"inLanguage\":\"de\",\"potentialAction\":[{\"@type\":\"CommentAction\",\"name\":\"Comment\",\"target\":[\"https:\\\/\\\/blog.bedandbreakfast.eu\\\/de\\\/5-schone-gruppenunterkunfte-fur-familien-un-freunde\\\/#respond\"]}]},{\"@type\":\"WebPage\",\"@id\":\"https:\\\/\\\/blog.bedandbreakfast.eu\\\/de\\\/5-schone-gruppenunterkunfte-fur-familien-un-freunde\\\/\",\"url\":\"https:\\\/\\\/blog.bedandbreakfast.eu\\\/de\\\/5-schone-gruppenunterkunfte-fur-familien-un-freunde\\\/\",\"name\":\"5 Sch\u00f6ne Gruppenunterk\u00fcnfte f\u00fcr Familien und Freunde - | Bedandbreakfast.eu\",\"isPartOf\":{\"@id\":\"https:\\\/\\\/blog.bedandbreakfast.eu\\\/nl\\\/#website\"},\"primaryImageOfPage\":{\"@id\":\"https:\\\/\\\/blog.bedandbreakfast.eu\\\/de\\\/5-schone-gruppenunterkunfte-fur-familien-un-freunde\\\/#primaryimage\"},\"image\":{\"@id\":\"https:\\\/\\\/blog.bedandbreakfast.eu\\\/de\\\/5-schone-gruppenunterkunfte-fur-familien-un-freunde\\\/#primaryimage\"},\"thumbnailUrl\":\"https:\\\/\\\/blog.bedandbreakfast.eu\\\/wp-content\\\/uploads\\\/2019\\\/12\\\/Header_casa-vacanza.jpg\",\"datePublished\":\"2019-12-19T08:00:22+00:00\",\"dateModified\":\"2019-12-19T09:07:36+00:00\",\"author\":{\"@id\":\"https:\\\/\\\/blog.bedandbreakfast.eu\\\/nl\\\/#\\\/schema\\\/person\\\/8a587c1e4a6aba802fce388a261de3ad\"},\"description\":\"Viele B&Bs sind ideale Ferienh\u00e4user f\u00fcr gro\u00dfe Gruppen, perfekt f\u00fcr einen Urlaub oder ein Wochenende mit Familie oder Freunden. Entdecken Sie schnell die sch\u00f6nsten Gruppenunterk\u00fcnfte, in denen Sie zusammen die sch\u00f6nsten Erinnerungen erleben k\u00f6nnen!\",\"breadcrumb\":{\"@id\":\"https:\\\/\\\/blog.bedandbreakfast.eu\\\/de\\\/5-schone-gruppenunterkunfte-fur-familien-un-freunde\\\/#breadcrumb\"},\"inLanguage\":\"de\",\"potentialAction\":[{\"@type\":\"ReadAction\",\"target\":[\"https:\\\/\\\/blog.bedandbreakfast.eu\\\/de\\\/5-schone-gruppenunterkunfte-fur-familien-un-freunde\\\/\"]}]},{\"@type\":\"ImageObject\",\"inLanguage\":\"de\",\"@id\":\"https:\\\/\\\/blog.bedandbreakfast.eu\\\/de\\\/5-schone-gruppenunterkunfte-fur-familien-un-freunde\\\/#primaryimage\",\"url\":\"https:\\\/\\\/blog.bedandbreakfast.eu\\\/wp-content\\\/uploads\\\/2019\\\/12\\\/Header_casa-vacanza.jpg\",\"contentUrl\":\"https:\\\/\\\/blog.bedandbreakfast.eu\\\/wp-content\\\/uploads\\\/2019\\\/12\\\/Header_casa-vacanza.jpg\",\"width\":1140,\"height\":453},{\"@type\":\"BreadcrumbList\",\"@id\":\"https:\\\/\\\/blog.bedandbreakfast.eu\\\/de\\\/5-schone-gruppenunterkunfte-fur-familien-un-freunde\\\/#breadcrumb\",\"itemListElement\":[{\"@type\":\"ListItem\",\"position\":1,\"name\":\"Home\",\"item\":\"https:\\\/\\\/blog.bedandbreakfast.eu\\\/de\\\/\"},{\"@type\":\"ListItem\",\"position\":2,\"name\":\"5 Sch\u00f6ne Gruppenunterk\u00fcnfte f\u00fcr Familien und Freunde\"}]},{\"@type\":\"WebSite\",\"@id\":\"https:\\\/\\\/blog.bedandbreakfast.eu\\\/nl\\\/#website\",\"url\":\"https:\\\/\\\/blog.bedandbreakfast.eu\\\/nl\\\/\",\"name\":\"Bed and Breakfast Blog | Bedandbreakfast.eu\",\"description\":\"Ein Blog von Bedandbreakfast.eu \u00fcber ganz besondere Bed &amp; Breakfasts. Neue Inspirationen und Tipps f\u00fcr \u00dcbernachtungen und Kurztrips in Europas sch\u00f6nsten B&amp;Bs. \",\"potentialAction\":[{\"@type\":\"SearchAction\",\"target\":{\"@type\":\"EntryPoint\",\"urlTemplate\":\"https:\\\/\\\/blog.bedandbreakfast.eu\\\/nl\\\/?s={search_term_string}\"},\"query-input\":{\"@type\":\"PropertyValueSpecification\",\"valueRequired\":true,\"valueName\":\"search_term_string\"}}],\"inLanguage\":\"de\"},{\"@type\":\"Person\",\"@id\":\"https:\\\/\\\/blog.bedandbreakfast.eu\\\/nl\\\/#\\\/schema\\\/person\\\/8a587c1e4a6aba802fce388a261de3ad\",\"name\":\"Martina Rens\",\"image\":{\"@type\":\"ImageObject\",\"inLanguage\":\"de\",\"@id\":\"https:\\\/\\\/secure.gravatar.com\\\/avatar\\\/a8c265c6f0542aeaa2010734d7419655702a263b25c285ab9f624c24469f6656?s=96&d=mm&r=g27318bf0f22f9877f76937c5dd643a93\",\"url\":\"https:\\\/\\\/secure.gravatar.com\\\/avatar\\\/a8c265c6f0542aeaa2010734d7419655702a263b25c285ab9f624c24469f6656?s=96&d=mm&r=g\",\"contentUrl\":\"https:\\\/\\\/secure.gravatar.com\\\/avatar\\\/a8c265c6f0542aeaa2010734d7419655702a263b25c285ab9f624c24469f6656?s=96&d=mm&r=g\",\"caption\":\"Martina Rens\"},\"description\":\"Ist Deutsche und wohnt nach langem Auslandsaufenthalt wieder in Deutschland. Liebt Reisen sowie die Kultur und die kulinarischen K\u00f6stlichkeiten fremder L\u00e4nder. \u00dcbernachtet mit Vorliebe in kleinen, liebensw\u00fcrdigen B&amp;Bs, weil sie den pers\u00f6nlichen Service und die Herzlichkeit zu sch\u00e4tzen wei\u00df, Insider-Tipps f\u00fcr besondere Sehensw\u00fcrdigkeiten inklusive!\",\"url\":\"https:\\\/\\\/blog.bedandbreakfast.eu\\\/de\\\/author\\\/martina\\\/\"}]}<\/script>\n<!-- \/ Yoast SEO plugin. -->","yoast_head_json":{"title":"5 Sch\u00f6ne Gruppenunterk\u00fcnfte f\u00fcr Familien und Freunde - | Bedandbreakfast.eu","description":"Viele B&Bs sind ideale Ferienh\u00e4user f\u00fcr gro\u00dfe Gruppen, perfekt f\u00fcr einen Urlaub oder ein Wochenende mit Familie oder Freunden. Entdecken Sie schnell die sch\u00f6nsten Gruppenunterk\u00fcnfte, in denen Sie zusammen die sch\u00f6nsten Erinnerungen erleben k\u00f6nnen!","robots":{"index":"index","follow":"follow","max-snippet":"max-snippet:-1","max-image-preview":"max-image-preview:large","max-video-preview":"max-video-preview:-1"},"canonical":"https:\/\/blog.bedandbreakfast.eu\/de\/5-schone-gruppenunterkunfte-fur-familien-un-freunde\/","og_locale":"de_DE","og_type":"article","og_title":"5 Sch\u00f6ne Gruppenunterk\u00fcnfte f\u00fcr Familien und Freunde - | Bedandbreakfast.eu","og_description":"Viele B&Bs sind ideale Ferienh\u00e4user f\u00fcr gro\u00dfe Gruppen, perfekt f\u00fcr einen Urlaub oder ein Wochenende mit Familie oder Freunden. Entdecken Sie schnell die sch\u00f6nsten Gruppenunterk\u00fcnfte, in denen Sie zusammen die sch\u00f6nsten Erinnerungen erleben k\u00f6nnen!","og_url":"https:\/\/blog.bedandbreakfast.eu\/de\/5-schone-gruppenunterkunfte-fur-familien-un-freunde\/","og_site_name":"Bed and Breakfast Blog | Bedandbreakfast.eu","article_published_time":"2019-12-19T08:00:22+00:00","article_modified_time":"2019-12-19T09:07:36+00:00","og_image":[{"width":1140,"height":453,"url":"https:\/\/blog.bedandbreakfast.eu\/wp-content\/uploads\/2019\/12\/Header_casa-vacanza.jpg","type":"image\/jpeg"}],"author":"Martina Rens","twitter_card":"summary_large_image","twitter_misc":{"Verfasst von":"Martina Rens","Gesch\u00e4tzte Lesezeit":"3\u00a0Minuten","Written by":"Martina Rens"},"schema":{"@context":"https:\/\/schema.org","@graph":[{"@type":"Article","@id":"https:\/\/blog.bedandbreakfast.eu\/de\/5-schone-gruppenunterkunfte-fur-familien-un-freunde\/#article","isPartOf":{"@id":"https:\/\/blog.bedandbreakfast.eu\/de\/5-schone-gruppenunterkunfte-fur-familien-un-freunde\/"},"author":{"name":"Martina Rens","@id":"https:\/\/blog.bedandbreakfast.eu\/nl\/#\/schema\/person\/8a587c1e4a6aba802fce388a261de3ad"},"headline":"5 Sch\u00f6ne Gruppenunterk\u00fcnfte f\u00fcr Familien und Freunde","datePublished":"2019-12-19T08:00:22+00:00","dateModified":"2019-12-19T09:07:36+00:00","mainEntityOfPage":{"@id":"https:\/\/blog.bedandbreakfast.eu\/de\/5-schone-gruppenunterkunfte-fur-familien-un-freunde\/"},"wordCount":600,"commentCount":0,"image":{"@id":"https:\/\/blog.bedandbreakfast.eu\/de\/5-schone-gruppenunterkunfte-fur-familien-un-freunde\/#primaryimage"},"thumbnailUrl":"https:\/\/blog.bedandbreakfast.eu\/wp-content\/uploads\/2019\/12\/Header_casa-vacanza.jpg","keywords":["B&amp;B","bed &amp; breakfast","bed and breakfast","Familienunterk\u00fcnft","Gruppenunterk\u00fcnfte","Privatzimmer"],"articleSection":["Einzigartige B&amp;Bs"],"inLanguage":"de","potentialAction":[{"@type":"CommentAction","name":"Comment","target":["https:\/\/blog.bedandbreakfast.eu\/de\/5-schone-gruppenunterkunfte-fur-familien-un-freunde\/#respond"]}]},{"@type":"WebPage","@id":"https:\/\/blog.bedandbreakfast.eu\/de\/5-schone-gruppenunterkunfte-fur-familien-un-freunde\/","url":"https:\/\/blog.bedandbreakfast.eu\/de\/5-schone-gruppenunterkunfte-fur-familien-un-freunde\/","name":"5 Sch\u00f6ne Gruppenunterk\u00fcnfte f\u00fcr Familien und Freunde - | Bedandbreakfast.eu","isPartOf":{"@id":"https:\/\/blog.bedandbreakfast.eu\/nl\/#website"},"primaryImageOfPage":{"@id":"https:\/\/blog.bedandbreakfast.eu\/de\/5-schone-gruppenunterkunfte-fur-familien-un-freunde\/#primaryimage"},"image":{"@id":"https:\/\/blog.bedandbreakfast.eu\/de\/5-schone-gruppenunterkunfte-fur-familien-un-freunde\/#primaryimage"},"thumbnailUrl":"https:\/\/blog.bedandbreakfast.eu\/wp-content\/uploads\/2019\/12\/Header_casa-vacanza.jpg","datePublished":"2019-12-19T08:00:22+00:00","dateModified":"2019-12-19T09:07:36+00:00","author":{"@id":"https:\/\/blog.bedandbreakfast.eu\/nl\/#\/schema\/person\/8a587c1e4a6aba802fce388a261de3ad"},"description":"Viele B&Bs sind ideale Ferienh\u00e4user f\u00fcr gro\u00dfe Gruppen, perfekt f\u00fcr einen Urlaub oder ein Wochenende mit Familie oder Freunden. Entdecken Sie schnell die sch\u00f6nsten Gruppenunterk\u00fcnfte, in denen Sie zusammen die sch\u00f6nsten Erinnerungen erleben k\u00f6nnen!","breadcrumb":{"@id":"https:\/\/blog.bedandbreakfast.eu\/de\/5-schone-gruppenunterkunfte-fur-familien-un-freunde\/#breadcrumb"},"inLanguage":"de","potentialAction":[{"@type":"ReadAction","target":["https:\/\/blog.bedandbreakfast.eu\/de\/5-schone-gruppenunterkunfte-fur-familien-un-freunde\/"]}]},{"@type":"ImageObject","inLanguage":"de","@id":"https:\/\/blog.bedandbreakfast.eu\/de\/5-schone-gruppenunterkunfte-fur-familien-un-freunde\/#primaryimage","url":"https:\/\/blog.bedandbreakfast.eu\/wp-content\/uploads\/2019\/12\/Header_casa-vacanza.jpg","contentUrl":"https:\/\/blog.bedandbreakfast.eu\/wp-content\/uploads\/2019\/12\/Header_casa-vacanza.jpg","width":1140,"height":453},{"@type":"BreadcrumbList","@id":"https:\/\/blog.bedandbreakfast.eu\/de\/5-schone-gruppenunterkunfte-fur-familien-un-freunde\/#breadcrumb","itemListElement":[{"@type":"ListItem","position":1,"name":"Home","item":"https:\/\/blog.bedandbreakfast.eu\/de\/"},{"@type":"ListItem","position":2,"name":"5 Sch\u00f6ne Gruppenunterk\u00fcnfte f\u00fcr Familien und Freunde"}]},{"@type":"WebSite","@id":"https:\/\/blog.bedandbreakfast.eu\/nl\/#website","url":"https:\/\/blog.bedandbreakfast.eu\/nl\/","name":"Bed and Breakfast Blog | Bedandbreakfast.eu","description":"Ein Blog von Bedandbreakfast.eu \u00fcber ganz besondere Bed &amp; Breakfasts. Neue Inspirationen und Tipps f\u00fcr \u00dcbernachtungen und Kurztrips in Europas sch\u00f6nsten B&amp;Bs. ","potentialAction":[{"@type":"SearchAction","target":{"@type":"EntryPoint","urlTemplate":"https:\/\/blog.bedandbreakfast.eu\/nl\/?s={search_term_string}"},"query-input":{"@type":"PropertyValueSpecification","valueRequired":true,"valueName":"search_term_string"}}],"inLanguage":"de"},{"@type":"Person","@id":"https:\/\/blog.bedandbreakfast.eu\/nl\/#\/schema\/person\/8a587c1e4a6aba802fce388a261de3ad","name":"Martina Rens","image":{"@type":"ImageObject","inLanguage":"de","@id":"https:\/\/secure.gravatar.com\/avatar\/a8c265c6f0542aeaa2010734d7419655702a263b25c285ab9f624c24469f6656?s=96&d=mm&r=g27318bf0f22f9877f76937c5dd643a93","url":"https:\/\/secure.gravatar.com\/avatar\/a8c265c6f0542aeaa2010734d7419655702a263b25c285ab9f624c24469f6656?s=96&d=mm&r=g","contentUrl":"https:\/\/secure.gravatar.com\/avatar\/a8c265c6f0542aeaa2010734d7419655702a263b25c285ab9f624c24469f6656?s=96&d=mm&r=g","caption":"Martina Rens"},"description":"Ist Deutsche und wohnt nach langem Auslandsaufenthalt wieder in Deutschland. Liebt Reisen sowie die Kultur und die kulinarischen K\u00f6stlichkeiten fremder L\u00e4nder. \u00dcbernachtet mit Vorliebe in kleinen, liebensw\u00fcrdigen B&amp;Bs, weil sie den pers\u00f6nlichen Service und die Herzlichkeit zu sch\u00e4tzen wei\u00df, Insider-Tipps f\u00fcr besondere Sehensw\u00fcrdigkeiten inklusive!","url":"https:\/\/blog.bedandbreakfast.eu\/de\/author\/martina\/"}]}},"jetpack_featured_media_url":"https:\/\/blog.bedandbreakfast.eu\/wp-content\/uploads\/2019\/12\/Header_casa-vacanza.jpg","jetpack_shortlink":"https:\/\/wp.me\/p9vhf3-4rD","jetpack_sharing_enabled":true,"_links":{"self":[{"href":"https:\/\/blog.bedandbreakfast.eu\/de\/wp-json\/wp\/v2\/posts\/17089","targetHints":{"allow":["GET"]}}],"collection":[{"href":"https:\/\/blog.bedandbreakfast.eu\/de\/wp-json\/wp\/v2\/posts"}],"about":[{"href":"https:\/\/blog.bedandbreakfast.eu\/de\/wp-json\/wp\/v2\/types\/post"}],"author":[{"embeddable":true,"href":"https:\/\/blog.bedandbreakfast.eu\/de\/wp-json\/wp\/v2\/users\/21"}],"replies":[{"embeddable":true,"href":"https:\/\/blog.bedandbreakfast.eu\/de\/wp-json\/wp\/v2\/comments?post=17089"}],"version-history":[{"count":8,"href":"https:\/\/blog.bedandbreakfast.eu\/de\/wp-json\/wp\/v2\/posts\/17089\/revisions"}],"predecessor-version":[{"id":17163,"href":"https:\/\/blog.bedandbreakfast.eu\/de\/wp-json\/wp\/v2\/posts\/17089\/revisions\/17163"}],"wp:featuredmedia":[{"embeddable":true,"href":"https:\/\/blog.bedandbreakfast.eu\/de\/wp-json\/wp\/v2\/media\/17028"}],"wp:attachment":[{"href":"https:\/\/blog.bedandbreakfast.eu\/de\/wp-json\/wp\/v2\/media?parent=17089"}],"wp:term":[{"taxonomy":"category","embeddable":true,"href":"https:\/\/blog.bedandbreakfast.eu\/de\/wp-json\/wp\/v2\/categories?post=17089"},{"taxonomy":"post_tag","embeddable":true,"href":"https:\/\/blog.bedandbreakfast.eu\/de\/wp-json\/wp\/v2\/tags?post=17089"},{"taxonomy":"author","embeddable":true,"href":"https:\/\/blog.bedandbreakfast.eu\/de\/wp-json\/wp\/v2\/coauthors?post=17089"}],"curies":[{"name":"wp","href":"https:\/\/api.w.org\/{rel}","templated":true}]}}