{"id":16746,"date":"2022-10-10T08:00:25","date_gmt":"2022-10-10T08:00:25","guid":{"rendered":"https:\/\/blog.bedandbreakfast.eu\/?p=16746\/"},"modified":"2023-11-20T08:38:11","modified_gmt":"2023-11-20T08:38:11","slug":"5-zauberhafte-ziele-fur-die-weihnachtsferien","status":"publish","type":"post","link":"https:\/\/blog.bedandbreakfast.eu\/de\/5-zauberhafte-ziele-fur-die-weihnachtsferien\/","title":{"rendered":"5 zauberhafte Ziele f\u00fcr die Weihnachtsferien"},"content":{"rendered":"<p><a href=\"https:\/\/www.bedandbreakfast.eu\/de\/p\/604733\/lapland\" target=\"_blank\" rel=\"noopener noreferrer\"><img loading=\"lazy\" decoding=\"async\" class=\"alignnone wp-image-16679 size-full\" title=\"Bed and Breakfast Lappland\" src=\"https://blog.bedandbreakfast.eu/wp-content\/uploads\/2019\/10\/BB_Lapland_Finalnd.png\" alt=\"Bedandbreakfast.eu; 5 Zauberhafte Ziele f\u00fcr die Weihnachtsferien\" width=\"810\" height=\"450\" srcset=\"https:\/\/blog.bedandbreakfast.eu\/wp-content\/uploads\/2019\/10\/BB_Lapland_Finalnd.png 810w, https:\/\/blog.bedandbreakfast.eu\/wp-content\/uploads\/2019\/10\/BB_Lapland_Finalnd-300x167.png 300w, https:\/\/blog.bedandbreakfast.eu\/wp-content\/uploads\/2019\/10\/BB_Lapland_Finalnd-768x427.png 768w\" sizes=\"auto, (max-width: 810px) 100vw, 810px\" \/><\/a><\/p>\n<h4><strong>Weihnachtsferien in Lappland<\/strong><\/h4>\n<p><span style=\"font-weight: 400;\">Wenn Sie ein echter Weihnachtsfan sind, m\u00fcssen Sie eigentlich mindestens einmal in Ihrem Leben Ihren Weihnachtsurlaub in Lappland verbringen. Hier k\u00f6nnen Sie n\u00e4mlich das Haus des Weihnachtsmanns besuchen, wo Sie den gro\u00dfz\u00fcgigen Geber und seine Rentiere h\u00f6chstpers\u00f6nlich treffen k\u00f6nnen. Und was halten Sie von einer Schlittenfahrt mit Huskys? Nach dieser Tour w\u00e4rmen Sie sich in einer finnischen Sauna auf und bestaunen das magische Nordlicht von Ihrem B&amp;B aus.<\/span><\/p>\n<p><span style=\"font-weight: 400;\"><strong><a class=\"mks_button mks_button_medium rounded\" href=\"https:\/\/www.bedandbreakfast.eu\/p\/604733\/lapland\" target=\"_blank\" style=\"color: #FFFFFF; background-color: #e3458c;\" >Bed and Breakfast Lappland<\/a><\/strong><\/span><\/p>\n<p><a href=\"https:\/\/www.bedandbreakfast.eu\/de\/l\/3094802\/krakow\" target=\"_blank\" rel=\"noopener noreferrer\"><img loading=\"lazy\" decoding=\"async\" class=\"alignnone wp-image-16677 size-full\" title=\"Bed and Breakfast Krakau\" src=\"https://blog.bedandbreakfast.eu/wp-content\/uploads\/2019\/10\/BB-Krakow_Poland.png\" alt=\"\" width=\"810\" height=\"450\" srcset=\"https:\/\/blog.bedandbreakfast.eu\/wp-content\/uploads\/2019\/10\/BB-Krakow_Poland.png 810w, https:\/\/blog.bedandbreakfast.eu\/wp-content\/uploads\/2019\/10\/BB-Krakow_Poland-300x167.png 300w, https:\/\/blog.bedandbreakfast.eu\/wp-content\/uploads\/2019\/10\/BB-Krakow_Poland-768x427.png 768w\" sizes=\"auto, (max-width: 810px) 100vw, 810px\" \/><\/a><\/p>\n<h4><strong>Weihnachten in Krakau<\/strong><\/h4>\n<p><span style=\"font-weight: 400;\">Haben Sie schon einmal daran gedacht, Weihnachten in Krakau zu feiern? In den Weihnachtsferien k\u00f6nnen Sie hier stundenlang \u00fcber den riesigen Rynek Gl\u00f3wny Platz schlendern: Der mittelalterliche Marktplatz geh\u00f6rt zu den gr\u00f6\u00dften in Europa. Auf dem Platz findet w\u00e4hrend der Weihnachtszeit ein Weihnachtsmarkt mit allerlei St\u00e4nden und Kramb\u00fcdchen statt und an h\u00f6lzernen Chalets werden polnische Delikatessen und Gl\u00fchwein angeboten. Krakau ist w\u00e4hrend der Weihnachtstage festliche beleuchtet, und die Wahrscheinlichkeit, hier einen wei\u00dfen Winterurlaub zu erleben, ist gro\u00df.<\/span><\/p>\n<p><span style=\"font-weight: 400;\"><strong><a class=\"mks_button mks_button_medium rounded\" href=\"https:\/\/www.bedandbreakfast.eu\/de\/l\/3094802\/krakow\" target=\"_blank\" style=\"color: #FFFFFF; background-color: #e3458c;\" >Bed and Breakfast Krakau<\/a><\/strong><\/span><\/p>\n<p><a href=\"https:\/\/www.bedandbreakfast.eu\/de\/l\/5892532\/banff\" target=\"_blank\" rel=\"noopener noreferrer\"><img loading=\"lazy\" decoding=\"async\" class=\"alignnone wp-image-16678 size-full\" title=\"Bed and Breakfast Banff\" src=\"https://blog.bedandbreakfast.eu/wp-content\/uploads\/2019\/10\/BB_Banff_Canada.png\" alt=\"\" width=\"810\" height=\"450\" srcset=\"https:\/\/blog.bedandbreakfast.eu\/wp-content\/uploads\/2019\/10\/BB_Banff_Canada.png 810w, https:\/\/blog.bedandbreakfast.eu\/wp-content\/uploads\/2019\/10\/BB_Banff_Canada-300x167.png 300w, https:\/\/blog.bedandbreakfast.eu\/wp-content\/uploads\/2019\/10\/BB_Banff_Canada-768x427.png 768w\" sizes=\"auto, (max-width: 810px) 100vw, 810px\" \/><\/a><\/p>\n<h4><strong>Wei\u00dfe Weihnachten in Kanada<\/strong><\/h4>\n<p><span style=\"font-weight: 400;\">Tr\u00e4umen Sie von wei\u00dfen Weihnachten in Kanada? Machen Sie doch einfach in den kommenden Weihnachtsferien Ihren Traum wahr und reisen Sie an dieses schneereiche Ziel! Nicht nur die Natur, sondern auch die St\u00e4dte sind gro\u00df und beeindruckend, doch in der Weihnachtszeit ist die Atmosph\u00e4re hier besonders magisch. Verbringen Sie Ihren Weihnachtsurlaub beispielsweise in einem B&amp;B im Banff Nationalpark, im lebhaften Toronto oder in Montreal, wo ein Besuch der Weihnachtsparade nicht fehlen darf. Reservieren Sie direkt Ihr B&amp;B:\u00a0<\/span><\/p>\n<ul>\n<li><a href=\"https:\/\/www.bedandbreakfast.eu\/de\/l\/5892532\/banff\" target=\"_blank\" rel=\"noopener noreferrer\"><span style=\"font-weight: 400;\">Banff<\/span><\/a><\/li>\n<li><a href=\"https:\/\/www.bedandbreakfast.eu\/de\/l\/6077243\/montreal\" target=\"_blank\" rel=\"noopener noreferrer\">Montreal<\/a><\/li>\n<li><a href=\"https:\/\/www.bedandbreakfast.eu\/de\/l\/6167865\/toronto\" target=\"_blank\" rel=\"noopener noreferrer\">Toronto<\/a><\/li>\n<li><a href=\"https:\/\/www.bedandbreakfast.eu\/de\/l\/6173331\/vancouver\" target=\"_blank\" rel=\"noopener noreferrer\">Vancouver<\/a><\/li>\n<li><a href=\"https:\/\/www.bedandbreakfast.eu\/de\/l\/6094817\/ottawa\" target=\"_blank\" rel=\"noopener noreferrer\">Ottawa<\/a><\/li>\n<\/ul>\n<p><a href=\"https:\/\/www.bedandbreakfast.eu\/de\/l\/3060972\/bratislava\" target=\"_blank\" rel=\"noopener noreferrer\"><img loading=\"lazy\" decoding=\"async\" class=\"alignnone wp-image-16681 size-full\" title=\"Bed and Breakfast Bratislava\" src=\"https://blog.bedandbreakfast.eu/wp-content\/uploads\/2019\/10\/BB_Bratislava.png\" alt=\"\" width=\"810\" height=\"450\" srcset=\"https:\/\/blog.bedandbreakfast.eu\/wp-content\/uploads\/2019\/10\/BB_Bratislava.png 810w, https:\/\/blog.bedandbreakfast.eu\/wp-content\/uploads\/2019\/10\/BB_Bratislava-300x167.png 300w, https:\/\/blog.bedandbreakfast.eu\/wp-content\/uploads\/2019\/10\/BB_Bratislava-768x427.png 768w\" sizes=\"auto, (max-width: 810px) 100vw, 810px\" \/><\/a><\/p>\n<h4><strong>Lebendiges Bratislava<\/strong><\/h4>\n<p><span style=\"font-weight: 400;\">Die Hauptstadt der Slowakei ist vielleicht nicht unbedingt das erste Ziel, an das Sie f\u00fcr einen Weihnachtsurlaub denken. Ein Grund mehr, diese lebendige Stadt zwischen Mittel- und Osteuropa zu besuchen. Entdecken Sie den sch\u00f6nen Weihnachtsmarkt auf dem Hlavn\u00e9 N\u00e1mestie \u2013 dem Hauptplatz, auf dem es Hunderte Weihnachtsst\u00e4nde zu entdecken gilt. Dazu finden die verschiedensten Aktivit\u00e4ten, Shows und Konzerte statt. Erleben Sie Ihre Weihnachtsferien in Bratislava in einem gastfreundlichen B&amp;B!<\/span><\/p>\n<p><span style=\"font-weight: 400;\"><strong><a class=\"mks_button mks_button_medium rounded\" href=\"https:\/\/www.bedandbreakfast.eu\/de\/l\/3060972\/bratislava\" target=\"_blank\" style=\"color: #FFFFFF; background-color: #e3458c;\" >Bed and Breakfast Bratislava<\/a><\/strong><\/span><\/p>\n<p><a href=\"https:\/\/www.bedandbreakfast.eu\/de\/l\/2935022\/dresden\" target=\"_blank\" rel=\"noopener noreferrer\"><img loading=\"lazy\" decoding=\"async\" class=\"alignnone wp-image-16683 size-full\" title=\"Bed and Breakfast Dresden\" src=\"https://blog.bedandbreakfast.eu/wp-content\/uploads\/2019\/10\/BB_Dresden_Germany.png\" alt=\"\" width=\"810\" height=\"450\" srcset=\"https:\/\/blog.bedandbreakfast.eu\/wp-content\/uploads\/2019\/10\/BB_Dresden_Germany.png 810w, https:\/\/blog.bedandbreakfast.eu\/wp-content\/uploads\/2019\/10\/BB_Dresden_Germany-300x167.png 300w, https:\/\/blog.bedandbreakfast.eu\/wp-content\/uploads\/2019\/10\/BB_Dresden_Germany-768x427.png 768w\" sizes=\"auto, (max-width: 810px) 100vw, 810px\" \/><\/a><\/p>\n<h4><strong>Traditionelles Weihnachtsfest in Dresden<\/strong><\/h4>\n<p><span style=\"font-weight: 400;\">Weihnachten und Deutschland sind seit ewigen Zeiten unzertrennbar miteinander verbunden. \u00dcberall finden Weihnachtsm\u00e4rkte statt, von denen der Markt in Dresden vielleicht der Beliebteste ist. Zum ersten Mal fand der Dresdner Striezelmarkt 1434 statt; seitdem haben Millionen Menschen diesen zauberhaften Dezembermarkt besucht. Buchen Sie f\u00fcr Ihre Weihnachtsferien einen wundersch\u00f6nen Aufenthalt in dieser historischen Stadt und tauchen Sie ein in die magische Weihnachtsatmosph\u00e4re!<\/span><\/p>\n<p><span style=\"font-weight: 400;\"><strong><a class=\"mks_button mks_button_medium rounded\" href=\"https:\/\/www.bedandbreakfast.eu\/de\/l\/2935022\/dresden\" target=\"_blank\" style=\"color: #FFFFFF; background-color: #e3458c;\" >Bed and Breakfast Dresden<\/a><\/strong>\u00a0<\/span><\/p>\n<p><strong>Diesen Artikel teilen:<\/strong><\/p>\n","protected":false},"excerpt":{"rendered":"<p>Vom m\u00e4rchenhaften Lappland bis zum modernen Bratislava \u2026 die sch\u00f6nste Zeit des Jahres ist noch sch\u00f6ner in einem B&#038;B an einem zauberhaften Winterziel; entdecken Sie die magischsten Orte f\u00fcr einen unvergesslichen Weihnachtsurlaub!<\/p>\n","protected":false},"author":39,"featured_media":35586,"comment_status":"open","ping_status":"open","sticky":false,"template":"","format":"standard","meta":{"_monsterinsights_skip_tracking":false,"_monsterinsights_sitenote_active":false,"_monsterinsights_sitenote_note":"","_monsterinsights_sitenote_category":0,"_jetpack_newsletter_access":"","_jetpack_dont_email_post_to_subs":false,"_jetpack_newsletter_tier_id":0,"_jetpack_memberships_contains_paywalled_content":false,"_jetpack_memberships_contains_paid_content":false,"footnotes":""},"categories":[3549],"tags":[2140,2141,658,5095,5096,1613,5097],"coauthors":[6034],"class_list":["post-16746","post","type-post","status-publish","format-standard","has-post-thumbnail","hentry","category-beliebte-ziele-de","tag-bb-de","tag-bed-breakfast-de","tag-bed-and-breakfast-de","tag-best-christmas-getaways-de","tag-christmas-in-lapland-de","tag-privatzimmer-de","tag-weihnachtsferien"],"yoast_head":"<!-- This site is optimized with the Yoast SEO plugin v27.4 - https:\/\/yoast.com\/product\/yoast-seo-wordpress\/ -->\n<title>5 zauberhafte Ziele f\u00fcr die Weihnachtsferien | Bedandbreakfast.eu<\/title>\n<meta name=\"description\" content=\"Vom m\u00e4rchenhaften Lappland bis zum modernen Bratislava \u2026 die sch\u00f6nste Zeit des Jahres ist noch sch\u00f6ner in einem B&amp;B an einem zauberhaften Winterziel.\" \/>\n<meta name=\"robots\" content=\"index, follow, max-snippet:-1, max-image-preview:large, max-video-preview:-1\" \/>\n<link rel=\"canonical\" href=\"https:\/\/blog.bedandbreakfast.eu\/de\/5-zauberhafte-ziele-fur-die-weihnachtsferien\/\" \/>\n<meta property=\"og:locale\" content=\"de_DE\" \/>\n<meta property=\"og:type\" content=\"article\" \/>\n<meta property=\"og:title\" content=\"5 zauberhafte Ziele f\u00fcr die Weihnachtsferien | Bedandbreakfast.eu\" \/>\n<meta property=\"og:description\" content=\"Vom m\u00e4rchenhaften Lappland bis zum modernen Bratislava \u2026 die sch\u00f6nste Zeit des Jahres ist noch sch\u00f6ner in einem B&amp;B an einem zauberhaften Winterziel.\" \/>\n<meta property=\"og:url\" content=\"https:\/\/blog.bedandbreakfast.eu\/de\/5-zauberhafte-ziele-fur-die-weihnachtsferien\/\" \/>\n<meta property=\"og:site_name\" content=\"Bed and Breakfast Blog | Bedandbreakfast.eu\" \/>\n<meta property=\"article:published_time\" content=\"2022-10-10T08:00:25+00:00\" \/>\n<meta property=\"article:modified_time\" content=\"2023-11-20T08:38:11+00:00\" \/>\n<meta property=\"og:image\" content=\"https:\/\/blog.bedandbreakfast.eu\/wp-content\/uploads\/2019\/11\/bed-and-breakfast-europe-nov-22-christmas-destinations.jpg\" \/>\n\t<meta property=\"og:image:width\" content=\"1140\" \/>\n\t<meta property=\"og:image:height\" content=\"453\" \/>\n\t<meta property=\"og:image:type\" content=\"image\/jpeg\" \/>\n<meta name=\"author\" content=\"Ruth Elsaesser\" \/>\n<meta name=\"twitter:card\" content=\"summary_large_image\" \/>\n<meta name=\"twitter:label1\" content=\"Verfasst von\" \/>\n\t<meta name=\"twitter:data1\" content=\"Ruth Elsaesser\" \/>\n\t<meta name=\"twitter:label2\" content=\"Gesch\u00e4tzte Lesezeit\" \/>\n\t<meta name=\"twitter:data2\" content=\"3\u00a0Minuten\" \/>\n\t<meta name=\"twitter:label3\" content=\"Written by\" \/>\n\t<meta name=\"twitter:data3\" content=\"Ruth Elsaesser\" \/>\n<script type=\"application\/ld+json\" class=\"yoast-schema-graph\">{\"@context\":\"https:\\\/\\\/schema.org\",\"@graph\":[{\"@type\":\"Article\",\"@id\":\"https:\\\/\\\/blog.bedandbreakfast.eu\\\/de\\\/5-zauberhafte-ziele-fur-die-weihnachtsferien\\\/#article\",\"isPartOf\":{\"@id\":\"https:\\\/\\\/blog.bedandbreakfast.eu\\\/de\\\/5-zauberhafte-ziele-fur-die-weihnachtsferien\\\/\"},\"author\":{\"name\":\"Ruth Elsaesser\",\"@id\":\"https:\\\/\\\/blog.bedandbreakfast.eu\\\/nl\\\/#\\\/schema\\\/person\\\/65c5a13fb210fcf876bcbf7790473f47\"},\"headline\":\"5 zauberhafte Ziele f\u00fcr die Weihnachtsferien\",\"datePublished\":\"2022-10-10T08:00:25+00:00\",\"dateModified\":\"2023-11-20T08:38:11+00:00\",\"mainEntityOfPage\":{\"@id\":\"https:\\\/\\\/blog.bedandbreakfast.eu\\\/de\\\/5-zauberhafte-ziele-fur-die-weihnachtsferien\\\/\"},\"wordCount\":545,\"commentCount\":0,\"image\":{\"@id\":\"https:\\\/\\\/blog.bedandbreakfast.eu\\\/de\\\/5-zauberhafte-ziele-fur-die-weihnachtsferien\\\/#primaryimage\"},\"thumbnailUrl\":\"https:\\\/\\\/blog.bedandbreakfast.eu\\\/wp-content\\\/uploads\\\/2019\\\/11\\\/bed-and-breakfast-europe-nov-22-christmas-destinations.jpg\",\"keywords\":[\"B&amp;B\",\"bed &amp; breakfast\",\"bed and breakfast\",\"best christmas getaways\",\"Christmas in Lapland\",\"Privatzimmer\",\"Weihnachtsferien\"],\"articleSection\":[\"Beliebte Ziele\"],\"inLanguage\":\"de\",\"potentialAction\":[{\"@type\":\"CommentAction\",\"name\":\"Comment\",\"target\":[\"https:\\\/\\\/blog.bedandbreakfast.eu\\\/de\\\/5-zauberhafte-ziele-fur-die-weihnachtsferien\\\/#respond\"]}]},{\"@type\":\"WebPage\",\"@id\":\"https:\\\/\\\/blog.bedandbreakfast.eu\\\/de\\\/5-zauberhafte-ziele-fur-die-weihnachtsferien\\\/\",\"url\":\"https:\\\/\\\/blog.bedandbreakfast.eu\\\/de\\\/5-zauberhafte-ziele-fur-die-weihnachtsferien\\\/\",\"name\":\"5 zauberhafte Ziele f\u00fcr die Weihnachtsferien | Bedandbreakfast.eu\",\"isPartOf\":{\"@id\":\"https:\\\/\\\/blog.bedandbreakfast.eu\\\/nl\\\/#website\"},\"primaryImageOfPage\":{\"@id\":\"https:\\\/\\\/blog.bedandbreakfast.eu\\\/de\\\/5-zauberhafte-ziele-fur-die-weihnachtsferien\\\/#primaryimage\"},\"image\":{\"@id\":\"https:\\\/\\\/blog.bedandbreakfast.eu\\\/de\\\/5-zauberhafte-ziele-fur-die-weihnachtsferien\\\/#primaryimage\"},\"thumbnailUrl\":\"https:\\\/\\\/blog.bedandbreakfast.eu\\\/wp-content\\\/uploads\\\/2019\\\/11\\\/bed-and-breakfast-europe-nov-22-christmas-destinations.jpg\",\"datePublished\":\"2022-10-10T08:00:25+00:00\",\"dateModified\":\"2023-11-20T08:38:11+00:00\",\"author\":{\"@id\":\"https:\\\/\\\/blog.bedandbreakfast.eu\\\/nl\\\/#\\\/schema\\\/person\\\/65c5a13fb210fcf876bcbf7790473f47\"},\"description\":\"Vom m\u00e4rchenhaften Lappland bis zum modernen Bratislava \u2026 die sch\u00f6nste Zeit des Jahres ist noch sch\u00f6ner in einem B&B an einem zauberhaften Winterziel.\",\"breadcrumb\":{\"@id\":\"https:\\\/\\\/blog.bedandbreakfast.eu\\\/de\\\/5-zauberhafte-ziele-fur-die-weihnachtsferien\\\/#breadcrumb\"},\"inLanguage\":\"de\",\"potentialAction\":[{\"@type\":\"ReadAction\",\"target\":[\"https:\\\/\\\/blog.bedandbreakfast.eu\\\/de\\\/5-zauberhafte-ziele-fur-die-weihnachtsferien\\\/\"]}]},{\"@type\":\"ImageObject\",\"inLanguage\":\"de\",\"@id\":\"https:\\\/\\\/blog.bedandbreakfast.eu\\\/de\\\/5-zauberhafte-ziele-fur-die-weihnachtsferien\\\/#primaryimage\",\"url\":\"https:\\\/\\\/blog.bedandbreakfast.eu\\\/wp-content\\\/uploads\\\/2019\\\/11\\\/bed-and-breakfast-europe-nov-22-christmas-destinations.jpg\",\"contentUrl\":\"https:\\\/\\\/blog.bedandbreakfast.eu\\\/wp-content\\\/uploads\\\/2019\\\/11\\\/bed-and-breakfast-europe-nov-22-christmas-destinations.jpg\",\"width\":1140,\"height\":453},{\"@type\":\"BreadcrumbList\",\"@id\":\"https:\\\/\\\/blog.bedandbreakfast.eu\\\/de\\\/5-zauberhafte-ziele-fur-die-weihnachtsferien\\\/#breadcrumb\",\"itemListElement\":[{\"@type\":\"ListItem\",\"position\":1,\"name\":\"Home\",\"item\":\"https:\\\/\\\/blog.bedandbreakfast.eu\\\/de\\\/\"},{\"@type\":\"ListItem\",\"position\":2,\"name\":\"5 zauberhafte Ziele f\u00fcr die Weihnachtsferien\"}]},{\"@type\":\"WebSite\",\"@id\":\"https:\\\/\\\/blog.bedandbreakfast.eu\\\/nl\\\/#website\",\"url\":\"https:\\\/\\\/blog.bedandbreakfast.eu\\\/nl\\\/\",\"name\":\"Bed and Breakfast Blog | Bedandbreakfast.eu\",\"description\":\"Ein Blog von Bedandbreakfast.eu \u00fcber ganz besondere Bed &amp; Breakfasts. Neue Inspirationen und Tipps f\u00fcr \u00dcbernachtungen und Kurztrips in Europas sch\u00f6nsten B&amp;Bs. \",\"potentialAction\":[{\"@type\":\"SearchAction\",\"target\":{\"@type\":\"EntryPoint\",\"urlTemplate\":\"https:\\\/\\\/blog.bedandbreakfast.eu\\\/nl\\\/?s={search_term_string}\"},\"query-input\":{\"@type\":\"PropertyValueSpecification\",\"valueRequired\":true,\"valueName\":\"search_term_string\"}}],\"inLanguage\":\"de\"},{\"@type\":\"Person\",\"@id\":\"https:\\\/\\\/blog.bedandbreakfast.eu\\\/nl\\\/#\\\/schema\\\/person\\\/65c5a13fb210fcf876bcbf7790473f47\",\"name\":\"Ruth Elsaesser\",\"image\":{\"@type\":\"ImageObject\",\"inLanguage\":\"de\",\"@id\":\"https:\\\/\\\/blog.bedandbreakfast.eu\\\/wp-content\\\/uploads\\\/2021\\\/07\\\/Ruth-300x300.jpg69c84bfce8f70ccba9dde017742cf43c\",\"url\":\"https:\\\/\\\/blog.bedandbreakfast.eu\\\/wp-content\\\/uploads\\\/2021\\\/07\\\/Ruth-300x300.jpg\",\"contentUrl\":\"https:\\\/\\\/blog.bedandbreakfast.eu\\\/wp-content\\\/uploads\\\/2021\\\/07\\\/Ruth-300x300.jpg\",\"caption\":\"Ruth Elsaesser\"},\"description\":\"Im Schwarzwald aufgewachsen, mehrere Jahre in China gelebt und einen Neuanfang in den Niederlanden gewagt. Ruth liebt es, ihren eigenen Horizont zu erweitern und neue Kulturen kennenzulernen und zu erleben.\",\"url\":\"https:\\\/\\\/blog.bedandbreakfast.eu\\\/de\\\/author\\\/ruth-elsaesser\\\/\"}]}<\/script>\n<!-- \/ Yoast SEO plugin. -->","yoast_head_json":{"title":"5 zauberhafte Ziele f\u00fcr die Weihnachtsferien | Bedandbreakfast.eu","description":"Vom m\u00e4rchenhaften Lappland bis zum modernen Bratislava \u2026 die sch\u00f6nste Zeit des Jahres ist noch sch\u00f6ner in einem B&B an einem zauberhaften Winterziel.","robots":{"index":"index","follow":"follow","max-snippet":"max-snippet:-1","max-image-preview":"max-image-preview:large","max-video-preview":"max-video-preview:-1"},"canonical":"https:\/\/blog.bedandbreakfast.eu\/de\/5-zauberhafte-ziele-fur-die-weihnachtsferien\/","og_locale":"de_DE","og_type":"article","og_title":"5 zauberhafte Ziele f\u00fcr die Weihnachtsferien | Bedandbreakfast.eu","og_description":"Vom m\u00e4rchenhaften Lappland bis zum modernen Bratislava \u2026 die sch\u00f6nste Zeit des Jahres ist noch sch\u00f6ner in einem B&B an einem zauberhaften Winterziel.","og_url":"https:\/\/blog.bedandbreakfast.eu\/de\/5-zauberhafte-ziele-fur-die-weihnachtsferien\/","og_site_name":"Bed and Breakfast Blog | Bedandbreakfast.eu","article_published_time":"2022-10-10T08:00:25+00:00","article_modified_time":"2023-11-20T08:38:11+00:00","og_image":[{"width":1140,"height":453,"url":"https:\/\/blog.bedandbreakfast.eu\/wp-content\/uploads\/2019\/11\/bed-and-breakfast-europe-nov-22-christmas-destinations.jpg","type":"image\/jpeg"}],"author":"Ruth Elsaesser","twitter_card":"summary_large_image","twitter_misc":{"Verfasst von":"Ruth Elsaesser","Gesch\u00e4tzte Lesezeit":"3\u00a0Minuten","Written by":"Ruth Elsaesser"},"schema":{"@context":"https:\/\/schema.org","@graph":[{"@type":"Article","@id":"https:\/\/blog.bedandbreakfast.eu\/de\/5-zauberhafte-ziele-fur-die-weihnachtsferien\/#article","isPartOf":{"@id":"https:\/\/blog.bedandbreakfast.eu\/de\/5-zauberhafte-ziele-fur-die-weihnachtsferien\/"},"author":{"name":"Ruth Elsaesser","@id":"https:\/\/blog.bedandbreakfast.eu\/nl\/#\/schema\/person\/65c5a13fb210fcf876bcbf7790473f47"},"headline":"5 zauberhafte Ziele f\u00fcr die Weihnachtsferien","datePublished":"2022-10-10T08:00:25+00:00","dateModified":"2023-11-20T08:38:11+00:00","mainEntityOfPage":{"@id":"https:\/\/blog.bedandbreakfast.eu\/de\/5-zauberhafte-ziele-fur-die-weihnachtsferien\/"},"wordCount":545,"commentCount":0,"image":{"@id":"https:\/\/blog.bedandbreakfast.eu\/de\/5-zauberhafte-ziele-fur-die-weihnachtsferien\/#primaryimage"},"thumbnailUrl":"https:\/\/blog.bedandbreakfast.eu\/wp-content\/uploads\/2019\/11\/bed-and-breakfast-europe-nov-22-christmas-destinations.jpg","keywords":["B&amp;B","bed &amp; breakfast","bed and breakfast","best christmas getaways","Christmas in Lapland","Privatzimmer","Weihnachtsferien"],"articleSection":["Beliebte Ziele"],"inLanguage":"de","potentialAction":[{"@type":"CommentAction","name":"Comment","target":["https:\/\/blog.bedandbreakfast.eu\/de\/5-zauberhafte-ziele-fur-die-weihnachtsferien\/#respond"]}]},{"@type":"WebPage","@id":"https:\/\/blog.bedandbreakfast.eu\/de\/5-zauberhafte-ziele-fur-die-weihnachtsferien\/","url":"https:\/\/blog.bedandbreakfast.eu\/de\/5-zauberhafte-ziele-fur-die-weihnachtsferien\/","name":"5 zauberhafte Ziele f\u00fcr die Weihnachtsferien | Bedandbreakfast.eu","isPartOf":{"@id":"https:\/\/blog.bedandbreakfast.eu\/nl\/#website"},"primaryImageOfPage":{"@id":"https:\/\/blog.bedandbreakfast.eu\/de\/5-zauberhafte-ziele-fur-die-weihnachtsferien\/#primaryimage"},"image":{"@id":"https:\/\/blog.bedandbreakfast.eu\/de\/5-zauberhafte-ziele-fur-die-weihnachtsferien\/#primaryimage"},"thumbnailUrl":"https:\/\/blog.bedandbreakfast.eu\/wp-content\/uploads\/2019\/11\/bed-and-breakfast-europe-nov-22-christmas-destinations.jpg","datePublished":"2022-10-10T08:00:25+00:00","dateModified":"2023-11-20T08:38:11+00:00","author":{"@id":"https:\/\/blog.bedandbreakfast.eu\/nl\/#\/schema\/person\/65c5a13fb210fcf876bcbf7790473f47"},"description":"Vom m\u00e4rchenhaften Lappland bis zum modernen Bratislava \u2026 die sch\u00f6nste Zeit des Jahres ist noch sch\u00f6ner in einem B&B an einem zauberhaften Winterziel.","breadcrumb":{"@id":"https:\/\/blog.bedandbreakfast.eu\/de\/5-zauberhafte-ziele-fur-die-weihnachtsferien\/#breadcrumb"},"inLanguage":"de","potentialAction":[{"@type":"ReadAction","target":["https:\/\/blog.bedandbreakfast.eu\/de\/5-zauberhafte-ziele-fur-die-weihnachtsferien\/"]}]},{"@type":"ImageObject","inLanguage":"de","@id":"https:\/\/blog.bedandbreakfast.eu\/de\/5-zauberhafte-ziele-fur-die-weihnachtsferien\/#primaryimage","url":"https:\/\/blog.bedandbreakfast.eu\/wp-content\/uploads\/2019\/11\/bed-and-breakfast-europe-nov-22-christmas-destinations.jpg","contentUrl":"https:\/\/blog.bedandbreakfast.eu\/wp-content\/uploads\/2019\/11\/bed-and-breakfast-europe-nov-22-christmas-destinations.jpg","width":1140,"height":453},{"@type":"BreadcrumbList","@id":"https:\/\/blog.bedandbreakfast.eu\/de\/5-zauberhafte-ziele-fur-die-weihnachtsferien\/#breadcrumb","itemListElement":[{"@type":"ListItem","position":1,"name":"Home","item":"https:\/\/blog.bedandbreakfast.eu\/de\/"},{"@type":"ListItem","position":2,"name":"5 zauberhafte Ziele f\u00fcr die Weihnachtsferien"}]},{"@type":"WebSite","@id":"https:\/\/blog.bedandbreakfast.eu\/nl\/#website","url":"https:\/\/blog.bedandbreakfast.eu\/nl\/","name":"Bed and Breakfast Blog | Bedandbreakfast.eu","description":"Ein Blog von Bedandbreakfast.eu \u00fcber ganz besondere Bed &amp; Breakfasts. Neue Inspirationen und Tipps f\u00fcr \u00dcbernachtungen und Kurztrips in Europas sch\u00f6nsten B&amp;Bs. ","potentialAction":[{"@type":"SearchAction","target":{"@type":"EntryPoint","urlTemplate":"https:\/\/blog.bedandbreakfast.eu\/nl\/?s={search_term_string}"},"query-input":{"@type":"PropertyValueSpecification","valueRequired":true,"valueName":"search_term_string"}}],"inLanguage":"de"},{"@type":"Person","@id":"https:\/\/blog.bedandbreakfast.eu\/nl\/#\/schema\/person\/65c5a13fb210fcf876bcbf7790473f47","name":"Ruth Elsaesser","image":{"@type":"ImageObject","inLanguage":"de","@id":"https:\/\/blog.bedandbreakfast.eu\/wp-content\/uploads\/2021\/07\/Ruth-300x300.jpg69c84bfce8f70ccba9dde017742cf43c","url":"https:\/\/blog.bedandbreakfast.eu\/wp-content\/uploads\/2021\/07\/Ruth-300x300.jpg","contentUrl":"https:\/\/blog.bedandbreakfast.eu\/wp-content\/uploads\/2021\/07\/Ruth-300x300.jpg","caption":"Ruth Elsaesser"},"description":"Im Schwarzwald aufgewachsen, mehrere Jahre in China gelebt und einen Neuanfang in den Niederlanden gewagt. Ruth liebt es, ihren eigenen Horizont zu erweitern und neue Kulturen kennenzulernen und zu erleben.","url":"https:\/\/blog.bedandbreakfast.eu\/de\/author\/ruth-elsaesser\/"}]}},"jetpack_featured_media_url":"https:\/\/blog.bedandbreakfast.eu\/wp-content\/uploads\/2019\/11\/bed-and-breakfast-europe-nov-22-christmas-destinations.jpg","jetpack_shortlink":"https:\/\/wp.me\/p9vhf3-4m6","jetpack_sharing_enabled":true,"_links":{"self":[{"href":"https:\/\/blog.bedandbreakfast.eu\/de\/wp-json\/wp\/v2\/posts\/16746","targetHints":{"allow":["GET"]}}],"collection":[{"href":"https:\/\/blog.bedandbreakfast.eu\/de\/wp-json\/wp\/v2\/posts"}],"about":[{"href":"https:\/\/blog.bedandbreakfast.eu\/de\/wp-json\/wp\/v2\/types\/post"}],"author":[{"embeddable":true,"href":"https:\/\/blog.bedandbreakfast.eu\/de\/wp-json\/wp\/v2\/users\/39"}],"replies":[{"embeddable":true,"href":"https:\/\/blog.bedandbreakfast.eu\/de\/wp-json\/wp\/v2\/comments?post=16746"}],"version-history":[{"count":18,"href":"https:\/\/blog.bedandbreakfast.eu\/de\/wp-json\/wp\/v2\/posts\/16746\/revisions"}],"predecessor-version":[{"id":36571,"href":"https:\/\/blog.bedandbreakfast.eu\/de\/wp-json\/wp\/v2\/posts\/16746\/revisions\/36571"}],"wp:featuredmedia":[{"embeddable":true,"href":"https:\/\/blog.bedandbreakfast.eu\/de\/wp-json\/wp\/v2\/media\/35586"}],"wp:attachment":[{"href":"https:\/\/blog.bedandbreakfast.eu\/de\/wp-json\/wp\/v2\/media?parent=16746"}],"wp:term":[{"taxonomy":"category","embeddable":true,"href":"https:\/\/blog.bedandbreakfast.eu\/de\/wp-json\/wp\/v2\/categories?post=16746"},{"taxonomy":"post_tag","embeddable":true,"href":"https:\/\/blog.bedandbreakfast.eu\/de\/wp-json\/wp\/v2\/tags?post=16746"},{"taxonomy":"author","embeddable":true,"href":"https:\/\/blog.bedandbreakfast.eu\/de\/wp-json\/wp\/v2\/coauthors?post=16746"}],"curies":[{"name":"wp","href":"https:\/\/api.w.org\/{rel}","templated":true}]}}