{"id":15592,"date":"2019-07-04T07:00:28","date_gmt":"2019-07-04T07:00:28","guid":{"rendered":"https:\/\/blog.bedandbreakfast.eu\/?p=15592\/"},"modified":"2019-07-04T08:24:39","modified_gmt":"2019-07-04T08:24:39","slug":"tipps-fur-einen-kurzurlaub-2019","status":"publish","type":"post","link":"https:\/\/blog.bedandbreakfast.eu\/de\/tipps-fur-einen-kurzurlaub-2019\/","title":{"rendered":"Tipps f\u00fcr einen Kurzurlaub 2019"},"content":{"rendered":"<h4><a href=\"https:\/\/www.bedandbreakfast.eu\/privatzimmer\/passau\/deutschland\/c2855328\" target=\"_blank\" rel=\"noopener noreferrer\"><img loading=\"lazy\" decoding=\"async\" class=\"alignnone wp-image-15601 size-full\" title=\"Bed and Breakfast Passau\" src=\"https://blog.bedandbreakfast.eu/wp-content\/uploads\/2019\/06\/BB_Passau_Germany.png\" alt=\"Bedandbreakfast.eu; Tipps f\u00fcr einen Kurzurlaub 2019\" width=\"810\" height=\"450\" srcset=\"https:\/\/blog.bedandbreakfast.eu\/wp-content\/uploads\/2019\/06\/BB_Passau_Germany.png 810w, https:\/\/blog.bedandbreakfast.eu\/wp-content\/uploads\/2019\/06\/BB_Passau_Germany-300x167.png 300w, https:\/\/blog.bedandbreakfast.eu\/wp-content\/uploads\/2019\/06\/BB_Passau_Germany-768x427.png 768w\" sizes=\"auto, (max-width: 810px) 100vw, 810px\" \/><\/a><\/h4>\n<h4><b>Passau \u2013 Stadt der vielen Festivals<\/b><\/h4>\n<p><span style=\"font-weight: 400;\">Die bezaubernde Drei-Fl\u00fcsse-Stadt hat nicht nur eine barocke Altstadt aus dem 17. Jahrhundert zu bieten, in Passau finden auch geregelt Festivals statt. Das Eulenspiegel Zeltfestival an der Ortspitze ist ein Event mit erstklassigen K\u00fcnstlern, bei dem auch der kulinarische Genuss nicht zu kurz kommt. Buchen Sie ein gem\u00fctliches B&amp;B und entspannen Sie bei einem Kurzurlaub 2019 an einem der sch\u00f6nsten Flecken Bayerns.<\/span><\/p>\n<p><strong><a class=\"mks_button mks_button_medium rounded\" href=\"https:\/\/www.bedandbreakfast.eu\/privatzimmer\/passau\/deutschland\/c2855328\" target=\"_blank\" style=\"color: #FFFFFF; background-color: #e3458c;\" >Bed and Breakfast Passau<\/a><\/strong><\/p>\n<h4><a href=\"https:\/\/www.bedandbreakfast.eu\/privatzimmer\/koln\/deutschland\/c2886242\" target=\"_blank\" rel=\"noopener noreferrer\"><img loading=\"lazy\" decoding=\"async\" class=\"alignnone wp-image-15597 size-full\" title=\"Bed and Breakfast K\u00f6ln\" src=\"https://blog.bedandbreakfast.eu/wp-content\/uploads\/2019\/06\/BB_Koln_Germany.png\" alt=\"\" width=\"810\" height=\"450\" srcset=\"https:\/\/blog.bedandbreakfast.eu\/wp-content\/uploads\/2019\/06\/BB_Koln_Germany.png 810w, https:\/\/blog.bedandbreakfast.eu\/wp-content\/uploads\/2019\/06\/BB_Koln_Germany-300x167.png 300w, https:\/\/blog.bedandbreakfast.eu\/wp-content\/uploads\/2019\/06\/BB_Koln_Germany-768x427.png 768w\" sizes=\"auto, (max-width: 810px) 100vw, 810px\" \/><\/a><\/h4>\n<h4><b>K\u00f6ln \u2013 mehr als K\u00f6lsch<\/b><\/h4>\n<p><span style=\"font-weight: 400;\">Denken Sie bei K\u00f6ln auch automatisch an K\u00f6lsch und den K\u00f6lner Dom? Doch K\u00f6ln hat auch tolle Museen und jede Menge Events zu bieten. In der Flora K\u00f6ln findet im Oktober ein Wein- und Genussmarkt statt, bei dem viele Aussteller ihre hochwertigen Weine und andere Gen\u00fcsse anbieten. Auch spannend f\u00fcr einen Kurzurlaub 2019 ist Krimi &amp; Dinner im K\u00f6lnischen Zoo. Zum \u00dcbernachten finden Sie in K\u00f6ln h\u00fcbsche B&amp;Bs.<\/span><\/p>\n<p><strong><a class=\"mks_button mks_button_medium rounded\" href=\"https:\/\/www.bedandbreakfast.eu\/privatzimmer\/koln\/deutschland\/c2886242\" target=\"_blank\" style=\"color: #FFFFFF; background-color: #e3458c;\" >Bed and Breakfast K\u00f6ln<\/a><\/strong><\/p>\n<h4><a href=\"https:\/\/www.bedandbreakfast.eu\/privatzimmer\/florenz\/italien\/c3176959\" target=\"_blank\" rel=\"noopener noreferrer\"><img loading=\"lazy\" decoding=\"async\" class=\"alignnone wp-image-15598 size-full\" title=\"Bed and Breakfast Florenz\" src=\"https://blog.bedandbreakfast.eu/wp-content\/uploads\/2019\/06\/BB_Florence_Italy_2.png\" alt=\"\" width=\"810\" height=\"450\" srcset=\"https:\/\/blog.bedandbreakfast.eu\/wp-content\/uploads\/2019\/06\/BB_Florence_Italy_2.png 810w, https:\/\/blog.bedandbreakfast.eu\/wp-content\/uploads\/2019\/06\/BB_Florence_Italy_2-300x167.png 300w, https:\/\/blog.bedandbreakfast.eu\/wp-content\/uploads\/2019\/06\/BB_Florence_Italy_2-768x427.png 768w\" sizes=\"auto, (max-width: 810px) 100vw, 810px\" \/><\/a><\/h4>\n<h4><b>Kultururlaub in Florenz<\/b><\/h4>\n<p><span style=\"font-weight: 400;\">Florenz ist eine der bedeutendsten Kulturmetropolen Europas. Ideal f\u00fcr einen Kultururlaub! Musikliebhaber kommen hier voll auf ihre Kosten, denn von Mitte September bis Ende Oktober findet hier ein internationales Musikfestival mit bekannten K\u00fcnstlern aus aller Welt statt. Im Juli und August finden Auff\u00fchrungen der Estate Fiesolana mit Konzerten und Ballettveranstaltungen an besonders sch\u00f6nen Spielst\u00e4tten im Freien statt. F\u00fcr einen Kultururlaub und Kurzurlaub 2019 das perfekte Ziel!<\/span><\/p>\n<p><strong><a class=\"mks_button mks_button_medium rounded\" href=\"https:\/\/www.bedandbreakfast.eu\/privatzimmer\/florenz\/italien\/c3176959\" target=\"_blank\" style=\"color: #FFFFFF; background-color: #e3458c;\" >Bed and Breakfast Florenz<\/a><\/strong><\/p>\n<h4><a href=\"https:\/\/www.bedandbreakfast.eu\/privatzimmer\/rotterdam\/niederlande\/c2747891\" target=\"_blank\" rel=\"noopener noreferrer\"><img loading=\"lazy\" decoding=\"async\" class=\"alignnone wp-image-15599 size-full\" title=\"Bed and Breakfast Rotterdam\" src=\"https://blog.bedandbreakfast.eu/wp-content\/uploads\/2019\/06\/BB_Rotterdam_NL.png\" alt=\"\" width=\"810\" height=\"450\" srcset=\"https:\/\/blog.bedandbreakfast.eu\/wp-content\/uploads\/2019\/06\/BB_Rotterdam_NL.png 810w, https:\/\/blog.bedandbreakfast.eu\/wp-content\/uploads\/2019\/06\/BB_Rotterdam_NL-300x167.png 300w, https:\/\/blog.bedandbreakfast.eu\/wp-content\/uploads\/2019\/06\/BB_Rotterdam_NL-768x427.png 768w\" sizes=\"auto, (max-width: 810px) 100vw, 810px\" \/><\/a><\/h4>\n<h4><b>Rotterdam \u2013 Kunst, Musik &amp; Party<\/b><\/h4>\n<p><span style=\"font-weight: 400;\">Rotterdam ist f\u00fcr seinen riesigen Hafen und Sehensw\u00fcrdigkeiten wie die Kubush\u00e4user, die Erasmusbr\u00fccke oder die Markthalle bekannt. Aber auch verschiedene Festivals finden hier statt. G\u00f6nnen Sie sich einen Kurzurlaub 2019 und besuchen Sie Rotterdam Unlimited, das am letzten Wochenende im Juli stattfindet. Das gr\u00f6\u00dfte Stra\u00dfenfestival Europas wird Sie begeistern. Als \u00dcbernachtungsm\u00f6glichkeiten finden Sie in der Umgebung sch\u00f6ne B&amp;Bs.<\/span><\/p>\n<p><strong><a class=\"mks_button mks_button_medium rounded\" href=\"https:\/\/www.bedandbreakfast.eu\/privatzimmer\/rotterdam\/niederlande\/c2747891\" target=\"_blank\" style=\"color: #FFFFFF; background-color: #e3458c;\" >Bed and Breakfast Rotterdam<\/a><\/strong><\/p>\n<h4><a href=\"https:\/\/www.bedandbreakfast.eu\/privatzimmer\/schweiz\/land\" target=\"_blank\" rel=\"noopener noreferrer\"><img loading=\"lazy\" decoding=\"async\" class=\"alignnone wp-image-15600 size-full\" title=\"Bed and Breakfast Schweiz\" src=\"https://blog.bedandbreakfast.eu/wp-content\/uploads\/2019\/06\/BB_Switzerland.png\" alt=\"\" width=\"810\" height=\"450\" srcset=\"https:\/\/blog.bedandbreakfast.eu\/wp-content\/uploads\/2019\/06\/BB_Switzerland.png 810w, https:\/\/blog.bedandbreakfast.eu\/wp-content\/uploads\/2019\/06\/BB_Switzerland-300x167.png 300w, https:\/\/blog.bedandbreakfast.eu\/wp-content\/uploads\/2019\/06\/BB_Switzerland-768x427.png 768w\" sizes=\"auto, (max-width: 810px) 100vw, 810px\" \/><\/a><\/h4>\n<h4><b>Schweiz \u2013 Golf im Gebirge<\/b><\/h4>\n<p><span style=\"font-weight: 400;\">F\u00fcr Golfliebhaber ist die Schweiz ein perfektes Ziel f\u00fcr einen Kurzurlaub 2019. In der herrlichen Bergkulisse von Crans Montana findet in diesem Jahr das Internationale Golfturnier European Masters statt. Ein weiteres Event ist das gro\u00dfe Reitturnier Jumping Longines von Crans Montana. \u00dcbernachten Sie in einem charmanten B&amp;B und genie\u00dfen Sie die wundervolle Umgebung und die gute Luft!<\/span><\/p>\n<p><strong><a class=\"mks_button mks_button_medium rounded\" href=\"https:\/\/www.bedandbreakfast.eu\/privatzimmer\/schweiz\/land\" target=\"_blank\" style=\"color: #FFFFFF; background-color: #e3458c;\" >Bed and Breakfast Schweiz<\/a><\/strong><\/p>\n<p><strong>Diesen Artikel teilen:<\/strong><\/p>\n","protected":false},"excerpt":{"rendered":"<p>Wer Fan von Events aller Art ist, kommt gerade in den Sommermonaten voll auf seine Kosten. Vor allem f\u00fcr einen Kultururlaub l\u00e4sst sich ein Kurzurlaub 2019 perfekt nutzen. Egal, ob Musikfestival, Weinmesse, Museumswochenende oder Sportevent, \u00fcbernachten Sie in einem B&#038;B und genie\u00dfen Sie Ihren Kurztrip in vollen Z\u00fcgen!<\/p>\n","protected":false},"author":21,"featured_media":15783,"comment_status":"open","ping_status":"open","sticky":false,"template":"","format":"standard","meta":{"_monsterinsights_skip_tracking":false,"_monsterinsights_sitenote_active":false,"_monsterinsights_sitenote_note":"","_monsterinsights_sitenote_category":0,"_jetpack_newsletter_access":"","_jetpack_dont_email_post_to_subs":false,"_jetpack_newsletter_tier_id":0,"_jetpack_memberships_contains_paywalled_content":false,"_jetpack_memberships_contains_paid_content":false,"footnotes":""},"categories":[3549],"tags":[2140,2141,658,4680,1613,4676,4677,4678,4679],"coauthors":[3785],"class_list":["post-15592","post","type-post","status-publish","format-standard","has-post-thumbnail","hentry","category-beliebte-ziele-de","tag-bb-de","tag-bed-breakfast-de","tag-bed-and-breakfast-de","tag-kurzurlaub-2019","tag-privatzimmer-de","tag-summer-events-de","tag-summer-weekend-de","tag-unique-place-to-visit-de","tag-unique-places-to-visit-de"],"yoast_head":"<!-- This site is optimized with the Yoast SEO plugin v27.4 - https:\/\/yoast.com\/product\/yoast-seo-wordpress\/ -->\n<title>Tipps f\u00fcr einen Kurzurlaub 2019 | Bedandbreakfast.eu<\/title>\n<meta name=\"description\" content=\"Wer Fan von Events aller Art ist, kommt gerade in den Sommermonaten voll auf seine Kosten. Vor allem f\u00fcr einen Kultururlaub l\u00e4sst sich ein Kurzurlaub 2019 perfekt nutzen. Egal, ob Musikfestival, Weinmesse, Museumswochenende oder Sportevent, \u00fcbernachten Sie in einem B&amp;B und genie\u00dfen Sie Ihren Kurztrip in vollen Z\u00fcgen!\" \/>\n<meta name=\"robots\" content=\"index, follow, max-snippet:-1, max-image-preview:large, max-video-preview:-1\" \/>\n<link rel=\"canonical\" href=\"https:\/\/blog.bedandbreakfast.eu\/de\/tipps-fur-einen-kurzurlaub-2019\/\" \/>\n<meta property=\"og:locale\" content=\"de_DE\" \/>\n<meta property=\"og:type\" content=\"article\" \/>\n<meta property=\"og:title\" content=\"Tipps f\u00fcr einen Kurzurlaub 2019 | Bedandbreakfast.eu\" \/>\n<meta property=\"og:description\" content=\"Wer Fan von Events aller Art ist, kommt gerade in den Sommermonaten voll auf seine Kosten. Vor allem f\u00fcr einen Kultururlaub l\u00e4sst sich ein Kurzurlaub 2019 perfekt nutzen. Egal, ob Musikfestival, Weinmesse, Museumswochenende oder Sportevent, \u00fcbernachten Sie in einem B&amp;B und genie\u00dfen Sie Ihren Kurztrip in vollen Z\u00fcgen!\" \/>\n<meta property=\"og:url\" content=\"https:\/\/blog.bedandbreakfast.eu\/de\/tipps-fur-einen-kurzurlaub-2019\/\" \/>\n<meta property=\"og:site_name\" content=\"Bed and Breakfast Blog | Bedandbreakfast.eu\" \/>\n<meta property=\"article:published_time\" content=\"2019-07-04T07:00:28+00:00\" \/>\n<meta property=\"article:modified_time\" content=\"2019-07-04T08:24:39+00:00\" \/>\n<meta property=\"og:image\" content=\"https:\/\/blog.bedandbreakfast.eu\/wp-content\/uploads\/2019\/07\/Header_summer_events.jpg\" \/>\n\t<meta property=\"og:image:width\" content=\"1140\" \/>\n\t<meta property=\"og:image:height\" content=\"453\" \/>\n\t<meta property=\"og:image:type\" content=\"image\/jpeg\" \/>\n<meta name=\"author\" content=\"Martina Rens\" \/>\n<meta name=\"twitter:card\" content=\"summary_large_image\" \/>\n<meta name=\"twitter:label1\" content=\"Verfasst von\" \/>\n\t<meta name=\"twitter:data1\" content=\"Martina Rens\" \/>\n\t<meta name=\"twitter:label2\" content=\"Gesch\u00e4tzte Lesezeit\" \/>\n\t<meta name=\"twitter:data2\" content=\"3\u00a0Minuten\" \/>\n\t<meta name=\"twitter:label3\" content=\"Written by\" \/>\n\t<meta name=\"twitter:data3\" content=\"Martina Rens\" \/>\n<script type=\"application\/ld+json\" class=\"yoast-schema-graph\">{\"@context\":\"https:\\\/\\\/schema.org\",\"@graph\":[{\"@type\":\"Article\",\"@id\":\"https:\\\/\\\/blog.bedandbreakfast.eu\\\/de\\\/tipps-fur-einen-kurzurlaub-2019\\\/#article\",\"isPartOf\":{\"@id\":\"https:\\\/\\\/blog.bedandbreakfast.eu\\\/de\\\/tipps-fur-einen-kurzurlaub-2019\\\/\"},\"author\":{\"name\":\"Martina Rens\",\"@id\":\"https:\\\/\\\/blog.bedandbreakfast.eu\\\/nl\\\/#\\\/schema\\\/person\\\/8a587c1e4a6aba802fce388a261de3ad\"},\"headline\":\"Tipps f\u00fcr einen Kurzurlaub 2019\",\"datePublished\":\"2019-07-04T07:00:28+00:00\",\"dateModified\":\"2019-07-04T08:24:39+00:00\",\"mainEntityOfPage\":{\"@id\":\"https:\\\/\\\/blog.bedandbreakfast.eu\\\/de\\\/tipps-fur-einen-kurzurlaub-2019\\\/\"},\"wordCount\":537,\"commentCount\":0,\"image\":{\"@id\":\"https:\\\/\\\/blog.bedandbreakfast.eu\\\/de\\\/tipps-fur-einen-kurzurlaub-2019\\\/#primaryimage\"},\"thumbnailUrl\":\"https:\\\/\\\/blog.bedandbreakfast.eu\\\/wp-content\\\/uploads\\\/2019\\\/07\\\/Header_summer_events.jpg\",\"keywords\":[\"B&amp;B\",\"bed &amp; breakfast\",\"bed and breakfast\",\"Kurzurlaub 2019\",\"Privatzimmer\",\"summer events\",\"summer weekend\",\"unique place to visit\",\"unique places to visit\"],\"articleSection\":[\"Beliebte Ziele\"],\"inLanguage\":\"de\",\"potentialAction\":[{\"@type\":\"CommentAction\",\"name\":\"Comment\",\"target\":[\"https:\\\/\\\/blog.bedandbreakfast.eu\\\/de\\\/tipps-fur-einen-kurzurlaub-2019\\\/#respond\"]}]},{\"@type\":\"WebPage\",\"@id\":\"https:\\\/\\\/blog.bedandbreakfast.eu\\\/de\\\/tipps-fur-einen-kurzurlaub-2019\\\/\",\"url\":\"https:\\\/\\\/blog.bedandbreakfast.eu\\\/de\\\/tipps-fur-einen-kurzurlaub-2019\\\/\",\"name\":\"Tipps f\u00fcr einen Kurzurlaub 2019 | Bedandbreakfast.eu\",\"isPartOf\":{\"@id\":\"https:\\\/\\\/blog.bedandbreakfast.eu\\\/nl\\\/#website\"},\"primaryImageOfPage\":{\"@id\":\"https:\\\/\\\/blog.bedandbreakfast.eu\\\/de\\\/tipps-fur-einen-kurzurlaub-2019\\\/#primaryimage\"},\"image\":{\"@id\":\"https:\\\/\\\/blog.bedandbreakfast.eu\\\/de\\\/tipps-fur-einen-kurzurlaub-2019\\\/#primaryimage\"},\"thumbnailUrl\":\"https:\\\/\\\/blog.bedandbreakfast.eu\\\/wp-content\\\/uploads\\\/2019\\\/07\\\/Header_summer_events.jpg\",\"datePublished\":\"2019-07-04T07:00:28+00:00\",\"dateModified\":\"2019-07-04T08:24:39+00:00\",\"author\":{\"@id\":\"https:\\\/\\\/blog.bedandbreakfast.eu\\\/nl\\\/#\\\/schema\\\/person\\\/8a587c1e4a6aba802fce388a261de3ad\"},\"description\":\"Wer Fan von Events aller Art ist, kommt gerade in den Sommermonaten voll auf seine Kosten. Vor allem f\u00fcr einen Kultururlaub l\u00e4sst sich ein Kurzurlaub 2019 perfekt nutzen. Egal, ob Musikfestival, Weinmesse, Museumswochenende oder Sportevent, \u00fcbernachten Sie in einem B&B und genie\u00dfen Sie Ihren Kurztrip in vollen Z\u00fcgen!\",\"breadcrumb\":{\"@id\":\"https:\\\/\\\/blog.bedandbreakfast.eu\\\/de\\\/tipps-fur-einen-kurzurlaub-2019\\\/#breadcrumb\"},\"inLanguage\":\"de\",\"potentialAction\":[{\"@type\":\"ReadAction\",\"target\":[\"https:\\\/\\\/blog.bedandbreakfast.eu\\\/de\\\/tipps-fur-einen-kurzurlaub-2019\\\/\"]}]},{\"@type\":\"ImageObject\",\"inLanguage\":\"de\",\"@id\":\"https:\\\/\\\/blog.bedandbreakfast.eu\\\/de\\\/tipps-fur-einen-kurzurlaub-2019\\\/#primaryimage\",\"url\":\"https:\\\/\\\/blog.bedandbreakfast.eu\\\/wp-content\\\/uploads\\\/2019\\\/07\\\/Header_summer_events.jpg\",\"contentUrl\":\"https:\\\/\\\/blog.bedandbreakfast.eu\\\/wp-content\\\/uploads\\\/2019\\\/07\\\/Header_summer_events.jpg\",\"width\":1140,\"height\":453},{\"@type\":\"BreadcrumbList\",\"@id\":\"https:\\\/\\\/blog.bedandbreakfast.eu\\\/de\\\/tipps-fur-einen-kurzurlaub-2019\\\/#breadcrumb\",\"itemListElement\":[{\"@type\":\"ListItem\",\"position\":1,\"name\":\"Home\",\"item\":\"https:\\\/\\\/blog.bedandbreakfast.eu\\\/de\\\/\"},{\"@type\":\"ListItem\",\"position\":2,\"name\":\"Tipps f\u00fcr einen Kurzurlaub 2019\"}]},{\"@type\":\"WebSite\",\"@id\":\"https:\\\/\\\/blog.bedandbreakfast.eu\\\/nl\\\/#website\",\"url\":\"https:\\\/\\\/blog.bedandbreakfast.eu\\\/nl\\\/\",\"name\":\"Bed and Breakfast Blog | Bedandbreakfast.eu\",\"description\":\"Ein Blog von Bedandbreakfast.eu \u00fcber ganz besondere Bed &amp; Breakfasts. Neue Inspirationen und Tipps f\u00fcr \u00dcbernachtungen und Kurztrips in Europas sch\u00f6nsten B&amp;Bs. \",\"potentialAction\":[{\"@type\":\"SearchAction\",\"target\":{\"@type\":\"EntryPoint\",\"urlTemplate\":\"https:\\\/\\\/blog.bedandbreakfast.eu\\\/nl\\\/?s={search_term_string}\"},\"query-input\":{\"@type\":\"PropertyValueSpecification\",\"valueRequired\":true,\"valueName\":\"search_term_string\"}}],\"inLanguage\":\"de\"},{\"@type\":\"Person\",\"@id\":\"https:\\\/\\\/blog.bedandbreakfast.eu\\\/nl\\\/#\\\/schema\\\/person\\\/8a587c1e4a6aba802fce388a261de3ad\",\"name\":\"Martina Rens\",\"image\":{\"@type\":\"ImageObject\",\"inLanguage\":\"de\",\"@id\":\"https:\\\/\\\/secure.gravatar.com\\\/avatar\\\/a8c265c6f0542aeaa2010734d7419655702a263b25c285ab9f624c24469f6656?s=96&d=mm&r=g27318bf0f22f9877f76937c5dd643a93\",\"url\":\"https:\\\/\\\/secure.gravatar.com\\\/avatar\\\/a8c265c6f0542aeaa2010734d7419655702a263b25c285ab9f624c24469f6656?s=96&d=mm&r=g\",\"contentUrl\":\"https:\\\/\\\/secure.gravatar.com\\\/avatar\\\/a8c265c6f0542aeaa2010734d7419655702a263b25c285ab9f624c24469f6656?s=96&d=mm&r=g\",\"caption\":\"Martina Rens\"},\"description\":\"Ist Deutsche und wohnt nach langem Auslandsaufenthalt wieder in Deutschland. Liebt Reisen sowie die Kultur und die kulinarischen K\u00f6stlichkeiten fremder L\u00e4nder. \u00dcbernachtet mit Vorliebe in kleinen, liebensw\u00fcrdigen B&amp;Bs, weil sie den pers\u00f6nlichen Service und die Herzlichkeit zu sch\u00e4tzen wei\u00df, Insider-Tipps f\u00fcr besondere Sehensw\u00fcrdigkeiten inklusive!\",\"url\":\"https:\\\/\\\/blog.bedandbreakfast.eu\\\/de\\\/author\\\/martina\\\/\"}]}<\/script>\n<!-- \/ Yoast SEO plugin. -->","yoast_head_json":{"title":"Tipps f\u00fcr einen Kurzurlaub 2019 | Bedandbreakfast.eu","description":"Wer Fan von Events aller Art ist, kommt gerade in den Sommermonaten voll auf seine Kosten. Vor allem f\u00fcr einen Kultururlaub l\u00e4sst sich ein Kurzurlaub 2019 perfekt nutzen. Egal, ob Musikfestival, Weinmesse, Museumswochenende oder Sportevent, \u00fcbernachten Sie in einem B&B und genie\u00dfen Sie Ihren Kurztrip in vollen Z\u00fcgen!","robots":{"index":"index","follow":"follow","max-snippet":"max-snippet:-1","max-image-preview":"max-image-preview:large","max-video-preview":"max-video-preview:-1"},"canonical":"https:\/\/blog.bedandbreakfast.eu\/de\/tipps-fur-einen-kurzurlaub-2019\/","og_locale":"de_DE","og_type":"article","og_title":"Tipps f\u00fcr einen Kurzurlaub 2019 | Bedandbreakfast.eu","og_description":"Wer Fan von Events aller Art ist, kommt gerade in den Sommermonaten voll auf seine Kosten. Vor allem f\u00fcr einen Kultururlaub l\u00e4sst sich ein Kurzurlaub 2019 perfekt nutzen. Egal, ob Musikfestival, Weinmesse, Museumswochenende oder Sportevent, \u00fcbernachten Sie in einem B&B und genie\u00dfen Sie Ihren Kurztrip in vollen Z\u00fcgen!","og_url":"https:\/\/blog.bedandbreakfast.eu\/de\/tipps-fur-einen-kurzurlaub-2019\/","og_site_name":"Bed and Breakfast Blog | Bedandbreakfast.eu","article_published_time":"2019-07-04T07:00:28+00:00","article_modified_time":"2019-07-04T08:24:39+00:00","og_image":[{"width":1140,"height":453,"url":"https:\/\/blog.bedandbreakfast.eu\/wp-content\/uploads\/2019\/07\/Header_summer_events.jpg","type":"image\/jpeg"}],"author":"Martina Rens","twitter_card":"summary_large_image","twitter_misc":{"Verfasst von":"Martina Rens","Gesch\u00e4tzte Lesezeit":"3\u00a0Minuten","Written by":"Martina Rens"},"schema":{"@context":"https:\/\/schema.org","@graph":[{"@type":"Article","@id":"https:\/\/blog.bedandbreakfast.eu\/de\/tipps-fur-einen-kurzurlaub-2019\/#article","isPartOf":{"@id":"https:\/\/blog.bedandbreakfast.eu\/de\/tipps-fur-einen-kurzurlaub-2019\/"},"author":{"name":"Martina Rens","@id":"https:\/\/blog.bedandbreakfast.eu\/nl\/#\/schema\/person\/8a587c1e4a6aba802fce388a261de3ad"},"headline":"Tipps f\u00fcr einen Kurzurlaub 2019","datePublished":"2019-07-04T07:00:28+00:00","dateModified":"2019-07-04T08:24:39+00:00","mainEntityOfPage":{"@id":"https:\/\/blog.bedandbreakfast.eu\/de\/tipps-fur-einen-kurzurlaub-2019\/"},"wordCount":537,"commentCount":0,"image":{"@id":"https:\/\/blog.bedandbreakfast.eu\/de\/tipps-fur-einen-kurzurlaub-2019\/#primaryimage"},"thumbnailUrl":"https:\/\/blog.bedandbreakfast.eu\/wp-content\/uploads\/2019\/07\/Header_summer_events.jpg","keywords":["B&amp;B","bed &amp; breakfast","bed and breakfast","Kurzurlaub 2019","Privatzimmer","summer events","summer weekend","unique place to visit","unique places to visit"],"articleSection":["Beliebte Ziele"],"inLanguage":"de","potentialAction":[{"@type":"CommentAction","name":"Comment","target":["https:\/\/blog.bedandbreakfast.eu\/de\/tipps-fur-einen-kurzurlaub-2019\/#respond"]}]},{"@type":"WebPage","@id":"https:\/\/blog.bedandbreakfast.eu\/de\/tipps-fur-einen-kurzurlaub-2019\/","url":"https:\/\/blog.bedandbreakfast.eu\/de\/tipps-fur-einen-kurzurlaub-2019\/","name":"Tipps f\u00fcr einen Kurzurlaub 2019 | Bedandbreakfast.eu","isPartOf":{"@id":"https:\/\/blog.bedandbreakfast.eu\/nl\/#website"},"primaryImageOfPage":{"@id":"https:\/\/blog.bedandbreakfast.eu\/de\/tipps-fur-einen-kurzurlaub-2019\/#primaryimage"},"image":{"@id":"https:\/\/blog.bedandbreakfast.eu\/de\/tipps-fur-einen-kurzurlaub-2019\/#primaryimage"},"thumbnailUrl":"https:\/\/blog.bedandbreakfast.eu\/wp-content\/uploads\/2019\/07\/Header_summer_events.jpg","datePublished":"2019-07-04T07:00:28+00:00","dateModified":"2019-07-04T08:24:39+00:00","author":{"@id":"https:\/\/blog.bedandbreakfast.eu\/nl\/#\/schema\/person\/8a587c1e4a6aba802fce388a261de3ad"},"description":"Wer Fan von Events aller Art ist, kommt gerade in den Sommermonaten voll auf seine Kosten. Vor allem f\u00fcr einen Kultururlaub l\u00e4sst sich ein Kurzurlaub 2019 perfekt nutzen. Egal, ob Musikfestival, Weinmesse, Museumswochenende oder Sportevent, \u00fcbernachten Sie in einem B&B und genie\u00dfen Sie Ihren Kurztrip in vollen Z\u00fcgen!","breadcrumb":{"@id":"https:\/\/blog.bedandbreakfast.eu\/de\/tipps-fur-einen-kurzurlaub-2019\/#breadcrumb"},"inLanguage":"de","potentialAction":[{"@type":"ReadAction","target":["https:\/\/blog.bedandbreakfast.eu\/de\/tipps-fur-einen-kurzurlaub-2019\/"]}]},{"@type":"ImageObject","inLanguage":"de","@id":"https:\/\/blog.bedandbreakfast.eu\/de\/tipps-fur-einen-kurzurlaub-2019\/#primaryimage","url":"https:\/\/blog.bedandbreakfast.eu\/wp-content\/uploads\/2019\/07\/Header_summer_events.jpg","contentUrl":"https:\/\/blog.bedandbreakfast.eu\/wp-content\/uploads\/2019\/07\/Header_summer_events.jpg","width":1140,"height":453},{"@type":"BreadcrumbList","@id":"https:\/\/blog.bedandbreakfast.eu\/de\/tipps-fur-einen-kurzurlaub-2019\/#breadcrumb","itemListElement":[{"@type":"ListItem","position":1,"name":"Home","item":"https:\/\/blog.bedandbreakfast.eu\/de\/"},{"@type":"ListItem","position":2,"name":"Tipps f\u00fcr einen Kurzurlaub 2019"}]},{"@type":"WebSite","@id":"https:\/\/blog.bedandbreakfast.eu\/nl\/#website","url":"https:\/\/blog.bedandbreakfast.eu\/nl\/","name":"Bed and Breakfast Blog | Bedandbreakfast.eu","description":"Ein Blog von Bedandbreakfast.eu \u00fcber ganz besondere Bed &amp; Breakfasts. Neue Inspirationen und Tipps f\u00fcr \u00dcbernachtungen und Kurztrips in Europas sch\u00f6nsten B&amp;Bs. ","potentialAction":[{"@type":"SearchAction","target":{"@type":"EntryPoint","urlTemplate":"https:\/\/blog.bedandbreakfast.eu\/nl\/?s={search_term_string}"},"query-input":{"@type":"PropertyValueSpecification","valueRequired":true,"valueName":"search_term_string"}}],"inLanguage":"de"},{"@type":"Person","@id":"https:\/\/blog.bedandbreakfast.eu\/nl\/#\/schema\/person\/8a587c1e4a6aba802fce388a261de3ad","name":"Martina Rens","image":{"@type":"ImageObject","inLanguage":"de","@id":"https:\/\/secure.gravatar.com\/avatar\/a8c265c6f0542aeaa2010734d7419655702a263b25c285ab9f624c24469f6656?s=96&d=mm&r=g27318bf0f22f9877f76937c5dd643a93","url":"https:\/\/secure.gravatar.com\/avatar\/a8c265c6f0542aeaa2010734d7419655702a263b25c285ab9f624c24469f6656?s=96&d=mm&r=g","contentUrl":"https:\/\/secure.gravatar.com\/avatar\/a8c265c6f0542aeaa2010734d7419655702a263b25c285ab9f624c24469f6656?s=96&d=mm&r=g","caption":"Martina Rens"},"description":"Ist Deutsche und wohnt nach langem Auslandsaufenthalt wieder in Deutschland. Liebt Reisen sowie die Kultur und die kulinarischen K\u00f6stlichkeiten fremder L\u00e4nder. \u00dcbernachtet mit Vorliebe in kleinen, liebensw\u00fcrdigen B&amp;Bs, weil sie den pers\u00f6nlichen Service und die Herzlichkeit zu sch\u00e4tzen wei\u00df, Insider-Tipps f\u00fcr besondere Sehensw\u00fcrdigkeiten inklusive!","url":"https:\/\/blog.bedandbreakfast.eu\/de\/author\/martina\/"}]}},"jetpack_featured_media_url":"https:\/\/blog.bedandbreakfast.eu\/wp-content\/uploads\/2019\/07\/Header_summer_events.jpg","jetpack_shortlink":"https:\/\/wp.me\/p9vhf3-43u","jetpack_sharing_enabled":true,"_links":{"self":[{"href":"https:\/\/blog.bedandbreakfast.eu\/de\/wp-json\/wp\/v2\/posts\/15592","targetHints":{"allow":["GET"]}}],"collection":[{"href":"https:\/\/blog.bedandbreakfast.eu\/de\/wp-json\/wp\/v2\/posts"}],"about":[{"href":"https:\/\/blog.bedandbreakfast.eu\/de\/wp-json\/wp\/v2\/types\/post"}],"author":[{"embeddable":true,"href":"https:\/\/blog.bedandbreakfast.eu\/de\/wp-json\/wp\/v2\/users\/21"}],"replies":[{"embeddable":true,"href":"https:\/\/blog.bedandbreakfast.eu\/de\/wp-json\/wp\/v2\/comments?post=15592"}],"version-history":[{"count":7,"href":"https:\/\/blog.bedandbreakfast.eu\/de\/wp-json\/wp\/v2\/posts\/15592\/revisions"}],"predecessor-version":[{"id":36422,"href":"https:\/\/blog.bedandbreakfast.eu\/de\/wp-json\/wp\/v2\/posts\/15592\/revisions\/36422"}],"wp:featuredmedia":[{"embeddable":true,"href":"https:\/\/blog.bedandbreakfast.eu\/de\/wp-json\/wp\/v2\/media\/15783"}],"wp:attachment":[{"href":"https:\/\/blog.bedandbreakfast.eu\/de\/wp-json\/wp\/v2\/media?parent=15592"}],"wp:term":[{"taxonomy":"category","embeddable":true,"href":"https:\/\/blog.bedandbreakfast.eu\/de\/wp-json\/wp\/v2\/categories?post=15592"},{"taxonomy":"post_tag","embeddable":true,"href":"https:\/\/blog.bedandbreakfast.eu\/de\/wp-json\/wp\/v2\/tags?post=15592"},{"taxonomy":"author","embeddable":true,"href":"https:\/\/blog.bedandbreakfast.eu\/de\/wp-json\/wp\/v2\/coauthors?post=15592"}],"curies":[{"name":"wp","href":"https:\/\/api.w.org\/{rel}","templated":true}]}}